{"id":76649,"date":"2024-02-13T08:16:40","date_gmt":"2024-02-13T12:16:40","guid":{"rendered":"https:\/\/lasprimeras.com.do\/?p=76649"},"modified":"2024-02-13T08:16:42","modified_gmt":"2024-02-13T12:16:42","slug":"frank-reyes-se-proclama-como-el-bachatero-que-mas-temas-ha-pegado","status":"publish","type":"post","link":"https:\/\/lasprimeras.com.do\/index.php\/2024\/02\/13\/frank-reyes-se-proclama-como-el-bachatero-que-mas-temas-ha-pegado\/","title":{"rendered":"Frank Reyes se proclama como el bachatero que m\u00e1s temas ha pegado"},"content":{"rendered":"\n<p>Santo Domingo.-En un nuevo mix en vivo junto a DJ Adoni, Frank Reyes se autoproclam\u00f3 el bachatero que m\u00e1s temas ha pegado en ese g\u00e9nero.<\/p>\n\n\n\n<p>\u201c\u00bfQui\u00e9n ha pegado m\u00e1s bachata que yo?, nadie ha pegado m\u00e1s bachata que yo, si alguien ha pegado m\u00e1s bachata que yo, se las pago en euros\u201d, manifest\u00f3 el denominado \u00abPr\u00edncipe de la bachata\u00bb.<\/p>\n\n\n\n<p>Durante 27 minutos de canto, Frank Reyes hizo un repaso de sus 15 canciones m\u00e1s exitosas en su historia musical, mientras Dj Adoni ameniza cada sencillo con sus populares frases.<\/p>\n\n\n\n<p>A un d\u00eda de su estreno el video cuenta con casi 300 mil vistas, entrando en tendencia de la plataforma de audio y video.<\/p>\n\n\n\n<p>El int\u00e9rprete de \u201cQui\u00e9n eres t\u00fa\u201d suele tirar indirectas a sus colegas del g\u00e9nero del amargue. En octubre del 2023 fueron pol\u00e9micas sus declaraciones de que sus colegas Anthony Santos y Luis Vargas se quedaron \u201csiendo duros\u201d, porque no expandieron sus carreras hacia otros continentes.<\/p>\n","protected":false},"excerpt":{"rendered":"<p>Santo Domingo.-En un nuevo mix en vivo junto a DJ Adoni, Frank Reyes se autoproclam\u00f3 el bachatero que m\u00e1s temas ha pegado en ese g\u00e9nero. \u201c\u00bfQui\u00e9n ha pegado m\u00e1s bachata&hellip;<\/p>\n","protected":false},"author":3,"featured_media":76650,"comment_status":"open","ping_status":"open","sticky":false,"template":"","format":"standard","meta":{"content-type":"","jetpack_post_was_ever_published":false,"_jetpack_newsletter_access":"","_jetpack_dont_email_post_to_subs":false,"_jetpack_newsletter_tier_id":0,"_jetpack_memberships_contains_paywalled_content":false,"_jetpack_memberships_contains_paid_content":false,"footnotes":""},"categories":[84],"tags":[],"class_list":["post-76649","post","type-post","status-publish","format-standard","has-post-thumbnail","hentry","category-entretenimiento"],"jetpack_featured_media_url":"https:\/\/lasprimeras.com.do\/wp-content\/uploads\/2024\/02\/Conoceran-esta-tarde-solicitud-de-cese-de-medida-de-coercion-a-Jean-Alain-Rodriguez-7.jpg","jetpack-related-posts":[{"id":75189,"url":"https:\/\/lasprimeras.com.do\/index.php\/2024\/01\/30\/bachatero-frank-reyes-prepara-musical-en-hard-rock-de-florida\/","url_meta":{"origin":76649,"position":0},"title":"Bachatero Frank Reyes prepara musical en Hard Rock de Florida","author":"BIMARY DE JES\u00daS Matos","date":"30 de enero de 2024","format":false,"excerpt":"Miami, Fl \u2013 El famoso int\u00e9rprete de bachata, Frank Reyes, reconocido por su talento sin igual y su contribuci\u00f3n destacada a la m\u00fasica latina, se prepara para un evento monumental: \u00abSu Historia Musical en Concierto con Sus Amigos\u00bb, presentado por los renombrados promotores Zamora Live. Este espect\u00e1culo imperdible tendr\u00e1 lugar\u2026","rel":"","context":"En \u00abENTRETENIMIENTO\u00bb","block_context":{"text":"ENTRETENIMIENTO","link":"https:\/\/lasprimeras.com.do\/index.php\/category\/entretenimiento\/"},"img":{"alt_text":"","src":"https:\/\/i0.wp.com\/lasprimeras.com.do\/wp-content\/uploads\/2024\/01\/Diseno-sin-titulo-10-3.jpg?resize=350%2C200&ssl=1","width":350,"height":200,"srcset":"https:\/\/i0.wp.com\/lasprimeras.com.do\/wp-content\/uploads\/2024\/01\/Diseno-sin-titulo-10-3.jpg?resize=350%2C200&ssl=1 1x, https:\/\/i0.wp.com\/lasprimeras.com.do\/wp-content\/uploads\/2024\/01\/Diseno-sin-titulo-10-3.jpg?resize=525%2C300&ssl=1 1.5x"},"classes":[]},{"id":67242,"url":"https:\/\/lasprimeras.com.do\/index.php\/2023\/11\/14\/chelion-graba-bachata-con-raymond-y-miguel\/","url_meta":{"origin":76649,"position":1},"title":"Chelion graba bachata con Raymond y Miguel","author":"Nelson Feliz","date":"14 de noviembre de 2023","format":false,"excerpt":"El tema \u201cPrueba de amor\u201d est\u00e1 en todas las plataformas digitales. El cantante de bachata pop Chelion logr\u00f3 un hito en su trayectoria y es grabar junto a \u201cLos Reyes\u201d Raymond y Miguel una canci\u00f3n que promete ser el hit rom\u00e1ntico de navidad. El tema llamado \u201cPrueba de Amor\u201d permite\u2026","rel":"","context":"En \u00abENTRETENIMIENTO\u00bb","block_context":{"text":"ENTRETENIMIENTO","link":"https:\/\/lasprimeras.com.do\/index.php\/category\/entretenimiento\/"},"img":{"alt_text":"","src":"https:\/\/i0.wp.com\/lasprimeras.com.do\/wp-content\/uploads\/2023\/11\/Erick.jpg?resize=350%2C200&ssl=1","width":350,"height":200,"srcset":"https:\/\/i0.wp.com\/lasprimeras.com.do\/wp-content\/uploads\/2023\/11\/Erick.jpg?resize=350%2C200&ssl=1 1x, https:\/\/i0.wp.com\/lasprimeras.com.do\/wp-content\/uploads\/2023\/11\/Erick.jpg?resize=525%2C300&ssl=1 1.5x, https:\/\/i0.wp.com\/lasprimeras.com.do\/wp-content\/uploads\/2023\/11\/Erick.jpg?resize=700%2C400&ssl=1 2x"},"classes":[]},{"id":125055,"url":"https:\/\/lasprimeras.com.do\/index.php\/2026\/03\/18\/omega-se-lleva-el-premio-como-merenguero-urbano-en-la-gala-de-los-premios-soberano\/","url_meta":{"origin":76649,"position":2},"title":"Omega se lleva el premio como merenguero urbano en la gala de los Premios Soberano","author":"Nelson Feliz","date":"18 de marzo de 2026","format":false,"excerpt":"Carlos S\u00e1nchez tambi\u00e9n fue reconocido en la gala, llev\u00e1ndose el premio a Mejor stand up comedy en una noche de grandes sorpresas. El int\u00e9rprete urbano Omega le arrebat\u00f3 la estatuilla, en la categor\u00eda de \"Merenguero urbano\" a sus colegas, Al\u00e1 Jaz\u00e1 y El Sujeto, con quienes compet\u00eda en la categor\u00eda\u2026","rel":"","context":"En \u00abENTRETENIMIENTO\u00bb","block_context":{"text":"ENTRETENIMIENTO","link":"https:\/\/lasprimeras.com.do\/index.php\/category\/entretenimiento\/"},"img":{"alt_text":"","src":"https:\/\/i0.wp.com\/lasprimeras.com.do\/wp-content\/uploads\/2026\/03\/Omega.jpg?resize=350%2C200&ssl=1","width":350,"height":200,"srcset":"https:\/\/i0.wp.com\/lasprimeras.com.do\/wp-content\/uploads\/2026\/03\/Omega.jpg?resize=350%2C200&ssl=1 1x, https:\/\/i0.wp.com\/lasprimeras.com.do\/wp-content\/uploads\/2026\/03\/Omega.jpg?resize=525%2C300&ssl=1 1.5x, https:\/\/i0.wp.com\/lasprimeras.com.do\/wp-content\/uploads\/2026\/03\/Omega.jpg?resize=700%2C400&ssl=1 2x"},"classes":[]},{"id":89581,"url":"https:\/\/lasprimeras.com.do\/index.php\/2024\/09\/28\/bachatero-frank-reyes-aclaro-que-no-se-fue-del-pais-por-supuesta-inseguridad-ciudadana\/","url_meta":{"origin":76649,"position":3},"title":"Bachatero Frank Reyes aclar\u00f3 que no se fue del pa\u00eds por supuesta inseguridad ciudadana.","author":"Nelson Feliz","date":"28 de septiembre de 2024","format":false,"excerpt":"Artista habl\u00f3 en llamada a programa radial Miami.- El destacado interprete del g\u00e9nero Bachata, Frank Reyes, neg\u00f3 categ\u00f3ricamente que se haya ido del pa\u00eds por miedo a la supuesta inseguridad ciudadana, como se ha difundido err\u00f3neamente a trav\u00e9s de las redes sociales. El int\u00e9rprete de canciones de amargue como \"T\u00fa\u2026","rel":"","context":"En \u00abENTRETENIMIENTO\u00bb","block_context":{"text":"ENTRETENIMIENTO","link":"https:\/\/lasprimeras.com.do\/index.php\/category\/entretenimiento\/"},"img":{"alt_text":"Frank Reyes","src":"https:\/\/i0.wp.com\/lasprimeras.com.do\/wp-content\/uploads\/2024\/09\/FRANKREYES.jpg?resize=350%2C200&ssl=1","width":350,"height":200},"classes":[]},{"id":125063,"url":"https:\/\/lasprimeras.com.do\/index.php\/2026\/03\/18\/dalvin-la-melodia-brilla-y-gana-el-premio-revelacion-del-ano-en-los-soberano-2026\/","url_meta":{"origin":76649,"position":4},"title":"Dalvin La Melod\u00eda brilla y gana el premio Revelaci\u00f3n del A\u00f1o en los Soberano 2026","author":"Nelson Feliz","date":"18 de marzo de 2026","format":false,"excerpt":"El bachatero Dalvin La Melod\u00eda se alz\u00f3 con el premio Revelaci\u00f3n del A\u00f1o en los Premios Soberano 2026, celebrados la noche de este mi\u00e9rcoles en la capital dominicana. El int\u00e9rprete de \u201cMi reina\u201d compet\u00eda junto a Evenezer Guerra, la cantante cristiana Martha Candela y La Fiera T\u00edpica. El galard\u00f3n fue\u2026","rel":"","context":"En \u00abENTRETENIMIENTO\u00bb","block_context":{"text":"ENTRETENIMIENTO","link":"https:\/\/lasprimeras.com.do\/index.php\/category\/entretenimiento\/"},"img":{"alt_text":"","src":"https:\/\/i0.wp.com\/lasprimeras.com.do\/wp-content\/uploads\/2026\/03\/Dalvin-La-Melodia.jpg?resize=350%2C200&ssl=1","width":350,"height":200,"srcset":"https:\/\/i0.wp.com\/lasprimeras.com.do\/wp-content\/uploads\/2026\/03\/Dalvin-La-Melodia.jpg?resize=350%2C200&ssl=1 1x, https:\/\/i0.wp.com\/lasprimeras.com.do\/wp-content\/uploads\/2026\/03\/Dalvin-La-Melodia.jpg?resize=525%2C300&ssl=1 1.5x, https:\/\/i0.wp.com\/lasprimeras.com.do\/wp-content\/uploads\/2026\/03\/Dalvin-La-Melodia.jpg?resize=700%2C400&ssl=1 2x"},"classes":[]},{"id":104303,"url":"https:\/\/lasprimeras.com.do\/index.php\/2025\/07\/23\/dictan-prision-preventiva-implicados-del-robo-en-residencia-de-el-galan-de-la-bachata-en-bonao\/","url_meta":{"origin":76649,"position":5},"title":"Dictan prisi\u00f3n preventiva implicados del robo en residencia de \u201cEl Gal\u00e1n de la Bachata\u201d en Bonao","author":"Nelson Feliz","date":"23 de julio de 2025","format":false,"excerpt":"Uno de los apresados es miembro activo de la Polic\u00eda Nacional en Santiago, ex seguridad del artista. Un tribunal de la provincia dict\u00f3 tres meses de prisi\u00f3n preventiva en la c\u00e1rcel de La Vega a tres de cuatro hombre acusados de robar m\u00e1s de RD$ 3 millones y prendas en\u2026","rel":"","context":"En \u00abJUSTICIA\u00bb","block_context":{"text":"JUSTICIA","link":"https:\/\/lasprimeras.com.do\/index.php\/category\/justicia\/"},"img":{"alt_text":"","src":"https:\/\/i0.wp.com\/lasprimeras.com.do\/wp-content\/uploads\/2025\/07\/robo.jpg?resize=350%2C200&ssl=1","width":350,"height":200,"srcset":"https:\/\/i0.wp.com\/lasprimeras.com.do\/wp-content\/uploads\/2025\/07\/robo.jpg?resize=350%2C200&ssl=1 1x, https:\/\/i0.wp.com\/lasprimeras.com.do\/wp-content\/uploads\/2025\/07\/robo.jpg?resize=525%2C300&ssl=1 1.5x, https:\/\/i0.wp.com\/lasprimeras.com.do\/wp-content\/uploads\/2025\/07\/robo.jpg?resize=700%2C400&ssl=1 2x"},"classes":[]}],"jetpack_sharing_enabled":true,"_links":{"self":[{"href":"https:\/\/lasprimeras.com.do\/index.php\/wp-json\/wp\/v2\/posts\/76649","targetHints":{"allow":["GET"]}}],"collection":[{"href":"https:\/\/lasprimeras.com.do\/index.php\/wp-json\/wp\/v2\/posts"}],"about":[{"href":"https:\/\/lasprimeras.com.do\/index.php\/wp-json\/wp\/v2\/types\/post"}],"author":[{"embeddable":true,"href":"https:\/\/lasprimeras.com.do\/index.php\/wp-json\/wp\/v2\/users\/3"}],"replies":[{"embeddable":true,"href":"https:\/\/lasprimeras.com.do\/index.php\/wp-json\/wp\/v2\/comments?post=76649"}],"version-history":[{"count":1,"href":"https:\/\/lasprimeras.com.do\/index.php\/wp-json\/wp\/v2\/posts\/76649\/revisions"}],"predecessor-version":[{"id":76651,"href":"https:\/\/lasprimeras.com.do\/index.php\/wp-json\/wp\/v2\/posts\/76649\/revisions\/76651"}],"wp:featuredmedia":[{"embeddable":true,"href":"https:\/\/lasprimeras.com.do\/index.php\/wp-json\/wp\/v2\/media\/76650"}],"wp:attachment":[{"href":"https:\/\/lasprimeras.com.do\/index.php\/wp-json\/wp\/v2\/media?parent=76649"}],"wp:term":[{"taxonomy":"category","embeddable":true,"href":"https:\/\/lasprimeras.com.do\/index.php\/wp-json\/wp\/v2\/categories?post=76649"},{"taxonomy":"post_tag","embeddable":true,"href":"https:\/\/lasprimeras.com.do\/index.php\/wp-json\/wp\/v2\/tags?post=76649"}],"curies":[{"name":"wp","href":"https:\/\/api.w.org\/{rel}","templated":true}]}}