{"id":76692,"date":"2024-02-13T14:14:38","date_gmt":"2024-02-13T18:14:38","guid":{"rendered":"https:\/\/lasprimeras.com.do\/?p=76692"},"modified":"2024-02-13T14:14:39","modified_gmt":"2024-02-13T18:14:39","slug":"myriam-hernandez-vuelve-a-al-teatro-nacional-eduardo-brito","status":"publish","type":"post","link":"https:\/\/lasprimeras.com.do\/index.php\/2024\/02\/13\/myriam-hernandez-vuelve-a-al-teatro-nacional-eduardo-brito\/","title":{"rendered":"Myriam Hern\u00e1ndez vuelve a al Teatro Nacional Eduardo Brito"},"content":{"rendered":"\n<p>Chile.- La artista chilena Myriam Hrn\u00e1ndez regresa a Santo Domingo el pr\u00f3ximo 15 de junio para presentar su espect\u00e1culo \u2018Invencible\u2019 y nuevo \u00e1lbum \u2018Tauro\u2019. Un concierto cargado de cl\u00e1sicos y sus grandes \u00e9xitos junto con las canciones destacadas de su m\u00e1s reciente lanzamiento.<\/p>\n\n\n\n<p>Es una cantautora, compositora y presentadora de televisi\u00f3n chilena.<\/p>\n\n\n\n<p> Ha incursionado principalmente en la Balada rom\u00e1ntica, por lo que es apodada como \u00abLa baladista de Am\u00e9rica\u00bb, aunque tambi\u00e9n ha fusionado su estilo con otros g\u00e9neros como la electr\u00f3nica o el hip hop.\u200b<\/p>\n\n\n\n<p>Empez\u00f3 su carrera musical a fines de la d\u00e9cada de 1980 con su \u00e1lbum Myriam Hern\u00e1ndez y el sencillo \u00abEl hombre que yo amo\u00bb, que alcanz\u00f3 el 10.\u00ba puesto en la lista Hot Latin Tracks de Billboard en 1989,6\u200b mientras que el disco alcanz\u00f3 la cuarta posici\u00f3n de la lista Latin Pop Albums de la misma publicaci\u00f3n en 1990. Ha publicado once \u00e1lbumes de estudio, dos en vivo, cinco \u00e1lbumes recopilatorios, dos DVD y 39 sencillos, varios de los cuales han sido a dueto con diversos artistas de la escena musical hispanoamericana como Marco Antonio Sol\u00eds, Cristian Castro o Gilberto Santa Rosa.<\/p>\n\n\n\n<p>En 2023, la Sociedad Chilena de Autores e Int\u00e9rpretes Musicales reconoci\u00f3 a Myriam Hern\u00e1ndez junto a la La Sonora de Tommy Rey como ganadores del Premio \u00abFigura Fundamental de la M\u00fasica Chilena\u00bb<\/p>\n","protected":false},"excerpt":{"rendered":"<p>Chile.- La artista chilena Myriam Hrn\u00e1ndez regresa a Santo Domingo el pr\u00f3ximo 15 de junio para presentar su espect\u00e1culo \u2018Invencible\u2019 y nuevo \u00e1lbum \u2018Tauro\u2019. Un concierto cargado de cl\u00e1sicos y&hellip;<\/p>\n","protected":false},"author":3,"featured_media":76693,"comment_status":"open","ping_status":"open","sticky":false,"template":"","format":"standard","meta":{"content-type":"","jetpack_post_was_ever_published":false,"_jetpack_newsletter_access":"","_jetpack_dont_email_post_to_subs":false,"_jetpack_newsletter_tier_id":0,"_jetpack_memberships_contains_paywalled_content":false,"_jetpack_memberships_contains_paid_content":false,"footnotes":""},"categories":[84],"tags":[],"class_list":["post-76692","post","type-post","status-publish","format-standard","has-post-thumbnail","hentry","category-entretenimiento"],"jetpack_featured_media_url":"https:\/\/lasprimeras.com.do\/wp-content\/uploads\/2024\/02\/WhatsApp-Image-2024-02-13-at-1.46.45-PM.webp","jetpack-related-posts":[{"id":70555,"url":"https:\/\/lasprimeras.com.do\/index.php\/2023\/12\/12\/esposa-dominicana-de-ex-primer-ministro-haitiano-tambien-sancionada-por-ee-uu\/","url_meta":{"origin":76692,"position":0},"title":"Esposa dominicana de ex primer ministro haitiano tambi\u00e9n sancionada por EE.UU.","author":"Nelson Feliz","date":"12 de diciembre de 2023","format":false,"excerpt":"La medida de Estados Unidos que sanciona por corrupci\u00f3n al ex primer ministro haitiano y ministro de Planificaci\u00f3n y Cooperaci\u00f3n Exterior, Jean-Max Bellerive, tambi\u00e9n fue extendida a la esposa del funcionario, la dominicana Myriam Est\u00e9vez De Bellerive. El Departamento de Estado de Estados Unidos inform\u00f3 que Jean-Max Bellerive fue sancionado\u2026","rel":"","context":"En \u00abNACIONALES\u00bb","block_context":{"text":"NACIONALES","link":"https:\/\/lasprimeras.com.do\/index.php\/category\/nacionales\/"},"img":{"alt_text":"Jean-Max Bellerive","src":"https:\/\/i0.wp.com\/lasprimeras.com.do\/wp-content\/uploads\/2023\/12\/Jean-Max-Bellerive.jpg?resize=350%2C200&ssl=1","width":350,"height":200,"srcset":"https:\/\/i0.wp.com\/lasprimeras.com.do\/wp-content\/uploads\/2023\/12\/Jean-Max-Bellerive.jpg?resize=350%2C200&ssl=1 1x, https:\/\/i0.wp.com\/lasprimeras.com.do\/wp-content\/uploads\/2023\/12\/Jean-Max-Bellerive.jpg?resize=525%2C300&ssl=1 1.5x, https:\/\/i0.wp.com\/lasprimeras.com.do\/wp-content\/uploads\/2023\/12\/Jean-Max-Bellerive.jpg?resize=700%2C400&ssl=1 2x"},"classes":[]},{"id":65860,"url":"https:\/\/lasprimeras.com.do\/index.php\/2023\/11\/01\/natalia-jimenez-presenta-antologia-20-anos-un-album-con-temas-renovados-e-ineditos\/","url_meta":{"origin":76692,"position":1},"title":"Natalia Jim\u00e9nez presenta &#8220;Antolog\u00eda 20 a\u00f1os&#8221;, un \u00e1lbum con temas renovados e in\u00e9ditos","author":"BIMARY DE JES\u00daS Matos","date":"1 de noviembre de 2023","format":false,"excerpt":"Santo Domingo.-La cantautora Natalia Jim\u00e9nez lanza su esperado nuevo \u00e1lbum \"Antolog\u00eda 20 a\u00f1os\", en el que comparte con su p\u00fablico renovadas versiones de los mayores \u00e9xitos de su carrera, as\u00ed como tres temas in\u00e9ditos. Para este \u00e1lbum con 14 temas, Natalia Jim\u00e9nez re-grab\u00f3 una recopilaci\u00f3n de sus mejores canciones a\u2026","rel":"","context":"En \u00abENTRETENIMIENTO\u00bb","block_context":{"text":"ENTRETENIMIENTO","link":"https:\/\/lasprimeras.com.do\/index.php\/category\/entretenimiento\/"},"img":{"alt_text":"","src":"https:\/\/i0.wp.com\/lasprimeras.com.do\/wp-content\/uploads\/2023\/11\/WhatsApp-Image-2023-10-30-at-2.58.48-PM-7.jpeg?resize=350%2C200&ssl=1","width":350,"height":200,"srcset":"https:\/\/i0.wp.com\/lasprimeras.com.do\/wp-content\/uploads\/2023\/11\/WhatsApp-Image-2023-10-30-at-2.58.48-PM-7.jpeg?resize=350%2C200&ssl=1 1x, https:\/\/i0.wp.com\/lasprimeras.com.do\/wp-content\/uploads\/2023\/11\/WhatsApp-Image-2023-10-30-at-2.58.48-PM-7.jpeg?resize=525%2C300&ssl=1 1.5x, https:\/\/i0.wp.com\/lasprimeras.com.do\/wp-content\/uploads\/2023\/11\/WhatsApp-Image-2023-10-30-at-2.58.48-PM-7.jpeg?resize=700%2C400&ssl=1 2x"},"classes":[]},{"id":89179,"url":"https:\/\/lasprimeras.com.do\/index.php\/2024\/09\/19\/magic-juan-nominado-a-los-latin-grammy-con-su-album-superheroe\/","url_meta":{"origin":76692,"position":2},"title":"Magic Juan Nominado a los Latin GRAMMY con su \u00c1lbum \u201cSuperh\u00e9roe\u201d","author":"Paola Castillo","date":"19 de septiembre de 2024","format":false,"excerpt":"El reconocido cantante dominicano Magic Juan, conocido por \u00e9xitos que marcaron la m\u00fasica latina como \u201cEl Tibur\u00f3n\u201d, \u201cMeneando la Pera\u201d y \u201cP\u00e1same la Botella\u201d, ha sido nominado por primera vez a los prestigiosos Latin GRAMMY Awards. Su m\u00e1s reciente producci\u00f3n discogr\u00e1fica, \u201cSuperh\u00e9roe\u201d, ha sido seleccionada en la categor\u00eda de Mejor\u2026","rel":"","context":"En \u00abENTRETENIMIENTO\u00bb","block_context":{"text":"ENTRETENIMIENTO","link":"https:\/\/lasprimeras.com.do\/index.php\/category\/entretenimiento\/"},"img":{"alt_text":"","src":"https:\/\/i0.wp.com\/lasprimeras.com.do\/wp-content\/uploads\/2024\/09\/magic-scaled.jpg?resize=350%2C200&ssl=1","width":350,"height":200,"srcset":"https:\/\/i0.wp.com\/lasprimeras.com.do\/wp-content\/uploads\/2024\/09\/magic-scaled.jpg?resize=350%2C200&ssl=1 1x, https:\/\/i0.wp.com\/lasprimeras.com.do\/wp-content\/uploads\/2024\/09\/magic-scaled.jpg?resize=525%2C300&ssl=1 1.5x, https:\/\/i0.wp.com\/lasprimeras.com.do\/wp-content\/uploads\/2024\/09\/magic-scaled.jpg?resize=700%2C400&ssl=1 2x, https:\/\/i0.wp.com\/lasprimeras.com.do\/wp-content\/uploads\/2024\/09\/magic-scaled.jpg?resize=1050%2C600&ssl=1 3x, https:\/\/i0.wp.com\/lasprimeras.com.do\/wp-content\/uploads\/2024\/09\/magic-scaled.jpg?resize=1400%2C800&ssl=1 4x"},"classes":[]},{"id":70139,"url":"https:\/\/lasprimeras.com.do\/index.php\/2023\/12\/08\/maluma-lanza-el-sexy-video-de-bikini\/","url_meta":{"origin":76692,"position":3},"title":"Maluma lanza el sexy video de &#8220;Bikini&#8221;","author":"BIMARY DE JES\u00daS Matos","date":"8 de diciembre de 2023","format":false,"excerpt":"Santo Domingo.-El cantante y compositor colombiano Maluma lanz\u00f3 el video de su canci\u00f3n \u00abBikini\u00bb, correspondiente a su nuevo \u00e1lbum Don Juan. El nuevo y sexy video fue dirigido por Maluma junto a C\u00e9sar \u00abTes\u00bb Pimienta en las playas de N\u00e1poles, Italia, y tuvo su estreno mundial en MTV Live, MTVU,\u2026","rel":"","context":"En \u00abENTRETENIMIENTO\u00bb","block_context":{"text":"ENTRETENIMIENTO","link":"https:\/\/lasprimeras.com.do\/index.php\/category\/entretenimiento\/"},"img":{"alt_text":"","src":"https:\/\/i0.wp.com\/lasprimeras.com.do\/wp-content\/uploads\/2023\/12\/407687961_18403296082008455_1909368182557485689_n-8.jpg?resize=350%2C200&ssl=1","width":350,"height":200,"srcset":"https:\/\/i0.wp.com\/lasprimeras.com.do\/wp-content\/uploads\/2023\/12\/407687961_18403296082008455_1909368182557485689_n-8.jpg?resize=350%2C200&ssl=1 1x, https:\/\/i0.wp.com\/lasprimeras.com.do\/wp-content\/uploads\/2023\/12\/407687961_18403296082008455_1909368182557485689_n-8.jpg?resize=525%2C300&ssl=1 1.5x"},"classes":[]},{"id":89235,"url":"https:\/\/lasprimeras.com.do\/index.php\/2024\/09\/20\/norby-montero-lanza-su-primer-album-musical-imparable\/","url_meta":{"origin":76692,"position":4},"title":"Norby Montero lanza su primer \u00e1lbum musical \u201cImparable\u201d","author":"Paola Castillo","date":"20 de septiembre de 2024","format":false,"excerpt":"SANTO DOMINGO.- Luego de haber estrenado el pasado mes de abril su sencillo \u201cD\u00f3nde est\u00e1 el amor\", el bachatero Norby Montero contin\u00faa apostando a la buena m\u00fasica, esta vez con el lanzamiento de su primer \u00e1lbum musical \u201cImparable\u201d. Este disco, que es un sue\u00f1o hecho realidad para el tambi\u00e9n periodista\u2026","rel":"","context":"En \u00abENTRETENIMIENTO\u00bb","block_context":{"text":"ENTRETENIMIENTO","link":"https:\/\/lasprimeras.com.do\/index.php\/category\/entretenimiento\/"},"img":{"alt_text":"","src":"https:\/\/i0.wp.com\/lasprimeras.com.do\/wp-content\/uploads\/2024\/09\/cc749cbc-1a73-4bce-920a-234c8ee7604c.jpeg?resize=350%2C200&ssl=1","width":350,"height":200,"srcset":"https:\/\/i0.wp.com\/lasprimeras.com.do\/wp-content\/uploads\/2024\/09\/cc749cbc-1a73-4bce-920a-234c8ee7604c.jpeg?resize=350%2C200&ssl=1 1x, https:\/\/i0.wp.com\/lasprimeras.com.do\/wp-content\/uploads\/2024\/09\/cc749cbc-1a73-4bce-920a-234c8ee7604c.jpeg?resize=525%2C300&ssl=1 1.5x, https:\/\/i0.wp.com\/lasprimeras.com.do\/wp-content\/uploads\/2024\/09\/cc749cbc-1a73-4bce-920a-234c8ee7604c.jpeg?resize=700%2C400&ssl=1 2x, https:\/\/i0.wp.com\/lasprimeras.com.do\/wp-content\/uploads\/2024\/09\/cc749cbc-1a73-4bce-920a-234c8ee7604c.jpeg?resize=1050%2C600&ssl=1 3x"},"classes":[]},{"id":96118,"url":"https:\/\/lasprimeras.com.do\/index.php\/2025\/03\/25\/premios-soberano-2025-conoce-algunos-de-los-artistas-y-producciones-galardonadas\/","url_meta":{"origin":76692,"position":5},"title":"Premios Soberano 2025: conoce algunos de los artistas y producciones galardonadas","author":"Nelson Feliz","date":"25 de marzo de 2025","format":false,"excerpt":"Por L\u00e1zaro Medina Familia Con una contagiosa presentaci\u00f3n de apertura a ritmo de merengue, a cargo de Miriam Cruz, comenzaron los Premios Soberano 2025 la noche de este martes, una gala en la que desfilaron varias estrellas de la m\u00fasica, el arte y el espect\u00e1culo, tanto dominicanos como internacionales. Estos\u2026","rel":"","context":"En \u00abENTRETENIMIENTO\u00bb","block_context":{"text":"ENTRETENIMIENTO","link":"https:\/\/lasprimeras.com.do\/index.php\/category\/entretenimiento\/"},"img":{"alt_text":"","src":"https:\/\/i0.wp.com\/lasprimeras.com.do\/wp-content\/uploads\/2025\/03\/zoe.jpg?resize=350%2C200&ssl=1","width":350,"height":200,"srcset":"https:\/\/i0.wp.com\/lasprimeras.com.do\/wp-content\/uploads\/2025\/03\/zoe.jpg?resize=350%2C200&ssl=1 1x, https:\/\/i0.wp.com\/lasprimeras.com.do\/wp-content\/uploads\/2025\/03\/zoe.jpg?resize=525%2C300&ssl=1 1.5x, https:\/\/i0.wp.com\/lasprimeras.com.do\/wp-content\/uploads\/2025\/03\/zoe.jpg?resize=700%2C400&ssl=1 2x"},"classes":[]}],"jetpack_sharing_enabled":true,"_links":{"self":[{"href":"https:\/\/lasprimeras.com.do\/index.php\/wp-json\/wp\/v2\/posts\/76692","targetHints":{"allow":["GET"]}}],"collection":[{"href":"https:\/\/lasprimeras.com.do\/index.php\/wp-json\/wp\/v2\/posts"}],"about":[{"href":"https:\/\/lasprimeras.com.do\/index.php\/wp-json\/wp\/v2\/types\/post"}],"author":[{"embeddable":true,"href":"https:\/\/lasprimeras.com.do\/index.php\/wp-json\/wp\/v2\/users\/3"}],"replies":[{"embeddable":true,"href":"https:\/\/lasprimeras.com.do\/index.php\/wp-json\/wp\/v2\/comments?post=76692"}],"version-history":[{"count":1,"href":"https:\/\/lasprimeras.com.do\/index.php\/wp-json\/wp\/v2\/posts\/76692\/revisions"}],"predecessor-version":[{"id":76694,"href":"https:\/\/lasprimeras.com.do\/index.php\/wp-json\/wp\/v2\/posts\/76692\/revisions\/76694"}],"wp:featuredmedia":[{"embeddable":true,"href":"https:\/\/lasprimeras.com.do\/index.php\/wp-json\/wp\/v2\/media\/76693"}],"wp:attachment":[{"href":"https:\/\/lasprimeras.com.do\/index.php\/wp-json\/wp\/v2\/media?parent=76692"}],"wp:term":[{"taxonomy":"category","embeddable":true,"href":"https:\/\/lasprimeras.com.do\/index.php\/wp-json\/wp\/v2\/categories?post=76692"},{"taxonomy":"post_tag","embeddable":true,"href":"https:\/\/lasprimeras.com.do\/index.php\/wp-json\/wp\/v2\/tags?post=76692"}],"curies":[{"name":"wp","href":"https:\/\/api.w.org\/{rel}","templated":true}]}}