{"id":76738,"date":"2024-02-14T06:00:00","date_gmt":"2024-02-14T10:00:00","guid":{"rendered":"https:\/\/lasprimeras.com.do\/?p=76738"},"modified":"2024-02-13T23:31:06","modified_gmt":"2024-02-14T03:31:06","slug":"gestion-de-fadul-en-la-alcaldia-respondera-a-los-anhelos-de-santiagueros","status":"publish","type":"post","link":"https:\/\/lasprimeras.com.do\/index.php\/2024\/02\/14\/gestion-de-fadul-en-la-alcaldia-respondera-a-los-anhelos-de-santiagueros\/","title":{"rendered":"Gesti\u00f3n de Fadul en la alcald\u00eda responder\u00e1 a los anhelos de santiagueros"},"content":{"rendered":"\n<p><strong>La Alianza Rescate RD en Santiago est\u00e1 s\u00f3lida y marcha muy bien. V\u00edctor Fadul ser\u00e1 el pr\u00f3ximo alcalde del municipio cabecera.<\/strong><\/p>\n\n\n\n<p>El candidato a la alcald\u00eda de Santiago de los Caballeros del Partido de la Liberaci\u00f3n Dominicana, V\u00edctor Fadul, dijo que su programa de gobierno municipal fue elaborado luego de una conversaci\u00f3n con todos los sectores santiagueros.<\/p>\n\n\n\n<p>\u201cEn esa conversaci\u00f3n escuchamos cual es la necesidad, la visi\u00f3n, los anhelos, deseos, que quieren para Santiago en una pr\u00f3xima gesti\u00f3n del Partido de la Liberaci\u00f3n Dominicana\u201d, expres\u00f3 Fadul.<\/p>\n\n\n\n<p>Entrevistado en el programa Hoy Mismo, el actual diputado en representaci\u00f3n de Santiago, declar\u00f3 que a partir de ese consenso elaboraron su plan de gobernanza municipal para el municipio de Santiago, el cual dividieron en siete ejes fundamentales.<\/p>\n\n\n\n<p>Explic\u00f3 que esos ejes son movilidad urbana sostenible, medio ambiente, digitalizaci\u00f3n de la ciudad, seguridad ciudadana, turismo, cultura y folklore.<\/p>\n\n\n\n<p>\u201cEso dio como resultado que los santiagueros quieren la instalaci\u00f3n de mesas multisectoriales e interinstitucionales para abordar entre todos los temas y las problem\u00e1ticas y desaf\u00edos que tenemos\u201d, manifest\u00f3.<\/p>\n\n\n\n<p>V\u00edctor Fadul agreg\u00f3 que entre todos buscar\u00e1n soluciones conjuntas que beneficien y mejoren la calidad de vida de los santiagueros.<\/p>\n\n\n\n<p>Cuestionado sobre un debate entre los candidatos a alcalde de Santiago propuesto por diferentes organizaciones inform\u00f3 que acept\u00f3 todas las v\u00edas de participaci\u00f3n en un debate p\u00fablico y televisivo, pero no fue posible.<\/p>\n\n\n\n<p>\u201cHab\u00eda uno que estaba pautado para el lunes 5 de febrero, y el domingo 4 recibimos la notificaci\u00f3n de la cancelaci\u00f3n de los organizadores, al parecer el \u00fanico que acept\u00f3 fui yo\u201d, revel\u00f3.<\/p>\n\n\n\n<p>Consider\u00f3 la cancelaci\u00f3n como lamentable, ya que es importante elevar la calidad del debate en todos los niveles de elecci\u00f3n y la poblaci\u00f3n pueda elegir en base a propuestas.<\/p>\n\n\n\n<p>Afirm\u00f3 que la alianza Rescate RD en Santiago est\u00e1 s\u00f3lida y marcha muy bien, recordando que fue en ese municipio donde primero se concretiz\u00f3.<\/p>\n","protected":false},"excerpt":{"rendered":"<p>La Alianza Rescate RD en Santiago est\u00e1 s\u00f3lida y marcha muy bien. V\u00edctor Fadul ser\u00e1 el pr\u00f3ximo alcalde del municipio cabecera. El candidato a la alcald\u00eda de Santiago de los&hellip;<\/p>\n","protected":false},"author":2,"featured_media":76739,"comment_status":"open","ping_status":"open","sticky":false,"template":"","format":"standard","meta":{"content-type":"","jetpack_post_was_ever_published":false,"_jetpack_newsletter_access":"","_jetpack_dont_email_post_to_subs":false,"_jetpack_newsletter_tier_id":0,"_jetpack_memberships_contains_paywalled_content":false,"_jetpack_memberships_contains_paid_content":false,"footnotes":""},"categories":[25],"tags":[869,11771,212,3693,4858],"class_list":["post-76738","post","type-post","status-publish","format-standard","has-post-thumbnail","hentry","category-portada","tag-alcaldia","tag-anhelos","tag-gestion","tag-santiagueros","tag-victor-fadul"],"jetpack_featured_media_url":"https:\/\/lasprimeras.com.do\/wp-content\/uploads\/2024\/02\/Victor-Fadul.jpeg","jetpack-related-posts":[{"id":60112,"url":"https:\/\/lasprimeras.com.do\/index.php\/2023\/09\/10\/victor-fadul-es-proclamado-candidato-alcalde-por-santiago-de-los-caballeros\/","url_meta":{"origin":76738,"position":0},"title":"V\u00edctor Fadul es proclamado candidato alcalde por Santiago de los Caballeros","author":"Nelson Feliz","date":"10 de septiembre de 2023","format":false,"excerpt":"El Centro de Convenciones de Utesa se desbord\u00f3 de alegr\u00eda y entusiasmo, con centenares de santiagueros que acudieron a ser testigos de la proclamaci\u00f3n oficial de V\u00edctor Fadul como candidato alcalde de Santiago de los Caballeros. V\u00edctor Fadul fue proclamado por el candidato presidencial del Partido de la Liberaci\u00f3n Dominicana\u2026","rel":"","context":"En \u00abPORTADA\u00bb","block_context":{"text":"PORTADA","link":"https:\/\/lasprimeras.com.do\/index.php\/category\/portada\/"},"img":{"alt_text":"Victor Fadul","src":"https:\/\/i0.wp.com\/lasprimeras.com.do\/wp-content\/uploads\/2023\/09\/Victor-Fadul.jpeg?resize=350%2C200&ssl=1","width":350,"height":200,"srcset":"https:\/\/i0.wp.com\/lasprimeras.com.do\/wp-content\/uploads\/2023\/09\/Victor-Fadul.jpeg?resize=350%2C200&ssl=1 1x, https:\/\/i0.wp.com\/lasprimeras.com.do\/wp-content\/uploads\/2023\/09\/Victor-Fadul.jpeg?resize=525%2C300&ssl=1 1.5x, https:\/\/i0.wp.com\/lasprimeras.com.do\/wp-content\/uploads\/2023\/09\/Victor-Fadul.jpeg?resize=700%2C400&ssl=1 2x, https:\/\/i0.wp.com\/lasprimeras.com.do\/wp-content\/uploads\/2023\/09\/Victor-Fadul.jpeg?resize=1050%2C600&ssl=1 3x, https:\/\/i0.wp.com\/lasprimeras.com.do\/wp-content\/uploads\/2023\/09\/Victor-Fadul.jpeg?resize=1400%2C800&ssl=1 4x"},"classes":[]},{"id":68049,"url":"https:\/\/lasprimeras.com.do\/index.php\/2023\/11\/21\/obispo-auxiliar-de-la-arquidiocesis-de-santiago-recibe-a-victor-fadul-y-esposa\/","url_meta":{"origin":76738,"position":1},"title":"Obispo auxiliar de la Arquidi\u00f3cesis de Santiago recibe a V\u00edctor Fadul y esposa","author":"Nelson Feliz","date":"21 de noviembre de 2023","format":false,"excerpt":"Conversaron sobre la educaci\u00f3n en valores, fortalecimiento de la familia, seguridad ciudadana y violencia. El Obispo Auxiliar de la Arquidi\u00f3cesis de Santiago, Carlos Tom\u00e1s Morel Dipl\u00e1n, recibi\u00f3 la ma\u00f1ana de este lunes al candidato a alcalde por Santiago V\u00edctor Fadul y su esposa Tracy Zarzuela, en un conversatorio sobre la\u2026","rel":"","context":"En \u00abNACIONALES\u00bb","block_context":{"text":"NACIONALES","link":"https:\/\/lasprimeras.com.do\/index.php\/category\/nacionales\/"},"img":{"alt_text":"","src":"https:\/\/i0.wp.com\/lasprimeras.com.do\/wp-content\/uploads\/2023\/11\/dos-1.jpg?resize=350%2C200&ssl=1","width":350,"height":200,"srcset":"https:\/\/i0.wp.com\/lasprimeras.com.do\/wp-content\/uploads\/2023\/11\/dos-1.jpg?resize=350%2C200&ssl=1 1x, https:\/\/i0.wp.com\/lasprimeras.com.do\/wp-content\/uploads\/2023\/11\/dos-1.jpg?resize=525%2C300&ssl=1 1.5x, https:\/\/i0.wp.com\/lasprimeras.com.do\/wp-content\/uploads\/2023\/11\/dos-1.jpg?resize=700%2C400&ssl=1 2x"},"classes":[]},{"id":75095,"url":"https:\/\/lasprimeras.com.do\/index.php\/2024\/01\/29\/francisco-dominguez-brito-afirma-victor-fadul-esta-entrenado-y-sabe-lo-que-hay-que-hacer-en-santiago\/","url_meta":{"origin":76738,"position":2},"title":"Dom\u00ednguez Brito afirma V\u00edctor Fadul sabe lo que hay que hacer en Santiago","author":"BIMARY DE JES\u00daS Matos","date":"29 de enero de 2024","format":false,"excerpt":"Santiago.-El ex Procurador General de la Rep\u00fablica y miembro del Comit\u00e9 Pol\u00edtico del Partido de la Liberaci\u00f3n Dominicana, Francisco Dom\u00ednguez Brito, afirm\u00f3 que V\u00edctor Fadul, candidato a alcalde de la Alianza Rescate RD sabe lo que hay que hacer, por un Santiago Fuerte y Seguro. \u201cYo vi a V\u00edctor conversando\u2026","rel":"","context":"En \u00abPORTADA\u00bb","block_context":{"text":"PORTADA","link":"https:\/\/lasprimeras.com.do\/index.php\/category\/portada\/"},"img":{"alt_text":"","src":"https:\/\/i0.wp.com\/lasprimeras.com.do\/wp-content\/uploads\/2024\/01\/images.png?resize=350%2C200&ssl=1","width":350,"height":200},"classes":[]},{"id":55044,"url":"https:\/\/lasprimeras.com.do\/index.php\/2023\/07\/17\/faccion-del-pld-pide-proclamar-a-victor-fadul-como-candidato-a-la-alcaldia-de-santiago\/","url_meta":{"origin":76738,"position":3},"title":"Facci\u00f3n del PLD pide proclamar a V\u00edctor Fadul como candidato a la Alcald\u00eda de Santiago","author":"Nelson Feliz","date":"17 de julio de 2023","format":false,"excerpt":"Asegura que cuenta con el apoyo de la mayor\u00eda dentro del partido para ser candidato a la alcald\u00eda de Santiago. Miembros de una facci\u00f3n del Partido de la Liberaci\u00f3n Dominicana (PLD) solicitaron este lunes a la direcci\u00f3n nacional de esa organizaci\u00f3n proclamar a V\u00edctor Fadul, como candidato a la alcald\u00eda\u2026","rel":"","context":"En \u00abPORTADA\u00bb","block_context":{"text":"PORTADA","link":"https:\/\/lasprimeras.com.do\/index.php\/category\/portada\/"},"img":{"alt_text":"M\u00e1xima dirigencia del PLD en Santiago proclama a V\u00edctor Fadul candidato a la alcald\u00eda","src":"https:\/\/i0.wp.com\/lasprimeras.com.do\/wp-content\/uploads\/2023\/07\/Victor-Fadul-1.jpg?resize=350%2C200&ssl=1","width":350,"height":200,"srcset":"https:\/\/i0.wp.com\/lasprimeras.com.do\/wp-content\/uploads\/2023\/07\/Victor-Fadul-1.jpg?resize=350%2C200&ssl=1 1x, https:\/\/i0.wp.com\/lasprimeras.com.do\/wp-content\/uploads\/2023\/07\/Victor-Fadul-1.jpg?resize=525%2C300&ssl=1 1.5x, https:\/\/i0.wp.com\/lasprimeras.com.do\/wp-content\/uploads\/2023\/07\/Victor-Fadul-1.jpg?resize=700%2C400&ssl=1 2x"},"classes":[]},{"id":76313,"url":"https:\/\/lasprimeras.com.do\/index.php\/2024\/02\/09\/abel-y-victor-la-ola-morada-cubre-la-circunscripcion-3-de-santiago-en-marcha-caravana\/","url_meta":{"origin":76738,"position":4},"title":"Abel y V\u00edctor: La ola morada cubre la Circunscripci\u00f3n #3 de Santiago en Marcha-Caravana","author":"Nelson Feliz","date":"9 de febrero de 2024","format":false,"excerpt":"El candidato presidencial por el Partido de la Liberaci\u00f3n Dominicana (PLD), Abel Mart\u00ednez y el candidato a alcalde de Santiago, V\u00edctor Fadul, sellaron este jueves el triunfo de la entidad morada con la movilizaci\u00f3n de miles de personas en la Circunscripci\u00f3n #3 de esta demarcaci\u00f3n. Tanto el l\u00edder de la\u2026","rel":"","context":"En \u00abPORTADA\u00bb","block_context":{"text":"PORTADA","link":"https:\/\/lasprimeras.com.do\/index.php\/category\/portada\/"},"img":{"alt_text":"Abel y V\u00edctor","src":"https:\/\/i0.wp.com\/lasprimeras.com.do\/wp-content\/uploads\/2024\/02\/Abel-y-Victor.jpg?resize=350%2C200&ssl=1","width":350,"height":200,"srcset":"https:\/\/i0.wp.com\/lasprimeras.com.do\/wp-content\/uploads\/2024\/02\/Abel-y-Victor.jpg?resize=350%2C200&ssl=1 1x, https:\/\/i0.wp.com\/lasprimeras.com.do\/wp-content\/uploads\/2024\/02\/Abel-y-Victor.jpg?resize=525%2C300&ssl=1 1.5x"},"classes":[]},{"id":55969,"url":"https:\/\/lasprimeras.com.do\/index.php\/2023\/07\/26\/victor-fadul-recibe-respaldo-clave-de-figuras-politicas-cercanas-a-abel-martinez\/","url_meta":{"origin":76738,"position":5},"title":"V\u00edctor Fadul recibe respaldo clave de figuras pol\u00edticas cercanas a Abel Mart\u00ednez","author":"Nelson Feliz","date":"26 de julio de 2023","format":false,"excerpt":"El diputado del Partido de la Liberaci\u00f3n Dominicana (PLD) y precandidato a la alcald\u00eda del municipio de Santiago, V\u00edctor Fadul, contin\u00faa recibiendo respaldo de importantes figuras del entorno pol\u00edtico de Abel Mart\u00ednez. Esta vez, se suman a su candidatura dos destacados colaboradores, Galindo Mart\u00ednez y Osvaldo Vargas. Galindo Mart\u00ednez, hermano\u2026","rel":"","context":"En \u00abSin categor\u00eda\u00bb","block_context":{"text":"Sin categor\u00eda","link":"https:\/\/lasprimeras.com.do\/index.php\/category\/sin-categoria\/"},"img":{"alt_text":"Victor Fadul","src":"https:\/\/i0.wp.com\/lasprimeras.com.do\/wp-content\/uploads\/2023\/07\/Victor-Fadul.jpg?resize=350%2C200&ssl=1","width":350,"height":200,"srcset":"https:\/\/i0.wp.com\/lasprimeras.com.do\/wp-content\/uploads\/2023\/07\/Victor-Fadul.jpg?resize=350%2C200&ssl=1 1x, https:\/\/i0.wp.com\/lasprimeras.com.do\/wp-content\/uploads\/2023\/07\/Victor-Fadul.jpg?resize=525%2C300&ssl=1 1.5x, https:\/\/i0.wp.com\/lasprimeras.com.do\/wp-content\/uploads\/2023\/07\/Victor-Fadul.jpg?resize=700%2C400&ssl=1 2x"},"classes":[]}],"jetpack_sharing_enabled":true,"_links":{"self":[{"href":"https:\/\/lasprimeras.com.do\/index.php\/wp-json\/wp\/v2\/posts\/76738","targetHints":{"allow":["GET"]}}],"collection":[{"href":"https:\/\/lasprimeras.com.do\/index.php\/wp-json\/wp\/v2\/posts"}],"about":[{"href":"https:\/\/lasprimeras.com.do\/index.php\/wp-json\/wp\/v2\/types\/post"}],"author":[{"embeddable":true,"href":"https:\/\/lasprimeras.com.do\/index.php\/wp-json\/wp\/v2\/users\/2"}],"replies":[{"embeddable":true,"href":"https:\/\/lasprimeras.com.do\/index.php\/wp-json\/wp\/v2\/comments?post=76738"}],"version-history":[{"count":1,"href":"https:\/\/lasprimeras.com.do\/index.php\/wp-json\/wp\/v2\/posts\/76738\/revisions"}],"predecessor-version":[{"id":76740,"href":"https:\/\/lasprimeras.com.do\/index.php\/wp-json\/wp\/v2\/posts\/76738\/revisions\/76740"}],"wp:featuredmedia":[{"embeddable":true,"href":"https:\/\/lasprimeras.com.do\/index.php\/wp-json\/wp\/v2\/media\/76739"}],"wp:attachment":[{"href":"https:\/\/lasprimeras.com.do\/index.php\/wp-json\/wp\/v2\/media?parent=76738"}],"wp:term":[{"taxonomy":"category","embeddable":true,"href":"https:\/\/lasprimeras.com.do\/index.php\/wp-json\/wp\/v2\/categories?post=76738"},{"taxonomy":"post_tag","embeddable":true,"href":"https:\/\/lasprimeras.com.do\/index.php\/wp-json\/wp\/v2\/tags?post=76738"}],"curies":[{"name":"wp","href":"https:\/\/api.w.org\/{rel}","templated":true}]}}