{"id":76762,"date":"2024-02-14T08:18:12","date_gmt":"2024-02-14T12:18:12","guid":{"rendered":"https:\/\/lasprimeras.com.do\/?p=76762"},"modified":"2024-02-14T08:18:14","modified_gmt":"2024-02-14T12:18:14","slug":"entidad-pide-evaluar-hombre-que-impacto-paredes-del-palacio","status":"publish","type":"post","link":"https:\/\/lasprimeras.com.do\/index.php\/2024\/02\/14\/entidad-pide-evaluar-hombre-que-impacto-paredes-del-palacio\/","title":{"rendered":"Entidad pide evaluar hombre que impact\u00f3 paredes del Palacio"},"content":{"rendered":"\n<p>SANTO DOMINGO.-Entidad comunitaria solicita al presidente Luis Abinader y al Ministerio P\u00fablico realizar evaluaci\u00f3n psiqui\u00e1trica a John Raymond Dur\u00e1n Villar, quien impact\u00f3 las puertas del Palacio Nacional con su veh\u00edculo, y atropell\u00f3 a dos militares de la seguridad, por historial cl\u00ednico de enfermedad mental de sus familiares.<\/p>\n\n\n\n<p>La Uni\u00f3n de Cenovicenses Ausentes (Unicea), pidi\u00f3 ayer indagar el historial de sus ancestros, ya que el padre, los t\u00edos y hermanos del joven sufren de problemas mentales y se encuentran en tratamiento psiqui\u00e1trico, por lo que solicita no juzgar a Dur\u00e1n Villar, sin tomar en cuenta su condici\u00f3n mental.<\/p>\n\n\n\n<p>Asimismo, la entidad asegur\u00f3 que ayer trajeron al pa\u00eds desde M\u00e9xico el hermano menor de Jhon Raymond, conocido como Juan, quien ten\u00eda un mes interno en un centro psiqui\u00e1trico a trav\u00e9s de una t\u00eda que fue a buscarlo.<\/p>\n\n\n\n<p>Duran Villar, luego de cometer el hecho fue neutralizado por otros miembros de la seguridad de la casa de gobierno, tras manifestar que cometi\u00f3 el hecho porque el presidente le ha hecho da\u00f1o a su familia, y pidi\u00f3 perd\u00f3n.<\/p>\n\n\n\n<p>Esto es seg\u00fan la solicitud de la medida de coerci\u00f3n, donde el Ministerio P\u00fablico solicita imponer prisi\u00f3n preventiva a Dur\u00e1n Villar, a quien le imputan atentar contra el jefe del Estado, y de tentativa de homicidio. <\/p>\n\n\n\n<p>Un juez fij\u00f3 para este viernes conocer la medida de coerci\u00f3n.V\u00edctimas<\/p>\n","protected":false},"excerpt":{"rendered":"<p>SANTO DOMINGO.-Entidad comunitaria solicita al presidente Luis Abinader y al Ministerio P\u00fablico realizar evaluaci\u00f3n psiqui\u00e1trica a John Raymond Dur\u00e1n Villar, quien impact\u00f3 las puertas del Palacio Nacional con su veh\u00edculo,&hellip;<\/p>\n","protected":false},"author":3,"featured_media":76087,"comment_status":"open","ping_status":"open","sticky":false,"template":"","format":"standard","meta":{"content-type":"","jetpack_post_was_ever_published":false,"_jetpack_newsletter_access":"","_jetpack_dont_email_post_to_subs":false,"_jetpack_newsletter_tier_id":0,"_jetpack_memberships_contains_paywalled_content":false,"_jetpack_memberships_contains_paid_content":false,"footnotes":""},"categories":[25],"tags":[],"class_list":["post-76762","post","type-post","status-publish","format-standard","has-post-thumbnail","hentry","category-portada"],"jetpack_featured_media_url":"https:\/\/lasprimeras.com.do\/wp-content\/uploads\/2024\/02\/descarga-3.jpeg","jetpack-related-posts":[{"id":91037,"url":"https:\/\/lasprimeras.com.do\/index.php\/2024\/11\/07\/salud-mental-y-doble-moral\/","url_meta":{"origin":76762,"position":0},"title":"Salud mental y doble moral \u00a0\u00a0\u00a0\u00a0\u00a0\u00a0\u00a0\u00a0\u00a0\u00a0\u00a0\u00a0\u00a0\u00a0\u00a0\u00a0\u00a0\u00a0\u00a0\u00a0\u00a0","author":"Nelson Feliz","date":"7 de noviembre de 2024","format":false,"excerpt":"Por: Tito EstrellaDoctor en Psiquiatr\u00eda y catedr\u00e1tico En la Rep\u00fablica Dominicana, parece que hay una doble moral, respecto al tema de la salud mental. A diario escuchamos, leemos y vemos en los distintos medios de comunicaci\u00f3n, prensa escrita, radio, television y redes sociales, a personas hablar de la necesidad de\u2026","rel":"","context":"En \u00abOPINI\u00d3N\u00bb","block_context":{"text":"OPINI\u00d3N","link":"https:\/\/lasprimeras.com.do\/index.php\/category\/opinion\/"},"img":{"alt_text":"","src":"https:\/\/i0.wp.com\/lasprimeras.com.do\/wp-content\/uploads\/2024\/11\/Tito-Estrella.jpg?resize=350%2C200&ssl=1","width":350,"height":200,"srcset":"https:\/\/i0.wp.com\/lasprimeras.com.do\/wp-content\/uploads\/2024\/11\/Tito-Estrella.jpg?resize=350%2C200&ssl=1 1x, https:\/\/i0.wp.com\/lasprimeras.com.do\/wp-content\/uploads\/2024\/11\/Tito-Estrella.jpg?resize=525%2C300&ssl=1 1.5x, https:\/\/i0.wp.com\/lasprimeras.com.do\/wp-content\/uploads\/2024\/11\/Tito-Estrella.jpg?resize=700%2C400&ssl=1 2x"},"classes":[]},{"id":94150,"url":"https:\/\/lasprimeras.com.do\/index.php\/2025\/02\/25\/psiquiatra-destaca-terapias-de-neuromodulacion-en-tratamiento-de-trastornos-neulogicos\/","url_meta":{"origin":76762,"position":1},"title":"Psiquiatra destaca terapias de neuromodulaci\u00f3n en tratamiento de trastornos neul\u00f3gicos","author":"Nelson Feliz","date":"25 de febrero de 2025","format":false,"excerpt":"La psiquiatra Rose Nina imparti\u00f3 el seminario \"psicologos clinicos en las terapias de neuromodulaci\u00f3n\", en la que participaron m\u00e1s de veinte Psic\u00f3logos en una webinar, con el objetivo de actualuzar a estos profesionales de la salud mental sobre los \u00faltimos avances en esta t\u00e9cnica moderna para tratar trastornos neurol\u00f3gicos y\u2026","rel":"","context":"En \u00abSALUD\u00bb","block_context":{"text":"SALUD","link":"https:\/\/lasprimeras.com.do\/index.php\/category\/salud\/"},"img":{"alt_text":"","src":"https:\/\/i0.wp.com\/lasprimeras.com.do\/wp-content\/uploads\/2025\/02\/Rose-Nina.jpg?resize=350%2C200&ssl=1","width":350,"height":200,"srcset":"https:\/\/i0.wp.com\/lasprimeras.com.do\/wp-content\/uploads\/2025\/02\/Rose-Nina.jpg?resize=350%2C200&ssl=1 1x, https:\/\/i0.wp.com\/lasprimeras.com.do\/wp-content\/uploads\/2025\/02\/Rose-Nina.jpg?resize=525%2C300&ssl=1 1.5x, https:\/\/i0.wp.com\/lasprimeras.com.do\/wp-content\/uploads\/2025\/02\/Rose-Nina.jpg?resize=700%2C400&ssl=1 2x"},"classes":[]},{"id":95654,"url":"https:\/\/lasprimeras.com.do\/index.php\/2025\/03\/17\/realizan-conferencia-sobre-salud-mental-y-nuevas-terapias-de-neuro-modulacion-en-rd\/","url_meta":{"origin":76762,"position":2},"title":"Realizan conferencia sobre salud mental y nuevas terapias de neuro modulaci\u00f3n en RD","author":"Nelson Feliz","date":"17 de marzo de 2025","format":false,"excerpt":"En el marco de la creciente importancia de la salud mental a nivel global, la reconocida psiquiatra Rose Nina ofreci\u00f3 la Conferencia Magistral \u201cSalud Mental y las nuevas terapias de neuro modulaci\u00f3n\u201d. Este evento exclusivo dirigido a periodistas especializados en salud, tuvo como objetivo actualizar a los profesionales de la\u2026","rel":"","context":"En \u00abSALUD\u00bb","block_context":{"text":"SALUD","link":"https:\/\/lasprimeras.com.do\/index.php\/category\/salud\/"},"img":{"alt_text":"","src":"https:\/\/i0.wp.com\/lasprimeras.com.do\/wp-content\/uploads\/2025\/03\/CONFERENCIA.jpg?resize=350%2C200&ssl=1","width":350,"height":200,"srcset":"https:\/\/i0.wp.com\/lasprimeras.com.do\/wp-content\/uploads\/2025\/03\/CONFERENCIA.jpg?resize=350%2C200&ssl=1 1x, https:\/\/i0.wp.com\/lasprimeras.com.do\/wp-content\/uploads\/2025\/03\/CONFERENCIA.jpg?resize=525%2C300&ssl=1 1.5x, https:\/\/i0.wp.com\/lasprimeras.com.do\/wp-content\/uploads\/2025\/03\/CONFERENCIA.jpg?resize=700%2C400&ssl=1 2x"},"classes":[]},{"id":76610,"url":"https:\/\/lasprimeras.com.do\/index.php\/2024\/02\/12\/hombre-que-se-estrello-contra-el-palacio-nacional-es-acusado-de-atentar-contra-el-presidente\/","url_meta":{"origin":76762,"position":3},"title":"Hombre que se estrell\u00f3 contra el Palacio Nacional es acusado de atentar contra el presidente","author":"Nelson Feliz","date":"12 de febrero de 2024","format":false,"excerpt":"Est\u00e1 detenido en la \"carcelita\" de Ciudad Nueva en espera de que se le conozca medida de coerci\u00f3n. El hombre que se estrell\u00f3 \"de manera intencional\" contra el Palacio Nacional hace una semana es acusado de atentar contra la vida del presidente de la Rep\u00fablica, Luis Abinader. La imputaci\u00f3n se\u2026","rel":"","context":"En \u00abNACIONALES\u00bb","block_context":{"text":"NACIONALES","link":"https:\/\/lasprimeras.com.do\/index.php\/category\/nacionales\/"},"img":{"alt_text":"John Raymond Dur\u00e1n Villar","src":"https:\/\/i0.wp.com\/lasprimeras.com.do\/wp-content\/uploads\/2024\/02\/John-Raymond-Duran-Villar.jpg?resize=350%2C200&ssl=1","width":350,"height":200,"srcset":"https:\/\/i0.wp.com\/lasprimeras.com.do\/wp-content\/uploads\/2024\/02\/John-Raymond-Duran-Villar.jpg?resize=350%2C200&ssl=1 1x, https:\/\/i0.wp.com\/lasprimeras.com.do\/wp-content\/uploads\/2024\/02\/John-Raymond-Duran-Villar.jpg?resize=525%2C300&ssl=1 1.5x, https:\/\/i0.wp.com\/lasprimeras.com.do\/wp-content\/uploads\/2024\/02\/John-Raymond-Duran-Villar.jpg?resize=700%2C400&ssl=1 2x"},"classes":[]},{"id":117461,"url":"https:\/\/lasprimeras.com.do\/index.php\/2025\/12\/10\/tribunal-impone-tratamiento-psiquiatrico-a-hombre-que-amenazo-de-muerte-al-presidente-abinader\/","url_meta":{"origin":76762,"position":4},"title":"Tribunal impone tratamiento psiqui\u00e1trico a hombre que amenaz\u00f3 de muerte al presidente Abinader","author":"Nelson Feliz","date":"10 de diciembre de 2025","format":false,"excerpt":"El Tribunal de Instrucci\u00f3n del Distrito Judicial de El Seibo impuso este mi\u00e9rcoles una garant\u00eda econ\u00f3mica de RD$100,000 y un r\u00e9gimen de tratamiento terap\u00e9utico por problemas de salud mental a H\u00e9ctor Julio Mercedes Rodr\u00edguez, el hombre arrestado tras difundir un video en redes sociales en el que lanz\u00f3 amenazas de\u2026","rel":"","context":"En \u00abJUSTICIA\u00bb","block_context":{"text":"JUSTICIA","link":"https:\/\/lasprimeras.com.do\/index.php\/category\/justicia\/"},"img":{"alt_text":"","src":"https:\/\/i0.wp.com\/lasprimeras.com.do\/wp-content\/uploads\/2025\/12\/Hector-Julio-Mercedes-Rodriguez.jpg?resize=350%2C200&ssl=1","width":350,"height":200,"srcset":"https:\/\/i0.wp.com\/lasprimeras.com.do\/wp-content\/uploads\/2025\/12\/Hector-Julio-Mercedes-Rodriguez.jpg?resize=350%2C200&ssl=1 1x, https:\/\/i0.wp.com\/lasprimeras.com.do\/wp-content\/uploads\/2025\/12\/Hector-Julio-Mercedes-Rodriguez.jpg?resize=525%2C300&ssl=1 1.5x, https:\/\/i0.wp.com\/lasprimeras.com.do\/wp-content\/uploads\/2025\/12\/Hector-Julio-Mercedes-Rodriguez.jpg?resize=700%2C400&ssl=1 2x"},"classes":[]},{"id":75834,"url":"https:\/\/lasprimeras.com.do\/index.php\/2024\/02\/05\/hombre-derriba-de-manera-intencional-puertas-del-palacio-nacional-hay-dos-militares-heridos\/","url_meta":{"origin":76762,"position":5},"title":"Hombre derriba de manera intencional puertas del Palacio Nacional; hay dos militares heridos","author":"Nelson Feliz","date":"5 de febrero de 2024","format":false,"excerpt":"Dos puertas del Palacio Nacional fueron derribadas por un ciudadano en un acto intencional El director de Estrategia y Comunicaci\u00f3n Gubernamental y vocero de la Presidencia, Homero Figueroa, inform\u00f3 que ayer, domingo, a las 11:50 de la noche, el ciudadano dominicano John Raymond Dur\u00e1n Villar, llev\u00f3 a cabo un acto\u2026","rel":"","context":"En \u00abNACIONALES\u00bb","block_context":{"text":"NACIONALES","link":"https:\/\/lasprimeras.com.do\/index.php\/category\/nacionales\/"},"img":{"alt_text":"PALACIO NACIONAL","src":"https:\/\/i0.wp.com\/lasprimeras.com.do\/wp-content\/uploads\/2024\/02\/PALACIO-NACIONAL.jpg?resize=350%2C200&ssl=1","width":350,"height":200,"srcset":"https:\/\/i0.wp.com\/lasprimeras.com.do\/wp-content\/uploads\/2024\/02\/PALACIO-NACIONAL.jpg?resize=350%2C200&ssl=1 1x, https:\/\/i0.wp.com\/lasprimeras.com.do\/wp-content\/uploads\/2024\/02\/PALACIO-NACIONAL.jpg?resize=525%2C300&ssl=1 1.5x, https:\/\/i0.wp.com\/lasprimeras.com.do\/wp-content\/uploads\/2024\/02\/PALACIO-NACIONAL.jpg?resize=700%2C400&ssl=1 2x"},"classes":[]}],"jetpack_sharing_enabled":true,"_links":{"self":[{"href":"https:\/\/lasprimeras.com.do\/index.php\/wp-json\/wp\/v2\/posts\/76762","targetHints":{"allow":["GET"]}}],"collection":[{"href":"https:\/\/lasprimeras.com.do\/index.php\/wp-json\/wp\/v2\/posts"}],"about":[{"href":"https:\/\/lasprimeras.com.do\/index.php\/wp-json\/wp\/v2\/types\/post"}],"author":[{"embeddable":true,"href":"https:\/\/lasprimeras.com.do\/index.php\/wp-json\/wp\/v2\/users\/3"}],"replies":[{"embeddable":true,"href":"https:\/\/lasprimeras.com.do\/index.php\/wp-json\/wp\/v2\/comments?post=76762"}],"version-history":[{"count":1,"href":"https:\/\/lasprimeras.com.do\/index.php\/wp-json\/wp\/v2\/posts\/76762\/revisions"}],"predecessor-version":[{"id":76765,"href":"https:\/\/lasprimeras.com.do\/index.php\/wp-json\/wp\/v2\/posts\/76762\/revisions\/76765"}],"wp:featuredmedia":[{"embeddable":true,"href":"https:\/\/lasprimeras.com.do\/index.php\/wp-json\/wp\/v2\/media\/76087"}],"wp:attachment":[{"href":"https:\/\/lasprimeras.com.do\/index.php\/wp-json\/wp\/v2\/media?parent=76762"}],"wp:term":[{"taxonomy":"category","embeddable":true,"href":"https:\/\/lasprimeras.com.do\/index.php\/wp-json\/wp\/v2\/categories?post=76762"},{"taxonomy":"post_tag","embeddable":true,"href":"https:\/\/lasprimeras.com.do\/index.php\/wp-json\/wp\/v2\/tags?post=76762"}],"curies":[{"name":"wp","href":"https:\/\/api.w.org\/{rel}","templated":true}]}}