{"id":76855,"date":"2024-02-13T23:44:00","date_gmt":"2024-02-14T03:44:00","guid":{"rendered":"https:\/\/lasprimeras.com.do\/?p=76855"},"modified":"2024-02-14T23:55:42","modified_gmt":"2024-02-15T03:55:42","slug":"abinader-retorno-al-pais-anoche-tras-pronunciar-un-discurso-en-la-onu","status":"publish","type":"post","link":"https:\/\/lasprimeras.com.do\/index.php\/2024\/02\/13\/abinader-retorno-al-pais-anoche-tras-pronunciar-un-discurso-en-la-onu\/","title":{"rendered":"Abinader retorn\u00f3 al pa\u00eds anoche tras pronunciar un discurso en la ONU"},"content":{"rendered":"\n<p>El presidente Luis Abinader retorn\u00f3 al pa\u00eds a las 8:20 de la noche de este martes tras pronunciar un discurso ante el Consejo de Seguridad de las Naciones Unidas (ONU), reiterando la necesaria y urgente intervenci\u00f3n de la comunidad internacional para restaurar el orden en Hait\u00ed.<\/p>\n\n\n\n<p>Al culminar una breve estad\u00eda en la ciudad de Nueva York, la llegada del mandatario se produjo por la Base A\u00e9rea de San Isidro, en un vuelo privado.<\/p>\n\n\n\n<p>Durante su viaje, el mandatario dominicano tambi\u00e9n sostuvo sendos encuentros privados por el presidente de Guyana, Irfaan Ali, quien presidi\u00f3 el Consejo de Seguridad de la ONU y con el secretario general del organismo, Antonio Guterres.<\/p>\n","protected":false},"excerpt":{"rendered":"<p>El presidente Luis Abinader retorn\u00f3 al pa\u00eds a las 8:20 de la noche de este martes tras pronunciar un discurso ante el Consejo de Seguridad de las Naciones Unidas (ONU),&hellip;<\/p>\n","protected":false},"author":2,"featured_media":76856,"comment_status":"open","ping_status":"open","sticky":false,"template":"","format":"standard","meta":{"content-type":"","jetpack_post_was_ever_published":false,"_jetpack_newsletter_access":"","_jetpack_dont_email_post_to_subs":false,"_jetpack_newsletter_tier_id":0,"_jetpack_memberships_contains_paywalled_content":false,"_jetpack_memberships_contains_paid_content":false,"footnotes":""},"categories":[35,25],"tags":[1144,190,67,365,93,76],"class_list":["post-76855","post","type-post","status-publish","format-standard","has-post-thumbnail","hentry","category-nacionales","category-portada","tag-consejo","tag-discurso","tag-luis-abinader","tag-naciones-unidas","tag-onu","tag-seguridad"],"jetpack_featured_media_url":"https:\/\/lasprimeras.com.do\/wp-content\/uploads\/2024\/02\/Luis-Abinader-vs-Antonio-Guterres.jpg","jetpack-related-posts":[{"id":76803,"url":"https:\/\/lasprimeras.com.do\/index.php\/2024\/02\/14\/abinader-retorna-al-pais-tras-pronunciar-discurso-en-la-onu\/","url_meta":{"origin":76855,"position":0},"title":"Abinader retorna al pa\u00eds tras pronunciar discurso en la ONU","author":"BIMARY DE JES\u00daS Matos","date":"14 de febrero de 2024","format":false,"excerpt":"Santo Domingo.- El presidente Luis Abinader retorn\u00f3 al pa\u00eds a las 8:20 de la noche de este martes tras pronunciar un discurso ante el Consejo de Seguridad de las Naciones Unidas (ONU), reiterando la necesaria y urgente intervenci\u00f3n de la comunidad internacional para restaurar el orden en Hait\u00ed. Al culminar\u2026","rel":"","context":"En \u00abPORTADA\u00bb","block_context":{"text":"PORTADA","link":"https:\/\/lasprimeras.com.do\/index.php\/category\/portada\/"},"img":{"alt_text":"","src":"https:\/\/i0.wp.com\/lasprimeras.com.do\/wp-content\/uploads\/2024\/02\/IMG-20240214-WA0002-scaled.jpg.webp?resize=350%2C200&ssl=1","width":350,"height":200,"srcset":"https:\/\/i0.wp.com\/lasprimeras.com.do\/wp-content\/uploads\/2024\/02\/IMG-20240214-WA0002-scaled.jpg.webp?resize=350%2C200&ssl=1 1x, https:\/\/i0.wp.com\/lasprimeras.com.do\/wp-content\/uploads\/2024\/02\/IMG-20240214-WA0002-scaled.jpg.webp?resize=525%2C300&ssl=1 1.5x, https:\/\/i0.wp.com\/lasprimeras.com.do\/wp-content\/uploads\/2024\/02\/IMG-20240214-WA0002-scaled.jpg.webp?resize=700%2C400&ssl=1 2x, https:\/\/i0.wp.com\/lasprimeras.com.do\/wp-content\/uploads\/2024\/02\/IMG-20240214-WA0002-scaled.jpg.webp?resize=1050%2C600&ssl=1 3x, https:\/\/i0.wp.com\/lasprimeras.com.do\/wp-content\/uploads\/2024\/02\/IMG-20240214-WA0002-scaled.jpg.webp?resize=1400%2C800&ssl=1 4x"},"classes":[]},{"id":110107,"url":"https:\/\/lasprimeras.com.do\/index.php\/2025\/09\/25\/diferentes-sectores-de-la-sociedad-valoran-como-positivo-el-discurso-del-presidente-abinader-ante-la-onu\/","url_meta":{"origin":76855,"position":1},"title":"Diferentes sectores de la sociedad valoran como positivo el discurso del presidente Abinader ante la ONU","author":"Nelson Feliz","date":"25 de septiembre de 2025","format":false,"excerpt":"El Conep, Aneih y la ONEC destacaron el llamado coherente frente a la crisis haitiana. Organizaciones empresariales y sociales del pa\u00eds valoraron como positivo el discurso del presidente Luis Abinader ante la Asamblea General de las Naciones Unidas, por considerar que reafirman el compromiso con la paz, el multilateralismo, el\u2026","rel":"","context":"En \u00abECONOM\u00cdA\u00bb","block_context":{"text":"ECONOM\u00cdA","link":"https:\/\/lasprimeras.com.do\/index.php\/category\/economia\/"},"img":{"alt_text":"","src":"https:\/\/i0.wp.com\/lasprimeras.com.do\/wp-content\/uploads\/2025\/09\/Luis-Abinader-6.jpg?resize=350%2C200&ssl=1","width":350,"height":200,"srcset":"https:\/\/i0.wp.com\/lasprimeras.com.do\/wp-content\/uploads\/2025\/09\/Luis-Abinader-6.jpg?resize=350%2C200&ssl=1 1x, https:\/\/i0.wp.com\/lasprimeras.com.do\/wp-content\/uploads\/2025\/09\/Luis-Abinader-6.jpg?resize=525%2C300&ssl=1 1.5x, https:\/\/i0.wp.com\/lasprimeras.com.do\/wp-content\/uploads\/2025\/09\/Luis-Abinader-6.jpg?resize=700%2C400&ssl=1 2x"},"classes":[]},{"id":60870,"url":"https:\/\/lasprimeras.com.do\/index.php\/2023\/09\/19\/presidente-abinader-habla-este-miercoles-en-asamblea-de-la-onu\/","url_meta":{"origin":76855,"position":2},"title":"Presidente Abinader habla este mi\u00e9rcoles en Asamblea de la ONU","author":"Nelson Feliz","date":"19 de septiembre de 2023","format":false,"excerpt":"Discurso del mandatario se transmitir\u00e1 a todo el pa\u00eds. El presidente Luis Abinader hablar\u00e1 esta tarde ante la 78va Asamblea General de las Naciones (ONU), donde tratar\u00e1 sobre la situaci\u00f3n que vive el pa\u00eds con Hait\u00ed. De acuerdo con el orden establecido, se espera que la comparecencia de Abinader se\u2026","rel":"","context":"En \u00abNACIONALES\u00bb","block_context":{"text":"NACIONALES","link":"https:\/\/lasprimeras.com.do\/index.php\/category\/nacionales\/"},"img":{"alt_text":"Luis Abinader","src":"https:\/\/i0.wp.com\/lasprimeras.com.do\/wp-content\/uploads\/2023\/08\/Luis-Abinader-ONU.jpg?resize=350%2C200&ssl=1","width":350,"height":200,"srcset":"https:\/\/i0.wp.com\/lasprimeras.com.do\/wp-content\/uploads\/2023\/08\/Luis-Abinader-ONU.jpg?resize=350%2C200&ssl=1 1x, https:\/\/i0.wp.com\/lasprimeras.com.do\/wp-content\/uploads\/2023\/08\/Luis-Abinader-ONU.jpg?resize=525%2C300&ssl=1 1.5x, https:\/\/i0.wp.com\/lasprimeras.com.do\/wp-content\/uploads\/2023\/08\/Luis-Abinader-ONU.jpg?resize=700%2C400&ssl=1 2x"},"classes":[]},{"id":110163,"url":"https:\/\/lasprimeras.com.do\/index.php\/2025\/09\/26\/afirma-discurso-abinader-ante-onu-fue-nacionalista-patriotico-y-visionario\/","url_meta":{"origin":76855,"position":3},"title":"Afirma discurso Abinader ante ONU fue nacionalista, patri\u00f3tico y visionario","author":"Nelson Feliz","date":"26 de septiembre de 2025","format":false,"excerpt":"Por Ram\u00f3n Mercedes NUEVA YORK.- El valorado y reconocido empresario, l\u00edder comunitario, deportista y ejecutor de m\u00faltiples obras filantr\u00f3picas, tanto en esta ciudad como en la Rep\u00fablica Dominicana, Roberto Rojas, afirm\u00f3 que el discurso del presidente Luis Abinader ante las Naciones Unidas fue nacionalista, patri\u00f3tico y visionario. \u00abNacionalista porque el\u2026","rel":"","context":"En \u00abINTERNACIONALES\u00bb","block_context":{"text":"INTERNACIONALES","link":"https:\/\/lasprimeras.com.do\/index.php\/category\/sin-categoria\/internacionales\/"},"img":{"alt_text":"","src":"https:\/\/i0.wp.com\/lasprimeras.com.do\/wp-content\/uploads\/2025\/09\/WhatsApp-Image-2025-09-26-at-6.48.02-AM-3.jpeg?resize=350%2C200&ssl=1","width":350,"height":200,"srcset":"https:\/\/i0.wp.com\/lasprimeras.com.do\/wp-content\/uploads\/2025\/09\/WhatsApp-Image-2025-09-26-at-6.48.02-AM-3.jpeg?resize=350%2C200&ssl=1 1x, https:\/\/i0.wp.com\/lasprimeras.com.do\/wp-content\/uploads\/2025\/09\/WhatsApp-Image-2025-09-26-at-6.48.02-AM-3.jpeg?resize=525%2C300&ssl=1 1.5x"},"classes":[]},{"id":109919,"url":"https:\/\/lasprimeras.com.do\/index.php\/2025\/09\/23\/abinader-participa-en-la-apertura-de-la-80-a-asamblea-general-de-la-onu-encabezada-por-el-secretario-general\/","url_meta":{"origin":76855,"position":4},"title":"Abinader participa en la apertura de la 80.\u00aa Asamblea General de la ONU, encabezada por el secretario general","author":"Nelson Feliz","date":"23 de septiembre de 2025","format":false,"excerpt":"El mandatario tiene previsto pronunciar su discurso ante el pleno este mi\u00e9rcoles 24 de septiembre a las 2:50 de la tarde. Nueva York. - El presidente Luis Abinader inici\u00f3 este martes su agenda de trabajo participando en la apertura de la 80.\u00aa Asamblea General de la Organizaci\u00f3n de las Naciones\u2026","rel":"","context":"En \u00abNACIONALES\u00bb","block_context":{"text":"NACIONALES","link":"https:\/\/lasprimeras.com.do\/index.php\/category\/nacionales\/"},"img":{"alt_text":"","src":"https:\/\/i0.wp.com\/lasprimeras.com.do\/wp-content\/uploads\/2025\/09\/aNTONIO-GUTERRES.jpg?resize=350%2C200&ssl=1","width":350,"height":200,"srcset":"https:\/\/i0.wp.com\/lasprimeras.com.do\/wp-content\/uploads\/2025\/09\/aNTONIO-GUTERRES.jpg?resize=350%2C200&ssl=1 1x, https:\/\/i0.wp.com\/lasprimeras.com.do\/wp-content\/uploads\/2025\/09\/aNTONIO-GUTERRES.jpg?resize=525%2C300&ssl=1 1.5x, https:\/\/i0.wp.com\/lasprimeras.com.do\/wp-content\/uploads\/2025\/09\/aNTONIO-GUTERRES.jpg?resize=700%2C400&ssl=1 2x"},"classes":[]},{"id":109986,"url":"https:\/\/lasprimeras.com.do\/index.php\/2025\/09\/24\/abinader-reclama-accion-urgente-ante-la-crisis-haitiana-y-llama-a-renovar-el-multilateralismo-en-la-onu\/","url_meta":{"origin":76855,"position":5},"title":"Abinader reclama acci\u00f3n urgente ante la crisis haitiana y llama a renovar el multilateralismo en la ONU","author":"Nelson Feliz","date":"24 de septiembre de 2025","format":false,"excerpt":"Mandatario dominicano insta al Consejo de Seguridad a reforzar la misi\u00f3n internacional en Hait\u00ed, pidi\u00f3 un nuevo pacto financiero global y defendi\u00f3 justicia clim\u00e1tica para los peque\u00f1os Estados insulares. Nueva York.\u2014 El presidente Luis Abinader pronunci\u00f3 este mi\u00e9rcoles un contundente discurso ante la 80\u00aa Asamblea General de las Naciones Unidas,\u2026","rel":"","context":"En \u00abECONOM\u00cdA\u00bb","block_context":{"text":"ECONOM\u00cdA","link":"https:\/\/lasprimeras.com.do\/index.php\/category\/economia\/"},"img":{"alt_text":"","src":"https:\/\/i0.wp.com\/lasprimeras.com.do\/wp-content\/uploads\/2025\/09\/Luis-Abinader-3-1.jpg?resize=350%2C200&ssl=1","width":350,"height":200,"srcset":"https:\/\/i0.wp.com\/lasprimeras.com.do\/wp-content\/uploads\/2025\/09\/Luis-Abinader-3-1.jpg?resize=350%2C200&ssl=1 1x, https:\/\/i0.wp.com\/lasprimeras.com.do\/wp-content\/uploads\/2025\/09\/Luis-Abinader-3-1.jpg?resize=525%2C300&ssl=1 1.5x, https:\/\/i0.wp.com\/lasprimeras.com.do\/wp-content\/uploads\/2025\/09\/Luis-Abinader-3-1.jpg?resize=700%2C400&ssl=1 2x"},"classes":[]}],"jetpack_sharing_enabled":true,"_links":{"self":[{"href":"https:\/\/lasprimeras.com.do\/index.php\/wp-json\/wp\/v2\/posts\/76855","targetHints":{"allow":["GET"]}}],"collection":[{"href":"https:\/\/lasprimeras.com.do\/index.php\/wp-json\/wp\/v2\/posts"}],"about":[{"href":"https:\/\/lasprimeras.com.do\/index.php\/wp-json\/wp\/v2\/types\/post"}],"author":[{"embeddable":true,"href":"https:\/\/lasprimeras.com.do\/index.php\/wp-json\/wp\/v2\/users\/2"}],"replies":[{"embeddable":true,"href":"https:\/\/lasprimeras.com.do\/index.php\/wp-json\/wp\/v2\/comments?post=76855"}],"version-history":[{"count":1,"href":"https:\/\/lasprimeras.com.do\/index.php\/wp-json\/wp\/v2\/posts\/76855\/revisions"}],"predecessor-version":[{"id":76857,"href":"https:\/\/lasprimeras.com.do\/index.php\/wp-json\/wp\/v2\/posts\/76855\/revisions\/76857"}],"wp:featuredmedia":[{"embeddable":true,"href":"https:\/\/lasprimeras.com.do\/index.php\/wp-json\/wp\/v2\/media\/76856"}],"wp:attachment":[{"href":"https:\/\/lasprimeras.com.do\/index.php\/wp-json\/wp\/v2\/media?parent=76855"}],"wp:term":[{"taxonomy":"category","embeddable":true,"href":"https:\/\/lasprimeras.com.do\/index.php\/wp-json\/wp\/v2\/categories?post=76855"},{"taxonomy":"post_tag","embeddable":true,"href":"https:\/\/lasprimeras.com.do\/index.php\/wp-json\/wp\/v2\/tags?post=76855"}],"curies":[{"name":"wp","href":"https:\/\/api.w.org\/{rel}","templated":true}]}}