{"id":77009,"date":"2024-02-16T23:18:45","date_gmt":"2024-02-17T03:18:45","guid":{"rendered":"https:\/\/lasprimeras.com.do\/?p=77009"},"modified":"2024-02-16T23:18:47","modified_gmt":"2024-02-17T03:18:47","slug":"abel-martinez-reafirma-alcalde-carlos-guzman-ganara-de-forma-abrumadora-elecciones","status":"publish","type":"post","link":"https:\/\/lasprimeras.com.do\/index.php\/2024\/02\/16\/abel-martinez-reafirma-alcalde-carlos-guzman-ganara-de-forma-abrumadora-elecciones\/","title":{"rendered":"Abel Mart\u00ednez reafirma alcalde Carlos Guzm\u00e1n ganar\u00e1 de forma abrumadora elecciones"},"content":{"rendered":"\n<p>Santo Domingo, RD.- El candidato presidencial del Partido de la Liberaci\u00f3n Dominicana (PLD), Abel Mart\u00ednez, reafirm\u00f3 que el alcalde de Santo Domingo Norte (SDN) y candidato a la misma posici\u00f3n por la Alianza Opositora Rescate RD, Carlos Guzm\u00e1n, obtendr\u00e1 una victoria abrumadora en los comicios del domingo 18.<\/p>\n\n\n\n<p>Seg\u00fan Mart\u00ednez, Carlos Guzm\u00e1n cuenta con todas las condiciones para repetir en el cargo, se\u00f1alando que ha ejecutado una de las mejores gestiones municipales de todo el pa\u00eds con transparencia y verdadero compromiso con su gente.<\/p>\n\n\n\n<p>\u201cVoten en la casilla 2 en las pr\u00f3ximas elecciones de febrero y por nuestro compa\u00f1ero Carlos Guzm\u00e1n, quien se convertir\u00e1 en el seguro ganador mucho a poco\u201d, expres\u00f3 Mart\u00ednez, en un encuentro con el alcalde de SDN en su oficina pol\u00edtica.<\/p>\n\n\n\n<p>En ese orden, Guzm\u00e1n agradeci\u00f3 todo el apoyo y la confianza de la organizaci\u00f3n morada en el municipio, se\u00f1alando que junto a todos los peledeistas y otros partidos aliados, seguir\u00e1 dirigiendo los destinos del cabildo por el buen camino, rumbo al establecimiento del municipio como La Nueva Ciudad.<\/p>\n\n\n\n<p>\u201cEl PLD y todos los partidos aliados de la Alianza Rescate RD en Santo Domingo Norte estamos unidos, fortalecidos y decididos a ganar, con quienes vamos a ejecutar nuestra segunda ola de transformaci\u00f3n, en busca de los mejores intereses de la gente\u201d, subray\u00f3 Guzm\u00e1n.<\/p>\n","protected":false},"excerpt":{"rendered":"<p>Santo Domingo, RD.- El candidato presidencial del Partido de la Liberaci\u00f3n Dominicana (PLD), Abel Mart\u00ednez, reafirm\u00f3 que el alcalde de Santo Domingo Norte (SDN) y candidato a la misma posici\u00f3n&hellip;<\/p>\n","protected":false},"author":3,"featured_media":77010,"comment_status":"open","ping_status":"open","sticky":false,"template":"","format":"standard","meta":{"content-type":"","jetpack_post_was_ever_published":false,"_jetpack_newsletter_access":"","_jetpack_dont_email_post_to_subs":false,"_jetpack_newsletter_tier_id":0,"_jetpack_memberships_contains_paywalled_content":false,"_jetpack_memberships_contains_paid_content":false,"footnotes":""},"categories":[1],"tags":[6707],"class_list":["post-77009","post","type-post","status-publish","format-standard","has-post-thumbnail","hentry","category-sin-categoria","tag-abel-martinez-2"],"jetpack_featured_media_url":"https:\/\/lasprimeras.com.do\/wp-content\/uploads\/2024\/02\/IMG-20240216-WA0132.jpg","jetpack-related-posts":[{"id":75633,"url":"https:\/\/lasprimeras.com.do\/index.php\/2024\/02\/02\/miguel-vargas-asegura-carlos-guzman-ganara-arrolladoramente-en-sdn\/","url_meta":{"origin":77009,"position":0},"title":"Miguel Vargas asegura Carlos Guzm\u00e1n ganar\u00e1 arrolladoramente en SDN","author":"Nelson Feliz","date":"2 de febrero de 2024","format":false,"excerpt":"El presidente del Partido Revolucionario Dominicano (PRD), Miguel Vargas Maldonado, asegur\u00f3 que el alcalde de Santo Domingo Norte (SDN) y candidato a la misma posici\u00f3n por la Alianza Opositora Rescate RD, Carlos Guzm\u00e1n, ganar\u00e1 de manera arrolladora las elecciones municipales del 18 de febrero, indicando que los ciudadanos no dejar\u00e1n\u2026","rel":"","context":"En \u00abPORTADA\u00bb","block_context":{"text":"PORTADA","link":"https:\/\/lasprimeras.com.do\/index.php\/category\/portada\/"},"img":{"alt_text":"Miguel Vargas Maldonado","src":"https:\/\/i0.wp.com\/lasprimeras.com.do\/wp-content\/uploads\/2024\/02\/Miguel-Vargas-Maldonado-1.jpg?resize=350%2C200&ssl=1","width":350,"height":200,"srcset":"https:\/\/i0.wp.com\/lasprimeras.com.do\/wp-content\/uploads\/2024\/02\/Miguel-Vargas-Maldonado-1.jpg?resize=350%2C200&ssl=1 1x, https:\/\/i0.wp.com\/lasprimeras.com.do\/wp-content\/uploads\/2024\/02\/Miguel-Vargas-Maldonado-1.jpg?resize=525%2C300&ssl=1 1.5x, https:\/\/i0.wp.com\/lasprimeras.com.do\/wp-content\/uploads\/2024\/02\/Miguel-Vargas-Maldonado-1.jpg?resize=700%2C400&ssl=1 2x"},"classes":[]},{"id":80644,"url":"https:\/\/lasprimeras.com.do\/index.php\/2024\/04\/10\/destacan-legado-de-alcalde-carlos-guzman-esta-consumado-y-sellado-en-sdn\/","url_meta":{"origin":77009,"position":1},"title":"Destacan legado de alcalde Carlos Guzm\u00e1n est\u00e1 &#8220;consumado&#8221; y &#8220;sellado&#8221; en SDN","author":"BIMARY DE JES\u00daS Matos","date":"10 de abril de 2024","format":false,"excerpt":"Santo Domingo, RD. - El encargado de prensa del alcalde de Santo Domingo Norte (SDN), Carlos Guzm\u00e1n, Freddy Mart\u00ednez, asegur\u00f3 que su impronta y legado de trabajo municipal ya est\u00e1 \"consumado\" y \"sellado\" con un municipio limpio, organizado y moderno, gracias al trabajo ejecutado en este cuatrienio. En ese sentido,\u2026","rel":"","context":"En \u00abNACIONALES\u00bb","block_context":{"text":"NACIONALES","link":"https:\/\/lasprimeras.com.do\/index.php\/category\/nacionales\/"},"img":{"alt_text":"","src":"https:\/\/i0.wp.com\/lasprimeras.com.do\/wp-content\/uploads\/2024\/04\/IMG-20240410-WA0024.jpg?resize=350%2C200&ssl=1","width":350,"height":200,"srcset":"https:\/\/i0.wp.com\/lasprimeras.com.do\/wp-content\/uploads\/2024\/04\/IMG-20240410-WA0024.jpg?resize=350%2C200&ssl=1 1x, https:\/\/i0.wp.com\/lasprimeras.com.do\/wp-content\/uploads\/2024\/04\/IMG-20240410-WA0024.jpg?resize=525%2C300&ssl=1 1.5x, https:\/\/i0.wp.com\/lasprimeras.com.do\/wp-content\/uploads\/2024\/04\/IMG-20240410-WA0024.jpg?resize=700%2C400&ssl=1 2x"},"classes":[]},{"id":77012,"url":"https:\/\/lasprimeras.com.do\/index.php\/2024\/02\/16\/danilo-medina-llama-a-votar-masivamente-por-alcalde-carlos-guzman-en-elecciones\/","url_meta":{"origin":77009,"position":2},"title":"Danilo Medina llama a votar masivamente por alcalde Carlos Guzm\u00e1n en elecciones","author":"BIMARY DE JES\u00daS Matos","date":"16 de febrero de 2024","format":false,"excerpt":"Santo Domingo, RD.-\u00a0El presidente del Partido de la Liberaci\u00f3n Dominicana (PLD), Danilo Medina, llam\u00f3 a votar masivamente en la casilla 2 por el alcalde de Santo Domingo Norte (SDN) y candidato a la misma posici\u00f3n por la Alianza Opositora Rescate RD, Carlos Guzm\u00e1n, en las pr\u00f3ximas elecciones del domingo 18.\u2026","rel":"","context":"En \u00abSin categor\u00eda\u00bb","block_context":{"text":"Sin categor\u00eda","link":"https:\/\/lasprimeras.com.do\/index.php\/category\/sin-categoria\/"},"img":{"alt_text":"","src":"https:\/\/i0.wp.com\/lasprimeras.com.do\/wp-content\/uploads\/2024\/02\/IMG-20240216-WA0133.jpg?resize=350%2C200&ssl=1","width":350,"height":200,"srcset":"https:\/\/i0.wp.com\/lasprimeras.com.do\/wp-content\/uploads\/2024\/02\/IMG-20240216-WA0133.jpg?resize=350%2C200&ssl=1 1x, https:\/\/i0.wp.com\/lasprimeras.com.do\/wp-content\/uploads\/2024\/02\/IMG-20240216-WA0133.jpg?resize=525%2C300&ssl=1 1.5x, https:\/\/i0.wp.com\/lasprimeras.com.do\/wp-content\/uploads\/2024\/02\/IMG-20240216-WA0133.jpg?resize=700%2C400&ssl=1 2x"},"classes":[]},{"id":75086,"url":"https:\/\/lasprimeras.com.do\/index.php\/2024\/01\/29\/cientos-de-personas-afirman-que-alcalde-carlos-guzman-sera-el-primero-en-repetir-en-sdn\/","url_meta":{"origin":77009,"position":3},"title":"Cientos de personas afirman que alcalde Carlos Guzm\u00e1n ser\u00e1 el primero en repetir en SDN","author":"BIMARY DE JES\u00daS Matos","date":"29 de enero de 2024","format":false,"excerpt":"Santo Domingo, RD. - Con gran algarab\u00eda y pancartas en manos, cientos de personas se lanzaron a las calles de Villa Mella reiterando su apoyo al alcalde de Santo Domingo Norte (SDN) y candidato a la misma posici\u00f3n por la Alianza Opositora Rescate RD, Carlos Guzm\u00e1n, en un amplio recorrido\u2026","rel":"","context":"En \u00abPORTADA\u00bb","block_context":{"text":"PORTADA","link":"https:\/\/lasprimeras.com.do\/index.php\/category\/portada\/"},"img":{"alt_text":"","src":"https:\/\/i0.wp.com\/lasprimeras.com.do\/wp-content\/uploads\/2024\/01\/WhatsApp-Image-2024-01-29-at-10.59.13-AM.jpeg?resize=350%2C200&ssl=1","width":350,"height":200,"srcset":"https:\/\/i0.wp.com\/lasprimeras.com.do\/wp-content\/uploads\/2024\/01\/WhatsApp-Image-2024-01-29-at-10.59.13-AM.jpeg?resize=350%2C200&ssl=1 1x, https:\/\/i0.wp.com\/lasprimeras.com.do\/wp-content\/uploads\/2024\/01\/WhatsApp-Image-2024-01-29-at-10.59.13-AM.jpeg?resize=525%2C300&ssl=1 1.5x, https:\/\/i0.wp.com\/lasprimeras.com.do\/wp-content\/uploads\/2024\/01\/WhatsApp-Image-2024-01-29-at-10.59.13-AM.jpeg?resize=700%2C400&ssl=1 2x, https:\/\/i0.wp.com\/lasprimeras.com.do\/wp-content\/uploads\/2024\/01\/WhatsApp-Image-2024-01-29-at-10.59.13-AM.jpeg?resize=1050%2C600&ssl=1 3x, https:\/\/i0.wp.com\/lasprimeras.com.do\/wp-content\/uploads\/2024\/01\/WhatsApp-Image-2024-01-29-at-10.59.13-AM.jpeg?resize=1400%2C800&ssl=1 4x"},"classes":[]},{"id":77228,"url":"https:\/\/lasprimeras.com.do\/index.php\/2024\/02\/19\/alcalde-carlos-guzman-narco-y-el-gobierno-se-apoderan-de-la-alcaldia-de-sdn\/","url_meta":{"origin":77009,"position":4},"title":"Alcalde Carlos Guzm\u00e1n: \u00abNarco y el Gobierno se apoderan de la alcald\u00eda de SDN\u00bb","author":"BIMARY DE JES\u00daS Matos","date":"19 de febrero de 2024","format":false,"excerpt":"SANTO DOMINGO.\u2013 \u201cEl narco y Gobierno se apoderan de la alcald\u00eda de Santo Domingo Norte, quebrant\u00f3 la voluntad popular, por ahora\u201d, las palabras del alcalde de Santo Domingo Norte y aspirante a la misma posici\u00f3n por la alianza Rescate RD, Carlos Guzm\u00e1n, tras los resultados de las elecciones municipales. De\u2026","rel":"","context":"En \u00abPORTADA\u00bb","block_context":{"text":"PORTADA","link":"https:\/\/lasprimeras.com.do\/index.php\/category\/portada\/"},"img":{"alt_text":"","src":"https:\/\/i0.wp.com\/lasprimeras.com.do\/wp-content\/uploads\/2024\/02\/Captura-de-pantalla-2024-02-19-114458.jpg.webp?resize=350%2C200&ssl=1","width":350,"height":200,"srcset":"https:\/\/i0.wp.com\/lasprimeras.com.do\/wp-content\/uploads\/2024\/02\/Captura-de-pantalla-2024-02-19-114458.jpg.webp?resize=350%2C200&ssl=1 1x, https:\/\/i0.wp.com\/lasprimeras.com.do\/wp-content\/uploads\/2024\/02\/Captura-de-pantalla-2024-02-19-114458.jpg.webp?resize=525%2C300&ssl=1 1.5x, https:\/\/i0.wp.com\/lasprimeras.com.do\/wp-content\/uploads\/2024\/02\/Captura-de-pantalla-2024-02-19-114458.jpg.webp?resize=700%2C400&ssl=1 2x"},"classes":[]},{"id":76362,"url":"https:\/\/lasprimeras.com.do\/index.php\/2024\/02\/09\/cientos-de-comunitarios-de-sabana-perdida-afirman-que-carlos-guzman-repetira-en-sdn\/","url_meta":{"origin":77009,"position":5},"title":"Cientos de comunitarios de Sabana Perdida afirman que Carlos Guzm\u00e1n repetir\u00e1 en SDN","author":"Nelson Feliz","date":"9 de febrero de 2024","format":false,"excerpt":"Junto a los exalcaldes Ren\u00e9 Polanco y Jes\u00fas Feliz, Guzm\u00e1n asegur\u00f3 que ser\u00e1 uno de los alcaldes m\u00e1s votados de todo el pa\u00eds. Cientos de comunitarios de Sabana Perdida afirmaron que el alcalde de Santo Domingo Norte (SDN) y candidato a la misma posici\u00f3n por la Alianza Opositora Rescate RD,\u2026","rel":"","context":"En \u00abPORTADA\u00bb","block_context":{"text":"PORTADA","link":"https:\/\/lasprimeras.com.do\/index.php\/category\/portada\/"},"img":{"alt_text":"Carlos Guzm\u00e1n","src":"https:\/\/i0.wp.com\/lasprimeras.com.do\/wp-content\/uploads\/2024\/02\/Carlos-Guzman.jpg?resize=350%2C200&ssl=1","width":350,"height":200,"srcset":"https:\/\/i0.wp.com\/lasprimeras.com.do\/wp-content\/uploads\/2024\/02\/Carlos-Guzman.jpg?resize=350%2C200&ssl=1 1x, https:\/\/i0.wp.com\/lasprimeras.com.do\/wp-content\/uploads\/2024\/02\/Carlos-Guzman.jpg?resize=525%2C300&ssl=1 1.5x"},"classes":[]}],"jetpack_sharing_enabled":true,"_links":{"self":[{"href":"https:\/\/lasprimeras.com.do\/index.php\/wp-json\/wp\/v2\/posts\/77009","targetHints":{"allow":["GET"]}}],"collection":[{"href":"https:\/\/lasprimeras.com.do\/index.php\/wp-json\/wp\/v2\/posts"}],"about":[{"href":"https:\/\/lasprimeras.com.do\/index.php\/wp-json\/wp\/v2\/types\/post"}],"author":[{"embeddable":true,"href":"https:\/\/lasprimeras.com.do\/index.php\/wp-json\/wp\/v2\/users\/3"}],"replies":[{"embeddable":true,"href":"https:\/\/lasprimeras.com.do\/index.php\/wp-json\/wp\/v2\/comments?post=77009"}],"version-history":[{"count":1,"href":"https:\/\/lasprimeras.com.do\/index.php\/wp-json\/wp\/v2\/posts\/77009\/revisions"}],"predecessor-version":[{"id":77011,"href":"https:\/\/lasprimeras.com.do\/index.php\/wp-json\/wp\/v2\/posts\/77009\/revisions\/77011"}],"wp:featuredmedia":[{"embeddable":true,"href":"https:\/\/lasprimeras.com.do\/index.php\/wp-json\/wp\/v2\/media\/77010"}],"wp:attachment":[{"href":"https:\/\/lasprimeras.com.do\/index.php\/wp-json\/wp\/v2\/media?parent=77009"}],"wp:term":[{"taxonomy":"category","embeddable":true,"href":"https:\/\/lasprimeras.com.do\/index.php\/wp-json\/wp\/v2\/categories?post=77009"},{"taxonomy":"post_tag","embeddable":true,"href":"https:\/\/lasprimeras.com.do\/index.php\/wp-json\/wp\/v2\/tags?post=77009"}],"curies":[{"name":"wp","href":"https:\/\/api.w.org\/{rel}","templated":true}]}}