{"id":77027,"date":"2024-02-17T07:58:46","date_gmt":"2024-02-17T11:58:46","guid":{"rendered":"https:\/\/lasprimeras.com.do\/?p=77027"},"modified":"2024-02-17T07:58:48","modified_gmt":"2024-02-17T11:58:48","slug":"leury-garcia-hanser-alberto-y-richard-urena-seguiran-con-gc","status":"publish","type":"post","link":"https:\/\/lasprimeras.com.do\/index.php\/2024\/02\/17\/leury-garcia-hanser-alberto-y-richard-urena-seguiran-con-gc\/","title":{"rendered":"Leury Garc\u00eda, Hanser Alberto y Richard Ure\u00f1a seguir\u00e1n con GC"},"content":{"rendered":"\n<p>SAN FRANCISCO DE MACORIS.- Los estelares jugadores Leury Garc\u00eda, Hanser Alberto y Richard Ure\u00f1a continuar\u00e1n vistiendo la camiseta de los Gigantes del Cibao en la Liga de B\u00e9isbol Profesional de la Rep\u00fablica Dominicana (Lidom), luego de alcanzar un acuerdo por las pr\u00f3ximas dos temporadas con el equipo con sede en San Francisco de Macor\u00eds.<\/p>\n\n\n\n<p>Los pactos alcanzados con estos jugadores fueron dados a conocer este viernes por el gerente general de los Gigantes, el colombiano Luis -Pipe- Urueta, quien destac\u00f3 el trabajo que realiza junto a su equipo de operaciones para retener a los peloteros que les permitan ser competitivos en el campeonato de b\u00e9isbol invernal dominicano.<\/p>\n\n\n\n<p>Garc\u00eda y Alberto son dos de los jugadores m\u00e1s veteranos del equipo, donde imponen su liderazgo y respeto ante sus compa\u00f1eros.<\/p>\n\n\n\n<p>Ure\u00f1a, el m\u00e1s joven del grupo, ha puesto de manifiesto su talento en el terreno, con lo cual ha contribuido al \u00e9xito de la franquicia cibae\u00f1a.<\/p>\n\n\n\n<p>Un aspecto interesante en estos jugadores es que los tres pueden desempe\u00f1ar diversas posiciones defensivas y se destacan en el plano ofensivo por su capacidad para hacer contacto con la pelota y colocarla en los canales, como lo hicieron en el pasado campeonato, contribuyendo a que los Gigantes conquistaran el primer lugar de la serie regular, antes de ser eliminados en la semifinal.<\/p>\n","protected":false},"excerpt":{"rendered":"<p>SAN FRANCISCO DE MACORIS.- Los estelares jugadores Leury Garc\u00eda, Hanser Alberto y Richard Ure\u00f1a continuar\u00e1n vistiendo la camiseta de los Gigantes del Cibao en la Liga de B\u00e9isbol Profesional de&hellip;<\/p>\n","protected":false},"author":3,"featured_media":77028,"comment_status":"open","ping_status":"open","sticky":false,"template":"","format":"standard","meta":{"content-type":"","jetpack_post_was_ever_published":false,"_jetpack_newsletter_access":"","_jetpack_dont_email_post_to_subs":false,"_jetpack_newsletter_tier_id":0,"_jetpack_memberships_contains_paywalled_content":false,"_jetpack_memberships_contains_paid_content":false,"footnotes":""},"categories":[1],"tags":[],"class_list":["post-77027","post","type-post","status-publish","format-standard","has-post-thumbnail","hentry","category-sin-categoria"],"jetpack_featured_media_url":"https:\/\/lasprimeras.com.do\/wp-content\/uploads\/2024\/02\/FDD8rzaXsAEYsnk.jpg","jetpack-related-posts":[{"id":73348,"url":"https:\/\/lasprimeras.com.do\/index.php\/2024\/01\/09\/51-jugadores-rd-seran-agentes-libres-en-lidom\/","url_meta":{"origin":77027,"position":0},"title":"51 jugadores RD ser\u00e1n agentes libres en Lidom","author":"BIMARY DE JES\u00daS Matos","date":"9 de enero de 2024","format":false,"excerpt":"Santo Domingo.-51 peloteros se convertir\u00e1n los que en agentes libres al finalizar la actual temporada de la Liga de B\u00e9isbol Profesional del pa\u00eds. En el listado suministrado por la Lidom para el segundo a\u00f1o de este sistema se incluyen a jugadores que despertar\u00e1n gran inter\u00e9s en el mercado como Jeimer\u2026","rel":"","context":"En \u00abSin categor\u00eda\u00bb","block_context":{"text":"Sin categor\u00eda","link":"https:\/\/lasprimeras.com.do\/index.php\/category\/sin-categoria\/"},"img":{"alt_text":"","src":"https:\/\/i0.wp.com\/lasprimeras.com.do\/wp-content\/uploads\/2024\/01\/Noticias-de-energia-65.jpg?resize=350%2C200&ssl=1","width":350,"height":200,"srcset":"https:\/\/i0.wp.com\/lasprimeras.com.do\/wp-content\/uploads\/2024\/01\/Noticias-de-energia-65.jpg?resize=350%2C200&ssl=1 1x, https:\/\/i0.wp.com\/lasprimeras.com.do\/wp-content\/uploads\/2024\/01\/Noticias-de-energia-65.jpg?resize=525%2C300&ssl=1 1.5x"},"classes":[]},{"id":71839,"url":"https:\/\/lasprimeras.com.do\/index.php\/2023\/12\/23\/gigantes-vencen-a-aguilas-y-aseguran-el-primer-lugar\/","url_meta":{"origin":77027,"position":1},"title":"Gigantes vencen a \u00c1guilas y aseguran el primer lugar","author":"BIMARY DE JES\u00daS Matos","date":"23 de diciembre de 2023","format":false,"excerpt":"Santo Domingo.-Jos\u00e9 Sir\u00ed, Hanser Alberto y Joe Hudson sacaron la pelota del parque en el triunfo de los Gigantes del Cibao 6-1 sobre las \u00c1guilas Cibae\u00f1as este viernes. Esta fue la octava Serie Regular o bander\u00edn de liga que ganan los Gigantes en la Liga Dominicana desde su fundaci\u00f3n en\u2026","rel":"","context":"En \u00abSin categor\u00eda\u00bb","block_context":{"text":"Sin categor\u00eda","link":"https:\/\/lasprimeras.com.do\/index.php\/category\/sin-categoria\/"},"img":{"alt_text":"","src":"https:\/\/i0.wp.com\/lasprimeras.com.do\/wp-content\/uploads\/2023\/12\/Noticias-de-energia-55-9.jpg?resize=350%2C200&ssl=1","width":350,"height":200,"srcset":"https:\/\/i0.wp.com\/lasprimeras.com.do\/wp-content\/uploads\/2023\/12\/Noticias-de-energia-55-9.jpg?resize=350%2C200&ssl=1 1x, https:\/\/i0.wp.com\/lasprimeras.com.do\/wp-content\/uploads\/2023\/12\/Noticias-de-energia-55-9.jpg?resize=525%2C300&ssl=1 1.5x"},"classes":[]},{"id":64406,"url":"https:\/\/lasprimeras.com.do\/index.php\/2023\/10\/20\/leury-garcia-empuja-tres-y-gigantes-ganan-a-aguilas-en-noche-de-apertura-en-el-estadio-cibao\/","url_meta":{"origin":77027,"position":2},"title":"Leury Garc\u00eda empuja tres y Gigantes ganan a \u00c1guilas en noche de apertura en el Estadio Cibao","author":"Nelson Feliz","date":"20 de octubre de 2023","format":false,"excerpt":"Un rally de tres vueltas y un error le cost\u00f3 el partido al equipo aguilucho. Los Gigantes del Cibao derrotaron siete carreras por cinco a las \u00c1guilas Cibae\u00f1as, la noche del jueves, para abrir as\u00ed el campeonato de b\u00e9isbol oto\u00f1o invernal dedicado a Onfalia Morillo. Leury Garc\u00eda bate\u00f3 de 4-3\u2026","rel":"","context":"En \u00abSin categor\u00eda\u00bb","block_context":{"text":"Sin categor\u00eda","link":"https:\/\/lasprimeras.com.do\/index.php\/category\/sin-categoria\/"},"img":{"alt_text":"Leury Garc\u00eda","src":"https:\/\/i0.wp.com\/lasprimeras.com.do\/wp-content\/uploads\/2023\/10\/Leury-Garcia.jpg?resize=350%2C200&ssl=1","width":350,"height":200,"srcset":"https:\/\/i0.wp.com\/lasprimeras.com.do\/wp-content\/uploads\/2023\/10\/Leury-Garcia.jpg?resize=350%2C200&ssl=1 1x, https:\/\/i0.wp.com\/lasprimeras.com.do\/wp-content\/uploads\/2023\/10\/Leury-Garcia.jpg?resize=525%2C300&ssl=1 1.5x, https:\/\/i0.wp.com\/lasprimeras.com.do\/wp-content\/uploads\/2023\/10\/Leury-Garcia.jpg?resize=700%2C400&ssl=1 2x"},"classes":[]},{"id":65488,"url":"https:\/\/lasprimeras.com.do\/index.php\/2023\/10\/29\/gigantes-ganan-quinto-juego-en-la-ruta-sin-derrotas-y-se-mantienen-en-primer-lugar\/","url_meta":{"origin":77027,"position":3},"title":"Gigantes ganan quinto juego en la ruta sin derrotas y se mantienen en primer lugar","author":"Nelson Feliz","date":"29 de octubre de 2023","format":false,"excerpt":"Este fue el quinto triunfo sin derrotas de los Gigantes (5-2) en sus juegos en la ruta, mientras contin\u00faan igualados al Licey (6-3), luego de no jugar por lluvia en los \u00faltimos dos partidos. Leury Garcia rompi\u00f3 el empate con sencillo en la s\u00e9ptima entrada para los Gigantes del Cibao\u2026","rel":"","context":"En \u00abSin categor\u00eda\u00bb","block_context":{"text":"Sin categor\u00eda","link":"https:\/\/lasprimeras.com.do\/index.php\/category\/sin-categoria\/"},"img":{"alt_text":"Los Gigantes","src":"https:\/\/i0.wp.com\/lasprimeras.com.do\/wp-content\/uploads\/2023\/10\/Los-Gigantes.jpg?resize=350%2C200&ssl=1","width":350,"height":200,"srcset":"https:\/\/i0.wp.com\/lasprimeras.com.do\/wp-content\/uploads\/2023\/10\/Los-Gigantes.jpg?resize=350%2C200&ssl=1 1x, https:\/\/i0.wp.com\/lasprimeras.com.do\/wp-content\/uploads\/2023\/10\/Los-Gigantes.jpg?resize=525%2C300&ssl=1 1.5x, https:\/\/i0.wp.com\/lasprimeras.com.do\/wp-content\/uploads\/2023\/10\/Los-Gigantes.jpg?resize=700%2C400&ssl=1 2x"},"classes":[]},{"id":128543,"url":"https:\/\/lasprimeras.com.do\/index.php\/2026\/04\/24\/albert-pujols-nuevo-presidente-de-operaciones-de-las-estrellas-orientales\/","url_meta":{"origin":77027,"position":4},"title":"Albert Pujols nuevo presidente de operaciones de Las Estrellas Orientales","author":"Nelson Feliz","date":"24 de abril de 2026","format":false,"excerpt":"Escrito por Leo Corporan Las Estrellas anunciaron al legendario ex jugador Albert Pujols como su presidente de operaciones de b\u00e9isbol. El anuncio lo hizo el equipo con sede en San Pedro de Macor\u00eds por medio a un despacho de prensa, en el cual dieron a conocer que Pujols ya se\u2026","rel":"","context":"En \u00abDEPORTES\u00bb","block_context":{"text":"DEPORTES","link":"https:\/\/lasprimeras.com.do\/index.php\/category\/deportes\/"},"img":{"alt_text":"","src":"https:\/\/i0.wp.com\/lasprimeras.com.do\/wp-content\/uploads\/2026\/04\/23_Deportes_24_1nota2p01.webp?resize=350%2C200&ssl=1","width":350,"height":200,"srcset":"https:\/\/i0.wp.com\/lasprimeras.com.do\/wp-content\/uploads\/2026\/04\/23_Deportes_24_1nota2p01.webp?resize=350%2C200&ssl=1 1x, https:\/\/i0.wp.com\/lasprimeras.com.do\/wp-content\/uploads\/2026\/04\/23_Deportes_24_1nota2p01.webp?resize=525%2C300&ssl=1 1.5x, https:\/\/i0.wp.com\/lasprimeras.com.do\/wp-content\/uploads\/2026\/04\/23_Deportes_24_1nota2p01.webp?resize=700%2C400&ssl=1 2x"},"classes":[]},{"id":70804,"url":"https:\/\/lasprimeras.com.do\/index.php\/2023\/12\/14\/luis-garcia-jr-conecta-grand-slam-gigantes-colocan-su-numero-magico-en-uno\/","url_meta":{"origin":77027,"position":5},"title":"Luis Garc\u00eda Jr conecta grand slam; Gigantes colocan su n\u00famero m\u00e1gico en uno","author":"Nelson Feliz","date":"14 de diciembre de 2023","format":false,"excerpt":"Fue la quinta victoria seguida de los Gigantes que colocan n\u00famero m\u00e1gico en uno para clasificar. Luis Garc\u00eda Jr conect\u00f3 el sexto grand slam de la temporada en el triunfo de los Gigantes del Cibao 11-0 ante los Tigres del Licey en juego del mi\u00e9rcoles por la noche la Liga\u2026","rel":"","context":"En \u00abSin categor\u00eda\u00bb","block_context":{"text":"Sin categor\u00eda","link":"https:\/\/lasprimeras.com.do\/index.php\/category\/sin-categoria\/"},"img":{"alt_text":"Luis Garc\u00eda Jr conecta grand slam; Gigantes,n\u00famero m\u00e1gico","src":"https:\/\/i0.wp.com\/lasprimeras.com.do\/wp-content\/uploads\/2023\/12\/Luis-Garcia-Jr.jpg?resize=350%2C200&ssl=1","width":350,"height":200,"srcset":"https:\/\/i0.wp.com\/lasprimeras.com.do\/wp-content\/uploads\/2023\/12\/Luis-Garcia-Jr.jpg?resize=350%2C200&ssl=1 1x, https:\/\/i0.wp.com\/lasprimeras.com.do\/wp-content\/uploads\/2023\/12\/Luis-Garcia-Jr.jpg?resize=525%2C300&ssl=1 1.5x, https:\/\/i0.wp.com\/lasprimeras.com.do\/wp-content\/uploads\/2023\/12\/Luis-Garcia-Jr.jpg?resize=700%2C400&ssl=1 2x"},"classes":[]}],"jetpack_sharing_enabled":true,"_links":{"self":[{"href":"https:\/\/lasprimeras.com.do\/index.php\/wp-json\/wp\/v2\/posts\/77027","targetHints":{"allow":["GET"]}}],"collection":[{"href":"https:\/\/lasprimeras.com.do\/index.php\/wp-json\/wp\/v2\/posts"}],"about":[{"href":"https:\/\/lasprimeras.com.do\/index.php\/wp-json\/wp\/v2\/types\/post"}],"author":[{"embeddable":true,"href":"https:\/\/lasprimeras.com.do\/index.php\/wp-json\/wp\/v2\/users\/3"}],"replies":[{"embeddable":true,"href":"https:\/\/lasprimeras.com.do\/index.php\/wp-json\/wp\/v2\/comments?post=77027"}],"version-history":[{"count":1,"href":"https:\/\/lasprimeras.com.do\/index.php\/wp-json\/wp\/v2\/posts\/77027\/revisions"}],"predecessor-version":[{"id":77029,"href":"https:\/\/lasprimeras.com.do\/index.php\/wp-json\/wp\/v2\/posts\/77027\/revisions\/77029"}],"wp:featuredmedia":[{"embeddable":true,"href":"https:\/\/lasprimeras.com.do\/index.php\/wp-json\/wp\/v2\/media\/77028"}],"wp:attachment":[{"href":"https:\/\/lasprimeras.com.do\/index.php\/wp-json\/wp\/v2\/media?parent=77027"}],"wp:term":[{"taxonomy":"category","embeddable":true,"href":"https:\/\/lasprimeras.com.do\/index.php\/wp-json\/wp\/v2\/categories?post=77027"},{"taxonomy":"post_tag","embeddable":true,"href":"https:\/\/lasprimeras.com.do\/index.php\/wp-json\/wp\/v2\/tags?post=77027"}],"curies":[{"name":"wp","href":"https:\/\/api.w.org\/{rel}","templated":true}]}}