{"id":77030,"date":"2024-02-17T14:19:20","date_gmt":"2024-02-17T18:19:20","guid":{"rendered":"https:\/\/lasprimeras.com.do\/?p=77030"},"modified":"2024-02-17T14:19:22","modified_gmt":"2024-02-17T18:19:22","slug":"abinader-votara-este-domingo-a-las-1030-de-la-manana","status":"publish","type":"post","link":"https:\/\/lasprimeras.com.do\/index.php\/2024\/02\/17\/abinader-votara-este-domingo-a-las-1030-de-la-manana\/","title":{"rendered":"Abinader votar\u00e1 este domingo a las 10:30 de la ma\u00f1ana"},"content":{"rendered":"\n<p>Santo Domingo.-\u00a0El presidente\u00a0Luis Abinader\u00a0ejercer\u00e1 este domingo 18 de febrero su derecho al voto en las elecciones municipales.<\/p>\n\n\n\n<p>El sufragio est\u00e1 programado para las 10:30 de la ma\u00f1ana, en el Colegio Babeque.<\/p>\n\n\n\n<p>Mientras, el voto de la\u00a0vicepresidenta Raquel Pe\u00f1a ser\u00e1 a las 9:00 de la ma\u00f1ana,\u00a0en el Ayuntamiento de la ciudad de\u00a0Santiago.<\/p>\n\n\n\n<p>Las elecciones se estar\u00e1n celebrando a nivel nacional a partir de las 7:00 de la ma\u00f1ana hasta las 5:00 de la tarde.<\/p>\n\n\n\n<p>Los cargos electivos a nivel municipal ser\u00e1n 158 alcaldes, 1,164 regidores, 235 directores, 735 vocales, 158 vicealcaldes, 1,164 suplentes de regidores y 235 subdirectores.<\/p>\n","protected":false},"excerpt":{"rendered":"<p>Santo Domingo.-\u00a0El presidente\u00a0Luis Abinader\u00a0ejercer\u00e1 este domingo 18 de febrero su derecho al voto en las elecciones municipales. El sufragio est\u00e1 programado para las 10:30 de la ma\u00f1ana, en el Colegio&hellip;<\/p>\n","protected":false},"author":3,"featured_media":77031,"comment_status":"open","ping_status":"open","sticky":false,"template":"","format":"standard","meta":{"content-type":"","jetpack_post_was_ever_published":false,"_jetpack_newsletter_access":"","_jetpack_dont_email_post_to_subs":false,"_jetpack_newsletter_tier_id":0,"_jetpack_memberships_contains_paywalled_content":false,"_jetpack_memberships_contains_paid_content":false,"footnotes":""},"categories":[1],"tags":[67],"class_list":["post-77030","post","type-post","status-publish","format-standard","has-post-thumbnail","hentry","category-sin-categoria","tag-luis-abinader"],"jetpack_featured_media_url":"https:\/\/lasprimeras.com.do\/wp-content\/uploads\/2024\/02\/luis_abinader_votando.jpg-1.webp","jetpack-related-posts":[{"id":73342,"url":"https:\/\/lasprimeras.com.do\/index.php\/2024\/01\/09\/el-montaje-de-elecciones-esta-casi-listo-a-40-dias-certamen\/","url_meta":{"origin":77030,"position":0},"title":"El montaje de elecciones est\u00e1 casi listo a 40 d\u00edas certamen","author":"BIMARY DE JES\u00daS Matos","date":"9 de enero de 2024","format":false,"excerpt":"SANTO DOMINGO.-El montaje de las elecciones municipales luce avanzado cuando restan cuarenta d\u00edas para la celebraci\u00f3n del certamen. A la evaluaci\u00f3n de las boletas que deber\u00e1 concluir este martes, antecedi\u00f3 el registro de 18,905 candidatos que se disputar\u00e1n 2,292 posiciones directas correspondientes a 158 municipios y 235 distritos municipales. El\u2026","rel":"","context":"En \u00abSin categor\u00eda\u00bb","block_context":{"text":"Sin categor\u00eda","link":"https:\/\/lasprimeras.com.do\/index.php\/category\/sin-categoria\/"},"img":{"alt_text":"","src":"https:\/\/i0.wp.com\/lasprimeras.com.do\/wp-content\/uploads\/2024\/01\/Wander-Franco-sale-de-prision-tras-pagar-garantia-economica-de-2-millones-de-pesos-3-5.webp?resize=350%2C200&ssl=1","width":350,"height":200,"srcset":"https:\/\/i0.wp.com\/lasprimeras.com.do\/wp-content\/uploads\/2024\/01\/Wander-Franco-sale-de-prision-tras-pagar-garantia-economica-de-2-millones-de-pesos-3-5.webp?resize=350%2C200&ssl=1 1x, https:\/\/i0.wp.com\/lasprimeras.com.do\/wp-content\/uploads\/2024\/01\/Wander-Franco-sale-de-prision-tras-pagar-garantia-economica-de-2-millones-de-pesos-3-5.webp?resize=525%2C300&ssl=1 1.5x"},"classes":[]},{"id":77495,"url":"https:\/\/lasprimeras.com.do\/index.php\/2024\/02\/21\/leonel-fernandez-hablara-al-pais-este-jueves-22-de-febrero\/","url_meta":{"origin":77030,"position":1},"title":"Leonel Fern\u00e1ndez hablar\u00e1 al pa\u00eds este jueves 22 de febrero","author":"BIMARY DE JES\u00daS Matos","date":"21 de febrero de 2024","format":false,"excerpt":"SANTO DOMINGO.- El expresidente de la Rep\u00fablica y l\u00edder del partido Fuerza del Pueblo, Leonel Fern\u00e1ndez, hablar\u00e1 al pa\u00eds este jueves 22 de febrero. La alocuci\u00f3n del presidente de la Fuerza del Pueblo ser\u00e1 a las 9:00 de la noche, a trav\u00e9s de una cadena nacional de radio, televisi\u00f3n y\u2026","rel":"","context":"En \u00abPORTADA\u00bb","block_context":{"text":"PORTADA","link":"https:\/\/lasprimeras.com.do\/index.php\/category\/portada\/"},"img":{"alt_text":"","src":"https:\/\/i0.wp.com\/lasprimeras.com.do\/wp-content\/uploads\/2024\/02\/Leonel-2-1.jpg?resize=350%2C200&ssl=1","width":350,"height":200,"srcset":"https:\/\/i0.wp.com\/lasprimeras.com.do\/wp-content\/uploads\/2024\/02\/Leonel-2-1.jpg?resize=350%2C200&ssl=1 1x, https:\/\/i0.wp.com\/lasprimeras.com.do\/wp-content\/uploads\/2024\/02\/Leonel-2-1.jpg?resize=525%2C300&ssl=1 1.5x, https:\/\/i0.wp.com\/lasprimeras.com.do\/wp-content\/uploads\/2024\/02\/Leonel-2-1.jpg?resize=700%2C400&ssl=1 2x"},"classes":[]},{"id":67694,"url":"https:\/\/lasprimeras.com.do\/index.php\/2023\/11\/17\/prsc-proclamara-a-luis-abinader-como-su-candidato-presidencial-por-segunda-vez\/","url_meta":{"origin":77030,"position":2},"title":"PRSC proclamar\u00e1 a Luis Abinader como su candidato presidencial por segunda vez","author":"Nelson Feliz","date":"17 de noviembre de 2023","format":false,"excerpt":"La actividad ser\u00e1 el domingo en el Coliseo de Boxeo Carlos Teo Cruz. El Partido Reformista Social Cristiano (PRSC) proclamar\u00e1 como su candidato presidencial a Luis Abinader el pr\u00f3ximo domingo 19 de noviembre en un acto celebrado en el Coliseo de Boxeo Carlos Teo Cruz a partir de las 9:00\u2026","rel":"","context":"En \u00abPORTADA\u00bb","block_context":{"text":"PORTADA","link":"https:\/\/lasprimeras.com.do\/index.php\/category\/portada\/"},"img":{"alt_text":"Ram\u00f3n Rogelio Genao","src":"https:\/\/i0.wp.com\/lasprimeras.com.do\/wp-content\/uploads\/2023\/11\/Ramon-Rogelio-Genao.jpg?resize=350%2C200&ssl=1","width":350,"height":200,"srcset":"https:\/\/i0.wp.com\/lasprimeras.com.do\/wp-content\/uploads\/2023\/11\/Ramon-Rogelio-Genao.jpg?resize=350%2C200&ssl=1 1x, https:\/\/i0.wp.com\/lasprimeras.com.do\/wp-content\/uploads\/2023\/11\/Ramon-Rogelio-Genao.jpg?resize=525%2C300&ssl=1 1.5x, https:\/\/i0.wp.com\/lasprimeras.com.do\/wp-content\/uploads\/2023\/11\/Ramon-Rogelio-Genao.jpg?resize=700%2C400&ssl=1 2x"},"classes":[]},{"id":77135,"url":"https:\/\/lasprimeras.com.do\/index.php\/2024\/02\/18\/ex-presidente-de-costa-rica-confia-en-la-democracia-dominicana-tras-elecciones-municipales\/","url_meta":{"origin":77030,"position":3},"title":"Ex presidente de Costa Rica conf\u00eda en la democracia dominicana, tras elecciones municipales","author":"Nelson Feliz","date":"18 de febrero de 2024","format":false,"excerpt":"El ex presidente de Costa Rica, Lu\u00eds Guillermo Sol\u00eds manifest\u00f3 su confianza en la democracia dominicana para las elecciones municipales de este domingo 18 de febrero. Luis Guillermo Sol\u00eds que gobern\u00f3 la Rep\u00fablica de Costa Rica del 2014 a 2018, se encuentra en el pa\u00eds en su condici\u00f3n de presidente\u2026","rel":"","context":"En \u00abPORTADA\u00bb","block_context":{"text":"PORTADA","link":"https:\/\/lasprimeras.com.do\/index.php\/category\/portada\/"},"img":{"alt_text":"","src":"https:\/\/i0.wp.com\/lasprimeras.com.do\/wp-content\/uploads\/2024\/02\/Luis-Guillermo-Solis-1.jpg?resize=350%2C200&ssl=1","width":350,"height":200,"srcset":"https:\/\/i0.wp.com\/lasprimeras.com.do\/wp-content\/uploads\/2024\/02\/Luis-Guillermo-Solis-1.jpg?resize=350%2C200&ssl=1 1x, https:\/\/i0.wp.com\/lasprimeras.com.do\/wp-content\/uploads\/2024\/02\/Luis-Guillermo-Solis-1.jpg?resize=525%2C300&ssl=1 1.5x, https:\/\/i0.wp.com\/lasprimeras.com.do\/wp-content\/uploads\/2024\/02\/Luis-Guillermo-Solis-1.jpg?resize=700%2C400&ssl=1 2x"},"classes":[]},{"id":62461,"url":"https:\/\/lasprimeras.com.do\/index.php\/2023\/10\/05\/el-pld-completara-eleccion-regidores\/","url_meta":{"origin":77030,"position":4},"title":"El PLD completar\u00e1 elecci\u00f3n regidores","author":"BIMARY DE JES\u00daS Matos","date":"5 de octubre de 2023","format":false,"excerpt":"Santo Domingo.-El Partido de la Liberaci\u00f3n Dominicana celebrar\u00e1 los d\u00edas 7 y 8 del presente mes, 267 asambleas de delegados en los municipios y distritos municipales del pa\u00eds para escoger a los candidatos a regidores, con las que se completar\u00e1 esa parte de las boletas al nivel municipal. En total,\u2026","rel":"","context":"En \u00abSin categor\u00eda\u00bb","block_context":{"text":"Sin categor\u00eda","link":"https:\/\/lasprimeras.com.do\/index.php\/category\/sin-categoria\/"},"img":{"alt_text":"","src":"","width":0,"height":0},"classes":[]},{"id":76717,"url":"https:\/\/lasprimeras.com.do\/index.php\/2024\/02\/13\/leonel-vaticina-derrota-de-abinader-y-el-prm-en-las-elecciones-del-domingo\/","url_meta":{"origin":77030,"position":5},"title":"Leonel vaticina derrota de Abinader y el PRM en las elecciones del\u00a0domingo","author":"Nelson Feliz","date":"13 de febrero de 2024","format":false,"excerpt":"Asegura Fuerza del Pueblo tendr\u00e1 un crecimiento exponencial en las elecciones municipales y Abinader y PRM sufrir\u00e1n una derrota inocultable o una cat\u00e1strofe electoral. El presidente del partido Fuerza del Pueblo (FP), Leonel Fern\u00e1ndez, explic\u00f3 de manera detallada, las razones por las cuales, este domingo 18 de febrero, el presidente\u2026","rel":"","context":"En \u00abPORTADA\u00bb","block_context":{"text":"PORTADA","link":"https:\/\/lasprimeras.com.do\/index.php\/category\/portada\/"},"img":{"alt_text":"Leonel Fern\u00e1ndez","src":"https:\/\/i0.wp.com\/lasprimeras.com.do\/wp-content\/uploads\/2024\/02\/Leonel-Fernandez-2-1.jpg?resize=350%2C200&ssl=1","width":350,"height":200,"srcset":"https:\/\/i0.wp.com\/lasprimeras.com.do\/wp-content\/uploads\/2024\/02\/Leonel-Fernandez-2-1.jpg?resize=350%2C200&ssl=1 1x, https:\/\/i0.wp.com\/lasprimeras.com.do\/wp-content\/uploads\/2024\/02\/Leonel-Fernandez-2-1.jpg?resize=525%2C300&ssl=1 1.5x, https:\/\/i0.wp.com\/lasprimeras.com.do\/wp-content\/uploads\/2024\/02\/Leonel-Fernandez-2-1.jpg?resize=700%2C400&ssl=1 2x"},"classes":[]}],"jetpack_sharing_enabled":true,"_links":{"self":[{"href":"https:\/\/lasprimeras.com.do\/index.php\/wp-json\/wp\/v2\/posts\/77030","targetHints":{"allow":["GET"]}}],"collection":[{"href":"https:\/\/lasprimeras.com.do\/index.php\/wp-json\/wp\/v2\/posts"}],"about":[{"href":"https:\/\/lasprimeras.com.do\/index.php\/wp-json\/wp\/v2\/types\/post"}],"author":[{"embeddable":true,"href":"https:\/\/lasprimeras.com.do\/index.php\/wp-json\/wp\/v2\/users\/3"}],"replies":[{"embeddable":true,"href":"https:\/\/lasprimeras.com.do\/index.php\/wp-json\/wp\/v2\/comments?post=77030"}],"version-history":[{"count":1,"href":"https:\/\/lasprimeras.com.do\/index.php\/wp-json\/wp\/v2\/posts\/77030\/revisions"}],"predecessor-version":[{"id":77032,"href":"https:\/\/lasprimeras.com.do\/index.php\/wp-json\/wp\/v2\/posts\/77030\/revisions\/77032"}],"wp:featuredmedia":[{"embeddable":true,"href":"https:\/\/lasprimeras.com.do\/index.php\/wp-json\/wp\/v2\/media\/77031"}],"wp:attachment":[{"href":"https:\/\/lasprimeras.com.do\/index.php\/wp-json\/wp\/v2\/media?parent=77030"}],"wp:term":[{"taxonomy":"category","embeddable":true,"href":"https:\/\/lasprimeras.com.do\/index.php\/wp-json\/wp\/v2\/categories?post=77030"},{"taxonomy":"post_tag","embeddable":true,"href":"https:\/\/lasprimeras.com.do\/index.php\/wp-json\/wp\/v2\/tags?post=77030"}],"curies":[{"name":"wp","href":"https:\/\/api.w.org\/{rel}","templated":true}]}}