{"id":77033,"date":"2024-02-17T14:21:20","date_gmt":"2024-02-17T18:21:20","guid":{"rendered":"https:\/\/lasprimeras.com.do\/?p=77033"},"modified":"2024-02-17T14:21:22","modified_gmt":"2024-02-17T18:21:22","slug":"alcaldesa-carolina-mejia-votara-a-las-930-a-m","status":"publish","type":"post","link":"https:\/\/lasprimeras.com.do\/index.php\/2024\/02\/17\/alcaldesa-carolina-mejia-votara-a-las-930-a-m\/","title":{"rendered":"Alcaldesa Carolina Mej\u00eda votar\u00e1 a las 9:30 a.m."},"content":{"rendered":"\n<p>Santo Domingo.- La alcaldesa del Distrito Nacional, Carolina Mej\u00eda, ejercer\u00e1 su derecho al voto este domingo a las 9:30 de la ma\u00f1ana en el Archivo General de la Naci\u00f3n.<\/p>\n\n\n\n<p>Mej\u00eda, aspira por un segundo periodo en la alcald\u00eda del Distrito, una de las demarcaciones m\u00e1s codiciadas por los partidos en esta contienda electoral.<\/p>\n\n\n\n<p>El sufragio en las elecciones municipales de este domingo comenzar\u00e1 a partir de las 7:00 a.m. y culminar\u00e1 a las 5:00 p.m.<\/p>\n","protected":false},"excerpt":{"rendered":"<p>Santo Domingo.- La alcaldesa del Distrito Nacional, Carolina Mej\u00eda, ejercer\u00e1 su derecho al voto este domingo a las 9:30 de la ma\u00f1ana en el Archivo General de la Naci\u00f3n. Mej\u00eda,&hellip;<\/p>\n","protected":false},"author":3,"featured_media":77034,"comment_status":"open","ping_status":"open","sticky":false,"template":"","format":"standard","meta":{"content-type":"","jetpack_post_was_ever_published":false,"_jetpack_newsletter_access":"","_jetpack_dont_email_post_to_subs":false,"_jetpack_newsletter_tier_id":0,"_jetpack_memberships_contains_paywalled_content":false,"_jetpack_memberships_contains_paid_content":false,"footnotes":""},"categories":[1],"tags":[11390],"class_list":["post-77033","post","type-post","status-publish","format-standard","has-post-thumbnail","hentry","category-sin-categoria","tag-carolina-mejia-2"],"jetpack_featured_media_url":"https:\/\/lasprimeras.com.do\/wp-content\/uploads\/2024\/02\/Carolina-mejia-votando-1.webp","jetpack-related-posts":[{"id":75859,"url":"https:\/\/lasprimeras.com.do\/index.php\/2024\/02\/05\/ex-presidente-hipolito-mejia-valora-apoyo-del-mnd-a-alcaldesa-carolina-mejia\/","url_meta":{"origin":77033,"position":0},"title":"Ex presidente Hip\u00f3lito Mej\u00eda valora apoyo del MND a alcaldesa Carolina Mej\u00eda\u00a0","author":"Nelson Feliz","date":"5 de febrero de 2024","format":false,"excerpt":"El ex presidente de la Rep\u00fablica, Hip\u00f3lito Mej\u00eda, valor\u00f3 la labor que realiza el Movimiento Nacional Deportivo (MND), que dirige Alberto Rodr\u00edguez Mella, en beneficio de los barrios de esta capital y las provincias que conforman el territorio nacional y reconoci\u00f3 adem\u00e1s, el apoyo brindado por ese sector a la\u2026","rel":"","context":"En \u00abPORTADA\u00bb","block_context":{"text":"PORTADA","link":"https:\/\/lasprimeras.com.do\/index.php\/category\/portada\/"},"img":{"alt_text":"Hipolito y Carolina","src":"https:\/\/i0.wp.com\/lasprimeras.com.do\/wp-content\/uploads\/2024\/02\/Hipolito-y-Carolina-1.jpg?resize=350%2C200&ssl=1","width":350,"height":200,"srcset":"https:\/\/i0.wp.com\/lasprimeras.com.do\/wp-content\/uploads\/2024\/02\/Hipolito-y-Carolina-1.jpg?resize=350%2C200&ssl=1 1x, https:\/\/i0.wp.com\/lasprimeras.com.do\/wp-content\/uploads\/2024\/02\/Hipolito-y-Carolina-1.jpg?resize=525%2C300&ssl=1 1.5x, https:\/\/i0.wp.com\/lasprimeras.com.do\/wp-content\/uploads\/2024\/02\/Hipolito-y-Carolina-1.jpg?resize=700%2C400&ssl=1 2x"},"classes":[]},{"id":69374,"url":"https:\/\/lasprimeras.com.do\/index.php\/2023\/12\/02\/mariotti-sobre-puntuacion-de-carolina-mejia-como-alcaldesano-ombe-no-con-las-mujeres-nunca-se-ganamariotti-sobre-puntuacion-de-carolina-mejia-como-alcaldesa\/","url_meta":{"origin":77033,"position":1},"title":"Mariotti sobre puntuaci\u00f3n de Carolina Mej\u00eda como alcaldesa:\u201cNO OMBE NO, CON LAS MUJERES NUNCA SE GANA\u201dMariotti sobre puntuaci\u00f3n de Carolina Mej\u00eda como alcaldesa:","author":"BIMARY DE JES\u00daS Matos","date":"2 de diciembre de 2023","format":false,"excerpt":"Santo Domingo.-El secretario general del Partido de la Liberaci\u00f3n Dominicana (PLD), Charlie Mariotti, desmerit\u00f3 la repostulaci\u00f3n y puntuaci\u00f3n que proyecta la alcaldesa del Distrito Nacional, Carolina Mej\u00eda, quien fue inscrita este viernes en el mismo cargo. Al ser cuestionado su opini\u00f3n de que Mej\u00eda pose\u00eda, seg\u00fan encuestas, un 70% de\u2026","rel":"","context":"En \u00abSin categor\u00eda\u00bb","block_context":{"text":"Sin categor\u00eda","link":"https:\/\/lasprimeras.com.do\/index.php\/category\/sin-categoria\/"},"img":{"alt_text":"","src":"https:\/\/i0.wp.com\/lasprimeras.com.do\/wp-content\/uploads\/2023\/12\/WhatsApp-Image-2023-11-30-at-12.22.20-PM.jpeg?resize=350%2C200&ssl=1","width":350,"height":200,"srcset":"https:\/\/i0.wp.com\/lasprimeras.com.do\/wp-content\/uploads\/2023\/12\/WhatsApp-Image-2023-11-30-at-12.22.20-PM.jpeg?resize=350%2C200&ssl=1 1x, https:\/\/i0.wp.com\/lasprimeras.com.do\/wp-content\/uploads\/2023\/12\/WhatsApp-Image-2023-11-30-at-12.22.20-PM.jpeg?resize=525%2C300&ssl=1 1.5x"},"classes":[]},{"id":128781,"url":"https:\/\/lasprimeras.com.do\/index.php\/2026\/04\/26\/abinader-pide-a-carolina-mejia-que-continue-el-malecon-deportivo-hasta-la-luperon\/","url_meta":{"origin":77033,"position":2},"title":"Abinader pide a Carolina Mejia que continue el \u201dMalec\u00f3n Deportivo\u201d hasta la Luper\u00f3n","author":"Nelson Feliz","date":"26 de abril de 2026","format":false,"excerpt":"El director de Planeamientos Urbanos del Ayuntamiento del Distrito Nacional, Arq. Luis Alejandro P\u00e9rez, revel\u00f3 este domingo que el presidente Luis Abinader le propuso a la alcaldesa Carolina Mejia que completara el Malec\u00f3n Deportivo hasta la Avenida Luper\u00f3n. P\u00e9rez, quien tuvo a su cargo el dise\u00f1o de esta \u00e1rea de\u2026","rel":"","context":"En \u00abDEPORTES\u00bb","block_context":{"text":"DEPORTES","link":"https:\/\/lasprimeras.com.do\/index.php\/category\/deportes\/"},"img":{"alt_text":"Luis Alejandro Perez","src":"https:\/\/i0.wp.com\/lasprimeras.com.do\/wp-content\/uploads\/2026\/04\/Luis-Alejandro-Perez.jpg?resize=350%2C200&ssl=1","width":350,"height":200,"srcset":"https:\/\/i0.wp.com\/lasprimeras.com.do\/wp-content\/uploads\/2026\/04\/Luis-Alejandro-Perez.jpg?resize=350%2C200&ssl=1 1x, https:\/\/i0.wp.com\/lasprimeras.com.do\/wp-content\/uploads\/2026\/04\/Luis-Alejandro-Perez.jpg?resize=525%2C300&ssl=1 1.5x, https:\/\/i0.wp.com\/lasprimeras.com.do\/wp-content\/uploads\/2026\/04\/Luis-Alejandro-Perez.jpg?resize=700%2C400&ssl=1 2x"},"classes":[]},{"id":69383,"url":"https:\/\/lasprimeras.com.do\/index.php\/2023\/12\/02\/prm-inscribe-candidatura-de-carolina-mejia-a-la-alcaldia-del-dn\/","url_meta":{"origin":77033,"position":3},"title":"PRM inscribe candidatura de Carolina Mej\u00eda a la alcald\u00eda del DN","author":"BIMARY DE JES\u00daS Matos","date":"2 de diciembre de 2023","format":false,"excerpt":"Santo Domingo.-El Partido Revolucionario Moderno (PRM) inscribi\u00f3 este viernes a Carolina Mej\u00eda como su candidata a la Alcald\u00eda del Distrito Nacional (ADN) para las elecciones de febrero de 2024, y a Stalin Alc\u00e1ntara como vicealcalde. Los documentos fueron depositados ante la Junta del Distrito Nacional por una comisi\u00f3n encabezada por\u2026","rel":"","context":"En \u00abSin categor\u00eda\u00bb","block_context":{"text":"Sin categor\u00eda","link":"https:\/\/lasprimeras.com.do\/index.php\/category\/sin-categoria\/"},"img":{"alt_text":"","src":"https:\/\/i0.wp.com\/lasprimeras.com.do\/wp-content\/uploads\/2023\/12\/WhatsApp-Image-2023-11-30-at-12.17.33-PM-1.jpeg?resize=350%2C200&ssl=1","width":350,"height":200,"srcset":"https:\/\/i0.wp.com\/lasprimeras.com.do\/wp-content\/uploads\/2023\/12\/WhatsApp-Image-2023-11-30-at-12.17.33-PM-1.jpeg?resize=350%2C200&ssl=1 1x, https:\/\/i0.wp.com\/lasprimeras.com.do\/wp-content\/uploads\/2023\/12\/WhatsApp-Image-2023-11-30-at-12.17.33-PM-1.jpeg?resize=525%2C300&ssl=1 1.5x"},"classes":[]},{"id":76723,"url":"https:\/\/lasprimeras.com.do\/index.php\/2024\/02\/13\/comunicadores-oficializan-respaldo-a-carolina-mejia-alcaldesa-del-dn\/","url_meta":{"origin":77033,"position":4},"title":"Comunicadores oficializan respaldo a Carolina Mej\u00eda alcaldesa del DN","author":"Nelson Feliz","date":"13 de febrero de 2024","format":false,"excerpt":"Comunicadores 8.0 es un movimiento de apoyo a la reelecci\u00f3n presidencial de Luis Abinader. El Movimiento Comunicadores 8.0, que respalda la reelecci\u00f3n del presidente Luis Abinader, oficializ\u00f3 hoy su apoyo a la Alcaldesa del Distrito Nacional y candidata a la misma posici\u00f3n, Carolina Mej\u00eda. El coordinador nacional de la coalici\u00f3n,\u2026","rel":"","context":"En \u00abSin categor\u00eda\u00bb","block_context":{"text":"Sin categor\u00eda","link":"https:\/\/lasprimeras.com.do\/index.php\/category\/sin-categoria\/"},"img":{"alt_text":"Nelson Gutierrez","src":"https:\/\/i0.wp.com\/lasprimeras.com.do\/wp-content\/uploads\/2024\/02\/Nelson-Gutierrez.jpg?resize=350%2C200&ssl=1","width":350,"height":200,"srcset":"https:\/\/i0.wp.com\/lasprimeras.com.do\/wp-content\/uploads\/2024\/02\/Nelson-Gutierrez.jpg?resize=350%2C200&ssl=1 1x, https:\/\/i0.wp.com\/lasprimeras.com.do\/wp-content\/uploads\/2024\/02\/Nelson-Gutierrez.jpg?resize=525%2C300&ssl=1 1.5x, https:\/\/i0.wp.com\/lasprimeras.com.do\/wp-content\/uploads\/2024\/02\/Nelson-Gutierrez.jpg?resize=700%2C400&ssl=1 2x"},"classes":[]},{"id":76814,"url":"https:\/\/lasprimeras.com.do\/index.php\/2024\/02\/14\/comunicadores-8-0-oficializa-respaldo-a-carolina-mejia-en-acto-donde-asistieron-decenas-de-comunicadores-del-dn-y-la-alcaldesa\/","url_meta":{"origin":77033,"position":5},"title":"Comunicadores 8.0 oficializa respaldo a Carolina Mej\u00eda en acto donde asistieron decenas de comunicadores del DN y la alcaldesa.","author":"BIMARY DE JES\u00daS Matos","date":"14 de febrero de 2024","format":false,"excerpt":"Santo Domingo, RD.- El Movimiento Comunicadores 8.0, que respalda la reelecci\u00f3n del presidente Luis Abinader, oficializ\u00f3 hoy su apoyo a la Alcaldesa del Distrito Nacional y candidata a la misma posici\u00f3n, Carolina Mej\u00eda, quien asegur\u00f3 que con ayuda del movimiento Comunicadores 8.0 Luis Abinader Presidente, ganar\u00e1 de manera arrolladora nuevamente\u2026","rel":"","context":"En \u00abSin categor\u00eda\u00bb","block_context":{"text":"Sin categor\u00eda","link":"https:\/\/lasprimeras.com.do\/index.php\/category\/sin-categoria\/"},"img":{"alt_text":"","src":"https:\/\/i0.wp.com\/lasprimeras.com.do\/wp-content\/uploads\/2024\/02\/IMG-20240214-WA0043.jpg?resize=350%2C200&ssl=1","width":350,"height":200,"srcset":"https:\/\/i0.wp.com\/lasprimeras.com.do\/wp-content\/uploads\/2024\/02\/IMG-20240214-WA0043.jpg?resize=350%2C200&ssl=1 1x, https:\/\/i0.wp.com\/lasprimeras.com.do\/wp-content\/uploads\/2024\/02\/IMG-20240214-WA0043.jpg?resize=525%2C300&ssl=1 1.5x, https:\/\/i0.wp.com\/lasprimeras.com.do\/wp-content\/uploads\/2024\/02\/IMG-20240214-WA0043.jpg?resize=700%2C400&ssl=1 2x, https:\/\/i0.wp.com\/lasprimeras.com.do\/wp-content\/uploads\/2024\/02\/IMG-20240214-WA0043.jpg?resize=1050%2C600&ssl=1 3x, https:\/\/i0.wp.com\/lasprimeras.com.do\/wp-content\/uploads\/2024\/02\/IMG-20240214-WA0043.jpg?resize=1400%2C800&ssl=1 4x"},"classes":[]}],"jetpack_sharing_enabled":true,"_links":{"self":[{"href":"https:\/\/lasprimeras.com.do\/index.php\/wp-json\/wp\/v2\/posts\/77033","targetHints":{"allow":["GET"]}}],"collection":[{"href":"https:\/\/lasprimeras.com.do\/index.php\/wp-json\/wp\/v2\/posts"}],"about":[{"href":"https:\/\/lasprimeras.com.do\/index.php\/wp-json\/wp\/v2\/types\/post"}],"author":[{"embeddable":true,"href":"https:\/\/lasprimeras.com.do\/index.php\/wp-json\/wp\/v2\/users\/3"}],"replies":[{"embeddable":true,"href":"https:\/\/lasprimeras.com.do\/index.php\/wp-json\/wp\/v2\/comments?post=77033"}],"version-history":[{"count":1,"href":"https:\/\/lasprimeras.com.do\/index.php\/wp-json\/wp\/v2\/posts\/77033\/revisions"}],"predecessor-version":[{"id":77035,"href":"https:\/\/lasprimeras.com.do\/index.php\/wp-json\/wp\/v2\/posts\/77033\/revisions\/77035"}],"wp:featuredmedia":[{"embeddable":true,"href":"https:\/\/lasprimeras.com.do\/index.php\/wp-json\/wp\/v2\/media\/77034"}],"wp:attachment":[{"href":"https:\/\/lasprimeras.com.do\/index.php\/wp-json\/wp\/v2\/media?parent=77033"}],"wp:term":[{"taxonomy":"category","embeddable":true,"href":"https:\/\/lasprimeras.com.do\/index.php\/wp-json\/wp\/v2\/categories?post=77033"},{"taxonomy":"post_tag","embeddable":true,"href":"https:\/\/lasprimeras.com.do\/index.php\/wp-json\/wp\/v2\/tags?post=77033"}],"curies":[{"name":"wp","href":"https:\/\/api.w.org\/{rel}","templated":true}]}}