{"id":77036,"date":"2024-02-17T14:25:09","date_gmt":"2024-02-17T18:25:09","guid":{"rendered":"https:\/\/lasprimeras.com.do\/?p=77036"},"modified":"2024-02-17T14:25:11","modified_gmt":"2024-02-17T18:25:11","slug":"dio-astacio-ejercera-su-derecho-al-voto-este-domingo-a-las-9-de-la-manana","status":"publish","type":"post","link":"https:\/\/lasprimeras.com.do\/index.php\/2024\/02\/17\/dio-astacio-ejercera-su-derecho-al-voto-este-domingo-a-las-9-de-la-manana\/","title":{"rendered":"D\u00edo Astacio ejercer\u00e1 su derecho al voto este domingo a las 9 de la ma\u00f1ana"},"content":{"rendered":"\n<p>Santo Domingo.- El candidato a alcalde por el Partido Revolucionario Moderno en Santo Domingo Este, D\u00edo Astacio,\u00a0votar\u00e1 este domingo a las 9 de la ma\u00f1ana en el colegio Cardenal Sancha, ubicado en la calle Costa Rica, Ram\u00f3n Castillo, ensanche Ozama.<\/p>\n\n\n\n<p>El candidato del partido oficialista\u00a0se dirige a las elecciones municipales este domingo 18 de febrero con el apoyo de m\u00e1s de 20 partidos y organizaciones aliadas, entre las que figuran, el Partido Reformista Social Cristiano, (PRSC), el PRI, MODA, Alianza Pa\u00eds, el PUN, MAS, PVD, PRSD, APD, FA el PPG, el PCR, PP, DXC, el PHD, PJS, PAL, PRL, UDC, PDP, PPC, FNP y PNVC.<\/p>\n","protected":false},"excerpt":{"rendered":"<p>Santo Domingo.- El candidato a alcalde por el Partido Revolucionario Moderno en Santo Domingo Este, D\u00edo Astacio,\u00a0votar\u00e1 este domingo a las 9 de la ma\u00f1ana en el colegio Cardenal Sancha,&hellip;<\/p>\n","protected":false},"author":3,"featured_media":77038,"comment_status":"open","ping_status":"open","sticky":false,"template":"","format":"standard","meta":{"content-type":"","jetpack_post_was_ever_published":false,"_jetpack_newsletter_access":"","_jetpack_dont_email_post_to_subs":false,"_jetpack_newsletter_tier_id":0,"_jetpack_memberships_contains_paywalled_content":false,"_jetpack_memberships_contains_paid_content":false,"footnotes":""},"categories":[1],"tags":[],"class_list":["post-77036","post","type-post","status-publish","format-standard","has-post-thumbnail","hentry","category-sin-categoria"],"jetpack_featured_media_url":"https:\/\/lasprimeras.com.do\/wp-content\/uploads\/2024\/02\/Dio-Astacio.webp","jetpack-related-posts":[{"id":61892,"url":"https:\/\/lasprimeras.com.do\/index.php\/2023\/10\/01\/dio-astacio-toma-delantera-de-votos-en-sde-y-manuel-jimenez-esta-en-el-ultimo-lugar\/","url_meta":{"origin":77036,"position":0},"title":"Dio Astacio toma delantera de votos en SDE y Manuel Jim\u00e9nez est\u00e1 en el \u00faltimo lugar","author":"Nelson Feliz","date":"1 de octubre de 2023","format":false,"excerpt":"Astacio busca ser el candidato a la alcald\u00eda del partido oficialista en SDE tras el pasado mes de marzo renunciar al cargo como titular del Consejo de Gesti\u00f3n Presidencial. El coordinador general del Gabinete de la Familia del Poder Ejecutivo, el pastor Dio Astacio, tom\u00f3 la delantera de los votos\u2026","rel":"","context":"En \u00abPORTADA\u00bb","block_context":{"text":"PORTADA","link":"https:\/\/lasprimeras.com.do\/index.php\/category\/portada\/"},"img":{"alt_text":"Dio Astacio","src":"https:\/\/i0.wp.com\/lasprimeras.com.do\/wp-content\/uploads\/2023\/10\/Dio-Astacio.jpeg?resize=350%2C200&ssl=1","width":350,"height":200,"srcset":"https:\/\/i0.wp.com\/lasprimeras.com.do\/wp-content\/uploads\/2023\/10\/Dio-Astacio.jpeg?resize=350%2C200&ssl=1 1x, https:\/\/i0.wp.com\/lasprimeras.com.do\/wp-content\/uploads\/2023\/10\/Dio-Astacio.jpeg?resize=525%2C300&ssl=1 1.5x, https:\/\/i0.wp.com\/lasprimeras.com.do\/wp-content\/uploads\/2023\/10\/Dio-Astacio.jpeg?resize=700%2C400&ssl=1 2x"},"classes":[]},{"id":61950,"url":"https:\/\/lasprimeras.com.do\/index.php\/2023\/10\/02\/prm-castiga-a-manuel-jimenez-y-escoge-a-dio-astacio-para-alcaldia-de-santo-domingo-este\/","url_meta":{"origin":77036,"position":1},"title":"PRM castiga a Manuel Jim\u00e9nez y escoge a D\u00edo Astacio para alcald\u00eda de Santo Domingo Este","author":"BIMARY DE JES\u00daS Matos","date":"2 de octubre de 2023","format":false,"excerpt":"Santo Domingo.-Las elecciones internas del Partido Revolucionario Moderno (PRM), realizadas ayer en el territorio dominicano para elegir a los candidatos que intentar\u00e1n obtener las curules en los pr\u00f3ximos comicios de 2024, establecieron una diferencia ante las encuestas difundidas en los \u00faltimos d\u00edas. Entre los aspirantes electorales que desde antes de\u2026","rel":"","context":"En \u00abPORTADA\u00bb","block_context":{"text":"PORTADA","link":"https:\/\/lasprimeras.com.do\/index.php\/category\/portada\/"},"img":{"alt_text":"","src":"https:\/\/i0.wp.com\/lasprimeras.com.do\/wp-content\/uploads\/2023\/10\/WhatsApp-Image-2023-09-28-at-11.50.30-PM-1-6.jpeg?resize=350%2C200&ssl=1","width":350,"height":200,"srcset":"https:\/\/i0.wp.com\/lasprimeras.com.do\/wp-content\/uploads\/2023\/10\/WhatsApp-Image-2023-09-28-at-11.50.30-PM-1-6.jpeg?resize=350%2C200&ssl=1 1x, https:\/\/i0.wp.com\/lasprimeras.com.do\/wp-content\/uploads\/2023\/10\/WhatsApp-Image-2023-09-28-at-11.50.30-PM-1-6.jpeg?resize=525%2C300&ssl=1 1.5x, https:\/\/i0.wp.com\/lasprimeras.com.do\/wp-content\/uploads\/2023\/10\/WhatsApp-Image-2023-09-28-at-11.50.30-PM-1-6.jpeg?resize=700%2C400&ssl=1 2x"},"classes":[]},{"id":70228,"url":"https:\/\/lasprimeras.com.do\/index.php\/2023\/12\/09\/luis-alberto-se-consolida-como-el-gran-favorito-para-ganar-la-alcaldia-de-santo-domingo-este\/","url_meta":{"origin":77036,"position":2},"title":"Luis Alberto se consolida como el gran favorito para ganar la Alcald\u00eda de Santo Domingo Este.","author":"Nelson Feliz","date":"9 de diciembre de 2023","format":false,"excerpt":"Data Consulting presenta nuevo estudio que revela gana Luis Alberto en SDE, deja en evidencia que los miembros del PRM entienden hubo fraude en el proceso interno y que Luis Alberto es preferido por los miembros de la Fuerza del Pueblo por encima de Julio Romero. La firma encuestadora Data\u2026","rel":"","context":"En \u00abPORTADA\u00bb","block_context":{"text":"PORTADA","link":"https:\/\/lasprimeras.com.do\/index.php\/category\/portada\/"},"img":{"alt_text":"Luis Alberto Tejeda","src":"https:\/\/i0.wp.com\/lasprimeras.com.do\/wp-content\/uploads\/2023\/09\/WhatsApp-Image-2023-09-29-at-11.02.30-AM.jpeg?resize=350%2C200&ssl=1","width":350,"height":200,"srcset":"https:\/\/i0.wp.com\/lasprimeras.com.do\/wp-content\/uploads\/2023\/09\/WhatsApp-Image-2023-09-29-at-11.02.30-AM.jpeg?resize=350%2C200&ssl=1 1x, https:\/\/i0.wp.com\/lasprimeras.com.do\/wp-content\/uploads\/2023\/09\/WhatsApp-Image-2023-09-29-at-11.02.30-AM.jpeg?resize=525%2C300&ssl=1 1.5x, https:\/\/i0.wp.com\/lasprimeras.com.do\/wp-content\/uploads\/2023\/09\/WhatsApp-Image-2023-09-29-at-11.02.30-AM.jpeg?resize=700%2C400&ssl=1 2x, https:\/\/i0.wp.com\/lasprimeras.com.do\/wp-content\/uploads\/2023\/09\/WhatsApp-Image-2023-09-29-at-11.02.30-AM.jpeg?resize=1050%2C600&ssl=1 3x, https:\/\/i0.wp.com\/lasprimeras.com.do\/wp-content\/uploads\/2023\/09\/WhatsApp-Image-2023-09-29-at-11.02.30-AM.jpeg?resize=1400%2C800&ssl=1 4x"},"classes":[]},{"id":66711,"url":"https:\/\/lasprimeras.com.do\/index.php\/2023\/11\/09\/dio-astacio-juramenta-en-sde-movimientos-apoyan-candidatura\/","url_meta":{"origin":77036,"position":3},"title":"D\u00edo Astacio juramenta en SDE movimientos apoyan candidatura","author":"BIMARY DE JES\u00daS Matos","date":"9 de noviembre de 2023","format":false,"excerpt":"SANTO DOMINGO.-Cientos de movimientos pol\u00edticos del Sector Externo brindaron apoyo al candidato a alcalde en Santo Domingo Este (SDE) por el Partido Revolucionario Moderno (PRM), el pastor D\u00edo Astacio. Esos grupos se comprometieron a trabajar para conquistar los votantes, que no militan en los partidos tradicionales. Evison Lebron, presidente del\u2026","rel":"","context":"En \u00abSin categor\u00eda\u00bb","block_context":{"text":"Sin categor\u00eda","link":"https:\/\/lasprimeras.com.do\/index.php\/category\/sin-categoria\/"},"img":{"alt_text":"","src":"https:\/\/i0.wp.com\/lasprimeras.com.do\/wp-content\/uploads\/2023\/11\/WhatsApp-Image-2023-11-08-at-2.23.52-PM-4.jpeg?resize=350%2C200&ssl=1","width":350,"height":200,"srcset":"https:\/\/i0.wp.com\/lasprimeras.com.do\/wp-content\/uploads\/2023\/11\/WhatsApp-Image-2023-11-08-at-2.23.52-PM-4.jpeg?resize=350%2C200&ssl=1 1x, https:\/\/i0.wp.com\/lasprimeras.com.do\/wp-content\/uploads\/2023\/11\/WhatsApp-Image-2023-11-08-at-2.23.52-PM-4.jpeg?resize=525%2C300&ssl=1 1.5x"},"classes":[]},{"id":61914,"url":"https:\/\/lasprimeras.com.do\/index.php\/2023\/10\/01\/francisco-pena-y-dio-astacio-llevan-la-delantera-en-sdo-y-sde\/","url_meta":{"origin":77036,"position":4},"title":"Francisco Pe\u00f1a y Dio Astacio llevan la delantera en SDO y SDE","author":"Nelson Feliz","date":"1 de octubre de 2023","format":false,"excerpt":"Los precandidatos a la alcald\u00eda de Santo Domingo Oeste y Santo Domingo Este, Francisco Pe\u00f1a y Dio Astacio, han alcanzado m\u00e1s de un 30 % de los votos en las primarias del Partido Revolucionario Moderno (PRM). Los precandidatos han adelantado a los actuales alcaldes de ambas demarcaciones con m\u00e1s del\u2026","rel":"","context":"En \u00abPORTADA\u00bb","block_context":{"text":"PORTADA","link":"https:\/\/lasprimeras.com.do\/index.php\/category\/portada\/"},"img":{"alt_text":"alcladias sdo y sde","src":"https:\/\/i0.wp.com\/lasprimeras.com.do\/wp-content\/uploads\/2023\/10\/alcladias-sdo-y-sde.jpg?resize=350%2C200&ssl=1","width":350,"height":200,"srcset":"https:\/\/i0.wp.com\/lasprimeras.com.do\/wp-content\/uploads\/2023\/10\/alcladias-sdo-y-sde.jpg?resize=350%2C200&ssl=1 1x, https:\/\/i0.wp.com\/lasprimeras.com.do\/wp-content\/uploads\/2023\/10\/alcladias-sdo-y-sde.jpg?resize=525%2C300&ssl=1 1.5x, https:\/\/i0.wp.com\/lasprimeras.com.do\/wp-content\/uploads\/2023\/10\/alcladias-sdo-y-sde.jpg?resize=700%2C400&ssl=1 2x"},"classes":[]},{"id":75207,"url":"https:\/\/lasprimeras.com.do\/index.php\/2024\/01\/30\/frente-amplio-proclama-a-dio-astacio-como-su-candidato-a-alcalde-sde\/","url_meta":{"origin":77036,"position":5},"title":"Frente Amplio proclama a D\u00edo Astacio como su candidato a alcalde SDE","author":"BIMARY DE JES\u00daS Matos","date":"30 de enero de 2024","format":false,"excerpt":"SDE.-El partido Frente Amplio proclam\u00f3 a D\u00edo Astacio como su candidato a alcalde en Santo Domingo Este. En una actividad con dirigentes y miembros del Frente Amplio, encabezada por su presidente, Juan Dionicio Rodr\u00edguez, Astacio pas\u00f3 a ser el candidato de los frenteamplistas. Durante el acto, Rodr\u00edguez manifest\u00f3 que desde\u2026","rel":"","context":"En \u00abSin categor\u00eda\u00bb","block_context":{"text":"Sin categor\u00eda","link":"https:\/\/lasprimeras.com.do\/index.php\/category\/sin-categoria\/"},"img":{"alt_text":"","src":"https:\/\/i0.wp.com\/lasprimeras.com.do\/wp-content\/uploads\/2024\/01\/WhatsApp-Image-2024-01-23-at-11.48.18-AM.webp?resize=350%2C200&ssl=1","width":350,"height":200,"srcset":"https:\/\/i0.wp.com\/lasprimeras.com.do\/wp-content\/uploads\/2024\/01\/WhatsApp-Image-2024-01-23-at-11.48.18-AM.webp?resize=350%2C200&ssl=1 1x, https:\/\/i0.wp.com\/lasprimeras.com.do\/wp-content\/uploads\/2024\/01\/WhatsApp-Image-2024-01-23-at-11.48.18-AM.webp?resize=525%2C300&ssl=1 1.5x"},"classes":[]}],"jetpack_sharing_enabled":true,"_links":{"self":[{"href":"https:\/\/lasprimeras.com.do\/index.php\/wp-json\/wp\/v2\/posts\/77036","targetHints":{"allow":["GET"]}}],"collection":[{"href":"https:\/\/lasprimeras.com.do\/index.php\/wp-json\/wp\/v2\/posts"}],"about":[{"href":"https:\/\/lasprimeras.com.do\/index.php\/wp-json\/wp\/v2\/types\/post"}],"author":[{"embeddable":true,"href":"https:\/\/lasprimeras.com.do\/index.php\/wp-json\/wp\/v2\/users\/3"}],"replies":[{"embeddable":true,"href":"https:\/\/lasprimeras.com.do\/index.php\/wp-json\/wp\/v2\/comments?post=77036"}],"version-history":[{"count":1,"href":"https:\/\/lasprimeras.com.do\/index.php\/wp-json\/wp\/v2\/posts\/77036\/revisions"}],"predecessor-version":[{"id":77039,"href":"https:\/\/lasprimeras.com.do\/index.php\/wp-json\/wp\/v2\/posts\/77036\/revisions\/77039"}],"wp:featuredmedia":[{"embeddable":true,"href":"https:\/\/lasprimeras.com.do\/index.php\/wp-json\/wp\/v2\/media\/77038"}],"wp:attachment":[{"href":"https:\/\/lasprimeras.com.do\/index.php\/wp-json\/wp\/v2\/media?parent=77036"}],"wp:term":[{"taxonomy":"category","embeddable":true,"href":"https:\/\/lasprimeras.com.do\/index.php\/wp-json\/wp\/v2\/categories?post=77036"},{"taxonomy":"post_tag","embeddable":true,"href":"https:\/\/lasprimeras.com.do\/index.php\/wp-json\/wp\/v2\/tags?post=77036"}],"curies":[{"name":"wp","href":"https:\/\/api.w.org\/{rel}","templated":true}]}}