{"id":77044,"date":"2024-02-17T14:32:14","date_gmt":"2024-02-17T18:32:14","guid":{"rendered":"https:\/\/lasprimeras.com.do\/?p=77044"},"modified":"2024-02-17T14:32:16","modified_gmt":"2024-02-17T18:32:16","slug":"jce-realiza-nueva-prueba-software-a-peticion-de-fuerza-del-pueblo","status":"publish","type":"post","link":"https:\/\/lasprimeras.com.do\/index.php\/2024\/02\/17\/jce-realiza-nueva-prueba-software-a-peticion-de-fuerza-del-pueblo\/","title":{"rendered":"JCE realiza nueva prueba software a petici\u00f3n de Fuerza del Pueblo"},"content":{"rendered":"\n<p>Santo Domingo.-La Junta Central Electoral y representantes de los 42 partidos y movimientos pol\u00edticos del sistema realizaron una prueba al software de escaneo, digitalizaci\u00f3n, impresi\u00f3n y transmisi\u00f3n de los resultados de las elecciones municipales de este domingo en Rep\u00fablica Dominicana.<\/p>\n\n\n\n<p>La reuni\u00f3n de casi tres horas, realizada este viernes a puertas cerradas, cont\u00f3 con la supervisi\u00f3n de la Misi\u00f3n de Observaci\u00f3n Electoral de la Organizaci\u00f3n de Estados Americanos&nbsp; y fue convocada por la Mesa T\u00e9cnica del \u00f3rgano electoral a puertas cerradas.<\/p>\n\n\n\n<p>El partido Fuerza del Pueblo (FP) solicit\u00f3 una prueba para los equipos del Distrito Nacional y Santo Domingo Este, an\u00e1lisis que fue realizado y aprobado satisfactoriamente por las organizaciones.<\/p>\n\n\n\n<p>\u00abLo que buscamos es\u00a0seguridad\u00a0en los\u00a0procesos electorales\u00a0se debe buscar garant\u00edas para todos y\u00a0seguridad. <\/p>\n\n\n\n<p>Como hubo una variaci\u00f3n en la\u00a0base de datos\u00a0de los\u00a0equipos,\u00a0hemos solicitado que se pueda verificar y certificar que el\u00a0software sea el mismo\u00bb, plante\u00f3 el delegado de FP, Javier Ubiera.<\/p>\n","protected":false},"excerpt":{"rendered":"<p>Santo Domingo.-La Junta Central Electoral y representantes de los 42 partidos y movimientos pol\u00edticos del sistema realizaron una prueba al software de escaneo, digitalizaci\u00f3n, impresi\u00f3n y transmisi\u00f3n de los resultados&hellip;<\/p>\n","protected":false},"author":3,"featured_media":77045,"comment_status":"open","ping_status":"open","sticky":false,"template":"","format":"standard","meta":{"content-type":"","jetpack_post_was_ever_published":false,"_jetpack_newsletter_access":"","_jetpack_dont_email_post_to_subs":false,"_jetpack_newsletter_tier_id":0,"_jetpack_memberships_contains_paywalled_content":false,"_jetpack_memberships_contains_paid_content":false,"footnotes":""},"categories":[1],"tags":[183],"class_list":["post-77044","post","type-post","status-publish","format-standard","has-post-thumbnail","hentry","category-sin-categoria","tag-jce"],"jetpack_featured_media_url":"https:\/\/lasprimeras.com.do\/wp-content\/uploads\/2024\/02\/ESCANNERES-e1708189540862.jpeg","jetpack-related-posts":[{"id":74227,"url":"https:\/\/lasprimeras.com.do\/index.php\/2024\/01\/20\/jce-realizara-este-sabado-segunda-prueba-de-computo-electoral\/","url_meta":{"origin":77044,"position":0},"title":"JCE realizar\u00e1 este s\u00e1bado segunda prueba de c\u00f3mputo electoral","author":"BIMARY DE JES\u00daS Matos","date":"20 de enero de 2024","format":false,"excerpt":"Santo Domingo.- La Junta Central Electoral (JCE) realizar\u00e1 este s\u00e1bado la segunda prueba regional de los equipos del c\u00f3mputo electoral que ser\u00e1n utilizados en las pr\u00f3ximas elecciones. Seg\u00fan informaron, el ensayo abordar\u00e1 15 municipios, 53 recintos y 700 Colegios Electorales y en el que participar\u00e1n 193 t\u00e9cnicos, 700 presidentes y\u2026","rel":"","context":"En \u00abSin categor\u00eda\u00bb","block_context":{"text":"Sin categor\u00eda","link":"https:\/\/lasprimeras.com.do\/index.php\/category\/sin-categoria\/"},"img":{"alt_text":"","src":"https:\/\/i0.wp.com\/lasprimeras.com.do\/wp-content\/uploads\/2024\/01\/YHDVOD7ZSNBIXAASMB6QGE55SI-1.jpg?resize=350%2C200&ssl=1","width":350,"height":200},"classes":[]},{"id":51098,"url":"https:\/\/lasprimeras.com.do\/index.php\/2023\/05\/27\/jce-realizo-la-primera-prueba-local-del-computo-electoral\/","url_meta":{"origin":77044,"position":1},"title":"JCE realiz\u00f3 la primera prueba local del c\u00f3mputo electoral","author":"prenxa100","date":"27 de mayo de 2023","format":false,"excerpt":"Santo Domingo.-. \u00a0La Junta Central Electoral (JCE) realiz\u00f3 este s\u00e1bado la primera prueba local del Sistema de C\u00f3mputo Electoral, en cumplimiento con el calendario electoral de cara a los comicios de 2024. En un ejercicio interno a cargo de la Direcci\u00f3n Nacional de Inform\u00e1tica, la prueba busc\u00f3 determinar los posibles\u2026","rel":"","context":"En \u00abNACIONALES\u00bb","block_context":{"text":"NACIONALES","link":"https:\/\/lasprimeras.com.do\/index.php\/category\/nacionales\/"},"img":{"alt_text":"","src":"","width":0,"height":0},"classes":[]},{"id":73408,"url":"https:\/\/lasprimeras.com.do\/index.php\/2024\/01\/10\/jce-realizara-este-sabado-prueba-regional-del-computo-electoral-para-comicios-municipales\/","url_meta":{"origin":77044,"position":2},"title":"JCE realizar\u00e1 este s\u00e1bado prueba regional del c\u00f3mputo electoral para comicios municipales","author":"BIMARY DE JES\u00daS Matos","date":"10 de enero de 2024","format":false,"excerpt":"Santo Domingo.-La Junta Central Electoral (JCE) realizar\u00e1 este s\u00e1bado 13 de enero la primera prueba regional para probar el proceso del c\u00f3mputo electoral en los equipos de dispositivos de escaneo, digitaci\u00f3n, impresi\u00f3n y transmisi\u00f3n de datos (EDET), de cara a la celebraci\u00f3n de las elecciones municipales a realizarse el pr\u00f3ximo\u2026","rel":"","context":"En \u00abSin categor\u00eda\u00bb","block_context":{"text":"Sin categor\u00eda","link":"https:\/\/lasprimeras.com.do\/index.php\/category\/sin-categoria\/"},"img":{"alt_text":"","src":"https:\/\/i0.wp.com\/lasprimeras.com.do\/wp-content\/uploads\/2024\/01\/En-Ecuador-encapuchados-armados-tomaron-canal-de-television-mientras-transmitia-en-vivo-3-4.jpg?resize=350%2C200&ssl=1","width":350,"height":200,"srcset":"https:\/\/i0.wp.com\/lasprimeras.com.do\/wp-content\/uploads\/2024\/01\/En-Ecuador-encapuchados-armados-tomaron-canal-de-television-mientras-transmitia-en-vivo-3-4.jpg?resize=350%2C200&ssl=1 1x, https:\/\/i0.wp.com\/lasprimeras.com.do\/wp-content\/uploads\/2024\/01\/En-Ecuador-encapuchados-armados-tomaron-canal-de-television-mientras-transmitia-en-vivo-3-4.jpg?resize=525%2C300&ssl=1 1.5x"},"classes":[]},{"id":116465,"url":"https:\/\/lasprimeras.com.do\/index.php\/2025\/12\/01\/jce-intima-a-la-fuerza-del-pueblo-por-posible-propaganda-anticipada-en-marcha-del-domingo\/","url_meta":{"origin":77044,"position":3},"title":"JCE intima a la Fuerza del Pueblo por posible propaganda anticipada en marcha del domingo","author":"Nelson Feliz","date":"1 de diciembre de 2025","format":false,"excerpt":"En un acto de alguacil, el \u00f3rgano electoral pide al partido que dirige Leonel Fern\u00e1ndez no alegar ignorancia. La Junta Central Electoral (JCE) intim\u00f3 este lunes al partido Fuerza del Pueblo (FP) al considerar que en la actividad del domingo llamada \u201cMarcha del pueblo\u201d se emplearon elementos que podr\u00edan configurar\u2026","rel":"","context":"En \u00abPOLITICA\u00bb","block_context":{"text":"POLITICA","link":"https:\/\/lasprimeras.com.do\/index.php\/category\/politica\/"},"img":{"alt_text":"","src":"https:\/\/i0.wp.com\/lasprimeras.com.do\/wp-content\/uploads\/2025\/11\/leonel.jpg?resize=350%2C200&ssl=1","width":350,"height":200,"srcset":"https:\/\/i0.wp.com\/lasprimeras.com.do\/wp-content\/uploads\/2025\/11\/leonel.jpg?resize=350%2C200&ssl=1 1x, https:\/\/i0.wp.com\/lasprimeras.com.do\/wp-content\/uploads\/2025\/11\/leonel.jpg?resize=525%2C300&ssl=1 1.5x, https:\/\/i0.wp.com\/lasprimeras.com.do\/wp-content\/uploads\/2025\/11\/leonel.jpg?resize=700%2C400&ssl=1 2x"},"classes":[]},{"id":73620,"url":"https:\/\/lasprimeras.com.do\/index.php\/2024\/01\/14\/jce-realizo-primera-prueba-del-computo-electoral-de-cara-a-elecciones-municipales\/","url_meta":{"origin":77044,"position":4},"title":"JCE realiz\u00f3 primera prueba del c\u00f3mputo electoral de cara a elecciones municipales","author":"BIMARY DE JES\u00daS Matos","date":"14 de enero de 2024","format":false,"excerpt":"Santo Domingo., RD. \u2013 La Junta Central Electoral (JCE) realiz\u00f3 este s\u00e1bado la prueba regional del c\u00f3mputo electoral de cara a la celebraci\u00f3n de las elecciones municipales, logrando comprobar el funcionamiento de los equipos inform\u00e1ticos, as\u00ed como los de escaneo, digitaci\u00f3n, impresi\u00f3n y transmisi\u00f3n de datos (EDET) que se utilizar\u00e1n\u2026","rel":"","context":"En \u00abSin categor\u00eda\u00bb","block_context":{"text":"Sin categor\u00eda","link":"https:\/\/lasprimeras.com.do\/index.php\/category\/sin-categoria\/"},"img":{"alt_text":"","src":"https:\/\/i0.wp.com\/lasprimeras.com.do\/wp-content\/uploads\/2024\/01\/WhatsApp-Image-2024-01-14-at-2.13.17-PM.jpeg?resize=350%2C200&ssl=1","width":350,"height":200,"srcset":"https:\/\/i0.wp.com\/lasprimeras.com.do\/wp-content\/uploads\/2024\/01\/WhatsApp-Image-2024-01-14-at-2.13.17-PM.jpeg?resize=350%2C200&ssl=1 1x, https:\/\/i0.wp.com\/lasprimeras.com.do\/wp-content\/uploads\/2024\/01\/WhatsApp-Image-2024-01-14-at-2.13.17-PM.jpeg?resize=525%2C300&ssl=1 1.5x, https:\/\/i0.wp.com\/lasprimeras.com.do\/wp-content\/uploads\/2024\/01\/WhatsApp-Image-2024-01-14-at-2.13.17-PM.jpeg?resize=700%2C400&ssl=1 2x, https:\/\/i0.wp.com\/lasprimeras.com.do\/wp-content\/uploads\/2024\/01\/WhatsApp-Image-2024-01-14-at-2.13.17-PM.jpeg?resize=1050%2C600&ssl=1 3x, https:\/\/i0.wp.com\/lasprimeras.com.do\/wp-content\/uploads\/2024\/01\/WhatsApp-Image-2024-01-14-at-2.13.17-PM.jpeg?resize=1400%2C800&ssl=1 4x"},"classes":[]},{"id":80847,"url":"https:\/\/lasprimeras.com.do\/index.php\/2024\/04\/13\/jce-realiza-primera-prueba-regional-de-computos-para-elecciones-del-19-de-mayo\/","url_meta":{"origin":77044,"position":5},"title":"JCE realiza primera prueba regional de c\u00f3mputos para elecciones del 19 de mayo","author":"BIMARY DE JES\u00daS Matos","date":"13 de abril de 2024","format":false,"excerpt":"SANTO DOMINGO.- A 35 d\u00edas paras las elecciones presidenciales de mayo, la Junta Central Electoral realiz\u00f3 este s\u00e1bado la primera prueba regional del c\u00f3mputo electoral para comprobar el funcionamiento de los equipos de escaneo, digitalizaci\u00f3n, impresi\u00f3n y transmisi\u00f3n de datos. La prueba se realiz\u00f3 en 1,700 colegios electorales de 90\u2026","rel":"","context":"En \u00abSin categor\u00eda\u00bb","block_context":{"text":"Sin categor\u00eda","link":"https:\/\/lasprimeras.com.do\/index.php\/category\/sin-categoria\/"},"img":{"alt_text":"","src":"https:\/\/i0.wp.com\/lasprimeras.com.do\/wp-content\/uploads\/2024\/04\/WhatsApp-Image-2024-01-26-at-12.10.49-PM-6.webp?resize=350%2C200&ssl=1","width":350,"height":200,"srcset":"https:\/\/i0.wp.com\/lasprimeras.com.do\/wp-content\/uploads\/2024\/04\/WhatsApp-Image-2024-01-26-at-12.10.49-PM-6.webp?resize=350%2C200&ssl=1 1x, https:\/\/i0.wp.com\/lasprimeras.com.do\/wp-content\/uploads\/2024\/04\/WhatsApp-Image-2024-01-26-at-12.10.49-PM-6.webp?resize=525%2C300&ssl=1 1.5x, https:\/\/i0.wp.com\/lasprimeras.com.do\/wp-content\/uploads\/2024\/04\/WhatsApp-Image-2024-01-26-at-12.10.49-PM-6.webp?resize=700%2C400&ssl=1 2x"},"classes":[]}],"jetpack_sharing_enabled":true,"_links":{"self":[{"href":"https:\/\/lasprimeras.com.do\/index.php\/wp-json\/wp\/v2\/posts\/77044","targetHints":{"allow":["GET"]}}],"collection":[{"href":"https:\/\/lasprimeras.com.do\/index.php\/wp-json\/wp\/v2\/posts"}],"about":[{"href":"https:\/\/lasprimeras.com.do\/index.php\/wp-json\/wp\/v2\/types\/post"}],"author":[{"embeddable":true,"href":"https:\/\/lasprimeras.com.do\/index.php\/wp-json\/wp\/v2\/users\/3"}],"replies":[{"embeddable":true,"href":"https:\/\/lasprimeras.com.do\/index.php\/wp-json\/wp\/v2\/comments?post=77044"}],"version-history":[{"count":1,"href":"https:\/\/lasprimeras.com.do\/index.php\/wp-json\/wp\/v2\/posts\/77044\/revisions"}],"predecessor-version":[{"id":77046,"href":"https:\/\/lasprimeras.com.do\/index.php\/wp-json\/wp\/v2\/posts\/77044\/revisions\/77046"}],"wp:featuredmedia":[{"embeddable":true,"href":"https:\/\/lasprimeras.com.do\/index.php\/wp-json\/wp\/v2\/media\/77045"}],"wp:attachment":[{"href":"https:\/\/lasprimeras.com.do\/index.php\/wp-json\/wp\/v2\/media?parent=77044"}],"wp:term":[{"taxonomy":"category","embeddable":true,"href":"https:\/\/lasprimeras.com.do\/index.php\/wp-json\/wp\/v2\/categories?post=77044"},{"taxonomy":"post_tag","embeddable":true,"href":"https:\/\/lasprimeras.com.do\/index.php\/wp-json\/wp\/v2\/tags?post=77044"}],"curies":[{"name":"wp","href":"https:\/\/api.w.org\/{rel}","templated":true}]}}