{"id":77047,"date":"2024-02-17T14:36:37","date_gmt":"2024-02-17T18:36:37","guid":{"rendered":"https:\/\/lasprimeras.com.do\/?p=77047"},"modified":"2024-02-17T14:36:39","modified_gmt":"2024-02-17T18:36:39","slug":"trump-califica-la-sentencia-contra-el-en-nueva-york-de-ilegal-y-antiamericana","status":"publish","type":"post","link":"https:\/\/lasprimeras.com.do\/index.php\/2024\/02\/17\/trump-califica-la-sentencia-contra-el-en-nueva-york-de-ilegal-y-antiamericana\/","title":{"rendered":"Trump califica la sentencia contra \u00e9l en Nueva York de &#8220;ilegal y antiamericana&#8221;"},"content":{"rendered":"\n<p>Nueva York.- El expresidente de Estados Unidos Donald Trump (2017-2021) reaccion\u00f3 este viernes a la sentencia que le condena a pagar multas por valor de 355 millones de d\u00f3lares, calific\u00e1ndola de \u00abilegal y antiamericana\u00bb, adem\u00e1s de \u00abun absoluto FRAUDE\u00bb, y confirm\u00f3 que apelar\u00e1 la decisi\u00f3n judicial.<\/p>\n\n\n\n<p>En su red social, Truth Social, Trump sostuvo su ya conocida acusaci\u00f3n de que \u00abel sistema de Justicia del estado de Nueva York, y de todo Estados Unidos, est\u00e1 bajo asalto de jueces partidistas, enga\u00f1ados y sesgados\u00bb, ya que \u00ablos radicales hacen todo lo que pueden\u00bb por expulsarlo.<\/p>\n\n\n\n<p>Luego, en una breve comparecencia ante los periodistas apostados frente a Mar-a-Lago, su residencia en el sur de Florida, el exmandatario confirm\u00f3 que apelar\u00e1 la decisi\u00f3n judicial y confi\u00f3 en que tendr\u00e1 \u00e9xito.<\/p>\n","protected":false},"excerpt":{"rendered":"<p>Nueva York.- El expresidente de Estados Unidos Donald Trump (2017-2021) reaccion\u00f3 este viernes a la sentencia que le condena a pagar multas por valor de 355 millones de d\u00f3lares, calific\u00e1ndola&hellip;<\/p>\n","protected":false},"author":3,"featured_media":77048,"comment_status":"open","ping_status":"open","sticky":false,"template":"","format":"standard","meta":{"content-type":"","jetpack_post_was_ever_published":false,"_jetpack_newsletter_access":"","_jetpack_dont_email_post_to_subs":false,"_jetpack_newsletter_tier_id":0,"_jetpack_memberships_contains_paywalled_content":false,"_jetpack_memberships_contains_paid_content":false,"footnotes":""},"categories":[1],"tags":[978],"class_list":["post-77047","post","type-post","status-publish","format-standard","has-post-thumbnail","hentry","category-sin-categoria","tag-donald-trump"],"jetpack_featured_media_url":"https:\/\/lasprimeras.com.do\/wp-content\/uploads\/2024\/02\/Donald-Trump.-Foto-de-archivo-750x375-1.webp","jetpack-related-posts":[{"id":77692,"url":"https:\/\/lasprimeras.com.do\/index.php\/2024\/02\/24\/nueva-york-imponen-a-trump-multa-de-us454-mm-por-fraude\/","url_meta":{"origin":77047,"position":0},"title":"NUEVA YORK: Imponen a Trump multa de US$454 MM por fraude","author":"BIMARY DE JES\u00daS Matos","date":"24 de febrero de 2024","format":false,"excerpt":"NY.-El expresidente estadounidense Donald Trump ha sido condenado este viernes a pagar una multa de 454 millones de d\u00f3lares (unos 419 millones de euros) por orden de un juez de Nueva York por un caso de fraude en la valoraci\u00f3n de los activos de la Organizaci\u00f3n Trump, ha informado CNN.\u2026","rel":"","context":"En \u00abSin categor\u00eda\u00bb","block_context":{"text":"Sin categor\u00eda","link":"https:\/\/lasprimeras.com.do\/index.php\/category\/sin-categoria\/"},"img":{"alt_text":"","src":"https:\/\/i0.wp.com\/lasprimeras.com.do\/wp-content\/uploads\/2024\/02\/65bf611859bf5b633029d7bb.jpg?resize=350%2C200&ssl=1","width":350,"height":200,"srcset":"https:\/\/i0.wp.com\/lasprimeras.com.do\/wp-content\/uploads\/2024\/02\/65bf611859bf5b633029d7bb.jpg?resize=350%2C200&ssl=1 1x, https:\/\/i0.wp.com\/lasprimeras.com.do\/wp-content\/uploads\/2024\/02\/65bf611859bf5b633029d7bb.jpg?resize=525%2C300&ssl=1 1.5x, https:\/\/i0.wp.com\/lasprimeras.com.do\/wp-content\/uploads\/2024\/02\/65bf611859bf5b633029d7bb.jpg?resize=700%2C400&ssl=1 2x, https:\/\/i0.wp.com\/lasprimeras.com.do\/wp-content\/uploads\/2024\/02\/65bf611859bf5b633029d7bb.jpg?resize=1050%2C600&ssl=1 3x"},"classes":[]},{"id":61638,"url":"https:\/\/lasprimeras.com.do\/index.php\/2023\/09\/29\/tribunal-rechaza-intento-de-donald-trump-de-retrasar-el-juicio-tras-un-fallo-de-fraude-que-amenaza-su-negocio\/","url_meta":{"origin":77047,"position":1},"title":"Tribunal rechaza intento de Donald Trump de retrasar el juicio tras un fallo de fraude que amenaza su negocio","author":"Nelson Feliz","date":"29 de septiembre de 2023","format":false,"excerpt":"POR MICHAEL R. SISAK NUEVA YORK (AP) \u2014 Un tribunal de apelaciones rechaz\u00f3 el jueves el intento de Donald Trump de retrasar un juicio civil en una demanda presentada por el fiscal general de Nueva York, permitiendo que el caso avance d\u00edas despu\u00e9s de que un juez dictamin\u00f3 que el\u2026","rel":"","context":"En \u00abSin categor\u00eda\u00bb","block_context":{"text":"Sin categor\u00eda","link":"https:\/\/lasprimeras.com.do\/index.php\/category\/sin-categoria\/"},"img":{"alt_text":"","src":"https:\/\/i0.wp.com\/lasprimeras.com.do\/wp-content\/uploads\/2023\/09\/Donald-Trump-2.jpg?resize=350%2C200&ssl=1","width":350,"height":200,"srcset":"https:\/\/i0.wp.com\/lasprimeras.com.do\/wp-content\/uploads\/2023\/09\/Donald-Trump-2.jpg?resize=350%2C200&ssl=1 1x, https:\/\/i0.wp.com\/lasprimeras.com.do\/wp-content\/uploads\/2023\/09\/Donald-Trump-2.jpg?resize=525%2C300&ssl=1 1.5x, https:\/\/i0.wp.com\/lasprimeras.com.do\/wp-content\/uploads\/2023\/09\/Donald-Trump-2.jpg?resize=700%2C400&ssl=1 2x"},"classes":[]},{"id":72914,"url":"https:\/\/lasprimeras.com.do\/index.php\/2024\/01\/04\/tribunal-rechaza-que-se-aplace-el-juicio-por-difamacion-contra-donald-trump\/","url_meta":{"origin":77047,"position":2},"title":"Tribunal rechaza que se aplace el juicio por difamaci\u00f3n contra Donald Trump","author":"Nelson Feliz","date":"4 de enero de 2024","format":false,"excerpt":"El juicio est\u00e1 previsto para el 16 de enero a menos que el Tribunal Supremo acepte la apelaci\u00f3n del exmandatario, que alega que estaba protegido por la inmunidad presidencial cuando hizo los comentarios contra la escritora E. Jean Carroll Nueva York, EFE - El expresidente Donald Trump sufri\u00f3 hoy un\u2026","rel":"","context":"En \u00abSin categor\u00eda\u00bb","block_context":{"text":"Sin categor\u00eda","link":"https:\/\/lasprimeras.com.do\/index.php\/category\/sin-categoria\/"},"img":{"alt_text":"Donald Trump","src":"https:\/\/i0.wp.com\/lasprimeras.com.do\/wp-content\/uploads\/2024\/01\/Donald-Trump.jpg?resize=350%2C200&ssl=1","width":350,"height":200,"srcset":"https:\/\/i0.wp.com\/lasprimeras.com.do\/wp-content\/uploads\/2024\/01\/Donald-Trump.jpg?resize=350%2C200&ssl=1 1x, https:\/\/i0.wp.com\/lasprimeras.com.do\/wp-content\/uploads\/2024\/01\/Donald-Trump.jpg?resize=525%2C300&ssl=1 1.5x, https:\/\/i0.wp.com\/lasprimeras.com.do\/wp-content\/uploads\/2024\/01\/Donald-Trump.jpg?resize=700%2C400&ssl=1 2x"},"classes":[]},{"id":84133,"url":"https:\/\/lasprimeras.com.do\/index.php\/2024\/05\/31\/la-primera-condena-penal-a-trump-podria-ser-la-ultima\/","url_meta":{"origin":77047,"position":3},"title":"La primera condena penal a Trump podr\u00eda ser la \u00faltima","author":"Nelson Feliz","date":"31 de mayo de 2024","format":false,"excerpt":"El juez Juan Merch\u00e1n fij\u00f3 sentencia para el 11 de julio. Washington, Estados Unidos, AFP.-. La historia recordar\u00e1 que el fiscal de Nueva York logr\u00f3 algo en lo que todos sus colegas fracasaron: condenar penalmente a Donald Trump. Sin embargo, este expediente corre el riesgo de ser el \u00fanico contra\u2026","rel":"","context":"En \u00abSin categor\u00eda\u00bb","block_context":{"text":"Sin categor\u00eda","link":"https:\/\/lasprimeras.com.do\/index.php\/category\/sin-categoria\/"},"img":{"alt_text":"El expresidente de los Estados Unidos, Donald Trump","src":"https:\/\/i0.wp.com\/lasprimeras.com.do\/wp-content\/uploads\/2024\/05\/Donald-Trump.jpeg?resize=350%2C200&ssl=1","width":350,"height":200,"srcset":"https:\/\/i0.wp.com\/lasprimeras.com.do\/wp-content\/uploads\/2024\/05\/Donald-Trump.jpeg?resize=350%2C200&ssl=1 1x, https:\/\/i0.wp.com\/lasprimeras.com.do\/wp-content\/uploads\/2024\/05\/Donald-Trump.jpeg?resize=525%2C300&ssl=1 1.5x, https:\/\/i0.wp.com\/lasprimeras.com.do\/wp-content\/uploads\/2024\/05\/Donald-Trump.jpeg?resize=700%2C400&ssl=1 2x"},"classes":[]},{"id":67902,"url":"https:\/\/lasprimeras.com.do\/index.php\/2023\/11\/20\/tribunal-de-apelaciones-escuchara-argumentos-que-piden-se-restablezca-orden-de-silencio-de-trump\/","url_meta":{"origin":77047,"position":4},"title":"Tribunal de apelaciones escuchar\u00e1 argumentos que piden se restablezca orden de silencio de Trump","author":"Nelson Feliz","date":"20 de noviembre de 2023","format":false,"excerpt":"POR ERIC TUCKER, ALANNA DURKIN RICHER Y LINDSAY WHITEHURST WASHINGTON (AP) \u2014 Un tribunal federal de apelaciones escuchar\u00e1 el lunes argumentos sobre si se debe restablecer una orden de silencio contra Donald Trump en el caso federal que lo acusa de conspirar para revocar los resultados de las elecciones presidenciales\u2026","rel":"","context":"En \u00abSin categor\u00eda\u00bb","block_context":{"text":"Sin categor\u00eda","link":"https:\/\/lasprimeras.com.do\/index.php\/category\/sin-categoria\/"},"img":{"alt_text":"Donald Trump","src":"https:\/\/i0.wp.com\/lasprimeras.com.do\/wp-content\/uploads\/2023\/11\/Donald-Trump-1.jpg?resize=350%2C200&ssl=1","width":350,"height":200,"srcset":"https:\/\/i0.wp.com\/lasprimeras.com.do\/wp-content\/uploads\/2023\/11\/Donald-Trump-1.jpg?resize=350%2C200&ssl=1 1x, https:\/\/i0.wp.com\/lasprimeras.com.do\/wp-content\/uploads\/2023\/11\/Donald-Trump-1.jpg?resize=525%2C300&ssl=1 1.5x, https:\/\/i0.wp.com\/lasprimeras.com.do\/wp-content\/uploads\/2023\/11\/Donald-Trump-1.jpg?resize=700%2C400&ssl=1 2x"},"classes":[]},{"id":66602,"url":"https:\/\/lasprimeras.com.do\/index.php\/2023\/11\/08\/ivanka-trump-testificara-en-el-juicio-civil-por-fraude-que-investiga-al-negocio-familiar\/","url_meta":{"origin":77047,"position":5},"title":"Ivanka Trump testificar\u00e1 en el juicio civil por fraude que investiga al negocio familiar","author":"Nelson Feliz","date":"8 de noviembre de 2023","format":false,"excerpt":"POR JENNIFER PELTZ Y MICHAEL R. SISAK NUEVA YORK (AP) \u2014 Su padre dio un testimonio c\u00e1ustico . Cada uno de sus hermanos pas\u00f3 m\u00e1s de un d\u00eda en el estrado de los testigos. Ahora es el turno de Ivanka Trump de enfrentar el interrogatorio en el juicio por fraude\u2026","rel":"","context":"En \u00abSin categor\u00eda\u00bb","block_context":{"text":"Sin categor\u00eda","link":"https:\/\/lasprimeras.com.do\/index.php\/category\/sin-categoria\/"},"img":{"alt_text":"Ivanka Trump","src":"https:\/\/i0.wp.com\/lasprimeras.com.do\/wp-content\/uploads\/2023\/11\/Ivanka-Trump.jpg?resize=350%2C200&ssl=1","width":350,"height":200,"srcset":"https:\/\/i0.wp.com\/lasprimeras.com.do\/wp-content\/uploads\/2023\/11\/Ivanka-Trump.jpg?resize=350%2C200&ssl=1 1x, https:\/\/i0.wp.com\/lasprimeras.com.do\/wp-content\/uploads\/2023\/11\/Ivanka-Trump.jpg?resize=525%2C300&ssl=1 1.5x, https:\/\/i0.wp.com\/lasprimeras.com.do\/wp-content\/uploads\/2023\/11\/Ivanka-Trump.jpg?resize=700%2C400&ssl=1 2x"},"classes":[]}],"jetpack_sharing_enabled":true,"_links":{"self":[{"href":"https:\/\/lasprimeras.com.do\/index.php\/wp-json\/wp\/v2\/posts\/77047","targetHints":{"allow":["GET"]}}],"collection":[{"href":"https:\/\/lasprimeras.com.do\/index.php\/wp-json\/wp\/v2\/posts"}],"about":[{"href":"https:\/\/lasprimeras.com.do\/index.php\/wp-json\/wp\/v2\/types\/post"}],"author":[{"embeddable":true,"href":"https:\/\/lasprimeras.com.do\/index.php\/wp-json\/wp\/v2\/users\/3"}],"replies":[{"embeddable":true,"href":"https:\/\/lasprimeras.com.do\/index.php\/wp-json\/wp\/v2\/comments?post=77047"}],"version-history":[{"count":1,"href":"https:\/\/lasprimeras.com.do\/index.php\/wp-json\/wp\/v2\/posts\/77047\/revisions"}],"predecessor-version":[{"id":77049,"href":"https:\/\/lasprimeras.com.do\/index.php\/wp-json\/wp\/v2\/posts\/77047\/revisions\/77049"}],"wp:featuredmedia":[{"embeddable":true,"href":"https:\/\/lasprimeras.com.do\/index.php\/wp-json\/wp\/v2\/media\/77048"}],"wp:attachment":[{"href":"https:\/\/lasprimeras.com.do\/index.php\/wp-json\/wp\/v2\/media?parent=77047"}],"wp:term":[{"taxonomy":"category","embeddable":true,"href":"https:\/\/lasprimeras.com.do\/index.php\/wp-json\/wp\/v2\/categories?post=77047"},{"taxonomy":"post_tag","embeddable":true,"href":"https:\/\/lasprimeras.com.do\/index.php\/wp-json\/wp\/v2\/tags?post=77047"}],"curies":[{"name":"wp","href":"https:\/\/api.w.org\/{rel}","templated":true}]}}