{"id":77510,"date":"2024-02-21T23:05:26","date_gmt":"2024-02-22T03:05:26","guid":{"rendered":"https:\/\/lasprimeras.com.do\/?p=77510"},"modified":"2024-02-21T23:05:27","modified_gmt":"2024-02-22T03:05:27","slug":"biden-supera-a-trump-por-4-puntos-para-las-presidenciales-segun-una-nueva-encuesta","status":"publish","type":"post","link":"https:\/\/lasprimeras.com.do\/index.php\/2024\/02\/21\/biden-supera-a-trump-por-4-puntos-para-las-presidenciales-segun-una-nueva-encuesta\/","title":{"rendered":"Biden supera a Trump por 4 puntos para las presidenciales, seg\u00fan una nueva encuesta"},"content":{"rendered":"\n<p><strong>El 67% de los votantes piensa que Biden, de 81 a\u00f1os, es demasiado mayor para cumplir otros cuatro a\u00f1os en la Casa Blanca. En cambio, el 57% piensa que Trump no es demasiado mayor, seg\u00fan una encuesta de la Universidad Quinnipiac.<\/strong><\/p>\n\n\n\n<p>Por Ra\u00fal Castillo<\/p>\n\n\n\n<p>El presidente Joe Biden supera al expresidente Donald Trump por 4 puntos para las elecciones presidenciales de este a\u00f1o, seg\u00fan una nueva encuesta de la Universidad Quinnipiac.<\/p>\n\n\n\n<p>La encuesta, publicada el mi\u00e9rcoles, revel\u00f3 que el 49% de los votantes registrados respondieron que apoyan a Biden, en comparaci\u00f3n con el 45% que eligi\u00f3 a Trump.<\/p>\n\n\n\n<p>Si se compara con la encuesta de la universidad del mes pasado, Biden ha bajado ligeramente su intenci\u00f3n de voto, cuando sac\u00f3 el 50% frente al 44% del expresidente republicano.<\/p>\n\n\n\n<p>En la nueva encuesta, los dem\u00f3cratas apoyan ampliamente a Biden (93% contra 4%), e incluso tiene m\u00e1s respaldo que Trump entre los republicanos (91% contra 7%). Los independientes est\u00e1n divididos: el 44% apoya a Biden y el 42% al expresidente.<\/p>\n\n\n\n<p>Cuando el enfrentamiento hipot\u00e9tico se ampl\u00eda para incluir candidatos independientes y del Partido Verde, Biden recibe el 38% de apoyo, Trump recibe el 37% de apoyo, el candidato independiente Robert F. Kennedy, Jr. recibe el 15% de apoyo, el candidato independiente Cornel West recibe el 3% de apoyo y la candidata del Partido Verde, Jill Stein, recibe un 3% de apoyo.<\/p>\n\n\n\n<p>Biden es muy mayor pero lo salva su carisma<\/p>\n\n\n\n<p>La encuesta m\u00e1s reciente de la Universidad Quinnipiac tambi\u00e9n midi\u00f3 las opiniones en torno a las edades de Biden y de Trump, tan cuestionados recientemente por sus rivales.<\/p>\n\n\n\n<p>Encontr\u00f3 que el 67% de los votantes piensa que Biden, de 81 a\u00f1os, es demasiado mayor para cumplir otros cuatro a\u00f1os de manera efectiva en la Casa Blanca. Apenas el 35% de los votantes en la nueva encuesta respondi\u00f3 que Biden tiene la aptitud f\u00edsica para otro mandato y el 34% dijo que ten\u00eda la aptitud mental.<\/p>\n\n\n\n<p>En cambio, el 57% piensa que Trump, de 77 a\u00f1os, no es demasiado mayor para otro mandato. En concreto, el 60\/ de los votantes piensa que Trump tiene la aptitud f\u00edsica y el 48% pienda que tiene la aptitud mental para otro mandato en la Casa Blanca.<\/p>\n\n\n\n<p>Los encuestadores tambi\u00e9n preguntaron a los votantes si Biden y Trump son \u00e9ticos, se preocupan por el estadounidense promedio y tienen el tipo de personalidad y temperamento necesarios para servir eficazmente como presidente.<\/p>\n\n\n\n<p>En esos aspectos, el presidente dem\u00f3crata super\u00f3 ampliamente al republicano.<\/p>\n\n\n\n<p>Con respecto a si son \u00e9ticos, el 49% dijo que Biden s\u00ed lo es, frente al 29% que cree que Trump lo es. Sobre la preocupaci\u00f3n por lo estadounidenses, el 51% dijo que Biden se preocupa, contrario al 42% que considera que Trump lo hace.<\/p>\n\n\n\n<p>En cuando a la personalidad, el 49% valor\u00f3 la de Biden frente al 37% del republicano.<\/p>\n\n\n\n<p>\u201cUna decisi\u00f3n dividida entre Biden y Trump sobre la aptitud f\u00edsica y emocional deja a ambos vulnerables. S\u00ed, Trump gana alej\u00e1ndose en la cuesti\u00f3n de la edad y la resistencia, pero los votantes tienen m\u00e1s confianza en la empat\u00eda de Biden hacia ellos y en su estabilidad emocional para manejar el trabajo\u201c, dijo el analista de encuestas de la Universidad de Quinnipiac, Tim Malloy.<\/p>\n\n\n\n<p>La encuesta se realiz\u00f3 del 15 al 19 de febrero con 1.421 votantes registrados. El margen de error es de m\u00e1s o menos 2,6 puntos porcentuales.<\/p>\n\n\n\n<p>Fuente Eldiariony.com<\/p>\n","protected":false},"excerpt":{"rendered":"<p>El 67% de los votantes piensa que Biden, de 81 a\u00f1os, es demasiado mayor para cumplir otros cuatro a\u00f1os en la Casa Blanca. En cambio, el 57% piensa que Trump&hellip;<\/p>\n","protected":false},"author":2,"featured_media":77511,"comment_status":"open","ping_status":"open","sticky":false,"template":"","format":"standard","meta":{"content-type":"","jetpack_post_was_ever_published":false,"_jetpack_newsletter_access":"","_jetpack_dont_email_post_to_subs":false,"_jetpack_newsletter_tier_id":0,"_jetpack_memberships_contains_paywalled_content":false,"_jetpack_memberships_contains_paid_content":false,"footnotes":""},"categories":[1],"tags":[11910,2195,1504],"class_list":["post-77510","post","type-post","status-publish","format-standard","has-post-thumbnail","hentry","category-sin-categoria","tag-biden-supera-a-trump","tag-encuesta","tag-presidenciales"],"jetpack_featured_media_url":"https:\/\/lasprimeras.com.do\/wp-content\/uploads\/2024\/02\/Joe-Biden-y-Donald-Trump.jpg","jetpack-related-posts":[{"id":66792,"url":"https:\/\/lasprimeras.com.do\/index.php\/2023\/11\/09\/nueva-encuesta-muestra-a-trump-cuatro-puntos-delante-de-biden\/","url_meta":{"origin":77510,"position":0},"title":"Nueva encuesta muestra a Trump cuatro puntos delante de Biden","author":"BIMARY DE JES\u00daS Matos","date":"9 de noviembre de 2023","format":false,"excerpt":"WASHINGTON.- El expresidente Donald Trump le saca cuatro puntos de ventaja (49 % frente a 45 %) al actual gobernante de EEUU, Joe Biden, por quien m\u00e1s de la mitad de los potenciales votantes dice que no votar\u00eda en ning\u00fan caso, seg\u00fan una encuesta publicada por CNN. Los resultados de\u2026","rel":"","context":"En \u00abSin categor\u00eda\u00bb","block_context":{"text":"Sin categor\u00eda","link":"https:\/\/lasprimeras.com.do\/index.php\/category\/sin-categoria\/"},"img":{"alt_text":"","src":"https:\/\/i0.wp.com\/lasprimeras.com.do\/wp-content\/uploads\/2023\/11\/WhatsApp-Image-2023-11-09-at-1.32.38-PM-4-5.jpeg?resize=350%2C200&ssl=1","width":350,"height":200,"srcset":"https:\/\/i0.wp.com\/lasprimeras.com.do\/wp-content\/uploads\/2023\/11\/WhatsApp-Image-2023-11-09-at-1.32.38-PM-4-5.jpeg?resize=350%2C200&ssl=1 1x, https:\/\/i0.wp.com\/lasprimeras.com.do\/wp-content\/uploads\/2023\/11\/WhatsApp-Image-2023-11-09-at-1.32.38-PM-4-5.jpeg?resize=525%2C300&ssl=1 1.5x"},"classes":[]},{"id":87895,"url":"https:\/\/lasprimeras.com.do\/index.php\/2024\/08\/19\/kamala-harris-supera-a-donald-trump-encuestas-muestran-5-puntos-de-diferencia\/","url_meta":{"origin":77510,"position":1},"title":"Kamala Harris supera a Donald Trump; encuestas muestran 5 puntos de diferencia","author":"Nelson Feliz","date":"19 de agosto de 2024","format":false,"excerpt":"Grethell Anguiano Mon\u00e1rrez Kamala Harris ha tomado la delantera sobre Donald Trump en las encuestas de cara a las elecciones presidenciales en Estados Unidos. Nuevas encuestas fechadas este domingo 18 de agosto indican que la candidata dem\u00f3crata tiene una ventaja del 50% frente al 45% del republicano Trump. La diferencia\u2026","rel":"","context":"En \u00abSin categor\u00eda\u00bb","block_context":{"text":"Sin categor\u00eda","link":"https:\/\/lasprimeras.com.do\/index.php\/category\/sin-categoria\/"},"img":{"alt_text":"Kamala Harris supera a Donald Trump","src":"https:\/\/i0.wp.com\/lasprimeras.com.do\/wp-content\/uploads\/2024\/08\/Kamala-Harris-supera-a-Donald-Trump.jpg?resize=350%2C200&ssl=1","width":350,"height":200,"srcset":"https:\/\/i0.wp.com\/lasprimeras.com.do\/wp-content\/uploads\/2024\/08\/Kamala-Harris-supera-a-Donald-Trump.jpg?resize=350%2C200&ssl=1 1x, https:\/\/i0.wp.com\/lasprimeras.com.do\/wp-content\/uploads\/2024\/08\/Kamala-Harris-supera-a-Donald-Trump.jpg?resize=525%2C300&ssl=1 1.5x"},"classes":[]},{"id":53396,"url":"https:\/\/lasprimeras.com.do\/index.php\/2023\/06\/26\/trump-aumenta-su-liderazgo-en-encuestas-tras-las-imputaciones-de-este-mes\/","url_meta":{"origin":77510,"position":2},"title":"Trump aumenta su liderazgo en encuestas tras las imputaciones de este mes","author":"Nelson Feliz","date":"26 de junio de 2023","format":false,"excerpt":"El expresidente se adelant\u00f3 frente a sus rivales republicanos tras ser acusado por el Departamento de Justicia. Donald Trump casi ha duplicado su ventaja sobre su oponente republicano m\u00e1s cercano para la nominaci\u00f3n presidencial del partido en 2024 desde que el exmandatario de EE.UU. fue imputado con cargos federales a\u2026","rel":"","context":"En \u00abSin categor\u00eda\u00bb","block_context":{"text":"Sin categor\u00eda","link":"https:\/\/lasprimeras.com.do\/index.php\/category\/sin-categoria\/"},"img":{"alt_text":"Donald Trump","src":"https:\/\/i0.wp.com\/lasprimeras.com.do\/wp-content\/uploads\/2023\/06\/Donald-Trump.jpg?resize=350%2C200&ssl=1","width":350,"height":200,"srcset":"https:\/\/i0.wp.com\/lasprimeras.com.do\/wp-content\/uploads\/2023\/06\/Donald-Trump.jpg?resize=350%2C200&ssl=1 1x, https:\/\/i0.wp.com\/lasprimeras.com.do\/wp-content\/uploads\/2023\/06\/Donald-Trump.jpg?resize=525%2C300&ssl=1 1.5x, https:\/\/i0.wp.com\/lasprimeras.com.do\/wp-content\/uploads\/2023\/06\/Donald-Trump.jpg?resize=700%2C400&ssl=1 2x, https:\/\/i0.wp.com\/lasprimeras.com.do\/wp-content\/uploads\/2023\/06\/Donald-Trump.jpg?resize=1050%2C600&ssl=1 3x"},"classes":[]},{"id":86127,"url":"https:\/\/lasprimeras.com.do\/index.php\/2024\/07\/18\/democratas-hacen-nuevo-esfuerzo-para-que-biden-reconsidere-su-candidatura-a-la-reeleccion\/","url_meta":{"origin":77510,"position":3},"title":"Dem\u00f3cratas hacen nuevo esfuerzo para que Biden reconsidere su candidatura a la reelecci\u00f3n","author":"Nelson Feliz","date":"18 de julio de 2024","format":false,"excerpt":"BY LISA MASCARO, ZEKE MILLER AND WILL WEISSERT WASHINGTON (AP) \u2014 El expresidente Barack Obama ha expresado en privado a otros dem\u00f3cratas sus inquietudes por la candidatura del presidente Joe Biden, y la presidenta em\u00e9rita de la C\u00e1mara de Representantes Nancy Pelosi le ha advertido en privado a Biden que\u2026","rel":"","context":"En \u00abSin categor\u00eda\u00bb","block_context":{"text":"Sin categor\u00eda","link":"https:\/\/lasprimeras.com.do\/index.php\/category\/sin-categoria\/"},"img":{"alt_text":"","src":"https:\/\/i0.wp.com\/lasprimeras.com.do\/wp-content\/uploads\/2024\/07\/Joe-Biden-5.jpg?resize=350%2C200&ssl=1","width":350,"height":200,"srcset":"https:\/\/i0.wp.com\/lasprimeras.com.do\/wp-content\/uploads\/2024\/07\/Joe-Biden-5.jpg?resize=350%2C200&ssl=1 1x, https:\/\/i0.wp.com\/lasprimeras.com.do\/wp-content\/uploads\/2024\/07\/Joe-Biden-5.jpg?resize=525%2C300&ssl=1 1.5x, https:\/\/i0.wp.com\/lasprimeras.com.do\/wp-content\/uploads\/2024\/07\/Joe-Biden-5.jpg?resize=700%2C400&ssl=1 2x"},"classes":[]},{"id":57897,"url":"https:\/\/lasprimeras.com.do\/index.php\/2023\/08\/17\/trump-disfruta-de-un-fuerte-apoyo-entre-los-republicanos\/","url_meta":{"origin":77510,"position":4},"title":"Trump disfruta de un fuerte apoyo entre los republicanos","author":"Nelson Feliz","date":"17 de agosto de 2023","format":false,"excerpt":"Las elecciones generales podr\u00edan ser una historia diferente. POR JILL COLVIN Y LINLEY SANDERS NUEVA YORK (AP) \u2014 Despu\u00e9s de cada nueva acusaci\u00f3n, Donald Trump se ha jactado de que su posici\u00f3n entre los republicanos solo mejora, y tiene raz\u00f3n. Casi dos tercios de los republicanos, el 63%, ahora dicen\u2026","rel":"","context":"En \u00abSin categor\u00eda\u00bb","block_context":{"text":"Sin categor\u00eda","link":"https:\/\/lasprimeras.com.do\/index.php\/category\/sin-categoria\/"},"img":{"alt_text":"Donald Trump","src":"https:\/\/i0.wp.com\/lasprimeras.com.do\/wp-content\/uploads\/2023\/07\/Donald-Trump.jpg?resize=350%2C200&ssl=1","width":350,"height":200,"srcset":"https:\/\/i0.wp.com\/lasprimeras.com.do\/wp-content\/uploads\/2023\/07\/Donald-Trump.jpg?resize=350%2C200&ssl=1 1x, https:\/\/i0.wp.com\/lasprimeras.com.do\/wp-content\/uploads\/2023\/07\/Donald-Trump.jpg?resize=525%2C300&ssl=1 1.5x, https:\/\/i0.wp.com\/lasprimeras.com.do\/wp-content\/uploads\/2023\/07\/Donald-Trump.jpg?resize=700%2C400&ssl=1 2x"},"classes":[]},{"id":57090,"url":"https:\/\/lasprimeras.com.do\/index.php\/2023\/08\/09\/trump-acusa-a-biden-de-ponerle-trabas-en-la-campana-para-la-casa-blanca\/","url_meta":{"origin":77510,"position":5},"title":"Trump acusa a Biden de ponerle trabas en la campa\u00f1a para la Casa Blanca","author":"Nelson Feliz","date":"9 de agosto de 2023","format":false,"excerpt":"Trump no tiene pruebas para sostener sus acusaciones. El expresidente estadounidense Donald Trump acus\u00f3 este martes sin pruebas a su rival dem\u00f3crata Joe Biden de ponerle obst\u00e1culos en la campa\u00f1a por las presidenciales de 2024 presionando a los fiscales para que le inculpen. \"\u00bfC\u00f3mo pueden mis opositores pol\u00edticos corruptos, el\u2026","rel":"","context":"En \u00abSin categor\u00eda\u00bb","block_context":{"text":"Sin categor\u00eda","link":"https:\/\/lasprimeras.com.do\/index.php\/category\/sin-categoria\/"},"img":{"alt_text":"Joe Biden y Donald Trump","src":"https:\/\/i0.wp.com\/lasprimeras.com.do\/wp-content\/uploads\/2023\/08\/Joe-Biden-y-Donald-Trump.jpeg?resize=350%2C200&ssl=1","width":350,"height":200,"srcset":"https:\/\/i0.wp.com\/lasprimeras.com.do\/wp-content\/uploads\/2023\/08\/Joe-Biden-y-Donald-Trump.jpeg?resize=350%2C200&ssl=1 1x, https:\/\/i0.wp.com\/lasprimeras.com.do\/wp-content\/uploads\/2023\/08\/Joe-Biden-y-Donald-Trump.jpeg?resize=525%2C300&ssl=1 1.5x, https:\/\/i0.wp.com\/lasprimeras.com.do\/wp-content\/uploads\/2023\/08\/Joe-Biden-y-Donald-Trump.jpeg?resize=700%2C400&ssl=1 2x"},"classes":[]}],"jetpack_sharing_enabled":true,"_links":{"self":[{"href":"https:\/\/lasprimeras.com.do\/index.php\/wp-json\/wp\/v2\/posts\/77510","targetHints":{"allow":["GET"]}}],"collection":[{"href":"https:\/\/lasprimeras.com.do\/index.php\/wp-json\/wp\/v2\/posts"}],"about":[{"href":"https:\/\/lasprimeras.com.do\/index.php\/wp-json\/wp\/v2\/types\/post"}],"author":[{"embeddable":true,"href":"https:\/\/lasprimeras.com.do\/index.php\/wp-json\/wp\/v2\/users\/2"}],"replies":[{"embeddable":true,"href":"https:\/\/lasprimeras.com.do\/index.php\/wp-json\/wp\/v2\/comments?post=77510"}],"version-history":[{"count":1,"href":"https:\/\/lasprimeras.com.do\/index.php\/wp-json\/wp\/v2\/posts\/77510\/revisions"}],"predecessor-version":[{"id":77512,"href":"https:\/\/lasprimeras.com.do\/index.php\/wp-json\/wp\/v2\/posts\/77510\/revisions\/77512"}],"wp:featuredmedia":[{"embeddable":true,"href":"https:\/\/lasprimeras.com.do\/index.php\/wp-json\/wp\/v2\/media\/77511"}],"wp:attachment":[{"href":"https:\/\/lasprimeras.com.do\/index.php\/wp-json\/wp\/v2\/media?parent=77510"}],"wp:term":[{"taxonomy":"category","embeddable":true,"href":"https:\/\/lasprimeras.com.do\/index.php\/wp-json\/wp\/v2\/categories?post=77510"},{"taxonomy":"post_tag","embeddable":true,"href":"https:\/\/lasprimeras.com.do\/index.php\/wp-json\/wp\/v2\/tags?post=77510"}],"curies":[{"name":"wp","href":"https:\/\/api.w.org\/{rel}","templated":true}]}}