{"id":77513,"date":"2024-02-21T23:20:14","date_gmt":"2024-02-22T03:20:14","guid":{"rendered":"https:\/\/lasprimeras.com.do\/?p=77513"},"modified":"2024-02-21T23:20:14","modified_gmt":"2024-02-22T03:20:14","slug":"alcalde-adams-no-podemos-permitir-que-los-violentos-crean-que-tienen-un-santuario-aqui","status":"publish","type":"post","link":"https:\/\/lasprimeras.com.do\/index.php\/2024\/02\/21\/alcalde-adams-no-podemos-permitir-que-los-violentos-crean-que-tienen-un-santuario-aqui\/","title":{"rendered":"Alcalde Adams: \u201cNo podemos permitir que los violentos crean que tienen un santuario aqu\u00ed\u201d"},"content":{"rendered":"\n<p><strong>En medio de la crisis que la Gran Manzana enfrenta con la llegada de m\u00e1s de 177,000 nuevos migrantes, el mandatario advirti\u00f3 que aunque la amplia mayor\u00eda son personas que respetan la ley, aquellos que cometan cr\u00edmenes deben pagar por sus actos, por lo que insiste en que se deben revisar normas de las leyes de &#8216;Ciudad Santuario&#8217;, como aquella que proh\u00edbe entregarlos a &#8216;La Migra&#8217;<\/strong><\/p>\n\n\n\n<p>Por Edwin Mart\u00ednez<\/p>\n\n\n\n<p>La crisis de los reci\u00e9n llegados en la Gran Manzana y el manejo que las autoridades municipales han dado a la presencia de los m\u00e1s de 177,000 nuevos migrantes, ha hecho que organizaciones, inmigrantes antiguos, neoyorquinos progresistas, pol\u00edticos, neoyorquinos conservadores, ciudadanos nacidos en el pa\u00eds, y residentes del com\u00fan, exterioricen sus propias posturas.<\/p>\n\n\n\n<p>Y aunque desde diferentes frentes el pulso se mueve entre puntos opuestos que van desde aquellos que insisten en que la Ciudad debe garantizar sin l\u00edmite alguno, la permanencia de los nuevos migrantes en albergues y hoteles de emergencia, alimentarlos, y cubrir sus necesidades b\u00e1sicas, hasta los m\u00e1s extremos que piden que no se invierta un solo d\u00f3lar m\u00e1s en quienes han llegado a Nueva York desde la primavera del 2022 y \u201cse la rebusquen como puedan\u201d, algunos robos y hechos violentos registrados en lo que va del 2024 por parte de reci\u00e9n llegados han desatado rechazo e indignaci\u00f3n generalizada.<\/p>\n\n\n\n<p>En esa t\u00f3nica el alcalde, Eric Adams, insiste de manera contundente en no poner en la misma bolsa a todos los migrantes nuevos y solicitantes de asilo bajo el r\u00f3tulo de \u201cmalandros\u201d y \u201cdelincuentes\u201d.<\/p>\n\n\n\n<p>Sin embargo, ha sido tajante en advertir que Nueva York no puede permitir que aquellos actores violentos que no respeten la ley vean a la Gran Manzana como una cueva santuario para delincuentes que est\u00e1n usando su estatus de reci\u00e9n llegados y los beneficios que les da la Ciudad para delinquir.<\/p>\n\n\n\n<p>En entrevista con El Diario NY, el mandatario local recalc\u00f3 que la abrumadora mayor\u00eda de los nuevos migrantes son respetuosos de la ley, pero haciendo eco de comunidades y diferentes sectores que rechazan que quienes cometan delitos no paguen por sus actos, advirti\u00f3 que deber\u00eda cambiarse la prohibici\u00f3n de Ciudad Santuario que protege a los inmigrantes sin papeles que cometan cr\u00edmenes de ser entregados a \u2018La Migra\u2019 para ser deportados, lo que afectar\u00eda tambi\u00e9n a inmigrantes sin documentos de larga data.<\/p>\n\n\n\n<p>Adams aclar\u00f3 que pedir que quienes cometan delitos tengan consecuencias penales no es ser antiinmigrante, y dijo que cualquiera que infrinja la ley debe rendir cuentas, sin importar cu\u00e1l sea su estatus.<\/p>\n\n\n\n<p>Por otro lado y ante el cuestionamiento sobre si la Ciudad tiene informaci\u00f3n verificable del historial judicial de los migrantes que ha ayudado desde hace casi dos a\u00f1os, el Alcalde Adams reconoci\u00f3 que debido a limitantes, como la falta de acceso a datos de autoridades venezolanas, no existe la manera de conocer a ciencia cierta quien tiene o no arrestos previos o quien ha cometido delitos ni de qu\u00e9 tipo.<\/p>\n\n\n\n<p>Sin embargo recalc\u00f3 que hacen las mayores averiguaciones posibles de quienes llegan a los albergues, hasta donde las leyes locales y los recursos lo permitan.<\/p>\n\n\n\n<p>Alcalde, Nueva York es una Ciudad Santuario que protege a inmigrantes de ser entregados a ICE \u00bfpero, c\u00f3mo hacer para garantizar que los reci\u00e9n llegados que cometan delitos violentos paguen por sus actos sin afectar las protecciones de Ciudad Santuario para aquellos migrantes que respetan la ley?<\/p>\n\n\n\n<p>\u201cPrimero, la gente necesita estar clara en que tenemos que hacer que personas violentas respondan por sus actos, sin importar si son indocumentados, documentados, neoyorquinos de hace mucho tiempo, o reci\u00e9n llegados.<\/p>\n\n\n\n<p>Cuando hablo con mi comunidad de inmigrantes, ellos tienen claro que no quieren violencia en sus calles, y por eso a la gente que da la impresi\u00f3n de que hacer que personas violentas que son indocumentadas paguen por sus actos es antiinmigrante, les digo que eso no es cierto.<\/p>\n\n\n\n<p>Creo que lo que debemos hacer es (revisar) las leyes originales de la Ciudad Santuario. Las leyes, que se introdujeron durante el mandato del exalcalde Ed Koch (1989) ten\u00eda leyes importantes que proteg\u00edan a los inmigrantes que obedec\u00edan la ley en nuestra ciudad.<\/p>\n\n\n\n<p>Pero hubo modificaciones que se hicieron bajo el mandato del exalcalde Bill de Blasio, que elimin\u00f3 el hecho de que si alguien comet\u00eda un delito grave pod\u00edamos comunicarnos con ICE (\u2018La Migra\u2019) para prop\u00f3sitos de deportaci\u00f3n.<\/p>\n\n\n\n<p>Creo que debemos reexaminar eso y ver si es la decisi\u00f3n correcta. No podemos permitir que quienes sean violentos en nuestra ciudad crean que pueden tener un santuario aqu\u00ed.<\/p>\n\n\n\n<p>Tenemos el caso de un joven que fue sorprendido agrediendo a la polic\u00eda, luego fue liberado y fue a Queens, cometi\u00f3 un robo, y agredi\u00f3 a un empleado de seguridad de la tienda mientras estaba all\u00ed. Eso sencillamente es inaceptable. Eso manda un mensaje equivocado.<\/p>\n\n\n\n<p>Debemos asegurarnos de que cualquiera que infrinja la ley rinda cuentas, sin importar cu\u00e1l sea su estatus\u201d.<\/p>\n\n\n\n<p>\u00bfAlcalde, ustedes tienen plena certeza de qui\u00e9nes son todos los migrantes que est\u00e1n en los albergues? \u00bfC\u00f3mo se aseguran de que no haya algunos que sean criminales huyendo?<\/p>\n\n\n\n<p>\u201cAnte todo quiero ser muy claro en esto. La abrumadora cantidad de los 177,000 inmigrantes y solicitantes de asilo, y el mill\u00f3n de inmigrantes que est\u00e1n aqu\u00ed, proporcionan un rico ingrediente a nuestra ciudad y a nuestro pa\u00eds. Esta es una ciudad de inmigrantes, y es por eso que no debemos permitir que esos peque\u00f1os grupos que son violentos se oculten en el hecho de que son inmigrantes o migrantes.<\/p>\n\n\n\n<p>Su pregunta es correcta. Y piense en esto. Eso no deber\u00eda ser responsabilidad de una ciudad. Eso deber\u00eda abordarse y gestionarse en la frontera, cuando la gente llega, o cuando son dejados en nuestra ciudad con la protecci\u00f3n que se les otorga.<br>Pero deber\u00edamos tener plena seguridad de que a quienes ingresen a nuestro pa\u00eds se les realiza la investigaci\u00f3n adecuada. Asegurarnos que no son de alguna pandilla ilegal o de alguna afiliaci\u00f3n ni que tengan cualquier historia violenta.<\/p>\n\n\n\n<p>El Gobierno Federal deber\u00eda asegurarse de hacer su trabajo en la frontera en lugar de entregarlos a ciudades como Chicago, Nueva York, Houston, Los \u00c1ngeles, Boston. Est\u00e1 mal que el Gobierno federal no est\u00e9 haciendo su trabajo\u201d.<\/p>\n\n\n\n<p>\u00bfPero c\u00f3mo manejan ustedes ese asunto en Nueva York en los albergues?<\/p>\n\n\n\n<p>\u201cAqu\u00ed estamos tomando todas las medidas necesarias durante nuestro proceso de admisi\u00f3n. Garantizamos que las personas puedan obtener la identificaci\u00f3n municipal y realizar la mayor investigaci\u00f3n posible. Pero las leyes no nos permiten preguntarle a la gente sobre su estatus migratorio.<\/p>\n\n\n\n<p>Por eso tenemos que depender de que el Gobierno Federal haga ese trabajo. Y en este momento. No lo est\u00e1n haciendo. Pero aqu\u00ed, en los albergues, sobre la gran mayor\u00eda de personas que vienen aqu\u00ed s\u00ed tenemos alg\u00fan tipo de identificaci\u00f3n. Tienen alg\u00fan tipo de identificaci\u00f3n.<\/p>\n\n\n\n<p>Y entonces usamos esa identificaci\u00f3n para el proceso. Tienen alg\u00fan tipo de documentaci\u00f3n. Hemos ayudado. Hemos ayudado a casi m\u00e1s de 25,000 a obtener TPS o estatus laboral. Y tienen que tener documentos para hacer eso. No es que simplemente aceptamos a las personas y simplemente les dejamos decir qui\u00e9nes son y c\u00f3mo se llaman y ya, sin hacer alg\u00fan tipo de verificaci\u00f3n.<\/p>\n\n\n\n<p>Un abrumador n\u00famero tiene alg\u00fan tipo de documentaci\u00f3n, pero tambi\u00e9n recuerden que incluso con esa documentaci\u00f3n, no sabemos mucho de ellos. No conocemos su historial de arrestos en Venezuela, porque no tenemos acceso a esos archivos\u201c.<\/p>\n\n\n\n<p>\u00bfAlcalde, pero no resulta preocupante que no se tenga informaci\u00f3n m\u00e1s precisa de todas las personas que est\u00e1n siendo ayudadas por la Ciudad?<\/p>\n\n\n\n<p>\u201cEs por eso que necesitamos a todos nuestros l\u00edderes para que nos ayuden a que el Gobierno Federal haga su trabajo. Voy a tener una reuni\u00f3n la pr\u00f3xima semana con los l\u00edderes nacionales de inmigraci\u00f3n, a quienes les vamos a solicitar su apoyo porque esto afecta a aquellos que buscan continuar con sus pr\u00f3ximos pasos hacia el sue\u00f1o americano: Todos venimos de alg\u00fan lugar, y nos afecta cuando intentamos garantizar que aquellos que quieren perseguir el sue\u00f1o americano no sean v\u00edctimas de parte de esta violencia, porque gran parte de esta violencia est\u00e1 siendo infligida a las mismas poblaciones de inmigrantes que buscamos proteger.<\/p>\n\n\n\n<p>Por eso necesitamos la ayuda del gobierno federal y creo que necesitamos cambiar las leyes actuales de nuestras ciudades santuario para permitirnos cooperar con (\u2018La Migra\u2019) cuando se trata de personas violentas. En este momento no podemos. La ley no nos permite hacerlo\u201d.<\/p>\n\n\n\n<p>\u00bfQu\u00e9 est\u00e1n haciendo para garantizar que \u201cEl Tren de Aragua\u201d, una de las organizaciones criminales m\u00e1s sanguinarias que opera desde las c\u00e1rceles de Venezuela, que ya est\u00e1 en pa\u00edses como Colombia, Ecuador y Chile, y de la que estados como Florida e Illinois ya han detectado su presencia, no llegue a imponer sus actos criminales en Nueva York?<\/p>\n\n\n\n<p>\u201cNo estamos autorizados a poder coordinarnos con ICE, por asuntos de inmigraci\u00f3n, pero podemos coordinarnos con nuestros socios federales y estatales para combatir el crimen. Y por eso ya existe un grupo de trabajo conjunto con socios federales y estatales. Y vamos a utilizar la informaci\u00f3n, particularmente de esas pandillas peligrosas, y nos aseguraremos de informar e informar a nuestro departamento de polic\u00eda para que est\u00e9 atento a ellas y asociarnos con nuestros socios federales y estatales para realizar detenciones cuando se trate de comportamientos delictivos\u201d.<\/p>\n\n\n\n<p>\u00bfPero en este momento tienen alguna evidencia de que \u201cEl Tren de Aragua\u201d ya est\u00e1 en Nueva York? \u201cNo, en este momento no. No en este momento\u201d.<\/p>\n\n\n\n<p>Fuente Eldiariony.com<\/p>\n","protected":false},"excerpt":{"rendered":"<p>En medio de la crisis que la Gran Manzana enfrenta con la llegada de m\u00e1s de 177,000 nuevos migrantes, el mandatario advirti\u00f3 que aunque la amplia mayor\u00eda son personas que&hellip;<\/p>\n","protected":false},"author":2,"featured_media":77514,"comment_status":"open","ping_status":"open","sticky":false,"template":"","format":"standard","meta":{"content-type":"","jetpack_post_was_ever_published":false,"_jetpack_newsletter_access":"","_jetpack_dont_email_post_to_subs":false,"_jetpack_newsletter_tier_id":0,"_jetpack_memberships_contains_paywalled_content":false,"_jetpack_memberships_contains_paid_content":false,"footnotes":""},"categories":[1],"tags":[8117,4685,104,11911,7089],"class_list":["post-77513","post","type-post","status-publish","format-standard","has-post-thumbnail","hentry","category-sin-categoria","tag-alcalde-adams","tag-gran-manzana","tag-nueva-york","tag-santuario","tag-violentos"],"jetpack_featured_media_url":"https:\/\/lasprimeras.com.do\/wp-content\/uploads\/2024\/02\/alcalde-Eric-Adams.jpg","jetpack-related-posts":[{"id":61997,"url":"https:\/\/lasprimeras.com.do\/index.php\/2023\/10\/02\/alcalde-adams-intenta-conjurar-crisis-de-nuevos-migrantes-desde-dos-frentes-de-batalla-en-nyc\/","url_meta":{"origin":77513,"position":0},"title":"Alcalde Adams intenta conjurar crisis de nuevos migrantes desde dos frentes de batalla en NYC","author":"Nelson Feliz","date":"2 de octubre de 2023","format":false,"excerpt":"La Administraci\u00f3n Municipal busca frenar el arribo de m\u00e1s reci\u00e9n llegados a la Gran Manzana, disuadi\u00e9ndolos de venir, con panfletos, lo que ha dividido opiniones, pero por otro lado, promueve una iniciativa para permitir que los que ya est\u00e1n en la ciudad y no encuentran apartamentos en los cinco condados,\u2026","rel":"","context":"En \u00abSin categor\u00eda\u00bb","block_context":{"text":"Sin categor\u00eda","link":"https:\/\/lasprimeras.com.do\/index.php\/category\/sin-categoria\/"},"img":{"alt_text":"","src":"https:\/\/i0.wp.com\/lasprimeras.com.do\/wp-content\/uploads\/2023\/10\/NY.jpg?resize=350%2C200&ssl=1","width":350,"height":200,"srcset":"https:\/\/i0.wp.com\/lasprimeras.com.do\/wp-content\/uploads\/2023\/10\/NY.jpg?resize=350%2C200&ssl=1 1x, https:\/\/i0.wp.com\/lasprimeras.com.do\/wp-content\/uploads\/2023\/10\/NY.jpg?resize=525%2C300&ssl=1 1.5x, https:\/\/i0.wp.com\/lasprimeras.com.do\/wp-content\/uploads\/2023\/10\/NY.jpg?resize=700%2C400&ssl=1 2x"},"classes":[]},{"id":93817,"url":"https:\/\/lasprimeras.com.do\/index.php\/2025\/02\/21\/en-pausa-futuro-penal-del-alcalde-adams-mientras-crece-llamado-a-que-renuncie\/","url_meta":{"origin":77513,"position":1},"title":"En pausa futuro penal del alcalde Adams mientras crece llamado a que renuncie","author":"Nelson Feliz","date":"21 de febrero de 2025","format":false,"excerpt":"Este mi\u00e9rcoles un juez federal no decidi\u00f3 todav\u00eda si desestima o no los cargos de corrupci\u00f3n contra el mandatario Por Edwin Mart\u00ednez Este mi\u00e9rcoles 19 de febrero marc\u00f3 un nuevo episodio en la batalla que el alcalde de Nueva York, Eric Adams, lleva meses librando tras un proceso penal en\u2026","rel":"","context":"En \u00abINTERNACIONALES\u00bb","block_context":{"text":"INTERNACIONALES","link":"https:\/\/lasprimeras.com.do\/index.php\/category\/sin-categoria\/internacionales\/"},"img":{"alt_text":"","src":"https:\/\/i0.wp.com\/lasprimeras.com.do\/wp-content\/uploads\/2025\/02\/Eric-Adams.png?resize=350%2C200&ssl=1","width":350,"height":200,"srcset":"https:\/\/i0.wp.com\/lasprimeras.com.do\/wp-content\/uploads\/2025\/02\/Eric-Adams.png?resize=350%2C200&ssl=1 1x, https:\/\/i0.wp.com\/lasprimeras.com.do\/wp-content\/uploads\/2025\/02\/Eric-Adams.png?resize=525%2C300&ssl=1 1.5x, https:\/\/i0.wp.com\/lasprimeras.com.do\/wp-content\/uploads\/2025\/02\/Eric-Adams.png?resize=700%2C400&ssl=1 2x"},"classes":[]},{"id":72816,"url":"https:\/\/lasprimeras.com.do\/index.php\/2024\/01\/03\/alcalde-adams-entra-en-una-etapa-clave-para-su-reeleccion-crisis-migratoria-en-la-linea-de-fuego\/","url_meta":{"origin":77513,"position":2},"title":"Alcalde Adams entra en una etapa clave para su reelecci\u00f3n: Crisis migratoria en la \u201cl\u00ednea de fuego\u201d","author":"Nelson Feliz","date":"3 de enero de 2024","format":false,"excerpt":"El mandatario municipal cierra el 2023 enfrentando acusaciones que podr\u00edan complicar su ruta a un segundo periodo en el cargo. Algunos l\u00edderes electos hispanos son sus m\u00e1s ac\u00e9rrimos cr\u00edticos. Otros aseguran que est\u00e1 \"leyendo muy bien\" las encuestas de los neoyorquinos. Por Fernando Mart\u00ednez El alcalde de la Ciudad Nueva\u2026","rel":"","context":"En \u00abSin categor\u00eda\u00bb","block_context":{"text":"Sin categor\u00eda","link":"https:\/\/lasprimeras.com.do\/index.php\/category\/sin-categoria\/"},"img":{"alt_text":"Eric Adams","src":"https:\/\/i0.wp.com\/lasprimeras.com.do\/wp-content\/uploads\/2024\/01\/Eric-Adams.jpg?resize=350%2C200&ssl=1","width":350,"height":200,"srcset":"https:\/\/i0.wp.com\/lasprimeras.com.do\/wp-content\/uploads\/2024\/01\/Eric-Adams.jpg?resize=350%2C200&ssl=1 1x, https:\/\/i0.wp.com\/lasprimeras.com.do\/wp-content\/uploads\/2024\/01\/Eric-Adams.jpg?resize=525%2C300&ssl=1 1.5x, https:\/\/i0.wp.com\/lasprimeras.com.do\/wp-content\/uploads\/2024\/01\/Eric-Adams.jpg?resize=700%2C400&ssl=1 2x"},"classes":[]},{"id":92872,"url":"https:\/\/lasprimeras.com.do\/index.php\/2025\/01\/18\/alcalde-de-ny-se-reune-con-zar-de-la-frontera-de-trump-para-discutir-como-ir-tras-criminales\/","url_meta":{"origin":77513,"position":3},"title":"Alcalde de NY se re\u00fane con \u201czar de la frontera\u201d de Trump para discutir c\u00f3mo ir tras criminales","author":"Nelson Feliz","date":"18 de enero de 2025","format":false,"excerpt":"POR ANTHONY IZAGUIRRE and CEDAR ATTANASIO NUEVA YORK (AP) \u2014 El alcalde de la ciudad de Nueva York, Eric Adams, se reuni\u00f3 el jueves con el \u201czar de la frontera\u201d del presidente electo Donald Trump, Tom Homan, y el alcalde dem\u00f3crata expres\u00f3 entusiasmo por trabajar con el gobierno entrante para\u2026","rel":"","context":"En \u00abINTERNACIONALES\u00bb","block_context":{"text":"INTERNACIONALES","link":"https:\/\/lasprimeras.com.do\/index.php\/category\/sin-categoria\/internacionales\/"},"img":{"alt_text":"","src":"https:\/\/i0.wp.com\/lasprimeras.com.do\/wp-content\/uploads\/2025\/01\/Eric-Adams-1.jpg?resize=350%2C200&ssl=1","width":350,"height":200,"srcset":"https:\/\/i0.wp.com\/lasprimeras.com.do\/wp-content\/uploads\/2025\/01\/Eric-Adams-1.jpg?resize=350%2C200&ssl=1 1x, https:\/\/i0.wp.com\/lasprimeras.com.do\/wp-content\/uploads\/2025\/01\/Eric-Adams-1.jpg?resize=525%2C300&ssl=1 1.5x, https:\/\/i0.wp.com\/lasprimeras.com.do\/wp-content\/uploads\/2025\/01\/Eric-Adams-1.jpg?resize=700%2C400&ssl=1 2x"},"classes":[]},{"id":101337,"url":"https:\/\/lasprimeras.com.do\/index.php\/2025\/06\/20\/andrew-cuomo-cuando-gane-alcaldia-nyc-anularia-orden-ejecutiva-alcalde-adams\/","url_meta":{"origin":77513,"position":4},"title":"Andrew Cuomo: Cuando gane alcald\u00eda NYC anular\u00eda orden ejecutiva alcalde Adams","author":"Nelson Feliz","date":"20 de junio de 2025","format":false,"excerpt":"Por Ram\u00f3n Mercedes NUEVA YORK.- Dominicanos residentes en El Bronx manifestaron valorar lo planteado por el ex gobernador de NY, Andrew Cuomo, de que cuando gane las elecciones del pr\u00f3ximo 4 de noviembre anular\u00eda la orden ejecutiva del alcalde Eric Adams. Los quisqueyanos en El Bronx, lugar donde residen m\u00e1s\u2026","rel":"","context":"En \u00abINTERNACIONALES\u00bb","block_context":{"text":"INTERNACIONALES","link":"https:\/\/lasprimeras.com.do\/index.php\/category\/sin-categoria\/internacionales\/"},"img":{"alt_text":"Cuomo Cuando gane alcald\u00eda NYC anular\u00eda orden ejecutiva alcalde Adams","src":"https:\/\/i0.wp.com\/lasprimeras.com.do\/wp-content\/uploads\/2025\/06\/WhatsApp-Image-2025-06-20-at-4.53.50-AM-1.jpeg?resize=350%2C200&ssl=1","width":350,"height":200,"srcset":"https:\/\/i0.wp.com\/lasprimeras.com.do\/wp-content\/uploads\/2025\/06\/WhatsApp-Image-2025-06-20-at-4.53.50-AM-1.jpeg?resize=350%2C200&ssl=1 1x, https:\/\/i0.wp.com\/lasprimeras.com.do\/wp-content\/uploads\/2025\/06\/WhatsApp-Image-2025-06-20-at-4.53.50-AM-1.jpeg?resize=525%2C300&ssl=1 1.5x"},"classes":[]},{"id":78071,"url":"https:\/\/lasprimeras.com.do\/index.php\/2024\/02\/27\/alcalde-de-ny-pide-mayor-cooperacion-entre-la-policia-y-las-autoridades-de-inmigracion\/","url_meta":{"origin":77513,"position":5},"title":"Alcalde de NY pide mayor cooperaci\u00f3n entre la polic\u00eda y las autoridades de inmigraci\u00f3n","author":"Nelson Feliz","date":"27 de febrero de 2024","format":false,"excerpt":"POR JAKE OFFENHARTZ NUEVA YORK (AP) \u2014 El alcalde de la ciudad de Nueva York, Eric Adams, pidi\u00f3 el martes una mayor cooperaci\u00f3n entre la polic\u00eda local y las autoridades federales de inmigraci\u00f3n, atacando las pol\u00edticas actuales de la ciudad que limitan dicha comunicaci\u00f3n como perjudiciales para la seguridad p\u00fablica.\u2026","rel":"","context":"En \u00abSin categor\u00eda\u00bb","block_context":{"text":"Sin categor\u00eda","link":"https:\/\/lasprimeras.com.do\/index.php\/category\/sin-categoria\/"},"img":{"alt_text":"Eric Adams","src":"https:\/\/i0.wp.com\/lasprimeras.com.do\/wp-content\/uploads\/2024\/02\/Eric-Adams.jpg?resize=350%2C200&ssl=1","width":350,"height":200,"srcset":"https:\/\/i0.wp.com\/lasprimeras.com.do\/wp-content\/uploads\/2024\/02\/Eric-Adams.jpg?resize=350%2C200&ssl=1 1x, https:\/\/i0.wp.com\/lasprimeras.com.do\/wp-content\/uploads\/2024\/02\/Eric-Adams.jpg?resize=525%2C300&ssl=1 1.5x, https:\/\/i0.wp.com\/lasprimeras.com.do\/wp-content\/uploads\/2024\/02\/Eric-Adams.jpg?resize=700%2C400&ssl=1 2x"},"classes":[]}],"jetpack_sharing_enabled":true,"_links":{"self":[{"href":"https:\/\/lasprimeras.com.do\/index.php\/wp-json\/wp\/v2\/posts\/77513","targetHints":{"allow":["GET"]}}],"collection":[{"href":"https:\/\/lasprimeras.com.do\/index.php\/wp-json\/wp\/v2\/posts"}],"about":[{"href":"https:\/\/lasprimeras.com.do\/index.php\/wp-json\/wp\/v2\/types\/post"}],"author":[{"embeddable":true,"href":"https:\/\/lasprimeras.com.do\/index.php\/wp-json\/wp\/v2\/users\/2"}],"replies":[{"embeddable":true,"href":"https:\/\/lasprimeras.com.do\/index.php\/wp-json\/wp\/v2\/comments?post=77513"}],"version-history":[{"count":1,"href":"https:\/\/lasprimeras.com.do\/index.php\/wp-json\/wp\/v2\/posts\/77513\/revisions"}],"predecessor-version":[{"id":77515,"href":"https:\/\/lasprimeras.com.do\/index.php\/wp-json\/wp\/v2\/posts\/77513\/revisions\/77515"}],"wp:featuredmedia":[{"embeddable":true,"href":"https:\/\/lasprimeras.com.do\/index.php\/wp-json\/wp\/v2\/media\/77514"}],"wp:attachment":[{"href":"https:\/\/lasprimeras.com.do\/index.php\/wp-json\/wp\/v2\/media?parent=77513"}],"wp:term":[{"taxonomy":"category","embeddable":true,"href":"https:\/\/lasprimeras.com.do\/index.php\/wp-json\/wp\/v2\/categories?post=77513"},{"taxonomy":"post_tag","embeddable":true,"href":"https:\/\/lasprimeras.com.do\/index.php\/wp-json\/wp\/v2\/tags?post=77513"}],"curies":[{"name":"wp","href":"https:\/\/api.w.org\/{rel}","templated":true}]}}