{"id":77516,"date":"2024-02-21T23:27:19","date_gmt":"2024-02-22T03:27:19","guid":{"rendered":"https:\/\/lasprimeras.com.do\/?p=77516"},"modified":"2024-02-21T23:27:21","modified_gmt":"2024-02-22T03:27:21","slug":"instituto-espaillat-cabral-implementa-inteligencia-artificial-con-la-asistente-virtual-iris","status":"publish","type":"post","link":"https:\/\/lasprimeras.com.do\/index.php\/2024\/02\/21\/instituto-espaillat-cabral-implementa-inteligencia-artificial-con-la-asistente-virtual-iris\/","title":{"rendered":"Instituto Espaillat Cabral implementa inteligencia artificial con la asistente virtual: Iris"},"content":{"rendered":"\n<p>El Instituto Espaillat Cabral, reconocido centro oftalmol\u00f3gico, l\u00edder en innovaci\u00f3n y calidad de atenci\u00f3n, anunci\u00f3 la introducci\u00f3n del revolucionario sistema inteligencia artificial, la asistente virtual Iris, como parte integral de su compromiso continuo con la excelencia en el servicio al paciente.<\/p>\n\n\n\n<p>Iris ha sido dise\u00f1ada para mejorar significativamente la experiencia del paciente, al ofrecer un canal de comunicaci\u00f3n efectivo y eficiente. Con una gama de funciones destinadas a simplificar y optimizar los procesos de atenci\u00f3n al paciente, Iris se posiciona como una aliada valiosa para los pacientes.<\/p>\n\n\n\n<p>Entre las principales caracter\u00edsticas de Iris se encuentra una gesti\u00f3n eficiente de coordinaci\u00f3n y confirmaci\u00f3n de citas.<\/p>\n\n\n\n<p>La plataforma simplifica estos procesos al recordar y confirmar autom\u00e1ticamente las citas programadas, brindando as\u00ed un servicio m\u00e1s conveniente y organizado.<\/p>\n\n\n\n<p>Iris tambi\u00e9n ofrece la posibilidad de realizar pagos en l\u00ednea de manera r\u00e1pida y segura. Los pacientes pueden efectuar sus pagos f\u00e1cilmente a trav\u00e9s del enlace proporcionado por la plataforma, asegurando una experiencia de pago segura y sin complicaciones.<\/p>\n\n\n\n<p>En adici\u00f3n a estas funcionalidades, Iris se presenta como una herramienta integral, al proporcionar al p\u00fablico informaci\u00f3n general sobre el Instituto Espaillat Cabral, incluyendo servicios ofrecidos, horarios de atenci\u00f3n, ubicaci\u00f3n y otros datos relevantes.<\/p>\n\n\n\n<p>Para acceder a Iris y disfrutar de estos beneficios, los pacientes pueden comunicarse a trav\u00e9s del WhatsApp al 849-634-0268 o enviar un correo electr\u00f3nico a iris@espaillatcabral.com.<\/p>\n\n\n\n<p>La implementaci\u00f3n de Iris refleja el compromiso continuo del Instituto Espaillat Cabral con la adopci\u00f3n de tecnolog\u00edas innovadoras de inteligencia artificial para mejorar la atenci\u00f3n al paciente y hacer m\u00e1s c\u00f3moda y accesible la experiencia oftalmol\u00f3gica.<\/p>\n","protected":false},"excerpt":{"rendered":"<p>El Instituto Espaillat Cabral, reconocido centro oftalmol\u00f3gico, l\u00edder en innovaci\u00f3n y calidad de atenci\u00f3n, anunci\u00f3 la introducci\u00f3n del revolucionario sistema inteligencia artificial, la asistente virtual Iris, como parte integral de&hellip;<\/p>\n","protected":false},"author":2,"featured_media":77518,"comment_status":"open","ping_status":"open","sticky":false,"template":"","format":"standard","meta":{"content-type":"","jetpack_post_was_ever_published":false,"_jetpack_newsletter_access":"","_jetpack_dont_email_post_to_subs":false,"_jetpack_newsletter_tier_id":0,"_jetpack_memberships_contains_paywalled_content":false,"_jetpack_memberships_contains_paid_content":false,"footnotes":""},"categories":[1],"tags":[11912,11913,85,11914],"class_list":["post-77516","post","type-post","status-publish","format-standard","has-post-thumbnail","hentry","category-sin-categoria","tag-asistente-virtual","tag-instituto-espaillat-cabral","tag-inteligencia-artificial","tag-iris"],"jetpack_featured_media_url":"https:\/\/lasprimeras.com.do\/wp-content\/uploads\/2024\/02\/Iris-Asistente-Virtual.png","jetpack-related-posts":[{"id":106873,"url":"https:\/\/lasprimeras.com.do\/index.php\/2025\/08\/20\/celebran-el-tercer-campamento-de-tenis-de-mesa-blanca-iris-alejo\/","url_meta":{"origin":77516,"position":0},"title":"Celebran el tercer campamento de tenis de mesa \u201cBlanca Iris Alejo\u201d","author":"Nelson Feliz","date":"20 de agosto de 2025","format":false,"excerpt":"Ni\u00f1os de los barrios de Sim\u00f3n Bol\u00edvar, Capotillo, Las Ca\u00f1itas, Ensanche Luper\u00f3n y Ensanche Espaillat. \u201cCada uno de estos ni\u00f1os representa una nueva esperanza para el pa\u00eds\u201d, coment\u00f3 Blancas Iris Alejo, Inmortal del Deporte Dominicano al permanecer por 24 a\u00f1os como miembro de la selecci\u00f3n nacional de tenis de mesa.\u2026","rel":"","context":"En \u00abDEPORTES\u00bb","block_context":{"text":"DEPORTES","link":"https:\/\/lasprimeras.com.do\/index.php\/category\/deportes\/"},"img":{"alt_text":"","src":"https:\/\/i0.wp.com\/lasprimeras.com.do\/wp-content\/uploads\/2025\/08\/Campamento-de-Tenis-de-Mesa-1.jpg?resize=350%2C200&ssl=1","width":350,"height":200,"srcset":"https:\/\/i0.wp.com\/lasprimeras.com.do\/wp-content\/uploads\/2025\/08\/Campamento-de-Tenis-de-Mesa-1.jpg?resize=350%2C200&ssl=1 1x, https:\/\/i0.wp.com\/lasprimeras.com.do\/wp-content\/uploads\/2025\/08\/Campamento-de-Tenis-de-Mesa-1.jpg?resize=525%2C300&ssl=1 1.5x, https:\/\/i0.wp.com\/lasprimeras.com.do\/wp-content\/uploads\/2025\/08\/Campamento-de-Tenis-de-Mesa-1.jpg?resize=700%2C400&ssl=1 2x"},"classes":[]},{"id":110743,"url":"https:\/\/lasprimeras.com.do\/index.php\/2025\/10\/01\/exdiputada-iris-familia-llama-a-tomar-conciencia-sobre-el-manejo-de-la-basura\/","url_meta":{"origin":77516,"position":1},"title":"Exdiputada Iris Familia llama a tomar conciencia sobre el manejo de la basura","author":"Nelson Feliz","date":"1 de octubre de 2025","format":false,"excerpt":"Por Ram\u00f3n Mercedes NUEVA YORK.- La exdiputada por la circunscripci\u00f3n 1-USA en el exterior, Servia Iris Familia, abog\u00f3 por la toma de conciencia de la ciudadan\u00eda en general sobre el destino de los residuos s\u00f3lidos por el hecho de que su mal manejo ocasiona significativos trastornos que provocan inundaciones de\u2026","rel":"","context":"En \u00abPOLITICA\u00bb","block_context":{"text":"POLITICA","link":"https:\/\/lasprimeras.com.do\/index.php\/category\/politica\/"},"img":{"alt_text":"","src":"https:\/\/i0.wp.com\/lasprimeras.com.do\/wp-content\/uploads\/2025\/10\/Iris-Familia.jpg?resize=350%2C200&ssl=1","width":350,"height":200,"srcset":"https:\/\/i0.wp.com\/lasprimeras.com.do\/wp-content\/uploads\/2025\/10\/Iris-Familia.jpg?resize=350%2C200&ssl=1 1x, https:\/\/i0.wp.com\/lasprimeras.com.do\/wp-content\/uploads\/2025\/10\/Iris-Familia.jpg?resize=525%2C300&ssl=1 1.5x"},"classes":[]},{"id":111545,"url":"https:\/\/lasprimeras.com.do\/index.php\/2025\/10\/10\/ex-diputada-exterior-valora-inversion-millonaria-hara-abinader-en-infraestructuras-deportivas\/","url_meta":{"origin":77516,"position":2},"title":"Ex diputada exterior valora inversi\u00f3n millonaria har\u00e1 Abinader en infraestructuras deportivas","author":"Nelson Feliz","date":"10 de octubre de 2025","format":false,"excerpt":"Por Ram\u00f3n Mercedes NUEVA YORK.- La exdiputada del exterior por el Partido Revolucionario Moderno (PRM), Servia Iris Familia, valor\u00f3 de trascendental lo dispuesto por el presidente Luis Abinader de invertir dos mil millones de pesos para la construcci\u00f3n y rehabilitaci\u00f3n de 25 polideportivos y centros deportivos en todo el territorio\u2026","rel":"","context":"En \u00abLA VOZ DE LA DIASPORA\u00bb","block_context":{"text":"LA VOZ DE LA DIASPORA","link":"https:\/\/lasprimeras.com.do\/index.php\/category\/la-voz-de-la-diaspora\/"},"img":{"alt_text":"","src":"https:\/\/i0.wp.com\/lasprimeras.com.do\/wp-content\/uploads\/2025\/10\/Servia-Iris-Familia.jpg?resize=350%2C200&ssl=1","width":350,"height":200,"srcset":"https:\/\/i0.wp.com\/lasprimeras.com.do\/wp-content\/uploads\/2025\/10\/Servia-Iris-Familia.jpg?resize=350%2C200&ssl=1 1x, https:\/\/i0.wp.com\/lasprimeras.com.do\/wp-content\/uploads\/2025\/10\/Servia-Iris-Familia.jpg?resize=525%2C300&ssl=1 1.5x"},"classes":[]},{"id":85706,"url":"https:\/\/lasprimeras.com.do\/index.php\/2024\/07\/07\/desaparece-mujer-cuando-salio-a-visitar-a-su-padre-en-los-alcarrizos\/","url_meta":{"origin":77516,"position":3},"title":"Desaparece mujer cuando sali\u00f3 a visitar a su padre en Los Alcarrizos","author":"Nelson Feliz","date":"7 de julio de 2024","format":false,"excerpt":"Familiares de Ana Iris Rom\u00e1n Mart\u00ednez, residente del sector Las Palmas de Herrera en Santo Domingo Oeste, denunciaron que la j\u00f3ven se est\u00e1 desaparecida desde la ma\u00f1ana delasado jueves 4 de julio. Seg\u00fan los datos preliminales de sus familiares, Rom\u00e1n Mart\u00ednez, sali\u00f3 de su casa alrededor de las ocho de\u2026","rel":"","context":"En \u00abNACIONALES\u00bb","block_context":{"text":"NACIONALES","link":"https:\/\/lasprimeras.com.do\/index.php\/category\/nacionales\/"},"img":{"alt_text":"Ana Iris Rom\u00e1n Mart\u00ednez","src":"https:\/\/i0.wp.com\/lasprimeras.com.do\/wp-content\/uploads\/2024\/07\/Ana-Iris-Roman-Martinez.jpg?resize=350%2C200&ssl=1","width":350,"height":200,"srcset":"https:\/\/i0.wp.com\/lasprimeras.com.do\/wp-content\/uploads\/2024\/07\/Ana-Iris-Roman-Martinez.jpg?resize=350%2C200&ssl=1 1x, https:\/\/i0.wp.com\/lasprimeras.com.do\/wp-content\/uploads\/2024\/07\/Ana-Iris-Roman-Martinez.jpg?resize=525%2C300&ssl=1 1.5x"},"classes":[]},{"id":114822,"url":"https:\/\/lasprimeras.com.do\/index.php\/2025\/11\/17\/infotep-da-inicio-a-la-semana-global-de-emprendimiento-con-una-amplia-agenda-formativa-en-todo-el-pais\/","url_meta":{"origin":77516,"position":4},"title":"INFOTEP da inicio a la Semana Global de Emprendimiento con una amplia agenda formativa en todo el pa\u00eds","author":"Nelson Feliz","date":"17 de noviembre de 2025","format":false,"excerpt":"El Instituto Nacional de Formaci\u00f3n T\u00e9cnico Profesional (INFOTEP) dio inicio a la Semana Global de Emprendimiento, una jornada que se extender\u00e1 del 17 hasta el 22 noviembre y que re\u00fane decenas de actividades orientadas a fortalecer las capacidades de emprendedores y potenciar ideas de negocio en todo el pa\u00eds. La\u2026","rel":"","context":"En \u00abNACIONALES\u00bb","block_context":{"text":"NACIONALES","link":"https:\/\/lasprimeras.com.do\/index.php\/category\/nacionales\/"},"img":{"alt_text":"","src":"https:\/\/i0.wp.com\/lasprimeras.com.do\/wp-content\/uploads\/2025\/11\/Rafael-Santos-Badia.jpg?resize=350%2C200&ssl=1","width":350,"height":200,"srcset":"https:\/\/i0.wp.com\/lasprimeras.com.do\/wp-content\/uploads\/2025\/11\/Rafael-Santos-Badia.jpg?resize=350%2C200&ssl=1 1x, https:\/\/i0.wp.com\/lasprimeras.com.do\/wp-content\/uploads\/2025\/11\/Rafael-Santos-Badia.jpg?resize=525%2C300&ssl=1 1.5x, https:\/\/i0.wp.com\/lasprimeras.com.do\/wp-content\/uploads\/2025\/11\/Rafael-Santos-Badia.jpg?resize=700%2C400&ssl=1 2x"},"classes":[]},{"id":105749,"url":"https:\/\/lasprimeras.com.do\/index.php\/2025\/08\/06\/alcaldesa-amparo-custodio-encabeza-coronacion-reina-fiestas-patronales-en-la-vega\/","url_meta":{"origin":77516,"position":5},"title":"Alcaldesa Amparo Custodio encabeza coronaci\u00f3n Reina Fiestas Patronales en La Vega","author":"Nelson Feliz","date":"6 de agosto de 2025","format":false,"excerpt":"Con un despliegue de cultura y tradici\u00f3n, la alcaldesa Amparo Custodio presidi\u00f3 la coronaci\u00f3n de la Reina de las Fiestas Patronales en honor a Nuestra Se\u00f1ora de La Antigua 2025, en este municipio. El evento se realiz\u00f3 en el auditorio del Centro Juvenil Salesiano DOSA. Destac\u00f3 por su organizaci\u00f3n impecable\u2026","rel":"","context":"En \u00abENTRETENIMIENTO\u00bb","block_context":{"text":"ENTRETENIMIENTO","link":"https:\/\/lasprimeras.com.do\/index.php\/category\/entretenimiento\/"},"img":{"alt_text":"","src":"https:\/\/i0.wp.com\/lasprimeras.com.do\/wp-content\/uploads\/2025\/08\/custodio-1.jpg?resize=350%2C200&ssl=1","width":350,"height":200,"srcset":"https:\/\/i0.wp.com\/lasprimeras.com.do\/wp-content\/uploads\/2025\/08\/custodio-1.jpg?resize=350%2C200&ssl=1 1x, https:\/\/i0.wp.com\/lasprimeras.com.do\/wp-content\/uploads\/2025\/08\/custodio-1.jpg?resize=525%2C300&ssl=1 1.5x, https:\/\/i0.wp.com\/lasprimeras.com.do\/wp-content\/uploads\/2025\/08\/custodio-1.jpg?resize=700%2C400&ssl=1 2x"},"classes":[]}],"jetpack_sharing_enabled":true,"_links":{"self":[{"href":"https:\/\/lasprimeras.com.do\/index.php\/wp-json\/wp\/v2\/posts\/77516","targetHints":{"allow":["GET"]}}],"collection":[{"href":"https:\/\/lasprimeras.com.do\/index.php\/wp-json\/wp\/v2\/posts"}],"about":[{"href":"https:\/\/lasprimeras.com.do\/index.php\/wp-json\/wp\/v2\/types\/post"}],"author":[{"embeddable":true,"href":"https:\/\/lasprimeras.com.do\/index.php\/wp-json\/wp\/v2\/users\/2"}],"replies":[{"embeddable":true,"href":"https:\/\/lasprimeras.com.do\/index.php\/wp-json\/wp\/v2\/comments?post=77516"}],"version-history":[{"count":1,"href":"https:\/\/lasprimeras.com.do\/index.php\/wp-json\/wp\/v2\/posts\/77516\/revisions"}],"predecessor-version":[{"id":77519,"href":"https:\/\/lasprimeras.com.do\/index.php\/wp-json\/wp\/v2\/posts\/77516\/revisions\/77519"}],"wp:featuredmedia":[{"embeddable":true,"href":"https:\/\/lasprimeras.com.do\/index.php\/wp-json\/wp\/v2\/media\/77518"}],"wp:attachment":[{"href":"https:\/\/lasprimeras.com.do\/index.php\/wp-json\/wp\/v2\/media?parent=77516"}],"wp:term":[{"taxonomy":"category","embeddable":true,"href":"https:\/\/lasprimeras.com.do\/index.php\/wp-json\/wp\/v2\/categories?post=77516"},{"taxonomy":"post_tag","embeddable":true,"href":"https:\/\/lasprimeras.com.do\/index.php\/wp-json\/wp\/v2\/tags?post=77516"}],"curies":[{"name":"wp","href":"https:\/\/api.w.org\/{rel}","templated":true}]}}