{"id":77671,"date":"2024-02-23T22:51:02","date_gmt":"2024-02-24T02:51:02","guid":{"rendered":"https:\/\/lasprimeras.com.do\/?p=77671"},"modified":"2024-02-23T22:51:04","modified_gmt":"2024-02-24T02:51:04","slug":"abinader-inaugura-recinto-de-la-universidad-isa-en-sjm","status":"publish","type":"post","link":"https:\/\/lasprimeras.com.do\/index.php\/2024\/02\/23\/abinader-inaugura-recinto-de-la-universidad-isa-en-sjm\/","title":{"rendered":"Abinader inaugura recinto de la Universidad ISA en SJM"},"content":{"rendered":"\n<p>El presidente de la Rep\u00fablica, Luis Abinader, encabez\u00f3 este viernes la inauguraci\u00f3n del recinto de la Universidad ISA en el municipio de Bohechio, provincia San Juan de la Maguana.<\/p>\n\n\n\n<p>Durante el acto, alcalde de Bohech\u00edo, Luis Emilio de Le\u00f3n, entreg\u00f3 un reconocimiento al presidente Luis Abinader que lo declara como hijo distinguido, y reconoci\u00f3 los grandes aportes en favor del municipio.<\/p>\n\n\n\n<p>Abinader afirm\u00f3 que el gran proyecto de la universidad ISA en esta provincia es parte del plan San Juan; explic\u00f3 que con este plan, elaborado por el Ministerio de Econom\u00eda, Planificaci\u00f3n y Desarrollo, se determinaba que la demarcaci\u00f3n ten\u00eda como matriz de producci\u00f3n la agricultura que era en un 95%.<\/p>\n\n\n\n<p>Adem\u00e1s, dijo, que, dentro de la agricultura, un 60% era habichuela. Dijo tambi\u00e9n, que los otros productos que se destacaban estaban el arroz y otros que son de la regi\u00f3n.<\/p>\n\n\n\n<p>El mandatario expuso que est\u00e1n cambiando la matriz de producci\u00f3n y afirm\u00f3 que actualmente cuentan con unas 4 mil tareas de siembra de tabaco, se produce papa, incremento de producci\u00f3n de lim\u00f3n, uva, aguacate.<\/p>\n\n\n\n<p>Asimismo, el gobernante destac\u00f3 como parte de este Plan de desarrollo de San Juan, la apertura de la zona franca, la construcci\u00f3n del aeropuerto para fumigar los campos y la utilizaci\u00f3n de t\u00e9cnicas agr\u00edcolas desde el aire.<\/p>\n\n\n\n<p>El jefe de Estado dijo, adem\u00e1s que, el ISA en el Sur inicia con 180 estudiantes y proyect\u00f3 que para septiembre se va a llegar a 200, que pueden dormir en estas instalaciones, con un buen ambiente acad\u00e9mico que permite mayor aprendizaje. \u201cPara cualquier joven es un sue\u00f1o venir aqu\u00ed a estas instalaciones\u201d.<\/p>\n\n\n\n<p>\u201cEso lo hemos logrado aportando, pero tambi\u00e9n eficientizando los recursos del Gobierno y haciendo alianzas, estas son alianzas p\u00fablico-privadas. Una instituci\u00f3n privada, sin fines lucro, pero que es un ejemplo en Santiago y lo estamos trasladando hacia ac\u00e1\u201d, manifest\u00f3.<\/p>\n","protected":false},"excerpt":{"rendered":"<p>El presidente de la Rep\u00fablica, Luis Abinader, encabez\u00f3 este viernes la inauguraci\u00f3n del recinto de la Universidad ISA en el municipio de Bohechio, provincia San Juan de la Maguana. Durante&hellip;<\/p>\n","protected":false},"author":2,"featured_media":77672,"comment_status":"open","ping_status":"open","sticky":false,"template":"","format":"standard","meta":{"content-type":"","jetpack_post_was_ever_published":false,"_jetpack_newsletter_access":"","_jetpack_dont_email_post_to_subs":false,"_jetpack_newsletter_tier_id":0,"_jetpack_memberships_contains_paywalled_content":false,"_jetpack_memberships_contains_paid_content":false,"footnotes":""},"categories":[35,25],"tags":[5077],"class_list":["post-77671","post","type-post","status-publish","format-standard","has-post-thumbnail","hentry","category-nacionales","category-portada","tag-universidad-isa"],"jetpack_featured_media_url":"https:\/\/lasprimeras.com.do\/wp-content\/uploads\/2024\/02\/Universidad-ISA-1.jpg","jetpack-related-posts":[{"id":126027,"url":"https:\/\/lasprimeras.com.do\/index.php\/2026\/03\/29\/abinader-encabeza-primera-graduacion-del-recinto-sur-de-la-universidad-isa-provincia-san-juan\/","url_meta":{"origin":77671,"position":0},"title":"Abinader encabeza primera graduaci\u00f3n del Recinto Sur de la Universidad ISA, provincia San Juan","author":"Nelson Feliz","date":"29 de marzo de 2026","format":false,"excerpt":"Ubicada en una provincia con matriz productiva dominada por la agricultura, recinto grad\u00faa 50 j\u00f3venes en T\u00e9cnico Superior en Producci\u00f3n Agr\u00edcola y 42 en T\u00e9cnico Superior en Tecnolog\u00eda de Alimentos. Rector reconoce esfuerzo de Luis Abinader por hacer realidad este recinto, al identificar los terrenos durante visita realizada hace cuatro\u2026","rel":"","context":"En \u00abNACIONALES\u00bb","block_context":{"text":"NACIONALES","link":"https:\/\/lasprimeras.com.do\/index.php\/category\/nacionales\/"},"img":{"alt_text":"","src":"https:\/\/i0.wp.com\/lasprimeras.com.do\/wp-content\/uploads\/2026\/03\/01-1.jpg?resize=350%2C200&ssl=1","width":350,"height":200,"srcset":"https:\/\/i0.wp.com\/lasprimeras.com.do\/wp-content\/uploads\/2026\/03\/01-1.jpg?resize=350%2C200&ssl=1 1x, https:\/\/i0.wp.com\/lasprimeras.com.do\/wp-content\/uploads\/2026\/03\/01-1.jpg?resize=525%2C300&ssl=1 1.5x, https:\/\/i0.wp.com\/lasprimeras.com.do\/wp-content\/uploads\/2026\/03\/01-1.jpg?resize=700%2C400&ssl=1 2x"},"classes":[]},{"id":120445,"url":"https:\/\/lasprimeras.com.do\/index.php\/2026\/01\/23\/abinader-declara-de-alto-interes-publico-la-creacion-del-jardin-botanico-de-san-juan-de-la-maguana\/","url_meta":{"origin":77671,"position":1},"title":"Abinader declara de alto inter\u00e9s p\u00fablico la creaci\u00f3n del Jard\u00edn Bot\u00e1nico de San Juan de la Maguana","author":"Nelson Feliz","date":"23 de enero de 2026","format":false,"excerpt":"El presidente Luis Abinader, declar\u00f3 de alto inter\u00e9s p\u00fablico la creaci\u00f3n del Jard\u00edn Bot\u00e1nico de San Juan de la Maguana, mediante el Decreto n\u00fam. 38-26, de fecha 23 de enero de 2026, como parte de las acciones orientadas a fortalecer la conservaci\u00f3n ambiental, la educaci\u00f3n ecol\u00f3gica, la investigaci\u00f3n cient\u00edfica y\u2026","rel":"","context":"En \u00abMEDIO AMBIENTE\u00bb","block_context":{"text":"MEDIO AMBIENTE","link":"https:\/\/lasprimeras.com.do\/index.php\/category\/medio-ambiente\/"},"img":{"alt_text":"","src":"https:\/\/i0.wp.com\/lasprimeras.com.do\/wp-content\/uploads\/2026\/01\/Luis-Abinader-2.jpg?resize=350%2C200&ssl=1","width":350,"height":200,"srcset":"https:\/\/i0.wp.com\/lasprimeras.com.do\/wp-content\/uploads\/2026\/01\/Luis-Abinader-2.jpg?resize=350%2C200&ssl=1 1x, https:\/\/i0.wp.com\/lasprimeras.com.do\/wp-content\/uploads\/2026\/01\/Luis-Abinader-2.jpg?resize=525%2C300&ssl=1 1.5x, https:\/\/i0.wp.com\/lasprimeras.com.do\/wp-content\/uploads\/2026\/01\/Luis-Abinader-2.jpg?resize=700%2C400&ssl=1 2x"},"classes":[]},{"id":124670,"url":"https:\/\/lasprimeras.com.do\/index.php\/2026\/03\/15\/las-obras-que-no-caben-en-una-mano\/","url_meta":{"origin":77671,"position":2},"title":"Las obras que no caben en una mano","author":"Nelson Feliz","date":"15 de marzo de 2026","format":false,"excerpt":"Por Miguel Cano La pasada semana, en la C\u00e1mara de Diputados, se produjo un cruce entre dos legisladores de mi provincia San Juan: Frank Ram\u00edrez, del oficialismo, y M\u00e9lido Mercedes, de la oposici\u00f3n, a prop\u00f3sito del discurso de rendici\u00f3n de cuentas del presidente Luis Abinader. Frank Ram\u00edrez sostuvo que en\u2026","rel":"","context":"En \u00abOPINI\u00d3N\u00bb","block_context":{"text":"OPINI\u00d3N","link":"https:\/\/lasprimeras.com.do\/index.php\/category\/opinion\/"},"img":{"alt_text":"Miguel Cano","src":"https:\/\/i0.wp.com\/lasprimeras.com.do\/wp-content\/uploads\/2026\/03\/Miguel-Cano.jpg?resize=350%2C200&ssl=1","width":350,"height":200,"srcset":"https:\/\/i0.wp.com\/lasprimeras.com.do\/wp-content\/uploads\/2026\/03\/Miguel-Cano.jpg?resize=350%2C200&ssl=1 1x, https:\/\/i0.wp.com\/lasprimeras.com.do\/wp-content\/uploads\/2026\/03\/Miguel-Cano.jpg?resize=525%2C300&ssl=1 1.5x, https:\/\/i0.wp.com\/lasprimeras.com.do\/wp-content\/uploads\/2026\/03\/Miguel-Cano.jpg?resize=700%2C400&ssl=1 2x"},"classes":[]},{"id":128461,"url":"https:\/\/lasprimeras.com.do\/index.php\/2026\/04\/23\/bautista-inaugura-capilla-el-buen-pastor-en-las-maguanas-san-juan\/","url_meta":{"origin":77671,"position":3},"title":"Bautista inaugura capilla &#8220;El Buen Pastor&#8221; en Las Maguanas, San Juan","author":"Nelson Feliz","date":"23 de abril de 2026","format":false,"excerpt":"Obispo de la Di\u00f3cesis de San Juan de la Maguana, monse\u00f1or Tom\u00e1s Alejo Concepci\u00f3n, expres\u00f3 su agradecimiento al presidente Abinader y al ministro Andr\u00e9s Bautista por las obras desarrolladas y las que se encuentran en ejecuci\u00f3n en la provincia San Juan y toda la regi\u00f3n Sur, destacando iniciativas como el\u2026","rel":"","context":"En \u00abNACIONALES\u00bb","block_context":{"text":"NACIONALES","link":"https:\/\/lasprimeras.com.do\/index.php\/category\/nacionales\/"},"img":{"alt_text":"","src":"https:\/\/i0.wp.com\/lasprimeras.com.do\/wp-content\/uploads\/2026\/04\/andres.jpg?resize=350%2C200&ssl=1","width":350,"height":200,"srcset":"https:\/\/i0.wp.com\/lasprimeras.com.do\/wp-content\/uploads\/2026\/04\/andres.jpg?resize=350%2C200&ssl=1 1x, https:\/\/i0.wp.com\/lasprimeras.com.do\/wp-content\/uploads\/2026\/04\/andres.jpg?resize=525%2C300&ssl=1 1.5x, https:\/\/i0.wp.com\/lasprimeras.com.do\/wp-content\/uploads\/2026\/04\/andres.jpg?resize=700%2C400&ssl=1 2x, https:\/\/i0.wp.com\/lasprimeras.com.do\/wp-content\/uploads\/2026\/04\/andres.jpg?resize=1050%2C600&ssl=1 3x"},"classes":[]},{"id":126274,"url":"https:\/\/lasprimeras.com.do\/index.php\/2026\/03\/31\/infotep-y-universidad-isa-revisan-alianza-para-fortalecer-formacion-de-tecnicos-del-sector-agropecuario\/","url_meta":{"origin":77671,"position":4},"title":"INFOTEP y Universidad ISA revisan alianza para fortalecer formaci\u00f3n de t\u00e9cnicos del sector agropecuario","author":"Nelson Feliz","date":"31 de marzo de 2026","format":false,"excerpt":"\u00b7 La directora general del INFOTEP, Maira Morla Pineda, encabez\u00f3 el encuentro con autoridades de la Universidad ISA. El Instituto Nacional de Formaci\u00f3n T\u00e9cnico Profesional (INFOTEP) y la Universidad ISA iniciaron un proceso de evaluaci\u00f3n de su alianza estrat\u00e9gica con el objetivo de fortalecer la formaci\u00f3n de t\u00e9cnicos capacitados para\u2026","rel":"","context":"En \u00abNACIONALES\u00bb","block_context":{"text":"NACIONALES","link":"https:\/\/lasprimeras.com.do\/index.php\/category\/nacionales\/"},"img":{"alt_text":"","src":"https:\/\/i0.wp.com\/lasprimeras.com.do\/wp-content\/uploads\/2026\/03\/IMG-20260331-WA0742.jpg?resize=350%2C200&ssl=1","width":350,"height":200,"srcset":"https:\/\/i0.wp.com\/lasprimeras.com.do\/wp-content\/uploads\/2026\/03\/IMG-20260331-WA0742.jpg?resize=350%2C200&ssl=1 1x, https:\/\/i0.wp.com\/lasprimeras.com.do\/wp-content\/uploads\/2026\/03\/IMG-20260331-WA0742.jpg?resize=525%2C300&ssl=1 1.5x, https:\/\/i0.wp.com\/lasprimeras.com.do\/wp-content\/uploads\/2026\/03\/IMG-20260331-WA0742.jpg?resize=700%2C400&ssl=1 2x, https:\/\/i0.wp.com\/lasprimeras.com.do\/wp-content\/uploads\/2026\/03\/IMG-20260331-WA0742.jpg?resize=1050%2C600&ssl=1 3x, https:\/\/i0.wp.com\/lasprimeras.com.do\/wp-content\/uploads\/2026\/03\/IMG-20260331-WA0742.jpg?resize=1400%2C800&ssl=1 4x"},"classes":[]},{"id":107340,"url":"https:\/\/lasprimeras.com.do\/index.php\/2025\/08\/26\/centro-agroforestal-fue-inaugurado-en-gestion-de-danilo-medina\/","url_meta":{"origin":77671,"position":5},"title":"Centro Agroforestal fue inaugurado en gesti\u00f3n de Danilo Medina","author":"Nelson Feliz","date":"26 de agosto de 2025","format":false,"excerpt":"El PLD le responde al Presidente Abinader. Ratifica el Centro de Capacitaci\u00f3n Agroforestal en Bohech\u00edo fue entregado por Danilo Medina en 2018 El Partido de la Liberaci\u00f3n Dominicana (PLD) ratific\u00f3 las declaraciones del pasado domingo de su Presidente, Danilo Medina, quien aclar\u00f3 que el Centro Regional de Capacitaci\u00f3n Agroforestal en\u2026","rel":"","context":"En \u00abPOLITICA\u00bb","block_context":{"text":"POLITICA","link":"https:\/\/lasprimeras.com.do\/index.php\/category\/politica\/"},"img":{"alt_text":"","src":"https:\/\/i0.wp.com\/lasprimeras.com.do\/wp-content\/uploads\/2025\/08\/Danilo-Medina-1.jpg?resize=350%2C200&ssl=1","width":350,"height":200,"srcset":"https:\/\/i0.wp.com\/lasprimeras.com.do\/wp-content\/uploads\/2025\/08\/Danilo-Medina-1.jpg?resize=350%2C200&ssl=1 1x, https:\/\/i0.wp.com\/lasprimeras.com.do\/wp-content\/uploads\/2025\/08\/Danilo-Medina-1.jpg?resize=525%2C300&ssl=1 1.5x, https:\/\/i0.wp.com\/lasprimeras.com.do\/wp-content\/uploads\/2025\/08\/Danilo-Medina-1.jpg?resize=700%2C400&ssl=1 2x"},"classes":[]}],"jetpack_sharing_enabled":true,"_links":{"self":[{"href":"https:\/\/lasprimeras.com.do\/index.php\/wp-json\/wp\/v2\/posts\/77671","targetHints":{"allow":["GET"]}}],"collection":[{"href":"https:\/\/lasprimeras.com.do\/index.php\/wp-json\/wp\/v2\/posts"}],"about":[{"href":"https:\/\/lasprimeras.com.do\/index.php\/wp-json\/wp\/v2\/types\/post"}],"author":[{"embeddable":true,"href":"https:\/\/lasprimeras.com.do\/index.php\/wp-json\/wp\/v2\/users\/2"}],"replies":[{"embeddable":true,"href":"https:\/\/lasprimeras.com.do\/index.php\/wp-json\/wp\/v2\/comments?post=77671"}],"version-history":[{"count":1,"href":"https:\/\/lasprimeras.com.do\/index.php\/wp-json\/wp\/v2\/posts\/77671\/revisions"}],"predecessor-version":[{"id":77673,"href":"https:\/\/lasprimeras.com.do\/index.php\/wp-json\/wp\/v2\/posts\/77671\/revisions\/77673"}],"wp:featuredmedia":[{"embeddable":true,"href":"https:\/\/lasprimeras.com.do\/index.php\/wp-json\/wp\/v2\/media\/77672"}],"wp:attachment":[{"href":"https:\/\/lasprimeras.com.do\/index.php\/wp-json\/wp\/v2\/media?parent=77671"}],"wp:term":[{"taxonomy":"category","embeddable":true,"href":"https:\/\/lasprimeras.com.do\/index.php\/wp-json\/wp\/v2\/categories?post=77671"},{"taxonomy":"post_tag","embeddable":true,"href":"https:\/\/lasprimeras.com.do\/index.php\/wp-json\/wp\/v2\/tags?post=77671"}],"curies":[{"name":"wp","href":"https:\/\/api.w.org\/{rel}","templated":true}]}}