{"id":77676,"date":"2024-02-23T23:11:32","date_gmt":"2024-02-24T03:11:32","guid":{"rendered":"https:\/\/lasprimeras.com.do\/?p=77676"},"modified":"2024-02-23T23:11:33","modified_gmt":"2024-02-24T03:11:33","slug":"jce-cierra-computo-electoral-y-revision-de-votos-nulos-y-observados","status":"publish","type":"post","link":"https:\/\/lasprimeras.com.do\/index.php\/2024\/02\/23\/jce-cierra-computo-electoral-y-revision-de-votos-nulos-y-observados\/","title":{"rendered":"JCE cierra c\u00f3mputo electoral y revisi\u00f3n de votos nulos y observados"},"content":{"rendered":"\n<p>La Junta Central Electoral (JCE) realiz\u00f3 este viernes el cierre del c\u00f3mputo electoral y la revisi\u00f3n de los votos nulos y observados de las elecciones municipales celebradas el pasado 18 de febrero en menos de cinco d\u00edas.<\/p>\n\n\n\n<p>El presidente del \u00f3rgano electoral, Rom\u00e1n Andr\u00e9s J\u00e1quez Liranzo, se\u00f1al\u00f3 que el cierre del c\u00f3mputo electoral, que incluye la revisi\u00f3n de los votos nulos y observados, se hizo en tiempo r\u00e9cord, y que en esto incidi\u00f3 el buen funcionamiento de los equipos de escaneo digitaci\u00f3n, impresi\u00f3n y transmisi\u00f3n (EDET), resaltado por los observadores electorales internacionales.<\/p>\n\n\n\n<p>J\u00e1quez dijo que la efectividad de los EDET permiti\u00f3 que no hubiese descuadres en las actas, y esto, al mismo tiempo, permiti\u00f3 a las Juntas Electorales agilizar los resultados y concluir los trabajos.&nbsp;<\/p>\n\n\n\n<p>\u201cEs un hecho sin precedentes en la historia electoral de la Rep\u00fablica Dominicana, el hecho que en menos de cinco d\u00edas se informe del cierre del c\u00f3mputo electoral de las elecciones municipales, incluida la revisi\u00f3n de los votos nulos y observados a nivel nacional\u201d, apunt\u00f3 J\u00e1quez Liranzo.<\/p>\n\n\n\n<p>En tanto que el director nacional de Inform\u00e1tica, Johnny Rivera, destac\u00f3 que una vez concluida la revisi\u00f3n de los votos nulos y observados corresponde la publicaci\u00f3n de los resultados definitivos y la lista de los candidatos y candidatas que ganaron, los cuales ser\u00e1n objetos de una proclamaci\u00f3n por parte de cada Junta Electoral.<\/p>\n\n\n\n<p>Asimismo, resalt\u00f3 que los votos nulos y observados fueron conocidos en cada Junta Electoral del pa\u00eds, junto a los delegados de las agrupaciones pol\u00edticas reconocidas ante el \u00f3rgano electoral.<\/p>\n\n\n\n<p>\u201cCompletado todo, lo que procede es publicar y divulgar los resultados\u201d, se\u00f1al\u00f3 el director nacional de elecciones, Mario N\u00fa\u00f1ez, quien inform\u00f3 que, adem\u00e1s, se publicar\u00e1 la lista de los candidatos y candidatas ganadores.<\/p>\n\n\n\n<p>N\u00fa\u00f1ez comparti\u00f3 el art\u00edculo 292 de la Ley 20-23 que se expresa sobre la relaci\u00f3n general del resultado de la elecci\u00f3n y dice lo siguiente: \u201cDentro de los 30 d\u00edas siguientes a la fecha de la elecci\u00f3n, o a la mayor brevedad posible, despu\u00e9s de transcurrido este plazo, tan pronto como el resultado de la elecci\u00f3n en todos los municipios sea definitivamente conocido, la JCE deber\u00e1 formular una relaci\u00f3n general, en la que consignar\u00e1 por cada municipio, por el Distrito Nacional, por cada provincia y por toda la Rep\u00fablica, el total de votos emitidos y el total de votos emitidos y el total computados en pro y en contra de cada candidatura, as\u00ed como el candidato o los candidatos que hubieren resultado elegidos para todos los cargos\u201d.&nbsp;<\/p>\n\n\n\n<p>El pasado 18 de febrero se llevaron a cabo las elecciones municipales que convocaron un total de 8,105,151 ciudadanas y ciudadanos con derecho al voto, proceso que cont\u00f3 con 16,851 colegios electorales, distribuidos en 4,295 recintos en todo el territorio nacional.<\/p>\n\n\n\n<p>En estos comicios se eligieron 3,849 cargos municipales vinculados a los 157 municipios, el Distrito Nacional y los 235 distritos municipales.<\/p>\n\n\n\n<p>Los cargos p\u00fablicos que se eligieron fueron: 316 alcald\u00edas e igual cantidad de vicealcald\u00edas; 2,328 regidur\u00edas, con sus respectivas suplencias; 470 direcciones y subdirecciones distritales; y 735 vocal\u00edas.<\/p>\n","protected":false},"excerpt":{"rendered":"<p>La Junta Central Electoral (JCE) realiz\u00f3 este viernes el cierre del c\u00f3mputo electoral y la revisi\u00f3n de los votos nulos y observados de las elecciones municipales celebradas el pasado 18&hellip;<\/p>\n","protected":false},"author":2,"featured_media":77677,"comment_status":"open","ping_status":"open","sticky":false,"template":"","format":"standard","meta":{"content-type":"","jetpack_post_was_ever_published":false,"_jetpack_newsletter_access":"","_jetpack_dont_email_post_to_subs":false,"_jetpack_newsletter_tier_id":0,"_jetpack_memberships_contains_paywalled_content":false,"_jetpack_memberships_contains_paid_content":false,"footnotes":""},"categories":[35],"tags":[7038,11419,183,11895,11938,1623,769],"class_list":["post-77676","post","type-post","status-publish","format-standard","has-post-thumbnail","hentry","category-nacionales","tag-computo-electoral","tag-elecciones-municipales","tag-jce","tag-nulos","tag-observados","tag-revision","tag-votos"],"jetpack_featured_media_url":"https:\/\/lasprimeras.com.do\/wp-content\/uploads\/2024\/02\/WhatsApp-Image-2024-02-23-at-6.41.06-PM.jpg","jetpack-related-posts":[{"id":81285,"url":"https:\/\/lasprimeras.com.do\/index.php\/2024\/04\/18\/juntas-electorales-concluyen-entrega-de-certificados-y-proclamacion-de-nuevas-autoridades-municipales\/","url_meta":{"origin":77676,"position":0},"title":"Juntas electorales concluyen entrega de certificados y proclamaci\u00f3n de nuevas autoridades municipales","author":"Nelson Feliz","date":"18 de abril de 2024","format":false,"excerpt":"Toma de posesi\u00f3n ser\u00e1 el mi\u00e9rcoles 24 de abril pr\u00f3ximo La Junta Central Electoral (JCE) inform\u00f3 que concluy\u00f3 este mi\u00e9rcoles a nivel nacional la entrega de certificados a los candidatos y candidatas que resultaron ganadores en las pasadas elecciones, quienes de inmediato fueron proclamados como nuevas autoridades municipales. Los actos\u2026","rel":"","context":"En \u00abNACIONALES\u00bb","block_context":{"text":"NACIONALES","link":"https:\/\/lasprimeras.com.do\/index.php\/category\/nacionales\/"},"img":{"alt_text":"","src":"https:\/\/i0.wp.com\/lasprimeras.com.do\/wp-content\/uploads\/2024\/04\/JCE-5.jpg?resize=350%2C200&ssl=1","width":350,"height":200,"srcset":"https:\/\/i0.wp.com\/lasprimeras.com.do\/wp-content\/uploads\/2024\/04\/JCE-5.jpg?resize=350%2C200&ssl=1 1x, https:\/\/i0.wp.com\/lasprimeras.com.do\/wp-content\/uploads\/2024\/04\/JCE-5.jpg?resize=525%2C300&ssl=1 1.5x"},"classes":[]},{"id":77166,"url":"https:\/\/lasprimeras.com.do\/index.php\/2024\/02\/18\/karina-aristy-lleva-el-51-57-de-los-votos-del-primer-boletin-de-la-jce\/","url_meta":{"origin":77676,"position":1},"title":"Karina Aristy lleva el 51.57 % de los votos del primer bolet\u00edn de la JCE","author":"Nelson Feliz","date":"18 de febrero de 2024","format":false,"excerpt":"En segundo lugar, se encuentra Heriberto Santana, del partido Pa\u00eds Posible, con un 31.00 %, para un total de 4,728 votos. La Junta Central Electoral (JCE) en su primer bolet\u00edn emitido para el municipio de Hig\u00fcey, provincia La Altagracia, se\u00f1al\u00f3 que Karina Aristy, candidata del PRM y aliados, lleva la\u2026","rel":"","context":"En \u00abSin categor\u00eda\u00bb","block_context":{"text":"Sin categor\u00eda","link":"https:\/\/lasprimeras.com.do\/index.php\/category\/sin-categoria\/"},"img":{"alt_text":"","src":"https:\/\/i0.wp.com\/lasprimeras.com.do\/wp-content\/uploads\/2024\/02\/elecciones-municipales-karina-aristy-lleva-el-51.56-de-los-votos-focus-min0.14-min0.09-896-504.jpg?resize=350%2C200&ssl=1","width":350,"height":200,"srcset":"https:\/\/i0.wp.com\/lasprimeras.com.do\/wp-content\/uploads\/2024\/02\/elecciones-municipales-karina-aristy-lleva-el-51.56-de-los-votos-focus-min0.14-min0.09-896-504.jpg?resize=350%2C200&ssl=1 1x, https:\/\/i0.wp.com\/lasprimeras.com.do\/wp-content\/uploads\/2024\/02\/elecciones-municipales-karina-aristy-lleva-el-51.56-de-los-votos-focus-min0.14-min0.09-896-504.jpg?resize=525%2C300&ssl=1 1.5x, https:\/\/i0.wp.com\/lasprimeras.com.do\/wp-content\/uploads\/2024\/02\/elecciones-municipales-karina-aristy-lleva-el-51.56-de-los-votos-focus-min0.14-min0.09-896-504.jpg?resize=700%2C400&ssl=1 2x"},"classes":[]},{"id":73620,"url":"https:\/\/lasprimeras.com.do\/index.php\/2024\/01\/14\/jce-realizo-primera-prueba-del-computo-electoral-de-cara-a-elecciones-municipales\/","url_meta":{"origin":77676,"position":2},"title":"JCE realiz\u00f3 primera prueba del c\u00f3mputo electoral de cara a elecciones municipales","author":"BIMARY DE JES\u00daS Matos","date":"14 de enero de 2024","format":false,"excerpt":"Santo Domingo., RD. \u2013 La Junta Central Electoral (JCE) realiz\u00f3 este s\u00e1bado la prueba regional del c\u00f3mputo electoral de cara a la celebraci\u00f3n de las elecciones municipales, logrando comprobar el funcionamiento de los equipos inform\u00e1ticos, as\u00ed como los de escaneo, digitaci\u00f3n, impresi\u00f3n y transmisi\u00f3n de datos (EDET) que se utilizar\u00e1n\u2026","rel":"","context":"En \u00abSin categor\u00eda\u00bb","block_context":{"text":"Sin categor\u00eda","link":"https:\/\/lasprimeras.com.do\/index.php\/category\/sin-categoria\/"},"img":{"alt_text":"","src":"https:\/\/i0.wp.com\/lasprimeras.com.do\/wp-content\/uploads\/2024\/01\/WhatsApp-Image-2024-01-14-at-2.13.17-PM.jpeg?resize=350%2C200&ssl=1","width":350,"height":200,"srcset":"https:\/\/i0.wp.com\/lasprimeras.com.do\/wp-content\/uploads\/2024\/01\/WhatsApp-Image-2024-01-14-at-2.13.17-PM.jpeg?resize=350%2C200&ssl=1 1x, https:\/\/i0.wp.com\/lasprimeras.com.do\/wp-content\/uploads\/2024\/01\/WhatsApp-Image-2024-01-14-at-2.13.17-PM.jpeg?resize=525%2C300&ssl=1 1.5x, https:\/\/i0.wp.com\/lasprimeras.com.do\/wp-content\/uploads\/2024\/01\/WhatsApp-Image-2024-01-14-at-2.13.17-PM.jpeg?resize=700%2C400&ssl=1 2x, https:\/\/i0.wp.com\/lasprimeras.com.do\/wp-content\/uploads\/2024\/01\/WhatsApp-Image-2024-01-14-at-2.13.17-PM.jpeg?resize=1050%2C600&ssl=1 3x, https:\/\/i0.wp.com\/lasprimeras.com.do\/wp-content\/uploads\/2024\/01\/WhatsApp-Image-2024-01-14-at-2.13.17-PM.jpeg?resize=1400%2C800&ssl=1 4x"},"classes":[]},{"id":80920,"url":"https:\/\/lasprimeras.com.do\/index.php\/2024\/04\/14\/jce-realiza-prueba-de-computo-electoral-en-compania-de-delegados-de-partidos\/","url_meta":{"origin":77676,"position":3},"title":"JCE realiza prueba de c\u00f3mputo electoral en compa\u00f1\u00eda de delegados de partidos\u00a0","author":"Nelson Feliz","date":"14 de abril de 2024","format":false,"excerpt":"Comprueban buen funcionamiento de los equipos EDET. La Junta Central Electoral (JCE) realiz\u00f3 este s\u00e1bado la primera prueba regional del c\u00f3mputo electoral de cara a las elecciones presidenciales y congresuales del pr\u00f3ximo 19 de mayo de 2024. En esta jornada se lograron instalar en el tiempo programado los equipos de\u2026","rel":"","context":"En \u00abNACIONALES\u00bb","block_context":{"text":"NACIONALES","link":"https:\/\/lasprimeras.com.do\/index.php\/category\/nacionales\/"},"img":{"alt_text":"JCE","src":"https:\/\/i0.wp.com\/lasprimeras.com.do\/wp-content\/uploads\/2024\/04\/Prueba-7-3.jpg?resize=350%2C200&ssl=1","width":350,"height":200,"srcset":"https:\/\/i0.wp.com\/lasprimeras.com.do\/wp-content\/uploads\/2024\/04\/Prueba-7-3.jpg?resize=350%2C200&ssl=1 1x, https:\/\/i0.wp.com\/lasprimeras.com.do\/wp-content\/uploads\/2024\/04\/Prueba-7-3.jpg?resize=525%2C300&ssl=1 1.5x, https:\/\/i0.wp.com\/lasprimeras.com.do\/wp-content\/uploads\/2024\/04\/Prueba-7-3.jpg?resize=700%2C400&ssl=1 2x"},"classes":[]},{"id":81051,"url":"https:\/\/lasprimeras.com.do\/index.php\/2024\/04\/16\/jce-realiza-primera-prueba-regional-del-computo-electoral-de-cara-a-elecciones-presidenciales-y-congresuales\/","url_meta":{"origin":77676,"position":4},"title":"JCE realiza primera prueba regional del c\u00f3mputo electoral de cara a elecciones presidenciales","author":"BIMARY DE JES\u00daS Matos","date":"16 de abril de 2024","format":false,"excerpt":"Santo Domingo, RD. - La Junta Central Electoral (JCE) realiz\u00f3 este s\u00e1bado la primera prueba regional del c\u00f3mputo electoral de cara a las elecciones presidenciales y congresuales del pr\u00f3ximo 19 de mayo de 2024. En esta jornada se lograron instalar en el tiempo programado los equipos de escaneo, digitaci\u00f3n, impresi\u00f3n\u2026","rel":"","context":"En \u00abSin categor\u00eda\u00bb","block_context":{"text":"Sin categor\u00eda","link":"https:\/\/lasprimeras.com.do\/index.php\/category\/sin-categoria\/"},"img":{"alt_text":"","src":"https:\/\/i0.wp.com\/lasprimeras.com.do\/wp-content\/uploads\/2024\/04\/IMG-20240416-WA0046.jpg?resize=350%2C200&ssl=1","width":350,"height":200,"srcset":"https:\/\/i0.wp.com\/lasprimeras.com.do\/wp-content\/uploads\/2024\/04\/IMG-20240416-WA0046.jpg?resize=350%2C200&ssl=1 1x, https:\/\/i0.wp.com\/lasprimeras.com.do\/wp-content\/uploads\/2024\/04\/IMG-20240416-WA0046.jpg?resize=525%2C300&ssl=1 1.5x, https:\/\/i0.wp.com\/lasprimeras.com.do\/wp-content\/uploads\/2024\/04\/IMG-20240416-WA0046.jpg?resize=700%2C400&ssl=1 2x, https:\/\/i0.wp.com\/lasprimeras.com.do\/wp-content\/uploads\/2024\/04\/IMG-20240416-WA0046.jpg?resize=1050%2C600&ssl=1 3x"},"classes":[]},{"id":77417,"url":"https:\/\/lasprimeras.com.do\/index.php\/2024\/02\/20\/santiago-riveron-gana-alcaldia-de-dajabon-por-cuatro-sufragios-en-reconteo-de-votos-nulos\/","url_meta":{"origin":77676,"position":5},"title":"Santiago River\u00f3n gana alcald\u00eda de Dajab\u00f3n por cuatro sufragios en reconteo de votos nulos","author":"Nelson Feliz","date":"20 de febrero de 2024","format":false,"excerpt":"De acuerdo a la JCE, obtuvo 5,932 votos (45,50 %) frente a los 5,928 (45,47 %) de la doctora Fior. El alcalde Santiago River\u00f3n retuvo la alcald\u00eda de Dajab\u00f3n luego que la Junta Central Electoral (JCE) concluyera este martes el reconteo de votos nulos y le otorgar\u00e1 cuatro votos m\u00e1s\u2026","rel":"","context":"En \u00abSin categor\u00eda\u00bb","block_context":{"text":"Sin categor\u00eda","link":"https:\/\/lasprimeras.com.do\/index.php\/category\/sin-categoria\/"},"img":{"alt_text":"","src":"https:\/\/i0.wp.com\/lasprimeras.com.do\/wp-content\/uploads\/2024\/02\/jce.jpg?resize=350%2C200&ssl=1","width":350,"height":200,"srcset":"https:\/\/i0.wp.com\/lasprimeras.com.do\/wp-content\/uploads\/2024\/02\/jce.jpg?resize=350%2C200&ssl=1 1x, https:\/\/i0.wp.com\/lasprimeras.com.do\/wp-content\/uploads\/2024\/02\/jce.jpg?resize=525%2C300&ssl=1 1.5x, https:\/\/i0.wp.com\/lasprimeras.com.do\/wp-content\/uploads\/2024\/02\/jce.jpg?resize=700%2C400&ssl=1 2x"},"classes":[]}],"jetpack_sharing_enabled":true,"_links":{"self":[{"href":"https:\/\/lasprimeras.com.do\/index.php\/wp-json\/wp\/v2\/posts\/77676","targetHints":{"allow":["GET"]}}],"collection":[{"href":"https:\/\/lasprimeras.com.do\/index.php\/wp-json\/wp\/v2\/posts"}],"about":[{"href":"https:\/\/lasprimeras.com.do\/index.php\/wp-json\/wp\/v2\/types\/post"}],"author":[{"embeddable":true,"href":"https:\/\/lasprimeras.com.do\/index.php\/wp-json\/wp\/v2\/users\/2"}],"replies":[{"embeddable":true,"href":"https:\/\/lasprimeras.com.do\/index.php\/wp-json\/wp\/v2\/comments?post=77676"}],"version-history":[{"count":1,"href":"https:\/\/lasprimeras.com.do\/index.php\/wp-json\/wp\/v2\/posts\/77676\/revisions"}],"predecessor-version":[{"id":77678,"href":"https:\/\/lasprimeras.com.do\/index.php\/wp-json\/wp\/v2\/posts\/77676\/revisions\/77678"}],"wp:featuredmedia":[{"embeddable":true,"href":"https:\/\/lasprimeras.com.do\/index.php\/wp-json\/wp\/v2\/media\/77677"}],"wp:attachment":[{"href":"https:\/\/lasprimeras.com.do\/index.php\/wp-json\/wp\/v2\/media?parent=77676"}],"wp:term":[{"taxonomy":"category","embeddable":true,"href":"https:\/\/lasprimeras.com.do\/index.php\/wp-json\/wp\/v2\/categories?post=77676"},{"taxonomy":"post_tag","embeddable":true,"href":"https:\/\/lasprimeras.com.do\/index.php\/wp-json\/wp\/v2\/tags?post=77676"}],"curies":[{"name":"wp","href":"https:\/\/api.w.org\/{rel}","templated":true}]}}