{"id":77723,"date":"2024-02-24T17:02:30","date_gmt":"2024-02-24T21:02:30","guid":{"rendered":"https:\/\/lasprimeras.com.do\/?p=77723"},"modified":"2024-02-24T17:02:32","modified_gmt":"2024-02-24T21:02:32","slug":"zelenskyy-recibe-a-lideres-occidentales-en-kiev","status":"publish","type":"post","link":"https:\/\/lasprimeras.com.do\/index.php\/2024\/02\/24\/zelenskyy-recibe-a-lideres-occidentales-en-kiev\/","title":{"rendered":"Zelenskyy recibe a l\u00edderes occidentales en Kiev"},"content":{"rendered":"\n<p><strong>Ucrania conmemora dos a\u00f1os desde la invasi\u00f3n a gran escala de Rusia<\/strong><\/p>\n\n\n\n<p>POR SUSIE BLANN<\/p>\n\n\n\n<p>KIEV, Ucrania (AP) \u2014 El presidente Volodymyr Zelenskyy recibi\u00f3 el s\u00e1bado a los l\u00edderes occidentales en Kiev para conmemorar el segundo aniversario de la invasi\u00f3n a gran escala de Rusia, mientras las fuerzas ucranianas se est\u00e1n quedando sin municiones y armamento y la ayuda exterior est\u00e1 en juego.<\/p>\n\n\n\n<p>Zelenskyy public\u00f3 un v\u00eddeo desde el aer\u00f3dromo de Hostomel junto con la primera ministra italiana, Giorgia Meloni, el primer ministro belga, Alexander De Croo, y el primer ministro canadiense, Justin Trudeau, as\u00ed como con la presidenta de la Comisi\u00f3n Europea, Ursula von der Leyen.<\/p>\n\n\n\n<p>\u201cHace dos a\u00f1os, aqu\u00ed nos enfrentamos a las fuerzas de desembarco enemigas con fuego; dos a\u00f1os despu\u00e9s, nos reunimos aqu\u00ed con nuestros amigos y socios\u201d, dijo Zelenskyy en el aeropuerto en las afueras de Kiev, que los paracaidistas rusos intentaron sin \u00e9xito tomar en los primeros d\u00edas de la guerra.<\/p>\n\n\n\n<p>Los l\u00edderes occidentales llegaron poco despu\u00e9s de que un ataque con aviones no tripulados rusos atacara un edificio residencial en la ciudad sure\u00f1a de Odesa, matando al menos a una persona.<\/p>\n\n\n\n<p>Tres mujeres tambi\u00e9n sufrieron quemaduras graves en el ataque del viernes por la noche, escribi\u00f3 el gobernador regional Oleh Kiper en su cuenta de redes sociales. Los servicios de rescate revisaron los escombros en busca de supervivientes.<\/p>\n\n\n\n<p>Italia, que ocupa la presidencia rotatoria del Grupo de los Siete principales econom\u00edas, anunci\u00f3 que el G7 se reunir\u00e1 virtualmente el s\u00e1bado con Zelenskyy y adoptar\u00e1 una declaraci\u00f3n conjunta sobre Ucrania.<\/p>\n\n\n\n<p>\u201cM\u00e1s que nunca apoyamos firmemente a Ucrania. Financieramente, econ\u00f3micamente, militarmente, moralmente. Hasta que el pa\u00eds sea finalmente libre\u201d, dijo von der Leyen en una publicaci\u00f3n en X, anteriormente Twitter.<\/p>\n\n\n\n<p>En la l\u00ednea del frente en la regi\u00f3n oriental de Donetsk, los soldados ucranianos pidieron municiones.<\/p>\n\n\n\n<p>\u201cCuando llega el enemigo, muchos de nuestros muchachos mueren. \u2026 Estamos sentados aqu\u00ed sin nada\u201d, dijo Volodymyr, de 27 a\u00f1os, un alto oficial de una bater\u00eda de artiller\u00eda.<\/p>\n\n\n\n<p>&#8220;Para proteger a nuestra infanter\u00eda\u2026 necesitamos una gran cantidad de proyectiles, que no tenemos ahora&#8221;, dijo Oleksandr, de 45 a\u00f1os, comandante de una unidad de artiller\u00eda. Los dos agentes se limitaron a dar sus nombres de pila, alegando motivos de seguridad.<\/p>\n\n\n\n<p>Alrededor de 100 personas se reunieron el s\u00e1bado frente a la Catedral de Santa Sof\u00eda en el centro de Kiev, pidiendo la liberaci\u00f3n de los miembros de la Brigada Azov que fueron tomados cautivos por Rusia despu\u00e9s de defender la ciudad sure\u00f1a de Mariupol.<\/p>\n\n\n\n<p>Olena Petrivna, madre de un miembro que fue hecho cautivo por las fuerzas rusas, cuestion\u00f3 por qu\u00e9 Rusia invadi\u00f3 Ucrania y dijo que antes de la guerra la gente \u201cviv\u00eda nuestras propias vidas, sin molestar a nadie, criando a nuestros hijos\u201d.<\/p>\n","protected":false},"excerpt":{"rendered":"<p>Ucrania conmemora dos a\u00f1os desde la invasi\u00f3n a gran escala de Rusia POR SUSIE BLANN KIEV, Ucrania (AP) \u2014 El presidente Volodymyr Zelenskyy recibi\u00f3 el s\u00e1bado a los l\u00edderes occidentales&hellip;<\/p>\n","protected":false},"author":2,"featured_media":77724,"comment_status":"open","ping_status":"open","sticky":false,"template":"","format":"standard","meta":{"content-type":"","jetpack_post_was_ever_published":false,"_jetpack_newsletter_access":"","_jetpack_dont_email_post_to_subs":false,"_jetpack_newsletter_tier_id":0,"_jetpack_memberships_contains_paywalled_content":false,"_jetpack_memberships_contains_paid_content":false,"footnotes":""},"categories":[1],"tags":[1483,4855,11942,11941],"class_list":["post-77723","post","type-post","status-publish","format-standard","has-post-thumbnail","hentry","category-sin-categoria","tag-kiev","tag-lideres","tag-occidentales","tag-volodymyr-zelenskyy"],"jetpack_featured_media_url":"https:\/\/lasprimeras.com.do\/wp-content\/uploads\/2024\/02\/Volodymyr-Zelenskyy.jpg","jetpack-related-posts":[{"id":77788,"url":"https:\/\/lasprimeras.com.do\/index.php\/2024\/02\/25\/31-000-soldados-ucranianos-muertos-desde-el-inicio-de-la-invasion-rusa-a-gran-escala-dice-zelenskyy\/","url_meta":{"origin":77723,"position":0},"title":"31.000 soldados ucranianos muertos desde el inicio de la invasi\u00f3n rusa a gran escala, dice Zelenskyy","author":"Nelson Feliz","date":"25 de febrero de 2024","format":false,"excerpt":"KIEV, Ucrania (AP) \u2014 El presidente ucraniano Volodymyr Zelenskyy dijo el domingo que 31.000 soldados ucranianos han muerto en combate en los dos a\u00f1os transcurridos desde que Rusia lanz\u00f3 su invasi\u00f3n a gran escala . Zelenskyy dijo que la cifra era mucho menor que las estimaciones dadas por el gobierno\u2026","rel":"","context":"En \u00abSin categor\u00eda\u00bb","block_context":{"text":"Sin categor\u00eda","link":"https:\/\/lasprimeras.com.do\/index.php\/category\/sin-categoria\/"},"img":{"alt_text":"Volodymyr Zelensky","src":"https:\/\/i0.wp.com\/lasprimeras.com.do\/wp-content\/uploads\/2024\/02\/Volodymyr-Zelensky-1.jpg?resize=350%2C200&ssl=1","width":350,"height":200,"srcset":"https:\/\/i0.wp.com\/lasprimeras.com.do\/wp-content\/uploads\/2024\/02\/Volodymyr-Zelensky-1.jpg?resize=350%2C200&ssl=1 1x, https:\/\/i0.wp.com\/lasprimeras.com.do\/wp-content\/uploads\/2024\/02\/Volodymyr-Zelensky-1.jpg?resize=525%2C300&ssl=1 1.5x, https:\/\/i0.wp.com\/lasprimeras.com.do\/wp-content\/uploads\/2024\/02\/Volodymyr-Zelensky-1.jpg?resize=700%2C400&ssl=1 2x"},"classes":[]},{"id":82960,"url":"https:\/\/lasprimeras.com.do\/index.php\/2024\/05\/10\/zelenskyy-dice-que-rusia-tiene-ventaja-en-el-este-pero-que-hay-nueva-ayuda-occidental-en-camino\/","url_meta":{"origin":77723,"position":1},"title":"Zelenskyy dice que Rusia tiene ventaja en el este, pero que hay nueva ayuda occidental en camino","author":"Nelson Feliz","date":"10 de mayo de 2024","format":false,"excerpt":"BY VASILISA STEPANENKO AND ILLIA NOVIKOV POKROVSK, Ucrania (AP) \u2014 El presidente ucraniano Volodymyr Zelenskyy dijo el jueves que el ej\u00e9rcito de su pa\u00eds enfrenta \u201cuna situaci\u00f3n realmente dif\u00edcil\u201d en las regiones orientales, donde las tropas luchan por mantener a raya una intensa presi\u00f3n rusa en distintas partes del frente.\u2026","rel":"","context":"En \u00abSin categor\u00eda\u00bb","block_context":{"text":"Sin categor\u00eda","link":"https:\/\/lasprimeras.com.do\/index.php\/category\/sin-categoria\/"},"img":{"alt_text":"","src":"https:\/\/i0.wp.com\/lasprimeras.com.do\/wp-content\/uploads\/2024\/05\/ventaja.jpg?resize=350%2C200&ssl=1","width":350,"height":200,"srcset":"https:\/\/i0.wp.com\/lasprimeras.com.do\/wp-content\/uploads\/2024\/05\/ventaja.jpg?resize=350%2C200&ssl=1 1x, https:\/\/i0.wp.com\/lasprimeras.com.do\/wp-content\/uploads\/2024\/05\/ventaja.jpg?resize=525%2C300&ssl=1 1.5x, https:\/\/i0.wp.com\/lasprimeras.com.do\/wp-content\/uploads\/2024\/05\/ventaja.jpg?resize=700%2C400&ssl=1 2x"},"classes":[]},{"id":94935,"url":"https:\/\/lasprimeras.com.do\/index.php\/2025\/03\/07\/rusia-bombardea-red-electrica-de-ucrania-tras-anuncio-de-zelenskyy-de-conversaciones-con-eeuu\/","url_meta":{"origin":77723,"position":2},"title":"Rusia bombardea red el\u00e9ctrica de Ucrania tras anuncio de Zelenskyy de conversaciones con EEUU","author":"Nelson Feliz","date":"7 de marzo de 2025","format":false,"excerpt":"POR ILLIA NOVIKOV KIEV, Ucrania (AP) \u2014 Rusia atac\u00f3 la infraestructura energ\u00e9tica de Ucrania con un bombardeo a gran escala con misiles y aviones no tripulados durante la noche, informaron autoridades el viernes, horas despu\u00e9s que el presidente Volodymyr Zelenskyy anunci\u00f3 que la pr\u00f3xima semana tendr\u00e1 conversaciones con Estados Unidos\u2026","rel":"","context":"En \u00abINTERNACIONALES\u00bb","block_context":{"text":"INTERNACIONALES","link":"https:\/\/lasprimeras.com.do\/index.php\/category\/sin-categoria\/internacionales\/"},"img":{"alt_text":"","src":"https:\/\/i0.wp.com\/lasprimeras.com.do\/wp-content\/uploads\/2025\/03\/INCENDIO.png?resize=350%2C200&ssl=1","width":350,"height":200,"srcset":"https:\/\/i0.wp.com\/lasprimeras.com.do\/wp-content\/uploads\/2025\/03\/INCENDIO.png?resize=350%2C200&ssl=1 1x, https:\/\/i0.wp.com\/lasprimeras.com.do\/wp-content\/uploads\/2025\/03\/INCENDIO.png?resize=525%2C300&ssl=1 1.5x, https:\/\/i0.wp.com\/lasprimeras.com.do\/wp-content\/uploads\/2025\/03\/INCENDIO.png?resize=700%2C400&ssl=1 2x"},"classes":[]},{"id":93826,"url":"https:\/\/lasprimeras.com.do\/index.php\/2025\/02\/21\/los-ucranianos-se-unen-en-torno-a-zelenskyy-despues-de-que-trump-intento-denigrarlo\/","url_meta":{"origin":77723,"position":3},"title":"Los ucranianos se unen en torno a Zelenskyy despu\u00e9s de que Trump intent\u00f3 denigrarlo","author":"Nelson Feliz","date":"21 de febrero de 2025","format":false,"excerpt":"KIEV, Ucrania (AP) \u2014 D\u00edas antes del tercer aniversario de la invasi\u00f3n a gran escala de Rusia, los ucranianos est\u00e1n tan abatidos y tensos como lo estaban justo antes de que Mosc\u00fa iniciara la guerra. Solo que ahora, no solo est\u00e1n preocupados por su enemigo habitual. La sorprendente nueva amenaza\u2026","rel":"","context":"En \u00abINTERNACIONALES\u00bb","block_context":{"text":"INTERNACIONALES","link":"https:\/\/lasprimeras.com.do\/index.php\/category\/sin-categoria\/internacionales\/"},"img":{"alt_text":"","src":"https:\/\/i0.wp.com\/lasprimeras.com.do\/wp-content\/uploads\/2025\/02\/Volodymyr-Zelenskyy.png?resize=350%2C200&ssl=1","width":350,"height":200,"srcset":"https:\/\/i0.wp.com\/lasprimeras.com.do\/wp-content\/uploads\/2025\/02\/Volodymyr-Zelenskyy.png?resize=350%2C200&ssl=1 1x, https:\/\/i0.wp.com\/lasprimeras.com.do\/wp-content\/uploads\/2025\/02\/Volodymyr-Zelenskyy.png?resize=525%2C300&ssl=1 1.5x, https:\/\/i0.wp.com\/lasprimeras.com.do\/wp-content\/uploads\/2025\/02\/Volodymyr-Zelenskyy.png?resize=700%2C400&ssl=1 2x, https:\/\/i0.wp.com\/lasprimeras.com.do\/wp-content\/uploads\/2025\/02\/Volodymyr-Zelenskyy.png?resize=1050%2C600&ssl=1 3x"},"classes":[]},{"id":96640,"url":"https:\/\/lasprimeras.com.do\/index.php\/2025\/04\/05\/zelenskyy-se-reune-con-lideres-militares-europeos\/","url_meta":{"origin":77723,"position":4},"title":"Zelenskyy se re\u00fane con l\u00edderes militares europeos","author":"Nelson Feliz","date":"5 de abril de 2025","format":false,"excerpt":"Planifica fuerza de mantenimiento de la paz KIEV, Ucrania (AP) \u2014 El presidente ucraniano Volodymyr Zelenskyy se reuni\u00f3 el s\u00e1bado en Kiev con los l\u00edderes de las fuerzas armadas brit\u00e1nicas y francesas para discutir el posible despliegue de una fuerza multinacional de mantenimiento de la paz en Ucrania, a pesar\u2026","rel":"","context":"En \u00abINTERNACIONALES\u00bb","block_context":{"text":"INTERNACIONALES","link":"https:\/\/lasprimeras.com.do\/index.php\/category\/sin-categoria\/internacionales\/"},"img":{"alt_text":"","src":"https:\/\/i0.wp.com\/lasprimeras.com.do\/wp-content\/uploads\/2025\/04\/ataque-2.jpg?resize=350%2C200&ssl=1","width":350,"height":200,"srcset":"https:\/\/i0.wp.com\/lasprimeras.com.do\/wp-content\/uploads\/2025\/04\/ataque-2.jpg?resize=350%2C200&ssl=1 1x, https:\/\/i0.wp.com\/lasprimeras.com.do\/wp-content\/uploads\/2025\/04\/ataque-2.jpg?resize=525%2C300&ssl=1 1.5x, https:\/\/i0.wp.com\/lasprimeras.com.do\/wp-content\/uploads\/2025\/04\/ataque-2.jpg?resize=700%2C400&ssl=1 2x"},"classes":[]},{"id":93719,"url":"https:\/\/lasprimeras.com.do\/index.php\/2025\/02\/19\/trump-advierte-a-zelenskyy-que-debe-negociar-rapidamente-el-fin-de-la-guerra-con-rusia\/","url_meta":{"origin":77723,"position":5},"title":"Trump advierte a Zelenskyy que debe negociar r\u00e1pidamente el fin de la guerra con Rusia","author":"Nelson Feliz","date":"19 de febrero de 2025","format":false,"excerpt":"POR AAMER MADHANI, MIKE PESOLI and STEPHANY MATAT MIAMI (AP) \u2014 El presidente Donald Trump advirti\u00f3 el mi\u00e9rcoles al presidente ucraniano Volodymyr Zelenskyy que \u201cmejor act\u00fae r\u00e1pido\u201d para negociar el fin de la invasi\u00f3n de Rusia a Ucrania, o se arriesga a no tener una naci\u00f3n que liderar. La ret\u00f3rica\u2026","rel":"","context":"En \u00abINTERNACIONALES\u00bb","block_context":{"text":"INTERNACIONALES","link":"https:\/\/lasprimeras.com.do\/index.php\/category\/sin-categoria\/internacionales\/"},"img":{"alt_text":"Volodymyr Zelenskyy","src":"https:\/\/i0.wp.com\/lasprimeras.com.do\/wp-content\/uploads\/2025\/02\/Volodymyr-Zelenskyy-1.jpg?resize=350%2C200&ssl=1","width":350,"height":200,"srcset":"https:\/\/i0.wp.com\/lasprimeras.com.do\/wp-content\/uploads\/2025\/02\/Volodymyr-Zelenskyy-1.jpg?resize=350%2C200&ssl=1 1x, https:\/\/i0.wp.com\/lasprimeras.com.do\/wp-content\/uploads\/2025\/02\/Volodymyr-Zelenskyy-1.jpg?resize=525%2C300&ssl=1 1.5x"},"classes":[]}],"jetpack_sharing_enabled":true,"_links":{"self":[{"href":"https:\/\/lasprimeras.com.do\/index.php\/wp-json\/wp\/v2\/posts\/77723","targetHints":{"allow":["GET"]}}],"collection":[{"href":"https:\/\/lasprimeras.com.do\/index.php\/wp-json\/wp\/v2\/posts"}],"about":[{"href":"https:\/\/lasprimeras.com.do\/index.php\/wp-json\/wp\/v2\/types\/post"}],"author":[{"embeddable":true,"href":"https:\/\/lasprimeras.com.do\/index.php\/wp-json\/wp\/v2\/users\/2"}],"replies":[{"embeddable":true,"href":"https:\/\/lasprimeras.com.do\/index.php\/wp-json\/wp\/v2\/comments?post=77723"}],"version-history":[{"count":1,"href":"https:\/\/lasprimeras.com.do\/index.php\/wp-json\/wp\/v2\/posts\/77723\/revisions"}],"predecessor-version":[{"id":77725,"href":"https:\/\/lasprimeras.com.do\/index.php\/wp-json\/wp\/v2\/posts\/77723\/revisions\/77725"}],"wp:featuredmedia":[{"embeddable":true,"href":"https:\/\/lasprimeras.com.do\/index.php\/wp-json\/wp\/v2\/media\/77724"}],"wp:attachment":[{"href":"https:\/\/lasprimeras.com.do\/index.php\/wp-json\/wp\/v2\/media?parent=77723"}],"wp:term":[{"taxonomy":"category","embeddable":true,"href":"https:\/\/lasprimeras.com.do\/index.php\/wp-json\/wp\/v2\/categories?post=77723"},{"taxonomy":"post_tag","embeddable":true,"href":"https:\/\/lasprimeras.com.do\/index.php\/wp-json\/wp\/v2\/tags?post=77723"}],"curies":[{"name":"wp","href":"https:\/\/api.w.org\/{rel}","templated":true}]}}