{"id":77768,"date":"2024-02-25T14:10:33","date_gmt":"2024-02-25T18:10:33","guid":{"rendered":"https:\/\/lasprimeras.com.do\/?p=77768"},"modified":"2024-02-25T14:10:33","modified_gmt":"2024-02-25T18:10:33","slug":"jce-informa-representacion-de-la-mujer-en-elecciones-municipales-alcanzo-el-42-84","status":"publish","type":"post","link":"https:\/\/lasprimeras.com.do\/index.php\/2024\/02\/25\/jce-informa-representacion-de-la-mujer-en-elecciones-municipales-alcanzo-el-42-84\/","title":{"rendered":"JCE informa representaci\u00f3n de la mujer en elecciones municipales alcanz\u00f3 el 42.84 %"},"content":{"rendered":"\n<p><strong>En comparaci\u00f3n con el 2020 en las regidur\u00edas aument\u00f3 un 10.92% y en las vocalias un13.33%<\/strong><\/p>\n\n\n\n<p>A prop\u00f3sito del cierre del c\u00f3mputo electoral realizado en tiempo r\u00e9cord tras finalizadas las elecciones municipales el pasado domingo 18 de febrero, la Junta Central Electoral (JCE) inform\u00f3 que 1,598 mujeres ocupar\u00e1n los cargos de alcaldesa, vicealcaldesas, regidoras, directoras y vocales, lo que representa el 42.84 % del total de cargos electivos.<\/p>\n\n\n\n<p>En las candidaturas plurinominales, donde aplica la proporci\u00f3n de g\u00e9nero, el \u00f3rgano electoral indic\u00f3 que, para regidur\u00edas las f\u00e9minas alcanzaron 479 puestos, para un 41.40 %, lo que representa un 10.92 % en comparaci\u00f3n con las obtenidas en 2020.<\/p>\n\n\n\n<p>Como suplentes a regidores y regidoras la representaci\u00f3n femenina alcanz\u00f3 427 espacios, para un 40.40 %; y los hombres 630, para un 59.60 %.<\/p>\n\n\n\n<p>En lo referente a vocales, 301 lugares fueron conquistados por el g\u00e9nero femenino, con un 41.12 % para un aumento de un 13.33 % en comparaci\u00f3n al periodo anterior.<\/p>\n\n\n\n<p>En lo que concierne a la candidatura uninominal, el g\u00e9nero femenino alcanz\u00f3 16 de las 158 alcald\u00edas totales a nivel nacional, para un 10.13 %, mientras que los hombres consiguieron 142, para un 89.87 %. Sin embargo, los datos indican que en los puestos de vicealcald\u00edas fue lo contrario, ya que las mujeres obtuvieron 142 posiciones, para el 89.87 %; y los hombres 16, para un 10.13 %.<\/p>\n\n\n\n<p>En tanto que en los cargos de directores y directoras municipales, el sexo femenino conquist\u00f3 23 espacios, para un 9.79 %; y el masculino 212, para un 90.21 %.<\/p>\n\n\n\n<p>En las subdirecciones, las mujeres se quedaron con 210 posiciones, para un 90.13 %; y los hombres con solo 23 espacios, totalizando el 9.79 %.<\/p>\n\n\n\n<p><strong>Representaci\u00f3n femenina crece en el 2024<\/strong><\/p>\n\n\n\n<p>En el 2020 en el nivel de las alcald\u00edas las mujeres obtuvieron 19 puestos (12.03 %) y los hombres 139 (87.97 %); mientras que en el 2024, el g\u00e9nero masculino logr\u00f3 142 alcald\u00edas (89.87 %) y las mujeres 16 (10.13%).<\/p>\n\n\n\n<p>En el caso de las regidur\u00edas, en el 2020 los hombres obtuvieron 812 (69.76 %) y las mujeres 352 (30.24%); mientras que en el 2024, los hombres lograron 685 regidur\u00edas (58.25 %) y las mujeres 484 (41.16 %).<\/p>\n\n\n\n<p>En lo que respecta a los distritos municipales, en el 2020 los hombres alcanzaron 213 (90.64 %) direcciones y las mujeres 22 (9.36 %); mientras que en el 2024 los hombres totalizaron 212 direcciones (90.21 %) y las mujeres 23 (9.79 %).<\/p>\n\n\n\n<p>En lo que concierne a las vocal\u00edas, en el 2020 los hombres que ganaron sumaron 532 (72.38 %) y las mujeres 203 (27.62 %); mientras que en el 2024, el g\u00e9nero masculino obtuvo 431 vocal\u00edas (58.64 %) y las mujeres 301 (40.95 %).<\/p>\n\n\n\n<p><strong>Candidaturas ganadoras por edad<\/strong><\/p>\n\n\n\n<p>En cuanto a los candidatos y candidatas que ganaron, estos figuran en las siguientes edades: entre 20 a\u00f1os de edad o menos, se reflejan 26 candidaturas, para un 0.67 %; 21 a 25 a\u00f1os, alcanzaron el triunfo para estas municipales 121 candidaturas, para un 3.13 %; entre 26 a 30 a\u00f1os, 298 candidaturas, para un 7.70 %; entre 31 a 35 a\u00f1os de edad, 444 candidaturas, para un 11.48 %; entre 36 a 40 a\u00f1os, 512 candidaturas, para un 13.23 %; entre 41 a 45 a\u00f1os, 596 candidaturas, para un 15.40 %; entre 46 a 50 a\u00f1os, 543 candidaturas, para un 14.03 %; entre 51 a 55 a\u00f1os de edad, 468 candidaturas, para un 12.10 %; entre 56 a 60 a\u00f1os, 374 candidaturas, para un 9.67 %; entre 61 a 65 a\u00f1os, 213 candidaturas, para un 5.51 %; entre 66 a 70 a\u00f1os, 98 candidaturas, para un 2.53 %; entre 71 a 75 a\u00f1os, 48 candidaturas, para un 1.24 %; entre 76 y 80 a\u00f1os, 7 candidaturas, para un 0.18 %; y finalmente, las candidatas y candidatos entre 81 a 86 a\u00f1os de edad, solamente 2 candidaturas, para un 0.05 %.<\/p>\n\n\n\n<p>Para las elecciones de mayo pr\u00f3ximo el padr\u00f3n de votantes de Rep\u00fablica Dominicana lo conformar\u00e1n 8,118,214, de los que 4,163,097 son mujeres, para un 51.28 %; y 3.955.117 son hombres, para un 48.72 %.<\/p>\n","protected":false},"excerpt":{"rendered":"<p>En comparaci\u00f3n con el 2020 en las regidur\u00edas aument\u00f3 un 10.92% y en las vocalias un13.33% A prop\u00f3sito del cierre del c\u00f3mputo electoral realizado en tiempo r\u00e9cord tras finalizadas las&hellip;<\/p>\n","protected":false},"author":2,"featured_media":59036,"comment_status":"open","ping_status":"open","sticky":false,"template":"","format":"standard","meta":{"content-type":"","jetpack_post_was_ever_published":false,"_jetpack_newsletter_access":"","_jetpack_dont_email_post_to_subs":false,"_jetpack_newsletter_tier_id":0,"_jetpack_memberships_contains_paywalled_content":false,"_jetpack_memberships_contains_paid_content":false,"footnotes":""},"categories":[35,25],"tags":[182,183,836,858],"class_list":["post-77768","post","type-post","status-publish","format-standard","has-post-thumbnail","hentry","category-nacionales","category-portada","tag-elecciones","tag-jce","tag-mujeres","tag-municipales"],"jetpack_featured_media_url":"https:\/\/lasprimeras.com.do\/wp-content\/uploads\/2023\/08\/jce-ratifica-sancionara-partidos-y-a-candidatos-violen-medida-legal.jpg","jetpack-related-posts":[{"id":123087,"url":"https:\/\/lasprimeras.com.do\/index.php\/2026\/02\/25\/jce-presenta-calendario-electoral-para-las-elecciones-de-2028\/","url_meta":{"origin":77768,"position":0},"title":"JCE presenta calendario electoral para las elecciones de 2028","author":"Nelson Feliz","date":"25 de febrero de 2026","format":false,"excerpt":"La Junta Central Electoral,tambi\u00e9n presento el Libro de Resultados Electorales 2024 La Junta Central Electoral (JCE), a trav\u00e9s de su Direcci\u00f3n Nacional de Elecciones, present\u00f3 este mi\u00e9rcoles a los partidos, agrupaciones y movimientos pol\u00edticos reconocidos ante la instituci\u00f3n, la sociedad civil y medios de comunicaci\u00f3n, el calendario de actividades administrativas\u2026","rel":"","context":"En \u00abNACIONALES\u00bb","block_context":{"text":"NACIONALES","link":"https:\/\/lasprimeras.com.do\/index.php\/category\/nacionales\/"},"img":{"alt_text":"","src":"https:\/\/i0.wp.com\/lasprimeras.com.do\/wp-content\/uploads\/2026\/02\/Calendario-03.jpg?resize=350%2C200&ssl=1","width":350,"height":200,"srcset":"https:\/\/i0.wp.com\/lasprimeras.com.do\/wp-content\/uploads\/2026\/02\/Calendario-03.jpg?resize=350%2C200&ssl=1 1x, https:\/\/i0.wp.com\/lasprimeras.com.do\/wp-content\/uploads\/2026\/02\/Calendario-03.jpg?resize=525%2C300&ssl=1 1.5x, https:\/\/i0.wp.com\/lasprimeras.com.do\/wp-content\/uploads\/2026\/02\/Calendario-03.jpg?resize=700%2C400&ssl=1 2x"},"classes":[]},{"id":72807,"url":"https:\/\/lasprimeras.com.do\/index.php\/2024\/01\/03\/comicios-de-febrero-ponen-fin-al-voto-de-arrastre-en-el-pais\/","url_meta":{"origin":77768,"position":1},"title":"Comicios de febrero ponen fin al voto de arrastre en el pa\u00eds","author":"BIMARY DE JES\u00daS Matos","date":"3 de enero de 2024","format":false,"excerpt":"Santo Domingo.-Las elecciones municipales del 18 de febrero de este a\u00f1o contemplan boletas separadas para la elecci\u00f3n de los alcaldes y regidores y de los directores de distritos municipales y vocales. El hecho representa el \u00faltimo eslab\u00f3n para la eliminaci\u00f3n total en el pa\u00eds del denominado voto de \u201carrastre\u201d en\u2026","rel":"","context":"En \u00abSin categor\u00eda\u00bb","block_context":{"text":"Sin categor\u00eda","link":"https:\/\/lasprimeras.com.do\/index.php\/category\/sin-categoria\/"},"img":{"alt_text":"","src":"https:\/\/i0.wp.com\/lasprimeras.com.do\/wp-content\/uploads\/2024\/01\/WhatsApp-Image-2023-12-30-at-3.02.08-PM-5.jpeg?resize=350%2C200&ssl=1","width":350,"height":200,"srcset":"https:\/\/i0.wp.com\/lasprimeras.com.do\/wp-content\/uploads\/2024\/01\/WhatsApp-Image-2023-12-30-at-3.02.08-PM-5.jpeg?resize=350%2C200&ssl=1 1x, https:\/\/i0.wp.com\/lasprimeras.com.do\/wp-content\/uploads\/2024\/01\/WhatsApp-Image-2023-12-30-at-3.02.08-PM-5.jpeg?resize=525%2C300&ssl=1 1.5x, https:\/\/i0.wp.com\/lasprimeras.com.do\/wp-content\/uploads\/2024\/01\/WhatsApp-Image-2023-12-30-at-3.02.08-PM-5.jpeg?resize=700%2C400&ssl=1 2x"},"classes":[]},{"id":69901,"url":"https:\/\/lasprimeras.com.do\/index.php\/2023\/12\/06\/jce-abre-periodo-de-campana-para-elecciones-municipales-2024\/","url_meta":{"origin":77768,"position":2},"title":"JCE abre periodo de campa\u00f1a para elecciones municipales 2024","author":"BIMARY DE JES\u00daS Matos","date":"6 de diciembre de 2023","format":false,"excerpt":"RD.-La Junta Central Electoral (JCE), public\u00f3 hoy la proclama que deja iniciado el periodo de campa\u00f1a para elecciones municipales 2024. La misma establece las condiciones bajo las cuales se llevar\u00e1n a cabo las elecciones ordinarias generales en los niveles de alcald\u00edas, regidur\u00edas, direcciones distritales y vocal\u00edas de la Rep\u00fablica Dominicana.\u2026","rel":"","context":"En \u00abSin categor\u00eda\u00bb","block_context":{"text":"Sin categor\u00eda","link":"https:\/\/lasprimeras.com.do\/index.php\/category\/sin-categoria\/"},"img":{"alt_text":"","src":"https:\/\/i0.wp.com\/lasprimeras.com.do\/wp-content\/uploads\/2023\/12\/Diseno-sin-titulo-1-2.jpg?resize=350%2C200&ssl=1","width":350,"height":200,"srcset":"https:\/\/i0.wp.com\/lasprimeras.com.do\/wp-content\/uploads\/2023\/12\/Diseno-sin-titulo-1-2.jpg?resize=350%2C200&ssl=1 1x, https:\/\/i0.wp.com\/lasprimeras.com.do\/wp-content\/uploads\/2023\/12\/Diseno-sin-titulo-1-2.jpg?resize=525%2C300&ssl=1 1.5x"},"classes":[]},{"id":116193,"url":"https:\/\/lasprimeras.com.do\/index.php\/2025\/11\/27\/presidente-de-la-jce-encabezara-mision-de-observacion-electoral-en-elecciones-de-honduras\/","url_meta":{"origin":77768,"position":3},"title":"Presidente de la JCE encabezar\u00e1 misi\u00f3n de observaci\u00f3n electoral en elecciones de Honduras","author":"Nelson Feliz","date":"27 de noviembre de 2025","format":false,"excerpt":"Dolores Fern\u00e1ndez participar\u00e1 en representaci\u00f3n de la AMEA; Samir Chami Isa y Vallejo Santelises integran la misi\u00f3n de UNIORE El presidente de la Junta Central Electoral (JCE) participar\u00e1 como jefe de la Misi\u00f3n de Observaci\u00f3n Electoral de la Uni\u00f3n Interamericana de Organismos Electorales (UNIORE) en las elecciones generales de Honduras\u2026","rel":"","context":"En \u00abNACIONALES\u00bb","block_context":{"text":"NACIONALES","link":"https:\/\/lasprimeras.com.do\/index.php\/category\/nacionales\/"},"img":{"alt_text":"","src":"https:\/\/i0.wp.com\/lasprimeras.com.do\/wp-content\/uploads\/2025\/06\/jce-2.jpg?resize=350%2C200&ssl=1","width":350,"height":200,"srcset":"https:\/\/i0.wp.com\/lasprimeras.com.do\/wp-content\/uploads\/2025\/06\/jce-2.jpg?resize=350%2C200&ssl=1 1x, https:\/\/i0.wp.com\/lasprimeras.com.do\/wp-content\/uploads\/2025\/06\/jce-2.jpg?resize=525%2C300&ssl=1 1.5x, https:\/\/i0.wp.com\/lasprimeras.com.do\/wp-content\/uploads\/2025\/06\/jce-2.jpg?resize=700%2C400&ssl=1 2x"},"classes":[]},{"id":81285,"url":"https:\/\/lasprimeras.com.do\/index.php\/2024\/04\/18\/juntas-electorales-concluyen-entrega-de-certificados-y-proclamacion-de-nuevas-autoridades-municipales\/","url_meta":{"origin":77768,"position":4},"title":"Juntas electorales concluyen entrega de certificados y proclamaci\u00f3n de nuevas autoridades municipales","author":"Nelson Feliz","date":"18 de abril de 2024","format":false,"excerpt":"Toma de posesi\u00f3n ser\u00e1 el mi\u00e9rcoles 24 de abril pr\u00f3ximo La Junta Central Electoral (JCE) inform\u00f3 que concluy\u00f3 este mi\u00e9rcoles a nivel nacional la entrega de certificados a los candidatos y candidatas que resultaron ganadores en las pasadas elecciones, quienes de inmediato fueron proclamados como nuevas autoridades municipales. Los actos\u2026","rel":"","context":"En \u00abNACIONALES\u00bb","block_context":{"text":"NACIONALES","link":"https:\/\/lasprimeras.com.do\/index.php\/category\/nacionales\/"},"img":{"alt_text":"","src":"https:\/\/i0.wp.com\/lasprimeras.com.do\/wp-content\/uploads\/2024\/04\/JCE-5.jpg?resize=350%2C200&ssl=1","width":350,"height":200,"srcset":"https:\/\/i0.wp.com\/lasprimeras.com.do\/wp-content\/uploads\/2024\/04\/JCE-5.jpg?resize=350%2C200&ssl=1 1x, https:\/\/i0.wp.com\/lasprimeras.com.do\/wp-content\/uploads\/2024\/04\/JCE-5.jpg?resize=525%2C300&ssl=1 1.5x"},"classes":[]},{"id":70446,"url":"https:\/\/lasprimeras.com.do\/index.php\/2023\/12\/11\/las-juntas-electorales-rechazaron-1396-candidaturas-para-las-elecciones-municipales\/","url_meta":{"origin":77768,"position":5},"title":"Las Juntas Electorales rechazaron 1,396 candidaturas para las elecciones municipales","author":"BIMARY DE JES\u00daS Matos","date":"11 de diciembre de 2023","format":false,"excerpt":"Santo Domingo.-Un total de 1,396 candidaturas a cargos de elecci\u00f3n popular inscritas por los partidos para competir en las elecciones municipales del 18 de febrero del pr\u00f3ximo a\u00f1o 2024, fueron rechazadas por no ajustarse a las disposiciones de la Constituci\u00f3n y las leyes. Las medidas fueron adoptadas por las Juntas\u2026","rel":"","context":"En \u00abSin categor\u00eda\u00bb","block_context":{"text":"Sin categor\u00eda","link":"https:\/\/lasprimeras.com.do\/index.php\/category\/sin-categoria\/"},"img":{"alt_text":"","src":"https:\/\/i0.wp.com\/lasprimeras.com.do\/wp-content\/uploads\/2023\/12\/Leonel-acusa-al-gobierno-de-incumplidores-y-mala-paga-que-lleva-a-la-quiebra-agricultores-3-1.jpg?resize=350%2C200&ssl=1","width":350,"height":200,"srcset":"https:\/\/i0.wp.com\/lasprimeras.com.do\/wp-content\/uploads\/2023\/12\/Leonel-acusa-al-gobierno-de-incumplidores-y-mala-paga-que-lleva-a-la-quiebra-agricultores-3-1.jpg?resize=350%2C200&ssl=1 1x, https:\/\/i0.wp.com\/lasprimeras.com.do\/wp-content\/uploads\/2023\/12\/Leonel-acusa-al-gobierno-de-incumplidores-y-mala-paga-que-lleva-a-la-quiebra-agricultores-3-1.jpg?resize=525%2C300&ssl=1 1.5x, https:\/\/i0.wp.com\/lasprimeras.com.do\/wp-content\/uploads\/2023\/12\/Leonel-acusa-al-gobierno-de-incumplidores-y-mala-paga-que-lleva-a-la-quiebra-agricultores-3-1.jpg?resize=700%2C400&ssl=1 2x"},"classes":[]}],"jetpack_sharing_enabled":true,"_links":{"self":[{"href":"https:\/\/lasprimeras.com.do\/index.php\/wp-json\/wp\/v2\/posts\/77768","targetHints":{"allow":["GET"]}}],"collection":[{"href":"https:\/\/lasprimeras.com.do\/index.php\/wp-json\/wp\/v2\/posts"}],"about":[{"href":"https:\/\/lasprimeras.com.do\/index.php\/wp-json\/wp\/v2\/types\/post"}],"author":[{"embeddable":true,"href":"https:\/\/lasprimeras.com.do\/index.php\/wp-json\/wp\/v2\/users\/2"}],"replies":[{"embeddable":true,"href":"https:\/\/lasprimeras.com.do\/index.php\/wp-json\/wp\/v2\/comments?post=77768"}],"version-history":[{"count":1,"href":"https:\/\/lasprimeras.com.do\/index.php\/wp-json\/wp\/v2\/posts\/77768\/revisions"}],"predecessor-version":[{"id":77769,"href":"https:\/\/lasprimeras.com.do\/index.php\/wp-json\/wp\/v2\/posts\/77768\/revisions\/77769"}],"wp:featuredmedia":[{"embeddable":true,"href":"https:\/\/lasprimeras.com.do\/index.php\/wp-json\/wp\/v2\/media\/59036"}],"wp:attachment":[{"href":"https:\/\/lasprimeras.com.do\/index.php\/wp-json\/wp\/v2\/media?parent=77768"}],"wp:term":[{"taxonomy":"category","embeddable":true,"href":"https:\/\/lasprimeras.com.do\/index.php\/wp-json\/wp\/v2\/categories?post=77768"},{"taxonomy":"post_tag","embeddable":true,"href":"https:\/\/lasprimeras.com.do\/index.php\/wp-json\/wp\/v2\/tags?post=77768"}],"curies":[{"name":"wp","href":"https:\/\/api.w.org\/{rel}","templated":true}]}}