{"id":78005,"date":"2024-02-27T16:34:38","date_gmt":"2024-02-27T20:34:38","guid":{"rendered":"https:\/\/lasprimeras.com.do\/?p=78005"},"modified":"2024-02-27T16:34:39","modified_gmt":"2024-02-27T20:34:39","slug":"presidente-abinader-destaca-logros-de-la-caasd-en-gestion-de-fellito-subervi","status":"publish","type":"post","link":"https:\/\/lasprimeras.com.do\/index.php\/2024\/02\/27\/presidente-abinader-destaca-logros-de-la-caasd-en-gestion-de-fellito-subervi\/","title":{"rendered":"Presidente Abinader destaca logros de la CAASD en gesti\u00f3n de Fellito Suberv\u00ed"},"content":{"rendered":"\n<p><strong>Durante su discurso de rendici\u00f3n de cuentas, el jefe de Estado enumer\u00f3 las obras ejecutadas por la instituci\u00f3n para mejor\u00eda de la calidad de vida de la poblaci\u00f3n del Gran Santo Domingo.<\/strong><\/p>\n\n\n\n<p>El presidente Luis Abinader resalt\u00f3 las obras ejecutadas por la Corporaci\u00f3n del Acueducto y Alcantarillado de Santo Domingo (CAASD) en beneficio de la poblaci\u00f3n de la provincia y el Distrito Nacional, durante la gesti\u00f3n a cargo del ingeniero Felipe Suberv\u00ed (Fellito).<\/p>\n\n\n\n<p>El mandatario, en su \u00faltima Rendici\u00f3n de Cuentas de este per\u00edodo de Gobierno en la Asamblea Nacional, detall\u00f3 que al culminar el a\u00f1o 2023, la CAASD increment\u00f3 86 millones de galones m\u00e1s, aumentando su producci\u00f3n de agua potable a 470 millones de galones diarios, alcanzando una cifra r\u00e9cord en la historia de la entidad estatal.<\/p>\n\n\n\n<p>Indic\u00f3 que decenas de localidades fueron favorecidas con el preciado l\u00edquido a trav\u00e9s de tuber\u00edas por primera vez.<\/p>\n\n\n\n<p>\u201cEl aumento en la producci\u00f3n marca un hito en la historia de la CAASD. Estos esfuerzos han hecho posible que se superen los par\u00e1metros ya establecidos, con la responsabilidad elevar los niveles de salubridad de nuestra gente. Esta instituci\u00f3n ha llevado agua por primera vez a trav\u00e9s de tuber\u00edas a m\u00e1s de 70 comunidades del Gran Santo Domingo, impactando a m\u00e1s de 500,000 habitantes de esta gran provincia\u201d, explic\u00f3 el jefe de Gobierno.<\/p>\n\n\n\n<p>Asimismo, entre las infraestructuras ejecutadas se\u00f1al\u00f3 la rehabilitaci\u00f3n del Acueducto Barrera de Salinidad, al destacar que se recuper\u00f3 en su primera fase, la producci\u00f3n de agua de 4 metros c\u00fabicos (m3), y en cuya segunda fase llegar\u00e1 a los 6 m3, a fin de favorecer a m\u00e1s de 1.8 millones de habitantes de los municipios Santo Domingo Este y Santo Domingo Norte.<\/p>\n\n\n\n<p>De igual modo, el presidente de la Rep\u00fablica anunci\u00f3 que el acueducto del municipio San Antonio de Guerra se encuentra en fase de terminaci\u00f3n, mientras que y el sistema de La Cuaba, en Pedro Brand se encuentra en el portal de Compras y Contrataciones para licitaci\u00f3n.<\/p>\n\n\n\n<p>\u201cCon estas obras se aumentar\u00e1 significativamente la producci\u00f3n de agua potable\u201d, expres\u00f3.<\/p>\n\n\n\n<p>Abinader, cit\u00f3 los trabajos realizados por la Corporaci\u00f3n en la intervenci\u00f3n de 42 kil\u00f3metros de ca\u00f1adas, labor que calific\u00f3 de gran impacto para los cientos de miles de familias de las distintas localidades que conforman el Gran Santo Domingo.<\/p>\n\n\n\n<p>\u201cA la fecha se han entregado 14.5 kil\u00f3metros, 11 kil\u00f3metros para entrega en los pr\u00f3ximos d\u00edas y 17 kil\u00f3metros antes de que concluya el cuatrienio, cuyos trabajos est\u00e1n en ejecuci\u00f3n\u201d, resalt\u00f3.<\/p>\n\n\n\n<p>En ese orden, afirm\u00f3 que entre las ca\u00f1adas en proceso de saneamiento est\u00e1 Guajim\u00eda, una de las m\u00e1s contaminantes de Santo Domingo Oeste. Precis\u00f3 que la primera fase incluy\u00f3 la construcci\u00f3n y entrega de 200 apartamentos para igual n\u00famero de familias.<\/p>\n\n\n\n<p>Destac\u00f3 la entrega de Cristo Park, espacio ambiental construido encima de un afluente remozado. Tambi\u00e9n se refiri\u00f3 al nuevo parque Sabana Park. Resalt\u00f3 que ambas obras benefician a m\u00e1s de 400,000 habitantes de sus alrededores.<\/p>\n\n\n\n<p>Adem\u00e1s, durante su discurso, el mandatario enumer\u00f3 los trabajos ejecutados por la CAASD a fin de lograr la rehabilitaci\u00f3n de plantas de tratamiento de aguas residuales entre las que destac\u00f3: Prados de San Luis y Hainamosa, al tiempo de especificar que ambas infraestructuras transformaron la vida a m\u00e1s de 200,000 personas de Santo Domingo Este.<\/p>\n\n\n\n<p>El presidente Abinader precis\u00f3 que la instituci\u00f3n sustituy\u00f3 m\u00e1s de 108,305 metros lineales de tuber\u00eda, construy\u00f3 12,720 acometidas, coloc\u00f3 29,606 m2 de asfalto que se suman a otros 42,394 m2 ya colocados, para un total de 72,000 metros cuadrados en los \u00faltimos tres a\u00f1os.<\/p>\n","protected":false},"excerpt":{"rendered":"<p>Durante su discurso de rendici\u00f3n de cuentas, el jefe de Estado enumer\u00f3 las obras ejecutadas por la instituci\u00f3n para mejor\u00eda de la calidad de vida de la poblaci\u00f3n del Gran&hellip;<\/p>\n","protected":false},"author":2,"featured_media":78006,"comment_status":"open","ping_status":"open","sticky":false,"template":"","format":"standard","meta":{"content-type":"","jetpack_post_was_ever_published":false,"_jetpack_newsletter_access":"","_jetpack_dont_email_post_to_subs":false,"_jetpack_newsletter_tier_id":0,"_jetpack_memberships_contains_paywalled_content":false,"_jetpack_memberships_contains_paid_content":false,"footnotes":""},"categories":[39,25],"tags":[697,2200,67,2541],"class_list":["post-78005","post","type-post","status-publish","format-standard","has-post-thumbnail","hentry","category-economia","category-portada","tag-caasd","tag-fellito-subervi","tag-luis-abinader","tag-rendicion-de-cuentas"],"jetpack_featured_media_url":"https:\/\/lasprimeras.com.do\/wp-content\/uploads\/2024\/02\/Fellito-Subervi-1.jpg","jetpack-related-posts":[{"id":123313,"url":"https:\/\/lasprimeras.com.do\/index.php\/2026\/02\/27\/director-de-la-caasd-la-rendicion-de-cuentas-es-el-reflejo-de-una-gestion-eficiente-moderna-y-transparente\/","url_meta":{"origin":78005,"position":0},"title":"Director de la CAASD: La Rendici\u00f3n de Cuentas es el reflejo de una gesti\u00f3n eficiente, moderna y transparente","author":"Nelson Feliz","date":"27 de febrero de 2026","format":false,"excerpt":"Asegura CAASD mejor\u00f3 producci\u00f3n, distribuci\u00f3n y respuesta operativa durante 2025 Al valorar la Rendici\u00f3n de Cuentas del Presidente Luis Abinader como una pieza fundamentada en la verdad y la transparencia, el director general de la Corporaci\u00f3n del Acueducto y Alcantarillado de Santo Domingo (CAASD), ingeniero Felipe -Fellito- Suberv\u00ed, inform\u00f3 que\u2026","rel":"","context":"En \u00abNACIONALES\u00bb","block_context":{"text":"NACIONALES","link":"https:\/\/lasprimeras.com.do\/index.php\/category\/nacionales\/"},"img":{"alt_text":"Felipe -Fellito- Suberv\u00ed","src":"https:\/\/i0.wp.com\/lasprimeras.com.do\/wp-content\/uploads\/2026\/02\/Felipe-Fellito-Subervi.jpg?resize=350%2C200&ssl=1","width":350,"height":200,"srcset":"https:\/\/i0.wp.com\/lasprimeras.com.do\/wp-content\/uploads\/2026\/02\/Felipe-Fellito-Subervi.jpg?resize=350%2C200&ssl=1 1x, https:\/\/i0.wp.com\/lasprimeras.com.do\/wp-content\/uploads\/2026\/02\/Felipe-Fellito-Subervi.jpg?resize=525%2C300&ssl=1 1.5x, https:\/\/i0.wp.com\/lasprimeras.com.do\/wp-content\/uploads\/2026\/02\/Felipe-Fellito-Subervi.jpg?resize=700%2C400&ssl=1 2x"},"classes":[]},{"id":122815,"url":"https:\/\/lasprimeras.com.do\/index.php\/2026\/02\/22\/abinader-y-fellito-subervi-ponen-en-servicio-acueducto-por-bombeo-mas-grande-del-pais\/","url_meta":{"origin":78005,"position":1},"title":"Abinader y Fellito Suberv\u00ed ponen en servicio acueducto por bombeo m\u00e1s grande del pa\u00eds","author":"Nelson Feliz","date":"22 de febrero de 2026","format":false,"excerpt":"Felipe -Fellito- Subervi destaca como un hito en la historia de la CAASD la puesta en funcionamiento de la Ampliaci\u00f3n del Acueducto Oriental Barrera de Salinidad recuperado y ampliado para llevar agua potable con mayor presi\u00f3n y continuidad a usuarios de los municipios Santo Domingo Este y Norte. El Presidente\u2026","rel":"","context":"En \u00abNACIONALES\u00bb","block_context":{"text":"NACIONALES","link":"https:\/\/lasprimeras.com.do\/index.php\/category\/nacionales\/"},"img":{"alt_text":"","src":"https:\/\/i0.wp.com\/lasprimeras.com.do\/wp-content\/uploads\/2026\/02\/acueducto.jpg?resize=350%2C200&ssl=1","width":350,"height":200,"srcset":"https:\/\/i0.wp.com\/lasprimeras.com.do\/wp-content\/uploads\/2026\/02\/acueducto.jpg?resize=350%2C200&ssl=1 1x, https:\/\/i0.wp.com\/lasprimeras.com.do\/wp-content\/uploads\/2026\/02\/acueducto.jpg?resize=525%2C300&ssl=1 1.5x, https:\/\/i0.wp.com\/lasprimeras.com.do\/wp-content\/uploads\/2026\/02\/acueducto.jpg?resize=700%2C400&ssl=1 2x"},"classes":[]},{"id":121371,"url":"https:\/\/lasprimeras.com.do\/index.php\/2026\/02\/03\/fellito-subervi-cerca-de-dos-millones-de-personas-seran-beneficiadas-con-entrada-del-acueducto-barrera-de-salinidad\/","url_meta":{"origin":78005,"position":2},"title":"Fellito Suberv\u00ed: Cerca de dos millones de personas ser\u00e1n beneficiadas con entrada del Acueducto Barrera de Salinidad","author":"Nelson Feliz","date":"3 de febrero de 2026","format":false,"excerpt":"El director de la CAASD anuncia ampliaci\u00f3n y remodelaci\u00f3n de esta planta potabilizadora, que entrar\u00e1 en fase de prueba en las pr\u00f3ximas semanas, constituir\u00e1 un hecho sin precedentes en la historia de la Corporaci\u00f3n del Acueducto y Alcantarillado de Santo Domingo, al producir diariamente m\u00e1s de 136 millones de galones\u2026","rel":"","context":"En \u00abNACIONALES\u00bb","block_context":{"text":"NACIONALES","link":"https:\/\/lasprimeras.com.do\/index.php\/category\/nacionales\/"},"img":{"alt_text":"Fellito Subervi","src":"https:\/\/i0.wp.com\/lasprimeras.com.do\/wp-content\/uploads\/2024\/08\/Fellito-Subervi.jpg?resize=350%2C200&ssl=1","width":350,"height":200,"srcset":"https:\/\/i0.wp.com\/lasprimeras.com.do\/wp-content\/uploads\/2024\/08\/Fellito-Subervi.jpg?resize=350%2C200&ssl=1 1x, https:\/\/i0.wp.com\/lasprimeras.com.do\/wp-content\/uploads\/2024\/08\/Fellito-Subervi.jpg?resize=525%2C300&ssl=1 1.5x, https:\/\/i0.wp.com\/lasprimeras.com.do\/wp-content\/uploads\/2024\/08\/Fellito-Subervi.jpg?resize=700%2C400&ssl=1 2x"},"classes":[]},{"id":127282,"url":"https:\/\/lasprimeras.com.do\/index.php\/2026\/04\/09\/fellito-subervi-defiende-las-obras-entregadas-desde-la-caasd\/","url_meta":{"origin":78005,"position":3},"title":"Fellito Suberv\u00ed defiende las obras entregadas desde la CAASD","author":"Nelson Feliz","date":"9 de abril de 2026","format":false,"excerpt":"Anunci\u00f3 la intervenci\u00f3n este a\u00f1o de 17 kil\u00f3metros de ca\u00f1adas que sumar\u00edan un total de 63 kil\u00f3metros en el GSD El director general de la Corporaci\u00f3n del Acueducto y Alcantarillado de Santo Domingo (CAASD), Felipe -Fellito- Suberv\u00ed, anuncio este jueves la intervenci\u00f3n de 17 kil\u00f3metros m\u00e1s de ca\u00f1adas, agregados a\u2026","rel":"","context":"En \u00abNACIONALES\u00bb","block_context":{"text":"NACIONALES","link":"https:\/\/lasprimeras.com.do\/index.php\/category\/nacionales\/"},"img":{"alt_text":"Felipe -Fellito- Suberv\u00ed","src":"https:\/\/i0.wp.com\/lasprimeras.com.do\/wp-content\/uploads\/2026\/04\/FELLITO.jpg?resize=350%2C200&ssl=1","width":350,"height":200,"srcset":"https:\/\/i0.wp.com\/lasprimeras.com.do\/wp-content\/uploads\/2026\/04\/FELLITO.jpg?resize=350%2C200&ssl=1 1x, https:\/\/i0.wp.com\/lasprimeras.com.do\/wp-content\/uploads\/2026\/04\/FELLITO.jpg?resize=525%2C300&ssl=1 1.5x, https:\/\/i0.wp.com\/lasprimeras.com.do\/wp-content\/uploads\/2026\/04\/FELLITO.jpg?resize=700%2C400&ssl=1 2x"},"classes":[]},{"id":109786,"url":"https:\/\/lasprimeras.com.do\/index.php\/2025\/09\/22\/fellito-subervi-destaca-acueducto-barrera-de-salinidad-beneficiara-a-1-8-millones-de-personas-en-el-gsd\/","url_meta":{"origin":78005,"position":4},"title":"Fellito Suberv\u00ed destaca Acueducto Barrera de Salinidad beneficiar\u00e1 a 1.8 millones de personas en el GSD","author":"Nelson Feliz","date":"22 de septiembre de 2025","format":false,"excerpt":"La CAASD ejecuta esta obra clave para fortalecer el abastecimiento de agua potable en el Gran Santo Domingo. El director general de la Corporaci\u00f3n del Acueducto y Alcantarillado de Santo Domingo (CAASD), Fellito Suberv\u00ed inform\u00f3 durante un recorrido de supervisi\u00f3n junto al presidente Luis Abinader, que el Acueducto Oriental Barrera\u2026","rel":"","context":"En \u00abECONOM\u00cdA\u00bb","block_context":{"text":"ECONOM\u00cdA","link":"https:\/\/lasprimeras.com.do\/index.php\/category\/economia\/"},"img":{"alt_text":"","src":"https:\/\/i0.wp.com\/lasprimeras.com.do\/wp-content\/uploads\/2025\/09\/Fellito-Subervi-1.jpg?resize=350%2C200&ssl=1","width":350,"height":200,"srcset":"https:\/\/i0.wp.com\/lasprimeras.com.do\/wp-content\/uploads\/2025\/09\/Fellito-Subervi-1.jpg?resize=350%2C200&ssl=1 1x, https:\/\/i0.wp.com\/lasprimeras.com.do\/wp-content\/uploads\/2025\/09\/Fellito-Subervi-1.jpg?resize=525%2C300&ssl=1 1.5x, https:\/\/i0.wp.com\/lasprimeras.com.do\/wp-content\/uploads\/2025\/09\/Fellito-Subervi-1.jpg?resize=700%2C400&ssl=1 2x"},"classes":[]},{"id":115647,"url":"https:\/\/lasprimeras.com.do\/index.php\/2025\/11\/24\/presidente-abinader-y-fellito-avanzan-en-transformacion-del-servicio-de-agua-con-el-nuevo-plan-de-zona-en-gsd\/","url_meta":{"origin":78005,"position":5},"title":"Presidente Abinader y Fellito avanzan en transformaci\u00f3n del servicio de agua con el nuevo Plan de Zona en GSD","author":"Nelson Feliz","date":"24 de noviembre de 2025","format":false,"excerpt":"Con m\u00e1s de RD$ 700 millones, CAASD activa una estructura operativa que moderniza el servicio y analizar atenci\u00f3n inmediata a los hogares de la ciudad. El presidente Luis Abinader y el director de la Corporaci\u00f3n del Acueducto y Alcantarillado de Santo Domingo (CAASD), Fellito Suberv\u00ed, pusieron en marcha el \u201cPlan\u2026","rel":"","context":"En \u00abECONOM\u00cdA\u00bb","block_context":{"text":"ECONOM\u00cdA","link":"https:\/\/lasprimeras.com.do\/index.php\/category\/economia\/"},"img":{"alt_text":"","src":"https:\/\/i0.wp.com\/lasprimeras.com.do\/wp-content\/uploads\/2025\/11\/caasd.jpg?resize=350%2C200&ssl=1","width":350,"height":200,"srcset":"https:\/\/i0.wp.com\/lasprimeras.com.do\/wp-content\/uploads\/2025\/11\/caasd.jpg?resize=350%2C200&ssl=1 1x, https:\/\/i0.wp.com\/lasprimeras.com.do\/wp-content\/uploads\/2025\/11\/caasd.jpg?resize=525%2C300&ssl=1 1.5x, https:\/\/i0.wp.com\/lasprimeras.com.do\/wp-content\/uploads\/2025\/11\/caasd.jpg?resize=700%2C400&ssl=1 2x"},"classes":[]}],"jetpack_sharing_enabled":true,"_links":{"self":[{"href":"https:\/\/lasprimeras.com.do\/index.php\/wp-json\/wp\/v2\/posts\/78005","targetHints":{"allow":["GET"]}}],"collection":[{"href":"https:\/\/lasprimeras.com.do\/index.php\/wp-json\/wp\/v2\/posts"}],"about":[{"href":"https:\/\/lasprimeras.com.do\/index.php\/wp-json\/wp\/v2\/types\/post"}],"author":[{"embeddable":true,"href":"https:\/\/lasprimeras.com.do\/index.php\/wp-json\/wp\/v2\/users\/2"}],"replies":[{"embeddable":true,"href":"https:\/\/lasprimeras.com.do\/index.php\/wp-json\/wp\/v2\/comments?post=78005"}],"version-history":[{"count":1,"href":"https:\/\/lasprimeras.com.do\/index.php\/wp-json\/wp\/v2\/posts\/78005\/revisions"}],"predecessor-version":[{"id":78007,"href":"https:\/\/lasprimeras.com.do\/index.php\/wp-json\/wp\/v2\/posts\/78005\/revisions\/78007"}],"wp:featuredmedia":[{"embeddable":true,"href":"https:\/\/lasprimeras.com.do\/index.php\/wp-json\/wp\/v2\/media\/78006"}],"wp:attachment":[{"href":"https:\/\/lasprimeras.com.do\/index.php\/wp-json\/wp\/v2\/media?parent=78005"}],"wp:term":[{"taxonomy":"category","embeddable":true,"href":"https:\/\/lasprimeras.com.do\/index.php\/wp-json\/wp\/v2\/categories?post=78005"},{"taxonomy":"post_tag","embeddable":true,"href":"https:\/\/lasprimeras.com.do\/index.php\/wp-json\/wp\/v2\/tags?post=78005"}],"curies":[{"name":"wp","href":"https:\/\/api.w.org\/{rel}","templated":true}]}}