{"id":78020,"date":"2024-02-27T19:46:03","date_gmt":"2024-02-27T23:46:03","guid":{"rendered":"https:\/\/lasprimeras.com.do\/?p=78020"},"modified":"2024-02-27T19:46:05","modified_gmt":"2024-02-27T23:46:05","slug":"anje-califica-de-optimista-rendicion-de-cuentas-del-presidente-abinader","status":"publish","type":"post","link":"https:\/\/lasprimeras.com.do\/index.php\/2024\/02\/27\/anje-califica-de-optimista-rendicion-de-cuentas-del-presidente-abinader\/","title":{"rendered":"ANJE califica de optimista rendici\u00f3n de cuentas del presidente Abinader"},"content":{"rendered":"\n<p>Por Roberto P\u00e9rez<\/p>\n\n\n\n<p>El presidente de la Asociaci\u00f3n Nacional de J\u00f3venes Empresarios (ANJE), Jos\u00e9 Nelton Gonz\u00e1lez, calific\u00f3 como amplio y optimista, el discurso de rendici\u00f3n de cuentas pronunciado este 27 de febrero por el presidente Luis Abinader ante la Asamblea Nacional, cumpliendo con el mandato constitucional de rendir cuentas al pa\u00eds sobre las ejecuciones de su gesti\u00f3n gubernamental.<\/p>\n\n\n\n<p>\u201cValoramos las iniciativas que enmarcan la participaci\u00f3n de los j\u00f3venes, en especial las referidas a la creaci\u00f3n de empleos formales que conforme a las cifras registran unos 616,192 y de c\u00f3mo el 66.4% de todos de los empleos creados en el \u00faltimo trimestre del 2023 corresponden a personas menores de 35 a\u00f1os.<\/p>\n\n\n\n<p>En este sentido, cobra mayor relevancia la modernizaci\u00f3n del C\u00f3digo de Trabajo para desarrollar un sistema que promueva la productividad y la competitividad, integrando las nuevas tecnolog\u00edas, las modalidades de trabajo, la promoci\u00f3n de empleos de calidad, la generaci\u00f3n de productos y servicios de mayor valor agregado&#8221; manifest\u00f3 Jos\u00e9 Nelton Gonz\u00e1lez, presidente de ANJE.<\/p>\n\n\n\n<p>Adicionalmente, los j\u00f3venes empresarios observan que esta rendici\u00f3n de cuentas estuvo enfocada en resaltar el comportamiento de la recuperaci\u00f3n de la econom\u00eda dominicana, destacando su posicionamiento frente al resto de los pa\u00edses de la regi\u00f3n y a los sectores clave como el Turismo y las Zonas Franca y el impulso de la Inversi\u00f3n Extranjera Directa.<\/p>\n\n\n\n<p>En este sentido,&#8221;Desde ANJE deseamos que la econom\u00eda dominicana contin\u00fae en esta senda de crecimiento y desarrollo, bajo los lineamientos trazados en la Estrategia Nacional de Desarrollo (END)&#8221; indic\u00f3 el presidente del gremio empresarial.<\/p>\n\n\n\n<p>Adem\u00e1s, agreg\u00f3: &#8220;ANJE valora como optimista la alocuci\u00f3n del Presidente de la Rep\u00fablica, reconociendo que realiz\u00f3 una exposici\u00f3n detallada de los principales hitos de su gesti\u00f3n gubernamental, brindando un panorama completo de su visi\u00f3n de gobierno, con un enfoque propositivo frente a las ejecutorias pendientes del periodo.<\/p>\n\n\n\n<p>&#8220;Sin embargo, los j\u00f3venes empresarios esperaban escuchar propuestas concretas que apunten a las reformas en curso y pendientes por ser sometidas, como son la reforma fiscal integral, la aplicaci\u00f3n del pacto el\u00e9ctrico y el proceso de reforma y modernizaci\u00f3n del sector educativo preuniversitario, entre otras.<\/p>\n\n\n\n<p>Todas estas, con miras a desarrollar planes e iniciativas que impacten positivamente en el largo plazo del desarrollo del pa\u00eds.<\/p>\n","protected":false},"excerpt":{"rendered":"<p>Por Roberto P\u00e9rez El presidente de la Asociaci\u00f3n Nacional de J\u00f3venes Empresarios (ANJE), Jos\u00e9 Nelton Gonz\u00e1lez, calific\u00f3 como amplio y optimista, el discurso de rendici\u00f3n de cuentas pronunciado este 27&hellip;<\/p>\n","protected":false},"author":2,"featured_media":78021,"comment_status":"open","ping_status":"open","sticky":false,"template":"","format":"standard","meta":{"content-type":"","jetpack_post_was_ever_published":false,"_jetpack_newsletter_access":"","_jetpack_dont_email_post_to_subs":false,"_jetpack_newsletter_tier_id":0,"_jetpack_memberships_contains_paywalled_content":false,"_jetpack_memberships_contains_paid_content":false,"footnotes":""},"categories":[39],"tags":[2505,67,7771,2541],"class_list":["post-78020","post","type-post","status-publish","format-standard","has-post-thumbnail","hentry","category-economia","tag-anje","tag-luis-abinader","tag-optimista","tag-rendicion-de-cuentas"],"jetpack_featured_media_url":"https:\/\/lasprimeras.com.do\/wp-content\/uploads\/2024\/02\/Jose-Nelton-Gonzalez.png","jetpack-related-posts":[{"id":78052,"url":"https:\/\/lasprimeras.com.do\/index.php\/2024\/02\/27\/terrero-cuestiona-discurso-de-rendicion-de-cuentas-lo-califica-de-reeleccionista-y-llenos-de-falacias\/","url_meta":{"origin":78020,"position":0},"title":"Terrero cuestiona discurso de &#8220;Rendici\u00f3n de Cuentas&#8221; lo califica de reeleccionista y llenos de falacias","author":"Nelson Feliz","date":"27 de febrero de 2024","format":false,"excerpt":"El ex diputado y miembro del Comit\u00e9 Central del Partido de la Liberaci\u00f3n Dominicana (PLD), doctor V\u00edctor Manuel Terrero, calific\u00f3 hoy como una fabula electorera el discurso de Redici\u00f3n de Cuentas, pronunciado por el presidente Luis Abinader desde la Asamblea Nacional con motivo del 180 aniversario\u00a0de la Independencia Nacional. El\u2026","rel":"","context":"En \u00abPORTADA\u00bb","block_context":{"text":"PORTADA","link":"https:\/\/lasprimeras.com.do\/index.php\/category\/portada\/"},"img":{"alt_text":"V\u00edctor Terrero","src":"https:\/\/i0.wp.com\/lasprimeras.com.do\/wp-content\/uploads\/2023\/07\/Victor-Terrero.jpeg?resize=350%2C200&ssl=1","width":350,"height":200,"srcset":"https:\/\/i0.wp.com\/lasprimeras.com.do\/wp-content\/uploads\/2023\/07\/Victor-Terrero.jpeg?resize=350%2C200&ssl=1 1x, https:\/\/i0.wp.com\/lasprimeras.com.do\/wp-content\/uploads\/2023\/07\/Victor-Terrero.jpeg?resize=525%2C300&ssl=1 1.5x, https:\/\/i0.wp.com\/lasprimeras.com.do\/wp-content\/uploads\/2023\/07\/Victor-Terrero.jpeg?resize=700%2C400&ssl=1 2x"},"classes":[]},{"id":125848,"url":"https:\/\/lasprimeras.com.do\/index.php\/2026\/03\/26\/anje-y-micm-impulsaran-competitividad-de-mipymes-jovenes\/","url_meta":{"origin":78020,"position":1},"title":"ANJE y MICM impulsar\u00e1n competitividad de MIPYMES j\u00f3venes","author":"Nelson Feliz","date":"26 de marzo de 2026","format":false,"excerpt":"La Asociaci\u00f3n Nacional de J\u00f3venes Empresarios (ANJE) contin\u00faa consolidando su rol como articulador del ecosistema empresarial joven, tras establecer una mesa de trabajo de alto nivel junto al Ministerio de Industria, Comercio y Mipymes (MICM), enfocada a fortalecer la competitividad y sostenibilidad de las MIPYMES lideradas por j\u00f3venes en la\u2026","rel":"","context":"En \u00abECONOM\u00cdA\u00bb","block_context":{"text":"ECONOM\u00cdA","link":"https:\/\/lasprimeras.com.do\/index.php\/category\/economia\/"},"img":{"alt_text":"He generado una imagen conceptual que muestra las fachadas de ANJE y el MICM en un estilo arquitect\u00f3nico moderno, destacando sus identidades institucionales en el contexto de Santo Domingo.","src":"https:\/\/i0.wp.com\/lasprimeras.com.do\/wp-content\/uploads\/2026\/03\/alianza-1.jpg?resize=350%2C200&ssl=1","width":350,"height":200,"srcset":"https:\/\/i0.wp.com\/lasprimeras.com.do\/wp-content\/uploads\/2026\/03\/alianza-1.jpg?resize=350%2C200&ssl=1 1x, https:\/\/i0.wp.com\/lasprimeras.com.do\/wp-content\/uploads\/2026\/03\/alianza-1.jpg?resize=525%2C300&ssl=1 1.5x, https:\/\/i0.wp.com\/lasprimeras.com.do\/wp-content\/uploads\/2026\/03\/alianza-1.jpg?resize=700%2C400&ssl=1 2x"},"classes":[]},{"id":78398,"url":"https:\/\/lasprimeras.com.do\/index.php\/2024\/03\/16\/luis-abinader-acepta-participar-en-debate-presidencial\/","url_meta":{"origin":78020,"position":2},"title":"Luis Abinader acepta participar en debate presidencial","author":"BIMARY DE JES\u00daS Matos","date":"16 de marzo de 2024","format":false,"excerpt":"Santo Domingo.- El presidente de la Rep\u00fablica Luis Abinader, quien busca reelegirse en las elecciones del 19 de mayo por le Partido Revolucionario Dominicano, anunci\u00f3 este viernes que participar\u00e1 en el debate de candidatos presidenciales de la Asociaci\u00f3n de J\u00f3venes Empresarios el 24 de abril. \u00abHoy, a pesar de estar\u2026","rel":"","context":"En \u00abPORTADA\u00bb","block_context":{"text":"PORTADA","link":"https:\/\/lasprimeras.com.do\/index.php\/category\/portada\/"},"img":{"alt_text":"","src":"https:\/\/i0.wp.com\/lasprimeras.com.do\/wp-content\/uploads\/2024\/03\/Diseno-sin-titulo-4.jpg?resize=350%2C200&ssl=1","width":350,"height":200,"srcset":"https:\/\/i0.wp.com\/lasprimeras.com.do\/wp-content\/uploads\/2024\/03\/Diseno-sin-titulo-4.jpg?resize=350%2C200&ssl=1 1x, https:\/\/i0.wp.com\/lasprimeras.com.do\/wp-content\/uploads\/2024\/03\/Diseno-sin-titulo-4.jpg?resize=525%2C300&ssl=1 1.5x, https:\/\/i0.wp.com\/lasprimeras.com.do\/wp-content\/uploads\/2024\/03\/Diseno-sin-titulo-4.jpg?resize=700%2C400&ssl=1 2x"},"classes":[]},{"id":78130,"url":"https:\/\/lasprimeras.com.do\/index.php\/2024\/02\/28\/comunicadores-8-0-destaca-avances-y-logros-gobierno-de-abinader-senalado-en-discurso-rendicion-cuentas\/","url_meta":{"origin":78020,"position":3},"title":"Comunicadores 8.0 destaca avances y logros gobierno de Abinader se\u00f1alado en discurso rendici\u00f3n cuentas","author":"BIMARY DE JES\u00daS Matos","date":"28 de febrero de 2024","format":false,"excerpt":"Martin Restituyo Santo Domingo, RD.- Como positivo y esperanzador calific\u00f3 el Movimiento Comunicadores 8.0 de apoyo a la reelecci\u00f3n del presidente Luis Abinader, el discurso de rendici\u00f3n de cuentas emitido este martes por el mandatario, en ocasi\u00f3n a conmemorarse el 180 Aniversario de la Independencia Nacional. En tal sentido, el\u2026","rel":"","context":"En \u00abPORTADA\u00bb","block_context":{"text":"PORTADA","link":"https:\/\/lasprimeras.com.do\/index.php\/category\/portada\/"},"img":{"alt_text":"","src":"https:\/\/i0.wp.com\/lasprimeras.com.do\/wp-content\/uploads\/2024\/02\/IMG-20240228-WA0060.jpg?resize=350%2C200&ssl=1","width":350,"height":200,"srcset":"https:\/\/i0.wp.com\/lasprimeras.com.do\/wp-content\/uploads\/2024\/02\/IMG-20240228-WA0060.jpg?resize=350%2C200&ssl=1 1x, https:\/\/i0.wp.com\/lasprimeras.com.do\/wp-content\/uploads\/2024\/02\/IMG-20240228-WA0060.jpg?resize=525%2C300&ssl=1 1.5x, https:\/\/i0.wp.com\/lasprimeras.com.do\/wp-content\/uploads\/2024\/02\/IMG-20240228-WA0060.jpg?resize=700%2C400&ssl=1 2x"},"classes":[]},{"id":125028,"url":"https:\/\/lasprimeras.com.do\/index.php\/2026\/03\/18\/escuela-de-la-judicatura-y-anje-desarrollaran-estudio-sobre-impacto-de-la-justicia\/","url_meta":{"origin":78020,"position":4},"title":"Escuela de la Judicatura y ANJE desarrollar\u00e1n estudio sobre impacto de la justicia","author":"Nelson Feliz","date":"18 de marzo de 2026","format":false,"excerpt":"La Escuela Nacional de la Judicatura (ENJ) y la Asociaci\u00f3n Nacional de J\u00f3venes Empresarios (ANJE) firmaron este martes un acuerdo interinstitucional, con el objetivo de establecer un marco general de cooperaci\u00f3n para desarrollar proyectos de formaci\u00f3n, investigaci\u00f3n y capacitaci\u00f3n, siendo uno de los principales proyectos la realizaci\u00f3n del estudio sobre\u2026","rel":"","context":"En \u00abNACIONALES\u00bb","block_context":{"text":"NACIONALES","link":"https:\/\/lasprimeras.com.do\/index.php\/category\/nacionales\/"},"img":{"alt_text":"ANJE","src":"https:\/\/i0.wp.com\/lasprimeras.com.do\/wp-content\/uploads\/2026\/03\/ANJE.jpg?resize=350%2C200&ssl=1","width":350,"height":200,"srcset":"https:\/\/i0.wp.com\/lasprimeras.com.do\/wp-content\/uploads\/2026\/03\/ANJE.jpg?resize=350%2C200&ssl=1 1x, https:\/\/i0.wp.com\/lasprimeras.com.do\/wp-content\/uploads\/2026\/03\/ANJE.jpg?resize=525%2C300&ssl=1 1.5x, https:\/\/i0.wp.com\/lasprimeras.com.do\/wp-content\/uploads\/2026\/03\/ANJE.jpg?resize=700%2C400&ssl=1 2x"},"classes":[]},{"id":49117,"url":"https:\/\/lasprimeras.com.do\/index.php\/2023\/05\/07\/anje-califica-de-preocupante-panorama-que-vive-la-rd\/","url_meta":{"origin":78020,"position":5},"title":"ANJE califica de preocupante panorama que vive la RD","author":"prenxa100","date":"7 de mayo de 2023","format":false,"excerpt":"Santo Domingo.-. La Asociaci\u00f3n Nacional de J\u00f3venes Empresarios (ANJE) calific\u00f3 de preocupante el panorama actual que vive el pa\u00eds, debido a los recientes casos de corrupci\u00f3n sometidos ante la Justicia y con decisiones altamente cuestionadas. El presidente de la ANJE, Jaime S\u00e9nior, destac\u00f3 que este panorama actual impacta de forma\u2026","rel":"","context":"En \u00abECONOM\u00cdA\u00bb","block_context":{"text":"ECONOM\u00cdA","link":"https:\/\/lasprimeras.com.do\/index.php\/category\/economia\/"},"img":{"alt_text":"","src":"","width":0,"height":0},"classes":[]}],"jetpack_sharing_enabled":true,"_links":{"self":[{"href":"https:\/\/lasprimeras.com.do\/index.php\/wp-json\/wp\/v2\/posts\/78020","targetHints":{"allow":["GET"]}}],"collection":[{"href":"https:\/\/lasprimeras.com.do\/index.php\/wp-json\/wp\/v2\/posts"}],"about":[{"href":"https:\/\/lasprimeras.com.do\/index.php\/wp-json\/wp\/v2\/types\/post"}],"author":[{"embeddable":true,"href":"https:\/\/lasprimeras.com.do\/index.php\/wp-json\/wp\/v2\/users\/2"}],"replies":[{"embeddable":true,"href":"https:\/\/lasprimeras.com.do\/index.php\/wp-json\/wp\/v2\/comments?post=78020"}],"version-history":[{"count":1,"href":"https:\/\/lasprimeras.com.do\/index.php\/wp-json\/wp\/v2\/posts\/78020\/revisions"}],"predecessor-version":[{"id":78022,"href":"https:\/\/lasprimeras.com.do\/index.php\/wp-json\/wp\/v2\/posts\/78020\/revisions\/78022"}],"wp:featuredmedia":[{"embeddable":true,"href":"https:\/\/lasprimeras.com.do\/index.php\/wp-json\/wp\/v2\/media\/78021"}],"wp:attachment":[{"href":"https:\/\/lasprimeras.com.do\/index.php\/wp-json\/wp\/v2\/media?parent=78020"}],"wp:term":[{"taxonomy":"category","embeddable":true,"href":"https:\/\/lasprimeras.com.do\/index.php\/wp-json\/wp\/v2\/categories?post=78020"},{"taxonomy":"post_tag","embeddable":true,"href":"https:\/\/lasprimeras.com.do\/index.php\/wp-json\/wp\/v2\/tags?post=78020"}],"curies":[{"name":"wp","href":"https:\/\/api.w.org\/{rel}","templated":true}]}}