{"id":78030,"date":"2024-02-27T20:09:03","date_gmt":"2024-02-28T00:09:03","guid":{"rendered":"https:\/\/lasprimeras.com.do\/?p=78030"},"modified":"2024-02-27T20:09:04","modified_gmt":"2024-02-28T00:09:04","slug":"cancilleria-colombiana-aclara-que-la-polemica-adjudicacion-de-pasaportes-se-mantiene-suspendida","status":"publish","type":"post","link":"https:\/\/lasprimeras.com.do\/index.php\/2024\/02\/27\/cancilleria-colombiana-aclara-que-la-polemica-adjudicacion-de-pasaportes-se-mantiene-suspendida\/","title":{"rendered":"Canciller\u00eda colombiana aclara que la pol\u00e9mica adjudicaci\u00f3n de pasaportes &#8220;se mantiene suspendida&#8221;"},"content":{"rendered":"\n<p class=\"wp-block-paragraph\"><strong>El secretario general que hab\u00eda aprobado el contrato a favor de Thomas Greg &amp; Sons ahora est\u00e1 bajo investigaci\u00f3n.<\/strong><\/p>\n\n\n\n<p class=\"wp-block-paragraph\">El Ministerio de Relaciones Exteriores de Colombia aclar\u00f3 este martes que la pol\u00e9mica adjudicaci\u00f3n del contrato con la empresa Thomas Greg &amp; Sons para la elaboraci\u00f3n de pasaportes &#8220;se mantiene suspendida&#8221; desde el 23 de febrero pasado.<\/p>\n\n\n\n<p class=\"wp-block-paragraph\">En un comunicado, le\u00eddo por el canciller encargado Luis Gilberto Murillo, se apunt\u00f3 que el secretario general de la cartera, Jos\u00e9 Antonio Salazar, &#8220;no ten\u00eda competencia para revocar el acto administrativo&#8221;.<\/p>\n\n\n\n<figure class=\"wp-block-embed is-type-rich is-provider-twitter wp-block-embed-twitter\"><div class=\"wp-block-embed__wrapper\">\n<div class=\"embed-twitter\"><blockquote class=\"twitter-tweet\" data-width=\"500\" data-dnt=\"true\"><p lang=\"es\" dir=\"ltr\">Declaraci\u00f3n del Canciller (e), <a href=\"https:\/\/twitter.com\/LuisGMurillo?ref_src=twsrc%5Etfw\">@LuisGMurillo<\/a><br><br>El despacho del Ministro de Relaciones Exteriores conserva todas las facultades y deberes que la Constituci\u00f3n y la ley le atribuyen. <br><br>(Sigue \ud83d\udc47) <a href=\"https:\/\/t.co\/9hiJ4KmWaJ\">pic.twitter.com\/9hiJ4KmWaJ<\/a><\/p>&mdash; Canciller\u00eda Colombia (@CancilleriaCol) <a href=\"https:\/\/twitter.com\/CancilleriaCol\/status\/1762600290816036883?ref_src=twsrc%5Etfw\">February 27, 2024<\/a><\/blockquote><script async src=\"https:\/\/platform.twitter.com\/widgets.js\" charset=\"utf-8\"><\/script><\/div>\n<\/div><\/figure>\n\n\n\n<p class=\"wp-block-paragraph\">Murillo asumi\u00f3 el cargo a principios de mes luego de que el canciller \u00c1lvaro Leyva Dur\u00e1n fuese suspendido por orden de la Procuradur\u00eda General, precisamente por declarar desierta la licitaci\u00f3n, argumentando que se viol\u00f3 la igualdad y equidad en la participaci\u00f3n de todos los oferentes. Empero Salazar lo autoriz\u00f3 en una resoluci\u00f3n oficial.<\/p>\n\n\n\n<p class=\"wp-block-paragraph\">Salazar, quien reconoci\u00f3 que &#8220;sus actuaciones fueron inconsultas&#8221;, ahora est\u00e1 bajo investigaci\u00f3n por &#8220;asumir una competencia retroactiva&#8221; y al intentar concretar un contrato por 599.000 millones de pesos (alrededor de 151 millones de d\u00f3lares) &#8220;sin contar con el respaldo presupuestal necesario&#8221;.<\/p>\n\n\n\n<p class=\"wp-block-paragraph\">&#8220;Se mantiene suspendido el proceso con el fin de evaluar las m\u00e1s de 550 observaciones de 19 interesados y definir condiciones de competencia y transparencia&#8221;, a\u00f1adi\u00f3 la Canciller\u00eda en su texto.<\/p>\n\n\n\n<p class=\"wp-block-paragraph\">M\u00e1s temprano, el presidente colombiano Gustavo Petro advirti\u00f3 de los peligros de que Thomas Greg &amp; Sons, encargado de la producci\u00f3n de pasaportes durante 17 a\u00f1os, obtengan los datos de la ciudadan\u00eda.<\/p>\n\n\n\n<p class=\"wp-block-paragraph\">&#8220;Tienen el control de las dos palancas de la elecci\u00f3n. Una empresa privada, Thomas &amp; Sons, controla por completo las elecciones y puede hacer un fraude monumental&#8221;, sostuvo.<\/p>\n\n\n\n<p class=\"wp-block-paragraph\">Fuente RT Actualidad<\/p>\n","protected":false},"excerpt":{"rendered":"<p>El secretario general que hab\u00eda aprobado el contrato a favor de Thomas Greg &amp; Sons ahora est\u00e1 bajo investigaci\u00f3n. El Ministerio de Relaciones Exteriores de Colombia aclar\u00f3 este martes que&hellip;<\/p>\n","protected":false},"author":2,"featured_media":78031,"comment_status":"open","ping_status":"open","sticky":false,"template":"","format":"standard","meta":{"content-type":"","_jetpack_newsletter_access":"","_jetpack_dont_email_post_to_subs":false,"_jetpack_newsletter_tier_id":0,"_jetpack_memberships_contains_paywalled_content":false,"_jetpack_feature_clip_id":0,"_jetpack_memberships_contains_paid_content":false,"footnotes":"","jetpack_post_was_ever_published":false},"categories":[1],"tags":[12016,7543,529,802,11506,12017],"class_list":["post-78030","post","type-post","status-publish","format-standard","has-post-thumbnail","hentry","category-sin-categoria","tag-adjudicacion","tag-cancilleria","tag-colombiana","tag-pasaportes","tag-polemica","tag-suspendida"],"jetpack-related-posts":[{"id":111431,"url":"https:\/\/lasprimeras.com.do\/index.php\/2025\/10\/08\/adocco-denuncia-irregularidades-en-el-proceso-de-licitacion-licencias-del-intrant\/","url_meta":{"origin":78030,"position":0},"title":"ADOCCO denuncia irregularidades en el proceso de licitaci\u00f3n licencias del INTRANT","author":"Nelson Feliz","date":"8 de octubre de 2025","format":false,"excerpt":"Imputa al ingeniero MILTON TE\u00d3FILO MORRISON MARTINEZ de confabulaci\u00f3n con el CONSORCIO MOBILITY ID para defraudar al Estado La Alianza Dominicana Contra la Corrupci\u00f3n (ADOCCO) denuncia por ante la PEPCA los peligros que acechan a la Rep\u00fablica Dominicana al estar toda la data de los dominicanos y dominicanas de las\u2026","rel":"","context":"En \u00abECONOM\u00cdA\u00bb","block_context":{"text":"ECONOM\u00cdA","link":"https:\/\/lasprimeras.com.do\/index.php\/category\/economia\/"},"img":{"alt_text":"Julio C\u00e9sar de la Rosa Tiburcio","src":"https:\/\/i0.wp.com\/lasprimeras.com.do\/wp-content\/uploads\/2025\/03\/Julio-Cesar-de-la-Rosa-Tiburcio.jpg?resize=350%2C200&ssl=1","width":350,"height":200,"srcset":"https:\/\/i0.wp.com\/lasprimeras.com.do\/wp-content\/uploads\/2025\/03\/Julio-Cesar-de-la-Rosa-Tiburcio.jpg?resize=350%2C200&ssl=1 1x, https:\/\/i0.wp.com\/lasprimeras.com.do\/wp-content\/uploads\/2025\/03\/Julio-Cesar-de-la-Rosa-Tiburcio.jpg?resize=525%2C300&ssl=1 1.5x, https:\/\/i0.wp.com\/lasprimeras.com.do\/wp-content\/uploads\/2025\/03\/Julio-Cesar-de-la-Rosa-Tiburcio.jpg?resize=700%2C400&ssl=1 2x"},"classes":[]},{"id":111886,"url":"https:\/\/lasprimeras.com.do\/index.php\/2025\/10\/15\/intrant-asegura-el-estado-tendra-control-del-software-y-datos-del-sistema-de-licencias\/","url_meta":{"origin":78030,"position":1},"title":"INTRANT asegura el Estado tendr\u00e1 control del software y datos del sistema de licencias","author":"Nelson Feliz","date":"15 de octubre de 2025","format":false,"excerpt":"Aclara que dentro del consorcio ganador de la licitaci\u00f3n no hay empresa haitiana. El Instituto Nacional de Tr\u00e1nsito y Transporte Terrestre (Intrant) anunci\u00f3 que, por primera vez en la historia del pa\u00eds, el Estado dominicano tendr\u00e1 control total del software y del c\u00f3digo fuente del sistema de licencias de conducir,\u2026","rel":"","context":"En \u00abNACIONALES\u00bb","block_context":{"text":"NACIONALES","link":"https:\/\/lasprimeras.com.do\/index.php\/category\/nacionales\/"},"img":{"alt_text":"","src":"https:\/\/i0.wp.com\/lasprimeras.com.do\/wp-content\/uploads\/2025\/10\/INTRANT-3.jpg?resize=350%2C200&ssl=1","width":350,"height":200,"srcset":"https:\/\/i0.wp.com\/lasprimeras.com.do\/wp-content\/uploads\/2025\/10\/INTRANT-3.jpg?resize=350%2C200&ssl=1 1x, https:\/\/i0.wp.com\/lasprimeras.com.do\/wp-content\/uploads\/2025\/10\/INTRANT-3.jpg?resize=525%2C300&ssl=1 1.5x, https:\/\/i0.wp.com\/lasprimeras.com.do\/wp-content\/uploads\/2025\/10\/INTRANT-3.jpg?resize=700%2C400&ssl=1 2x"},"classes":[]},{"id":106409,"url":"https:\/\/lasprimeras.com.do\/index.php\/2025\/08\/14\/inabie-acoge-resolucion-de-la-dgcp-sobre-adjudicacion-de-zapatos-y-colabora-en-investigacion-del-organo-rector\/","url_meta":{"origin":78030,"position":2},"title":"INABIE acoge resoluci\u00f3n de la DGCP sobre adjudicaci\u00f3n de zapatos y colabora en investigaci\u00f3n del \u00f3rgano rector","author":"Nelson Feliz","date":"14 de agosto de 2025","format":false,"excerpt":"La instituci\u00f3n procedi\u00f3 a cancelar los 25 contratos se\u00f1alados por la Direcci\u00f3n de Contrataciones P\u00fablicas y llevar\u00e1 a cabo la reevaluaci\u00f3n de las ofertas de otras 9 empresas remitidas El Instituto Nacional de Bienestar Estudiantil (INABIE) acogi\u00f3 la Resoluci\u00f3n RIC-0106-2025 de la Direcci\u00f3n General de Contrataciones P\u00fablicas que anula parcialmente\u2026","rel":"","context":"En \u00abECONOM\u00cdA\u00bb","block_context":{"text":"ECONOM\u00cdA","link":"https:\/\/lasprimeras.com.do\/index.php\/category\/economia\/"},"img":{"alt_text":"","src":"https:\/\/i0.wp.com\/lasprimeras.com.do\/wp-content\/uploads\/2025\/08\/Victor-Castro.jpg?resize=350%2C200&ssl=1","width":350,"height":200,"srcset":"https:\/\/i0.wp.com\/lasprimeras.com.do\/wp-content\/uploads\/2025\/08\/Victor-Castro.jpg?resize=350%2C200&ssl=1 1x, https:\/\/i0.wp.com\/lasprimeras.com.do\/wp-content\/uploads\/2025\/08\/Victor-Castro.jpg?resize=525%2C300&ssl=1 1.5x, https:\/\/i0.wp.com\/lasprimeras.com.do\/wp-content\/uploads\/2025\/08\/Victor-Castro.jpg?resize=700%2C400&ssl=1 2x"},"classes":[]},{"id":52510,"url":"https:\/\/lasprimeras.com.do\/index.php\/2023\/06\/11\/julio-cesar-de-la-rosa-pide-desechar-proceso-adquisicion-libretas-pasaportes\/","url_meta":{"origin":78030,"position":3},"title":"Julio Cesar De la Rosa pide desechar proceso adquisici\u00f3n libretas pasaportes","author":"prenxa100","date":"11 de junio de 2023","format":false,"excerpt":"SANTO DOMINGO.- La Alianza Dominicana Contra la Corrupci\u00f3n recomend\u00f3 a la directora de Pasaportes, Digna Reynoso, dejar sin efecto el proceso iniciado para la adquisici\u00f3n de libretas de pasaportes. Las empresas Transneg, SRL y Midas Dominicana, S.A. fueron escogidas para la confecci\u00f3n de las libretas, seg\u00fan se anunci\u00f3 el 20\u2026","rel":"","context":"En \u00abNACIONALES\u00bb","block_context":{"text":"NACIONALES","link":"https:\/\/lasprimeras.com.do\/index.php\/category\/nacionales\/"},"img":{"alt_text":"","src":"","width":0,"height":0},"classes":[]},{"id":54152,"url":"https:\/\/lasprimeras.com.do\/index.php\/2023\/07\/08\/casas-editoras-depositan-en-pepca-evidencias-transparencia-adjudicacion-libros\/","url_meta":{"origin":78030,"position":4},"title":"Casas editoras depositan en PEPCA evidencias transparencia adjudicaci\u00f3n libros","author":"Nelson Feliz","date":"8 de julio de 2023","format":false,"excerpt":"Est\u00e1n en disposici\u00f3n aclarar dudas o inquietud, ganaron licitaci\u00f3n en buena lid y sus libros obtuvieron las mejores calificaciones. La Asociaci\u00f3n de Editores y Distribuidores de Libros de Textos de Rep\u00fablica Dominicana (ASEDILIRD), acudi\u00f3 a la Procuradur\u00eda Especializada de Persecuci\u00f3n de la Corrupci\u00f3n Administrativa (PEPCA) para depositar toda la documentaci\u00f3n\u2026","rel":"","context":"En \u00abJUSTICIA\u00bb","block_context":{"text":"JUSTICIA","link":"https:\/\/lasprimeras.com.do\/index.php\/category\/justicia\/"},"img":{"alt_text":"","src":"https:\/\/i0.wp.com\/lasprimeras.com.do\/wp-content\/uploads\/2023\/07\/editores-libros.jpg?resize=350%2C200&ssl=1","width":350,"height":200,"srcset":"https:\/\/i0.wp.com\/lasprimeras.com.do\/wp-content\/uploads\/2023\/07\/editores-libros.jpg?resize=350%2C200&ssl=1 1x, https:\/\/i0.wp.com\/lasprimeras.com.do\/wp-content\/uploads\/2023\/07\/editores-libros.jpg?resize=525%2C300&ssl=1 1.5x, https:\/\/i0.wp.com\/lasprimeras.com.do\/wp-content\/uploads\/2023\/07\/editores-libros.jpg?resize=700%2C400&ssl=1 2x"},"classes":[]},{"id":86448,"url":"https:\/\/lasprimeras.com.do\/index.php\/2024\/07\/25\/seleccion-canadiense-de-futbol-femenino-separa-a-entrenadora-tras-polemica-con-dones\/","url_meta":{"origin":78030,"position":5},"title":"Selecci\u00f3n canadiense de f\u00fatbol femenino separa a entrenadora tras pol\u00e9mica con dones","author":"Nelson Feliz","date":"25 de julio de 2024","format":false,"excerpt":"PAR\u00cdS (AP) \u2014 El Comit\u00e9 Ol\u00edmpico de Canad\u00e1 orden\u00f3 que la entrenadora de la selecci\u00f3n de f\u00fatbol femenino Bev Priestman se separara de su cargo durante el resto de los Juegos de Par\u00eds, tras un esc\u00e1ndalo por el supuesto uso de un dron con fines de espionaje. Mediante un comunicado\u2026","rel":"","context":"En \u00abSin categor\u00eda\u00bb","block_context":{"text":"Sin categor\u00eda","link":"https:\/\/lasprimeras.com.do\/index.php\/category\/sin-categoria\/"},"img":{"alt_text":"selecci\u00f3n de f\u00fatbol femenino","src":"https:\/\/i0.wp.com\/lasprimeras.com.do\/wp-content\/uploads\/2024\/07\/seleccion-de-futbol-femenino.png?resize=350%2C200&ssl=1","width":350,"height":200,"srcset":"https:\/\/i0.wp.com\/lasprimeras.com.do\/wp-content\/uploads\/2024\/07\/seleccion-de-futbol-femenino.png?resize=350%2C200&ssl=1 1x, https:\/\/i0.wp.com\/lasprimeras.com.do\/wp-content\/uploads\/2024\/07\/seleccion-de-futbol-femenino.png?resize=525%2C300&ssl=1 1.5x, https:\/\/i0.wp.com\/lasprimeras.com.do\/wp-content\/uploads\/2024\/07\/seleccion-de-futbol-femenino.png?resize=700%2C400&ssl=1 2x"},"classes":[]}],"jetpack_sharing_enabled":true,"jetpack_featured_media_url":"https:\/\/lasprimeras.com.do\/wp-content\/uploads\/2024\/02\/Pasaportes.jpg","_links":{"self":[{"href":"https:\/\/lasprimeras.com.do\/index.php\/wp-json\/wp\/v2\/posts\/78030","targetHints":{"allow":["GET"]}}],"collection":[{"href":"https:\/\/lasprimeras.com.do\/index.php\/wp-json\/wp\/v2\/posts"}],"about":[{"href":"https:\/\/lasprimeras.com.do\/index.php\/wp-json\/wp\/v2\/types\/post"}],"author":[{"embeddable":true,"href":"https:\/\/lasprimeras.com.do\/index.php\/wp-json\/wp\/v2\/users\/2"}],"replies":[{"embeddable":true,"href":"https:\/\/lasprimeras.com.do\/index.php\/wp-json\/wp\/v2\/comments?post=78030"}],"version-history":[{"count":1,"href":"https:\/\/lasprimeras.com.do\/index.php\/wp-json\/wp\/v2\/posts\/78030\/revisions"}],"predecessor-version":[{"id":78032,"href":"https:\/\/lasprimeras.com.do\/index.php\/wp-json\/wp\/v2\/posts\/78030\/revisions\/78032"}],"wp:featuredmedia":[{"embeddable":true,"href":"https:\/\/lasprimeras.com.do\/index.php\/wp-json\/wp\/v2\/media\/78031"}],"wp:attachment":[{"href":"https:\/\/lasprimeras.com.do\/index.php\/wp-json\/wp\/v2\/media?parent=78030"}],"wp:term":[{"taxonomy":"category","embeddable":true,"href":"https:\/\/lasprimeras.com.do\/index.php\/wp-json\/wp\/v2\/categories?post=78030"},{"taxonomy":"post_tag","embeddable":true,"href":"https:\/\/lasprimeras.com.do\/index.php\/wp-json\/wp\/v2\/tags?post=78030"}],"curies":[{"name":"wp","href":"https:\/\/api.w.org\/{rel}","templated":true}]}}