{"id":78058,"date":"2024-02-27T22:41:38","date_gmt":"2024-02-28T02:41:38","guid":{"rendered":"https:\/\/lasprimeras.com.do\/?p=78058"},"modified":"2024-02-27T22:41:40","modified_gmt":"2024-02-28T02:41:40","slug":"exbasquetbolista-luis-cabrera-gana-regiduria-en-santiago-apostando-al-deporte","status":"publish","type":"post","link":"https:\/\/lasprimeras.com.do\/index.php\/2024\/02\/27\/exbasquetbolista-luis-cabrera-gana-regiduria-en-santiago-apostando-al-deporte\/","title":{"rendered":"Exbasquetbolista Luis Cabrera gana regidur\u00eda en Santiago apostando al deporte"},"content":{"rendered":"\n<p class=\"wp-block-paragraph\"><strong>Cabrera, quien gan\u00f3 la regidur\u00eda con 711 votos, plantea adem\u00e1s, rehabilitar el departamento de deportes de la alcald\u00eda.<\/strong><\/p>\n\n\n\n<p class=\"wp-block-paragraph\">El exjugador de baloncesto profesional desde 1996, Luis Cabrera, gan\u00f3 una regidur\u00eda en la circunscripci\u00f3n n\u00famero dos de Santiago, por el partido de la Fuerza del Pueblo y sus propuestas apuestan al desarrollo del deporte.<\/p>\n\n\n\n<p class=\"wp-block-paragraph\">La mayor\u00eda de sus iniciativas van orientadas al desarrollo del deporte en las comunidades que integran esta demarcaci\u00f3n, entre ellas, fomentar el remozamiento de canchas de voleibol y baloncesto que se encuentran deterioradas, as\u00ed como promover la ley que busca que el baloncesto sea declarado patrimonio cultural de Santiago, ya que, de acuerdo a \u00e9l, es el deporte m\u00e1s popular del pa\u00eds, incluso por encima del b\u00e9isbol.<\/p>\n\n\n\n<p class=\"wp-block-paragraph\">Cabrera, quien gan\u00f3 la regidur\u00eda con 711 votos, plantea adem\u00e1s, rehabilitar el departamento de deportes de la alcald\u00eda, que seg\u00fan explica, tiene varios a\u00f1os cerrado, y existen espacios que pueden ser llenados por monitores, creando as\u00ed m\u00e1s empleos en el \u00e1rea deportiva.<\/p>\n\n\n\n<p class=\"wp-block-paragraph\">Luis pretende promover proyectos para tratar los desag\u00fces de los drenajes de las comunidades La joya y Baracoa, de la mano de la Corporaci\u00f3n del Acueducto y Alcantarillado de Santiago (Coraasan) y el cabildo, asimismo, trabajar en los puentes, aceras y contenes que est\u00e1n muy deteriorados.<\/p>\n\n\n\n<p class=\"wp-block-paragraph\">Para Luis, quien desde el 1996 hasta el 2018 jug\u00f3 en una liga profesional, aunque su trayectoria se vio interrumpida durante 5 a\u00f1os por hallarse fuera del pa\u00eds, el deporte \u201ces lo m\u00e1s importante despu\u00e9s de los estudios\u201d, porque desarrolla lo f\u00edsico y lo mental, por lo que entiende que sus compa\u00f1eros regidores y el alcalde, aunque sean de otros partidos, apoyaran sus propuestas.<\/p>\n\n\n\n<p class=\"wp-block-paragraph\">\u201cPienso que son ideas favorables que ayudar\u00edan no solo a la oposici\u00f3n sino tambi\u00e9n al gobierno porque son ideas que pueden trabajar para todos. Este grupo de j\u00f3venes que ha entrado a la alcald\u00eda como regidores tiene una misma mentalidad que es el desarrollo de la juventud.<\/p>\n\n\n\n<p class=\"wp-block-paragraph\">As\u00ed como nosotros hemos llegado, que los otros tambi\u00e9n tengan esa visi\u00f3n de unirse a la pol\u00edtica y desarrollar futuras leyes que vengan con el bien de la comunidad\u201d, estableci\u00f3 Cabrera.<\/p>\n\n\n\n<p class=\"wp-block-paragraph\">Fuente Listin Diario<\/p>\n","protected":false},"excerpt":{"rendered":"<p>Cabrera, quien gan\u00f3 la regidur\u00eda con 711 votos, plantea adem\u00e1s, rehabilitar el departamento de deportes de la alcald\u00eda. El exjugador de baloncesto profesional desde 1996, Luis Cabrera, gan\u00f3 una regidur\u00eda&hellip;<\/p>\n","protected":false},"author":2,"featured_media":78059,"comment_status":"open","ping_status":"open","sticky":false,"template":"","format":"standard","meta":{"content-type":"","_jetpack_newsletter_access":"","_jetpack_dont_email_post_to_subs":false,"_jetpack_newsletter_tier_id":0,"_jetpack_memberships_contains_paywalled_content":false,"_jetpack_feature_clip_id":0,"_jetpack_memberships_contains_paid_content":false,"footnotes":"","jetpack_post_was_ever_published":false},"categories":[1],"tags":[1873,12029,223,12030,11702,1049],"class_list":["post-78058","post","type-post","status-publish","format-standard","has-post-thumbnail","hentry","category-sin-categoria","tag-deporte","tag-exbasquetbolista","tag-gana","tag-luis-cabrera","tag-regiduria","tag-santiago"],"jetpack-related-posts":[{"id":121995,"url":"https:\/\/lasprimeras.com.do\/index.php\/2026\/02\/12\/luna-tv-firma-acuerdo-de-transmision-del-baloncesto-superior-de-santiago\/","url_meta":{"origin":78058,"position":0},"title":"Luna TV firma acuerdo de transmisi\u00f3n del Baloncesto Superior de Santiago","author":"Nelson Feliz","date":"12 de febrero de 2026","format":false,"excerpt":"Luna TV ampl\u00eda el alcance nacional del torneo m\u00e1s emblem\u00e1tico del Cibao y el pa\u00eds Luna TV, Canal 25 anunci\u00f3 oficialmente a la audiencia nacional la firma de un acuerdo de transmisi\u00f3n del Torneo de Baloncesto Superior de Santiago, organizado por la Asociaci\u00f3n de Baloncesto de Santiago (ABASACA). Mediante este\u2026","rel":"","context":"En \u00abDEPORTES\u00bb","block_context":{"text":"DEPORTES","link":"https:\/\/lasprimeras.com.do\/index.php\/category\/deportes\/"},"img":{"alt_text":"","src":"https:\/\/i0.wp.com\/lasprimeras.com.do\/wp-content\/uploads\/2026\/02\/IMG-20260123-WA0906.jpg?resize=350%2C200&ssl=1","width":350,"height":200,"srcset":"https:\/\/i0.wp.com\/lasprimeras.com.do\/wp-content\/uploads\/2026\/02\/IMG-20260123-WA0906.jpg?resize=350%2C200&ssl=1 1x, https:\/\/i0.wp.com\/lasprimeras.com.do\/wp-content\/uploads\/2026\/02\/IMG-20260123-WA0906.jpg?resize=525%2C300&ssl=1 1.5x, https:\/\/i0.wp.com\/lasprimeras.com.do\/wp-content\/uploads\/2026\/02\/IMG-20260123-WA0906.jpg?resize=700%2C400&ssl=1 2x"},"classes":[]},{"id":75683,"url":"https:\/\/lasprimeras.com.do\/index.php\/2024\/02\/03\/domingo-contreras-recibe-masivo-apoyo-de-glorias-e-inmortales-del-deporte\/","url_meta":{"origin":78058,"position":1},"title":"Domingo Contreras recibe masivo apoyo de Glorias e Inmortales del Deporte","author":"Nelson Feliz","date":"3 de febrero de 2024","format":false,"excerpt":"Glorias y figuras de diversas ramas del deporte endosaron su respaldo a los candidatos a la alcald\u00eda y senadur\u00eda del Distrito Nacional, Domingo Contreras y Omar Fern\u00e1ndez, postulados a ambas posiciones por la alianza Rescate RD. En un concurrido acto celebrado en el club Rafael Le\u00f3nidas Solano, del sector Guachupita,\u2026","rel":"","context":"En \u00abPORTADA\u00bb","block_context":{"text":"PORTADA","link":"https:\/\/lasprimeras.com.do\/index.php\/category\/portada\/"},"img":{"alt_text":"Domingo Contreras","src":"https:\/\/i0.wp.com\/lasprimeras.com.do\/wp-content\/uploads\/2024\/02\/Domingo-Contreras-1.jpg?resize=350%2C200&ssl=1","width":350,"height":200,"srcset":"https:\/\/i0.wp.com\/lasprimeras.com.do\/wp-content\/uploads\/2024\/02\/Domingo-Contreras-1.jpg?resize=350%2C200&ssl=1 1x, https:\/\/i0.wp.com\/lasprimeras.com.do\/wp-content\/uploads\/2024\/02\/Domingo-Contreras-1.jpg?resize=525%2C300&ssl=1 1.5x, https:\/\/i0.wp.com\/lasprimeras.com.do\/wp-content\/uploads\/2024\/02\/Domingo-Contreras-1.jpg?resize=700%2C400&ssl=1 2x"},"classes":[]},{"id":114179,"url":"https:\/\/lasprimeras.com.do\/index.php\/2025\/11\/11\/fallece-el-cronista-deportivo-jose-tomas-cabrera-tras-sufrir-un-accidente-cerebrovascular\/","url_meta":{"origin":78058,"position":2},"title":"Fallece el cronista deportivo Jos\u00e9 Tom\u00e1s Cabrera tras sufrir un accidente cerebrovascular","author":"Nelson Feliz","date":"11 de noviembre de 2025","format":false,"excerpt":"El periodismo deportivo dominicano est\u00e1 de luto. Este lunes falleci\u00f3 el reconocido cronista deportivo Jos\u00e9 Tom\u00e1s Cabrera, tras sufrir un accidente cerebrovascular (ACV), seg\u00fan confirmaron allegados y colegas del comunicador. Cabrera era una de las voces m\u00e1s queridas y respetadas del \u00e1mbito deportivo nacional, conocido por su pasi\u00f3n, carisma y\u2026","rel":"","context":"En \u00abDEPORTES\u00bb","block_context":{"text":"DEPORTES","link":"https:\/\/lasprimeras.com.do\/index.php\/category\/deportes\/"},"img":{"alt_text":"","src":"https:\/\/i0.wp.com\/lasprimeras.com.do\/wp-content\/uploads\/2025\/11\/Jose-Tomas-Cabrera.jpeg?resize=350%2C200&ssl=1","width":350,"height":200},"classes":[]},{"id":112315,"url":"https:\/\/lasprimeras.com.do\/index.php\/2025\/10\/21\/la-liga-pollitos-nyc-presenta-el-1er-torneo-de-baloncesto-superior-de-santiago-en-ny\/","url_meta":{"origin":78058,"position":3},"title":"La Liga Pollitos NYC presenta el 1er Torneo de Baloncesto Superior de Santiago en NY","author":"Nelson Feliz","date":"21 de octubre de 2025","format":false,"excerpt":"Nueva York - La Liga Pollitos NYC se complace en anunciar el inicio del primer torneo de baloncesto superior de Santiago en la ciudad de Nueva York. El torneo, que comenz\u00f3 el domingo 12 de octubre, re\u00fane a seis equipos locales: Los Jardines NYC, Liga Barrio Libertad NYC, Samejianos NYC,\u2026","rel":"","context":"En \u00abDEPORTES\u00bb","block_context":{"text":"DEPORTES","link":"https:\/\/lasprimeras.com.do\/index.php\/category\/deportes\/"},"img":{"alt_text":"","src":"https:\/\/i0.wp.com\/lasprimeras.com.do\/wp-content\/uploads\/2025\/10\/Liga-Pollitos-NYC.jpg?resize=350%2C200&ssl=1","width":350,"height":200,"srcset":"https:\/\/i0.wp.com\/lasprimeras.com.do\/wp-content\/uploads\/2025\/10\/Liga-Pollitos-NYC.jpg?resize=350%2C200&ssl=1 1x, https:\/\/i0.wp.com\/lasprimeras.com.do\/wp-content\/uploads\/2025\/10\/Liga-Pollitos-NYC.jpg?resize=525%2C300&ssl=1 1.5x, https:\/\/i0.wp.com\/lasprimeras.com.do\/wp-content\/uploads\/2025\/10\/Liga-Pollitos-NYC.jpg?resize=700%2C400&ssl=1 2x"},"classes":[]},{"id":76484,"url":"https:\/\/lasprimeras.com.do\/index.php\/2024\/02\/12\/alexander-cardini-se-perfila-como-favorito-para-ganar-regiduria-en-el-distrito-nacional\/","url_meta":{"origin":78058,"position":4},"title":"Alexander Cardini se perfila como favorito para ganar Regidur\u00eda en el Distrito Nacional","author":"Nelson Feliz","date":"12 de febrero de 2024","format":false,"excerpt":"El candidato a Regidor en la Cir.1 Distrito Nacional, por el Bloque Institucional Socialdem\u00f3crata (BIS) y la Coalici\u00f3n Juntos Podemos, Alexander Cardini ha logrado una incursi\u00f3n exitosa en la pol\u00edtica, consolid\u00e1ndose como el candidato favorito para el cargo de regidor por la Circunscripci\u00f3n 1 del Distrito Nacional, enriqueciendo as\u00ed la\u2026","rel":"","context":"En \u00abPORTADA\u00bb","block_context":{"text":"PORTADA","link":"https:\/\/lasprimeras.com.do\/index.php\/category\/portada\/"},"img":{"alt_text":"Alexander Cardini","src":"https:\/\/i0.wp.com\/lasprimeras.com.do\/wp-content\/uploads\/2024\/02\/Alexander-Cardini.jpg?resize=350%2C200&ssl=1","width":350,"height":200,"srcset":"https:\/\/i0.wp.com\/lasprimeras.com.do\/wp-content\/uploads\/2024\/02\/Alexander-Cardini.jpg?resize=350%2C200&ssl=1 1x, https:\/\/i0.wp.com\/lasprimeras.com.do\/wp-content\/uploads\/2024\/02\/Alexander-Cardini.jpg?resize=525%2C300&ssl=1 1.5x, https:\/\/i0.wp.com\/lasprimeras.com.do\/wp-content\/uploads\/2024\/02\/Alexander-Cardini.jpg?resize=700%2C400&ssl=1 2x"},"classes":[]},{"id":89771,"url":"https:\/\/lasprimeras.com.do\/index.php\/2024\/10\/05\/ministro-de-deportes-kelvin-cruz-aporta-dos-millones-de-pesos-para-remodelar-casa-club-de-la-acds\/","url_meta":{"origin":78058,"position":5},"title":"Ministro de Deportes, Kelvin Cruz, aporta dos millones de pesos para remodelar casa club de la ACDS.","author":"Paola Castillo","date":"5 de octubre de 2024","format":false,"excerpt":"Santiago.- El ministro de Deportes, Kelvin Cruz, entreg\u00f3 el libramiento por un aporte de dos millones de pesos para el remozamiento de la casa club de la Asociaci\u00f3n de Cronistas Deportivos de Santiago (ACDS), ubicada en la entrada del complejo La Barranquita. Cruz dio a conocer la informaci\u00f3n de manera\u2026","rel":"","context":"En \u00abNACIONALES\u00bb","block_context":{"text":"NACIONALES","link":"https:\/\/lasprimeras.com.do\/index.php\/category\/nacionales\/"},"img":{"alt_text":"","src":"https:\/\/i0.wp.com\/lasprimeras.com.do\/wp-content\/uploads\/2024\/10\/WhatsApp-Image-2024-10-04-at-7.24.14-PM.jpeg?resize=350%2C200&ssl=1","width":350,"height":200,"srcset":"https:\/\/i0.wp.com\/lasprimeras.com.do\/wp-content\/uploads\/2024\/10\/WhatsApp-Image-2024-10-04-at-7.24.14-PM.jpeg?resize=350%2C200&ssl=1 1x, https:\/\/i0.wp.com\/lasprimeras.com.do\/wp-content\/uploads\/2024\/10\/WhatsApp-Image-2024-10-04-at-7.24.14-PM.jpeg?resize=525%2C300&ssl=1 1.5x, https:\/\/i0.wp.com\/lasprimeras.com.do\/wp-content\/uploads\/2024\/10\/WhatsApp-Image-2024-10-04-at-7.24.14-PM.jpeg?resize=700%2C400&ssl=1 2x, https:\/\/i0.wp.com\/lasprimeras.com.do\/wp-content\/uploads\/2024\/10\/WhatsApp-Image-2024-10-04-at-7.24.14-PM.jpeg?resize=1050%2C600&ssl=1 3x"},"classes":[]}],"jetpack_sharing_enabled":true,"jetpack_featured_media_url":"https:\/\/lasprimeras.com.do\/wp-content\/uploads\/2024\/02\/Luis-Cabrera.jpeg","_links":{"self":[{"href":"https:\/\/lasprimeras.com.do\/index.php\/wp-json\/wp\/v2\/posts\/78058","targetHints":{"allow":["GET"]}}],"collection":[{"href":"https:\/\/lasprimeras.com.do\/index.php\/wp-json\/wp\/v2\/posts"}],"about":[{"href":"https:\/\/lasprimeras.com.do\/index.php\/wp-json\/wp\/v2\/types\/post"}],"author":[{"embeddable":true,"href":"https:\/\/lasprimeras.com.do\/index.php\/wp-json\/wp\/v2\/users\/2"}],"replies":[{"embeddable":true,"href":"https:\/\/lasprimeras.com.do\/index.php\/wp-json\/wp\/v2\/comments?post=78058"}],"version-history":[{"count":1,"href":"https:\/\/lasprimeras.com.do\/index.php\/wp-json\/wp\/v2\/posts\/78058\/revisions"}],"predecessor-version":[{"id":78060,"href":"https:\/\/lasprimeras.com.do\/index.php\/wp-json\/wp\/v2\/posts\/78058\/revisions\/78060"}],"wp:featuredmedia":[{"embeddable":true,"href":"https:\/\/lasprimeras.com.do\/index.php\/wp-json\/wp\/v2\/media\/78059"}],"wp:attachment":[{"href":"https:\/\/lasprimeras.com.do\/index.php\/wp-json\/wp\/v2\/media?parent=78058"}],"wp:term":[{"taxonomy":"category","embeddable":true,"href":"https:\/\/lasprimeras.com.do\/index.php\/wp-json\/wp\/v2\/categories?post=78058"},{"taxonomy":"post_tag","embeddable":true,"href":"https:\/\/lasprimeras.com.do\/index.php\/wp-json\/wp\/v2\/tags?post=78058"}],"curies":[{"name":"wp","href":"https:\/\/api.w.org\/{rel}","templated":true}]}}