{"id":78061,"date":"2024-02-27T23:02:11","date_gmt":"2024-02-28T03:02:11","guid":{"rendered":"https:\/\/lasprimeras.com.do\/?p=78061"},"modified":"2024-02-27T23:02:12","modified_gmt":"2024-02-28T03:02:12","slug":"dominicanos-cierran-bolsa-de-valores-nasdaq-por-motivo-de-la-independencia-de-rd","status":"publish","type":"post","link":"https:\/\/lasprimeras.com.do\/index.php\/2024\/02\/27\/dominicanos-cierran-bolsa-de-valores-nasdaq-por-motivo-de-la-independencia-de-rd\/","title":{"rendered":"Dominicanos cierran bolsa de valores NASDAQ por motivo de la Independencia de RD"},"content":{"rendered":"\n<p><strong>El Congresista Adriano Espaillat y el C\u00f3nsul Ing. Eligio Jaquez\u00a0 tocaron la campana para finalizar el cierre de las operaciones del d\u00eda.<\/strong><\/p>\n\n\n\n<p>Por Jos\u00e9 Zabala.<\/p>\n\n\n\n<p>New York- El congresista de origen dominicano Adriano Espaillat acompa\u00f1ado del c\u00f3nsul de New York, Eligio Jaqu\u00e9z, realizaron el cierre de la bolsa de valores NASDAQ con el toque de la campana de hoy 27 de febrero 2024 en Nasdaq MarketSite, 4 Times Square.<\/p>\n\n\n\n<p>NASDAQ hizo un reconocimiento de la creciente influencia de la cultura y el patrimonio dominicanos en las comunidades de todo Estados Unidos.<\/p>\n\n\n\n<p>Cabe recordar que NASDAQ cedi\u00f3 la apertura por primera vez el pasado&nbsp; 27 de febrero 2023 y cont\u00f3 con la presencia del ministro de Hacienda, Jochi Vicente, quien dio el campanazo inaugural de las operaciones burs\u00e1tiles del Nasdaq de ese d\u00eda en el mercado electr\u00f3nico m\u00e1s grande de los Estados Unidos.<\/p>\n\n\n\n<p>El NASDAQ, es una bolsa de valores electr\u00f3nica, ubicada en Nueva York, Estados Unidos. Es conocida por ser una de las principales bolsas de valores del mundo y est\u00e1 especializada en la negociaci\u00f3n de acciones de empresas de tecnolog\u00eda y de alta tecnolog\u00eda, as\u00ed como de empresas de otros sectores.<\/p>\n\n\n\n<p>Fundada el 8 de febrero de 1971 como la NASD, antes de convertirse en el Nasdaq en 2006 y se caracteriza por ser un mercado altamente automatizado y descentralizado, donde las transacciones se realizan principalmente a trav\u00e9s de sistemas inform\u00e1ticos.<\/p>\n\n\n\n<p>Es una bolsa de valores que cotiza muchas de las empresas m\u00e1s grandes e influyentes del mundo, incluidas muchas compa\u00f1\u00edas de tecnolog\u00eda l\u00edderes.<\/p>\n\n\n\n<p>\u201cComo el primer dominicano estadounidense en servir en el Congreso de los Estados Unidos, estoy orgulloso de reconocer una vez m\u00e1s el D\u00eda de la Independencia Dominicana en NASDAQ, uni\u00e9ndonos para celebrar nuestra cultura, herencia y el importante impacto econ\u00f3mico que los dominicanos estadounidenses causan en toda la di\u00e1spora y los Estados Unidos.&nbsp;<\/p>\n\n\n\n<p>El evento de hoy es verdaderamente extraordinario, ya que reflexionamos sobre nuestros logros, crecimiento y diversidad, al mismo tiempo que nos damos cuenta de nuestro impacto social, econ\u00f3mico y cultural en el tejido de Estados Unidos.<\/p>\n\n\n\n<p>A trav\u00e9s de nuestro compromiso, reconocemos la creciente influencia de la di\u00e1spora dominicana y nuestras contribuciones econ\u00f3micas a los Estados Unidos con el sonido de campana de hoy en NASDAQ, una ceremonia que marca el cierre oficial de la sesi\u00f3n burs\u00e1til en la bolsa de valores\u201d, dijo el congresista Espaillat.<\/p>\n\n\n\n<p>\u201cLa poblaci\u00f3n de los dominicanos se ha m\u00e1s que triplicado desde 1990 hasta representar una poblaci\u00f3n de m\u00e1s de 2,4 millones, la cuarta poblaci\u00f3n m\u00e1s grande de latinos en los Estados Unidos en la actualidad.<\/p>\n\n\n\n<p>En 2023, Rep\u00fablica Dominicana recibi\u00f3 a su visitante n\u00famero 10 millones a trav\u00e9s del Ministerio de Turismo, lo que ha generado $10 millones en divisas, un hito sin precedentes en el turismo del pa\u00eds y de toda la regi\u00f3n. Nuestro crecimiento pol\u00edtico e influencia contin\u00faan fortaleci\u00e9ndose cada a\u00f1o.<\/p>\n\n\n\n<p>Y, en este d\u00eda, al reconocer el tremendo coraje y los sacrificios de nuestros antepasados, reafirmamos nuestro compromiso de apoyar a la pr\u00f3xima generaci\u00f3n de l\u00edderes dominicanos estadounidenses y su impacto en sus comunidades durante muchos a\u00f1os por venir\u201d, finaliz\u00f3 diciendo Adriano Espaillat antes de tocar la campana del cierre del d\u00eda.<\/p>\n\n\n\n<p>Con Adriano Espaillat y el C\u00f3nsul Ing. Eligio Jaquez, tambi\u00e9n participaron l\u00edderes electos, comunitarios, empresarios e invitados especiales de la comunidad.<\/p>\n\n\n\n<p>Entre los participantes se encontraban: Vanessa Gibson, Presidenta del Condado de El Bronx y realizado en The Office Bronx Borough Presidente, Dr. Rafael Lantigua, Vice c\u00f3nsul Yulin Mateo junto a una comitiva del consulado dominicano, Rudy&nbsp; Fuertes de National Supermarket Association, Cirilo Moronta, Susana Osorio, Jeffrey Garc\u00eda, alcalde nocturno de la ciudad de New York, Michael Peralta&nbsp; entre otras personalidades.<\/p>\n","protected":false},"excerpt":{"rendered":"<p>El Congresista Adriano Espaillat y el C\u00f3nsul Ing. Eligio Jaquez\u00a0 tocaron la campana para finalizar el cierre de las operaciones del d\u00eda. Por Jos\u00e9 Zabala. New York- El congresista de&hellip;<\/p>\n","protected":false},"author":2,"featured_media":78062,"comment_status":"open","ping_status":"open","sticky":false,"template":"","format":"standard","meta":{"content-type":"","jetpack_post_was_ever_published":false,"_jetpack_newsletter_access":"","_jetpack_dont_email_post_to_subs":false,"_jetpack_newsletter_tier_id":0,"_jetpack_memberships_contains_paywalled_content":false,"_jetpack_memberships_contains_paid_content":false,"footnotes":""},"categories":[39],"tags":[12031,487,1322,12032,1226],"class_list":["post-78061","post","type-post","status-publish","format-standard","has-post-thumbnail","hentry","category-economia","tag-bolsa-de-valores","tag-dominicanos","tag-independencia","tag-nasdaq","tag-republica-dominicana"],"jetpack_featured_media_url":"https:\/\/lasprimeras.com.do\/wp-content\/uploads\/2024\/02\/dominicanos-cierran-la-bolsa-de-valores-NASDAQ-1.jpg","jetpack-related-posts":[{"id":122283,"url":"https:\/\/lasprimeras.com.do\/index.php\/2026\/02\/16\/en-ee-uu-este-lunes-es-feriado-por-ser-dia-de-los-presidentes-cierre-de-muchas-oficinas\/","url_meta":{"origin":78061,"position":0},"title":"En EE. UU. este lunes es feriado por ser D\u00eda de los Presidentes; cierre de muchas oficinas","author":"Nelson Feliz","date":"16 de febrero de 2026","format":false,"excerpt":"Por Ram\u00f3n Mercedes NUEVA YORK.-Este lunes 16 se conmemora en Estados Unidos el D\u00eda de los Presidentes, un feriado nacional que impacta el funcionamiento habitual de diversas instituciones y comercios en todo el pa\u00eds. Los Tribunales y agencias federales, oficinas p\u00fablicas, estatales y locales permanecer\u00e1n cerradas, de acuerdo con la\u2026","rel":"","context":"En \u00abINTERNACIONALES\u00bb","block_context":{"text":"INTERNACIONALES","link":"https:\/\/lasprimeras.com.do\/index.php\/category\/sin-categoria\/internacionales\/"},"img":{"alt_text":"","src":"https:\/\/i0.wp.com\/lasprimeras.com.do\/wp-content\/uploads\/2026\/02\/En-EE.-UU.-este-lunes-es-feriado-por-ser-Dia-de-los-Presidentes.jpg?resize=350%2C200&ssl=1","width":350,"height":200,"srcset":"https:\/\/i0.wp.com\/lasprimeras.com.do\/wp-content\/uploads\/2026\/02\/En-EE.-UU.-este-lunes-es-feriado-por-ser-Dia-de-los-Presidentes.jpg?resize=350%2C200&ssl=1 1x, https:\/\/i0.wp.com\/lasprimeras.com.do\/wp-content\/uploads\/2026\/02\/En-EE.-UU.-este-lunes-es-feriado-por-ser-Dia-de-los-Presidentes.jpg?resize=525%2C300&ssl=1 1.5x, https:\/\/i0.wp.com\/lasprimeras.com.do\/wp-content\/uploads\/2026\/02\/En-EE.-UU.-este-lunes-es-feriado-por-ser-Dia-de-los-Presidentes.jpg?resize=700%2C400&ssl=1 2x"},"classes":[]},{"id":57353,"url":"https:\/\/lasprimeras.com.do\/index.php\/2023\/08\/11\/abinader-llega-esta-tarde-a-ny-para-participar-el-domingo-en-el-desfile-dominicano\/","url_meta":{"origin":78061,"position":1},"title":"Abinader llega esta tarde a NY para participar el domingo en el desfile Dominicano","author":"Nelson Feliz","date":"11 de agosto de 2023","format":false,"excerpt":"El mandatario tambi\u00e9n, asistir\u00e1 a un encuentro con la comunidad coordinado por el congresista Adriano Espaillat, a un desayuno con las Seccionales y C\u00f3nsules, al acto de entrega de reconocimientos del INDEX y entregar\u00e1 llaves para viviendas a dominicanos residentes EEUU. El presidente Luis Abinader llegar\u00e1 la tarde de este\u2026","rel":"","context":"En \u00abNACIONALES\u00bb","block_context":{"text":"NACIONALES","link":"https:\/\/lasprimeras.com.do\/index.php\/category\/nacionales\/"},"img":{"alt_text":"Luis Abinader","src":"https:\/\/i0.wp.com\/lasprimeras.com.do\/wp-content\/uploads\/2023\/08\/Abinader-Avion.jpg?resize=350%2C200&ssl=1","width":350,"height":200,"srcset":"https:\/\/i0.wp.com\/lasprimeras.com.do\/wp-content\/uploads\/2023\/08\/Abinader-Avion.jpg?resize=350%2C200&ssl=1 1x, https:\/\/i0.wp.com\/lasprimeras.com.do\/wp-content\/uploads\/2023\/08\/Abinader-Avion.jpg?resize=525%2C300&ssl=1 1.5x, https:\/\/i0.wp.com\/lasprimeras.com.do\/wp-content\/uploads\/2023\/08\/Abinader-Avion.jpg?resize=700%2C400&ssl=1 2x"},"classes":[]},{"id":55295,"url":"https:\/\/lasprimeras.com.do\/index.php\/2023\/07\/19\/consul-eligio-jaquez-da-toques-finales-para-los-juegos-patrios-dominicanos\/","url_meta":{"origin":78061,"position":2},"title":"C\u00f3nsul Eligio Jaquez da toques finales para los &#8220;Juegos Patrios Dominicanos&#8221;","author":"Nelson Feliz","date":"19 de julio de 2023","format":false,"excerpt":"El c\u00f3nsul general de Nueva York, Eligio Jaquez y otras las autoridades dominicanas de esta ciudad se llev\u00f3 a cabo en la Direcci\u00f3n de Cultura que encabeza Rey Andujar la rueda de prensa para ofrecer detalles de los Juegos Patrios Dominicanos que ser\u00e1n efectuados del 26 de agosto al 2\u2026","rel":"","context":"En \u00abSin categor\u00eda\u00bb","block_context":{"text":"Sin categor\u00eda","link":"https:\/\/lasprimeras.com.do\/index.php\/category\/sin-categoria\/"},"img":{"alt_text":"Eligio Jaquez","src":"https:\/\/i0.wp.com\/lasprimeras.com.do\/wp-content\/uploads\/2023\/07\/Eligio-Jaquez.jpg?resize=350%2C200&ssl=1","width":350,"height":200},"classes":[]},{"id":126826,"url":"https:\/\/lasprimeras.com.do\/index.php\/2026\/04\/06\/felicitan-por-el-dia-del-periodista-en\/","url_meta":{"origin":78061,"position":3},"title":"Felicitan por el D\u00eda del Periodista en","author":"Nelson Feliz","date":"6 de abril de 2026","format":false,"excerpt":"Por Ram\u00f3n Mercedes NUEVA YORK.- Personalidades del \u00e1mbito pol\u00edtico, profesional, empresarial, art\u00edstico y comunitario felicitaron este domingo a los periodistas dominicanos que ejercen en esta ciudad, en la Rep\u00fablica Dominicana y en el resto del mundo, al celebrarse el \"D\u00eda del Periodista Dominicano\". Es un deber felicitar a quienes ejercen\u2026","rel":"","context":"En \u00abINTERNACIONALES\u00bb","block_context":{"text":"INTERNACIONALES","link":"https:\/\/lasprimeras.com.do\/index.php\/category\/sin-categoria\/internacionales\/"},"img":{"alt_text":"","src":"https:\/\/i0.wp.com\/lasprimeras.com.do\/wp-content\/uploads\/2026\/04\/IMG-20260406-WA0030.jpg?resize=350%2C200&ssl=1","width":350,"height":200,"srcset":"https:\/\/i0.wp.com\/lasprimeras.com.do\/wp-content\/uploads\/2026\/04\/IMG-20260406-WA0030.jpg?resize=350%2C200&ssl=1 1x, https:\/\/i0.wp.com\/lasprimeras.com.do\/wp-content\/uploads\/2026\/04\/IMG-20260406-WA0030.jpg?resize=525%2C300&ssl=1 1.5x"},"classes":[]},{"id":57889,"url":"https:\/\/lasprimeras.com.do\/index.php\/2023\/08\/17\/eligio-jaquez-expresa-pesar-por-la-tragedia-en-san-cristobal\/","url_meta":{"origin":78061,"position":4},"title":"Eligio J\u00e1quez expresa pesar por la tragedia en San Crist\u00f3bal","author":"Nelson Feliz","date":"17 de agosto de 2023","format":false,"excerpt":"El C\u00f3nsul de Rep\u00fablica Dominicana en Nueva York, Eligio J\u00e1quez, expres\u00f3 su consternaci\u00f3n y muestro pesar ante la tragedia ocurrida el pasado lunes en San Crist\u00f3bal, que ha ocasionado la muerte a 27 personas y caus\u00f3 heridas a otras 59, de acuerdo con el conteo oficial. J\u00e1quez, manifest\u00f3 que se\u2026","rel":"","context":"En \u00abNACIONALES\u00bb","block_context":{"text":"NACIONALES","link":"https:\/\/lasprimeras.com.do\/index.php\/category\/nacionales\/"},"img":{"alt_text":"Eligio Jaquez","src":"https:\/\/i0.wp.com\/lasprimeras.com.do\/wp-content\/uploads\/2023\/07\/Eligio-Jaquez.jpg?resize=350%2C200&ssl=1","width":350,"height":200},"classes":[]},{"id":76240,"url":"https:\/\/lasprimeras.com.do\/index.php\/2024\/02\/08\/congresista-adriano-espaillat-rd-y-ee-uu-firmaran-acuerdo-de-cielos-abiertos\/","url_meta":{"origin":78061,"position":5},"title":"Congresista Adriano Espaillat: \u201cRD y EE.UU. firmaran acuerdo de cielos abiertos\u201d","author":"Nelson Feliz","date":"8 de febrero de 2024","format":false,"excerpt":"\u00a0Espaillat dice ya era tiempo de que RD contara con alguien nominado para embajador. Califica como exitosa el encuentro \u201cDominicanos en el Capitolio\u201d. Washington, DC.\u00a0 El congresista Adriano Espaillat, representante del distrito 13 de Nueva York y de origen dominicano, afirm\u00f3 que las conversaciones entre el gobierno de la Rep\u00fablica\u2026","rel":"","context":"En \u00abPORTADA\u00bb","block_context":{"text":"PORTADA","link":"https:\/\/lasprimeras.com.do\/index.php\/category\/portada\/"},"img":{"alt_text":"Adriano Espaillat","src":"https:\/\/i0.wp.com\/lasprimeras.com.do\/wp-content\/uploads\/2024\/02\/Adriano-Espaillat.jpg?resize=350%2C200&ssl=1","width":350,"height":200,"srcset":"https:\/\/i0.wp.com\/lasprimeras.com.do\/wp-content\/uploads\/2024\/02\/Adriano-Espaillat.jpg?resize=350%2C200&ssl=1 1x, https:\/\/i0.wp.com\/lasprimeras.com.do\/wp-content\/uploads\/2024\/02\/Adriano-Espaillat.jpg?resize=525%2C300&ssl=1 1.5x, https:\/\/i0.wp.com\/lasprimeras.com.do\/wp-content\/uploads\/2024\/02\/Adriano-Espaillat.jpg?resize=700%2C400&ssl=1 2x"},"classes":[]}],"jetpack_sharing_enabled":true,"_links":{"self":[{"href":"https:\/\/lasprimeras.com.do\/index.php\/wp-json\/wp\/v2\/posts\/78061","targetHints":{"allow":["GET"]}}],"collection":[{"href":"https:\/\/lasprimeras.com.do\/index.php\/wp-json\/wp\/v2\/posts"}],"about":[{"href":"https:\/\/lasprimeras.com.do\/index.php\/wp-json\/wp\/v2\/types\/post"}],"author":[{"embeddable":true,"href":"https:\/\/lasprimeras.com.do\/index.php\/wp-json\/wp\/v2\/users\/2"}],"replies":[{"embeddable":true,"href":"https:\/\/lasprimeras.com.do\/index.php\/wp-json\/wp\/v2\/comments?post=78061"}],"version-history":[{"count":1,"href":"https:\/\/lasprimeras.com.do\/index.php\/wp-json\/wp\/v2\/posts\/78061\/revisions"}],"predecessor-version":[{"id":78063,"href":"https:\/\/lasprimeras.com.do\/index.php\/wp-json\/wp\/v2\/posts\/78061\/revisions\/78063"}],"wp:featuredmedia":[{"embeddable":true,"href":"https:\/\/lasprimeras.com.do\/index.php\/wp-json\/wp\/v2\/media\/78062"}],"wp:attachment":[{"href":"https:\/\/lasprimeras.com.do\/index.php\/wp-json\/wp\/v2\/media?parent=78061"}],"wp:term":[{"taxonomy":"category","embeddable":true,"href":"https:\/\/lasprimeras.com.do\/index.php\/wp-json\/wp\/v2\/categories?post=78061"},{"taxonomy":"post_tag","embeddable":true,"href":"https:\/\/lasprimeras.com.do\/index.php\/wp-json\/wp\/v2\/tags?post=78061"}],"curies":[{"name":"wp","href":"https:\/\/api.w.org\/{rel}","templated":true}]}}