{"id":78361,"date":"2024-03-15T08:11:36","date_gmt":"2024-03-15T12:11:36","guid":{"rendered":"https:\/\/lasprimeras.com.do\/?p=78361"},"modified":"2024-03-15T08:11:37","modified_gmt":"2024-03-15T12:11:37","slug":"fda-anuncia-el-campeonato-pre-nacional-femenino-de-ajedrez","status":"publish","type":"post","link":"https:\/\/lasprimeras.com.do\/index.php\/2024\/03\/15\/fda-anuncia-el-campeonato-pre-nacional-femenino-de-ajedrez\/","title":{"rendered":"FDA anuncia el Campeonato Pre- Nacional Femenino de Ajedrez"},"content":{"rendered":"\n<p>Santo Domingo. \u2013 Con la participaci\u00f3n de las mejores 40 atletas de todo el territorio nacional, ser\u00e1 iniciado este viernes el Pre-Campeonato Nacional de Ajedrez Femenino 2024, en el sal\u00f3n Pach\u00f3n Matos Rivera la Federaci\u00f3n Dominicana de Ajedrez ubicada en Centro Ol\u00edmpico Juan Pablo Duarte.<\/p>\n\n\n\n<p>La actividad est\u00e1 programada comenzar\u00e1 a las 07:00 pm con el recibimiento de las atletas y la primera ronda, mientras que el acto de inauguraci\u00f3n ser\u00e1 el s\u00e1bado 23 de marzo a las 10:00 am.<\/p>\n\n\n\n<p>El evento Pre-Nacional superior de ajedrez Femenino servir\u00e1 para seleccionar 08 finalistas que aspiran asistir a las Olimp\u00edadas de Ajedrez 2024, que se celebrar\u00e1n en Budapest entre del 10 al 23 de septiembre de este a\u00f1o.<\/p>\n\n\n\n<p>El evento se extender\u00e1 hasta el domingo 24 de marzo y se jugar\u00e1 bajo las normas de la Federaci\u00f3n internacional de Ajedrez FIDE. Las partidas del torneo se jugar\u00e1n bajo el sistema suizo a 8 rondas y un control de tiempo de 90 minutos m\u00e1s 30 segundos de incremento por cada jugadora, durante toda la partida.<\/p>\n\n\n\n<p>La direcci\u00f3n t\u00e9cnica del evento estar\u00e1 a cargo del \u00e1rbitro Internacional Nelson Ortiz Pascual acompa\u00f1ado de Bernardo L\u00f3pez, y Benjam\u00edn Henr\u00edquez Trinidad. El evento cuenta con el respaldo del Ministerio de Deportes y Recreaci\u00f3n y la Asociaci\u00f3n Cibao de Ahorros y pr\u00e9stamos.<\/p>\n","protected":false},"excerpt":{"rendered":"<p>Santo Domingo. \u2013 Con la participaci\u00f3n de las mejores 40 atletas de todo el territorio nacional, ser\u00e1 iniciado este viernes el Pre-Campeonato Nacional de Ajedrez Femenino 2024, en el sal\u00f3n&hellip;<\/p>\n","protected":false},"author":3,"featured_media":78362,"comment_status":"open","ping_status":"open","sticky":false,"template":"","format":"standard","meta":{"content-type":"","jetpack_post_was_ever_published":false,"_jetpack_newsletter_access":"","_jetpack_dont_email_post_to_subs":false,"_jetpack_newsletter_tier_id":0,"_jetpack_memberships_contains_paywalled_content":false,"_jetpack_memberships_contains_paid_content":false,"footnotes":""},"categories":[1],"tags":[1594],"class_list":["post-78361","post","type-post","status-publish","format-standard","has-post-thumbnail","hentry","category-sin-categoria","tag-ajedrez"],"jetpack_featured_media_url":"https:\/\/lasprimeras.com.do\/wp-content\/uploads\/2024\/03\/Diseno-sin-titulo-5-2.jpg","jetpack-related-posts":[{"id":51405,"url":"https:\/\/lasprimeras.com.do\/index.php\/2023\/05\/30\/anuncian-campeonato-nacional-de-ajedrez-universitario-2023\/","url_meta":{"origin":78361,"position":0},"title":"Anunci\u00e1n Campeonato Nacional de Ajedrez Universitario 2023","author":"prenxa100","date":"30 de mayo de 2023","format":false,"excerpt":"Santo Domingo.-. La Comisi\u00f3n Nacional de Deporte Universitario del Ministerio de Deportes y Recreaci\u00f3n en conjunto con la Federaci\u00f3n Dominicana de Ajedrez (FDA) celebrar\u00e1 el Campeonato Nacional de Ajedrez Universitario 2023, del 03 al 04 de junio en la Universidad Abierta para Adultos (UAPA) de Santo Domingo Este, con el\u2026","rel":"","context":"En \u00abSin categor\u00eda\u00bb","block_context":{"text":"Sin categor\u00eda","link":"https:\/\/lasprimeras.com.do\/index.php\/category\/sin-categoria\/"},"img":{"alt_text":"","src":"","width":0,"height":0},"classes":[]},{"id":49947,"url":"https:\/\/lasprimeras.com.do\/index.php\/2023\/05\/15\/federacion-de-ajedrez-inicia-xvi-campeonato-continental-absoluto-de-ajedrez\/","url_meta":{"origin":78361,"position":1},"title":"Federaci\u00f3n de Ajedrez\u00a0 inicia XVI Campeonato Continental Absoluto de Ajedrez","author":"prenxa100","date":"15 de mayo de 2023","format":false,"excerpt":"Juan Doli\u00f3, Guayacanes, RD.- La Federaci\u00f3n Dominicana de Ajedrez (FDA), dio inicio \u00e9ste lunes al XVI Campeonato Continental Absoluto de Ajedrez 2023, evento que cuenta con la participaci\u00f3n de m\u00e1s de 150 jugadores dentro de los que se destacan 24 Grandes Maestros. El presidente de la FDA, Pedro Dom\u00ednguez Brito\u2026","rel":"","context":"En \u00abSin categor\u00eda\u00bb","block_context":{"text":"Sin categor\u00eda","link":"https:\/\/lasprimeras.com.do\/index.php\/category\/sin-categoria\/"},"img":{"alt_text":"","src":"","width":0,"height":0},"classes":[]},{"id":71039,"url":"https:\/\/lasprimeras.com.do\/index.php\/2023\/12\/16\/fda-deja-iniciado-iv-campeonato-gubernamental-de-ajedrez-2023\/","url_meta":{"origin":78361,"position":2},"title":"FDA deja iniciado IV Campeonato Gubernamental de Ajedrez 2023","author":"Nelson Feliz","date":"16 de diciembre de 2023","format":false,"excerpt":"La Federaci\u00f3n Dominicana de Ajedrez (FDA), dej\u00f3 iniciado este s\u00e1bado el IV Campeonato Gubernamental de Ajedrez 2023, evento en el que participan m\u00e1s de 20 instituciones p\u00fablicas. El presidente de la FDA, Pedro Dom\u00ednguez Brito, expres\u00f3 su satisfacci\u00f3n a la celebraci\u00f3n de este gran torneo p\u00fablico de ajedrez. Dom\u00ednguez Brito,\u2026","rel":"","context":"En \u00abDEPORTES\u00bb","block_context":{"text":"DEPORTES","link":"https:\/\/lasprimeras.com.do\/index.php\/category\/deportes\/"},"img":{"alt_text":"Campeonato Gubernamental de Ajedrez","src":"https:\/\/i0.wp.com\/lasprimeras.com.do\/wp-content\/uploads\/2023\/12\/Campeonato-Gubernamental-de-Ajedrez.jpg?resize=350%2C200&ssl=1","width":350,"height":200,"srcset":"https:\/\/i0.wp.com\/lasprimeras.com.do\/wp-content\/uploads\/2023\/12\/Campeonato-Gubernamental-de-Ajedrez.jpg?resize=350%2C200&ssl=1 1x, https:\/\/i0.wp.com\/lasprimeras.com.do\/wp-content\/uploads\/2023\/12\/Campeonato-Gubernamental-de-Ajedrez.jpg?resize=525%2C300&ssl=1 1.5x, https:\/\/i0.wp.com\/lasprimeras.com.do\/wp-content\/uploads\/2023\/12\/Campeonato-Gubernamental-de-Ajedrez.jpg?resize=700%2C400&ssl=1 2x"},"classes":[]},{"id":54374,"url":"https:\/\/lasprimeras.com.do\/index.php\/2023\/07\/10\/josue-araujo-gana-gran-torneo-de-ajedrez-blitz-32\/","url_meta":{"origin":78361,"position":3},"title":"Josue Araujo gana Gran Torneo de Ajedrez Blitz 3+2","author":"Nelson Feliz","date":"10 de julio de 2023","format":false,"excerpt":"La Federaci\u00f3n Dominicana de Ajedrez celebr\u00f3, este domingo, su Gran Torneo de Ajedrez Blitz 3+2 celebrado en Santo Domingo. Este evento cont\u00f3 con el apoyo de la Fundaci\u00f3n Liss Chesss. El torneo inici\u00f3 a las 10am con la participaci\u00f3n de m\u00e1s de 73 jugadores de distintas provincias del pa\u00eds. Entre\u2026","rel":"","context":"En \u00abSin categor\u00eda\u00bb","block_context":{"text":"Sin categor\u00eda","link":"https:\/\/lasprimeras.com.do\/index.php\/category\/sin-categoria\/"},"img":{"alt_text":"","src":"https:\/\/i0.wp.com\/lasprimeras.com.do\/wp-content\/uploads\/2023\/07\/Ajedrez.jpg?resize=350%2C200&ssl=1","width":350,"height":200,"srcset":"https:\/\/i0.wp.com\/lasprimeras.com.do\/wp-content\/uploads\/2023\/07\/Ajedrez.jpg?resize=350%2C200&ssl=1 1x, https:\/\/i0.wp.com\/lasprimeras.com.do\/wp-content\/uploads\/2023\/07\/Ajedrez.jpg?resize=525%2C300&ssl=1 1.5x, https:\/\/i0.wp.com\/lasprimeras.com.do\/wp-content\/uploads\/2023\/07\/Ajedrez.jpg?resize=700%2C400&ssl=1 2x"},"classes":[]},{"id":90419,"url":"https:\/\/lasprimeras.com.do\/index.php\/2024\/10\/20\/dominicanos-en-ny-realizaran-el-v-torneo-anual-de-abierto-de-ajedrez-dr-miguel-hernandez\/","url_meta":{"origin":78361,"position":4},"title":"Dominicanos en NY realizar\u00e1n el V Torneo Anual de Abierto de Ajedrez Dr. Miguel Hern\u00e1ndez","author":"Nelson Feliz","date":"20 de octubre de 2024","format":false,"excerpt":"NUEVA YORK. - GPS Entertainment anuncio que estar\u00e1n realizando el domingo 27 de octubre del presente a\u00f1o su quinto Torneo Anual de Abierto de Ajedrez - Dr. Miguel Hern\u00e1ndez. \u201cSer\u00e1 una d\u00eda completo dedicado al nuestro Quinto Torneo Anual de Abierto de Ajedrez- Dr Miguel Hern\u00e1ndez con premios en efectivo\u2026","rel":"","context":"En \u00abSin categor\u00eda\u00bb","block_context":{"text":"Sin categor\u00eda","link":"https:\/\/lasprimeras.com.do\/index.php\/category\/sin-categoria\/"},"img":{"alt_text":"","src":"https:\/\/i0.wp.com\/lasprimeras.com.do\/wp-content\/uploads\/2024\/10\/Torneo.jpg?resize=350%2C200&ssl=1","width":350,"height":200,"srcset":"https:\/\/i0.wp.com\/lasprimeras.com.do\/wp-content\/uploads\/2024\/10\/Torneo.jpg?resize=350%2C200&ssl=1 1x, https:\/\/i0.wp.com\/lasprimeras.com.do\/wp-content\/uploads\/2024\/10\/Torneo.jpg?resize=525%2C300&ssl=1 1.5x"},"classes":[]},{"id":68642,"url":"https:\/\/lasprimeras.com.do\/index.php\/2023\/11\/26\/benjamin-henriquez-agradece-a-luis-abinader-y-resalta-exitos-del-inefi\/","url_meta":{"origin":78361,"position":5},"title":"Benjam\u00edn Henr\u00edquez agradece a Luis Abinader y resalta \u00e9xitos del INEFI","author":"Nelson Feliz","date":"26 de noviembre de 2023","format":false,"excerpt":"El \u00e1rbitro de ajedrez Benjam\u00edn Henr\u00edquez Trinidad emiti\u00f3 el m\u00e1s profundo agradecimiento al presidente de la Rep\u00fablica Luis Abinader por el traslado del Maestro de Ajedrez Braulio Ram\u00edrez del Distrito Educativo 10-04 al Instituto Nacional de Educaci\u00f3n F\u00edsica (INEFI), instituci\u00f3n que se encuentra revolucionando el deporte escolar. La r\u00e1pida y\u2026","rel":"","context":"En \u00abSin categor\u00eda\u00bb","block_context":{"text":"Sin categor\u00eda","link":"https:\/\/lasprimeras.com.do\/index.php\/category\/sin-categoria\/"},"img":{"alt_text":"El presidente Luis Abinader junto al Docente de Ajedrez Braulio Ram\u00edrez.","src":"https:\/\/i0.wp.com\/lasprimeras.com.do\/wp-content\/uploads\/2023\/11\/Luis-Abinader-y-Benjamin-Henriquez.jpg?resize=350%2C200&ssl=1","width":350,"height":200,"srcset":"https:\/\/i0.wp.com\/lasprimeras.com.do\/wp-content\/uploads\/2023\/11\/Luis-Abinader-y-Benjamin-Henriquez.jpg?resize=350%2C200&ssl=1 1x, https:\/\/i0.wp.com\/lasprimeras.com.do\/wp-content\/uploads\/2023\/11\/Luis-Abinader-y-Benjamin-Henriquez.jpg?resize=525%2C300&ssl=1 1.5x"},"classes":[]}],"jetpack_sharing_enabled":true,"_links":{"self":[{"href":"https:\/\/lasprimeras.com.do\/index.php\/wp-json\/wp\/v2\/posts\/78361","targetHints":{"allow":["GET"]}}],"collection":[{"href":"https:\/\/lasprimeras.com.do\/index.php\/wp-json\/wp\/v2\/posts"}],"about":[{"href":"https:\/\/lasprimeras.com.do\/index.php\/wp-json\/wp\/v2\/types\/post"}],"author":[{"embeddable":true,"href":"https:\/\/lasprimeras.com.do\/index.php\/wp-json\/wp\/v2\/users\/3"}],"replies":[{"embeddable":true,"href":"https:\/\/lasprimeras.com.do\/index.php\/wp-json\/wp\/v2\/comments?post=78361"}],"version-history":[{"count":1,"href":"https:\/\/lasprimeras.com.do\/index.php\/wp-json\/wp\/v2\/posts\/78361\/revisions"}],"predecessor-version":[{"id":78363,"href":"https:\/\/lasprimeras.com.do\/index.php\/wp-json\/wp\/v2\/posts\/78361\/revisions\/78363"}],"wp:featuredmedia":[{"embeddable":true,"href":"https:\/\/lasprimeras.com.do\/index.php\/wp-json\/wp\/v2\/media\/78362"}],"wp:attachment":[{"href":"https:\/\/lasprimeras.com.do\/index.php\/wp-json\/wp\/v2\/media?parent=78361"}],"wp:term":[{"taxonomy":"category","embeddable":true,"href":"https:\/\/lasprimeras.com.do\/index.php\/wp-json\/wp\/v2\/categories?post=78361"},{"taxonomy":"post_tag","embeddable":true,"href":"https:\/\/lasprimeras.com.do\/index.php\/wp-json\/wp\/v2\/tags?post=78361"}],"curies":[{"name":"wp","href":"https:\/\/api.w.org\/{rel}","templated":true}]}}