{"id":78407,"date":"2024-03-16T09:18:45","date_gmt":"2024-03-16T13:18:45","guid":{"rendered":"https:\/\/lasprimeras.com.do\/?p=78407"},"modified":"2024-03-16T09:18:47","modified_gmt":"2024-03-16T13:18:47","slug":"el-g7-advierte-a-iran-sobre-envio-misiles-balisticos-y-drones-a-rusia","status":"publish","type":"post","link":"https:\/\/lasprimeras.com.do\/index.php\/2024\/03\/16\/el-g7-advierte-a-iran-sobre-envio-misiles-balisticos-y-drones-a-rusia\/","title":{"rendered":"El G7 advierte a Ir\u00e1n sobre env\u00edo misiles bal\u00edsticos y drones a Rusia"},"content":{"rendered":"\n<p>KIEV, 16 Mar.- Los l\u00edderes del G7 han amenazado a Ir\u00e1n con nuevas sanciones si decide enviar misiles bal\u00edsticos a Rusia despu\u00e9s de que Teher\u00e1n haya suministrado una cantidad sustancial de drones a Mosc\u00fa en el marco de la guerra de Ucrania.<\/p>\n\n\n\n<p>\u00abSi Ir\u00e1n comenzara a entregar misiles bal\u00edsticos o tecnolog\u00edas parecidas a Rusia, estar\u00edamos preparados para responder de manera r\u00e1pida y coordinada, incluso con nuevas y significativas sanciones\u00bb, han indicado en un comunicado conjunto.<\/p>\n\n\n\n<p>El G7 ha se\u00f1alado que el env\u00edo de este armamento conducir\u00eda a una mayor \u00abdesestabilizaci\u00f3n regional\u00bb y representar\u00eda una \u00abescalada sustancial\u00bb en su apoyo a la guerra de Rusia contra Ucrania, una \u00abagresi\u00f3n que constituye una violaci\u00f3n flagrante de la ley internacional y la carta de Naciones Unidas\u00bb.<\/p>\n\n\n\n<p>Los l\u00edderes del G7 han apuntado as\u00ed a \u00abinformes\u00bb que muestran que Ir\u00e1n estar\u00eda sopesando transferir este tipo de armamento a Rusia. Estados Unidos afirm\u00f3 el pasado mes de mayo que Teher\u00e1n hab\u00eda suministrado m\u00e1s de 400 drones a Mosc\u00fa.<\/p>\n\n\n\n<p>Tanto Ucrania como Estados Unidos han acusado a Ir\u00e1n de entregar estos aparatos no tripulados a Rusia para su uso en la guerra, si bien Teher\u00e1n argumenta que fueron enviados antes del estallido del conflicto en virtud de sus acuerdos de cooperaci\u00f3n militar.<\/p>\n","protected":false},"excerpt":{"rendered":"<p>KIEV, 16 Mar.- Los l\u00edderes del G7 han amenazado a Ir\u00e1n con nuevas sanciones si decide enviar misiles bal\u00edsticos a Rusia despu\u00e9s de que Teher\u00e1n haya suministrado una cantidad sustancial&hellip;<\/p>\n","protected":false},"author":3,"featured_media":78408,"comment_status":"open","ping_status":"open","sticky":false,"template":"","format":"standard","meta":{"content-type":"","jetpack_post_was_ever_published":false,"_jetpack_newsletter_access":"","_jetpack_dont_email_post_to_subs":false,"_jetpack_newsletter_tier_id":0,"_jetpack_memberships_contains_paywalled_content":false,"_jetpack_memberships_contains_paid_content":false,"footnotes":""},"categories":[1],"tags":[9281,8260,1119],"class_list":["post-78407","post","type-post","status-publish","format-standard","has-post-thumbnail","hentry","category-sin-categoria","tag-g7","tag-misiles-rusos","tag-rusia"],"jetpack_featured_media_url":"https:\/\/lasprimeras.com.do\/wp-content\/uploads\/2024\/03\/Diseno-sin-titulo-3.png","jetpack-related-posts":[{"id":95380,"url":"https:\/\/lasprimeras.com.do\/index.php\/2025\/03\/13\/rubio-podria-encontrar-una-recepcion-hostil-de-aliados-cercanos-del-g7-por-las-politicas-de-trump\/","url_meta":{"origin":78407,"position":0},"title":"Rubio podr\u00eda encontrar una recepci\u00f3n hostil de aliados cercanos del G7 por las pol\u00edticas de Trump","author":"Nelson Feliz","date":"13 de marzo de 2025","format":false,"excerpt":"POR MATTHEW LEE LA MALBAIE, Canad\u00e1 (AP) \u2014 El secretario de Estado de Estados Unidos, Marco Rubio, podr\u00eda adentrarse en un territorio inusualmente hostil esta semana cuando se re\u00fana con sus hom\u00f3logos del Grupo de las 7 democracias industrializadas, aliados estadounidenses que est\u00e1n at\u00f3nitos por las acciones del presidente Donald\u2026","rel":"","context":"En \u00abINTERNACIONALES\u00bb","block_context":{"text":"INTERNACIONALES","link":"https:\/\/lasprimeras.com.do\/index.php\/category\/sin-categoria\/internacionales\/"},"img":{"alt_text":"","src":"https:\/\/i0.wp.com\/lasprimeras.com.do\/wp-content\/uploads\/2025\/03\/Marco-Rubio.png?resize=350%2C200&ssl=1","width":350,"height":200,"srcset":"https:\/\/i0.wp.com\/lasprimeras.com.do\/wp-content\/uploads\/2025\/03\/Marco-Rubio.png?resize=350%2C200&ssl=1 1x, https:\/\/i0.wp.com\/lasprimeras.com.do\/wp-content\/uploads\/2025\/03\/Marco-Rubio.png?resize=525%2C300&ssl=1 1.5x, https:\/\/i0.wp.com\/lasprimeras.com.do\/wp-content\/uploads\/2025\/03\/Marco-Rubio.png?resize=700%2C400&ssl=1 2x"},"classes":[]},{"id":92172,"url":"https:\/\/lasprimeras.com.do\/index.php\/2024\/12\/31\/un-ataque-ruso-con-misiles-y-drones-golpea-varias-poblaciones-en-ucrania-incluida-kiev\/","url_meta":{"origin":78407,"position":1},"title":"Un ataque ruso con misiles y drones golpea varias poblaciones en Ucrania, incluida Kiev","author":"Nelson Feliz","date":"31 de diciembre de 2024","format":false,"excerpt":"By ILLIA NOVIKOV KIEV, Ucrania (AP) \u2014 Rusia lanz\u00f3 el martes un ataque a\u00e9reo contra Ucrania que golpe\u00f3 la capital y otras regiones con m\u00faltiples misiles y drones. La fuerza a\u00e9rea de Ucrania inform\u00f3 de una amenaza de misil bal\u00edstico a las 3:00 de la madrugada, y se escucharon al\u2026","rel":"","context":"En \u00abINTERNACIONALES\u00bb","block_context":{"text":"INTERNACIONALES","link":"https:\/\/lasprimeras.com.do\/index.php\/category\/sin-categoria\/internacionales\/"},"img":{"alt_text":"","src":"https:\/\/i0.wp.com\/lasprimeras.com.do\/wp-content\/uploads\/2024\/12\/ataque.jpg?resize=350%2C200&ssl=1","width":350,"height":200,"srcset":"https:\/\/i0.wp.com\/lasprimeras.com.do\/wp-content\/uploads\/2024\/12\/ataque.jpg?resize=350%2C200&ssl=1 1x, https:\/\/i0.wp.com\/lasprimeras.com.do\/wp-content\/uploads\/2024\/12\/ataque.jpg?resize=525%2C300&ssl=1 1.5x, https:\/\/i0.wp.com\/lasprimeras.com.do\/wp-content\/uploads\/2024\/12\/ataque.jpg?resize=700%2C400&ssl=1 2x"},"classes":[]},{"id":87829,"url":"https:\/\/lasprimeras.com.do\/index.php\/2024\/08\/18\/zelenski-denuncia-el-terrorismo-ruso-por-sus-bombardeos-de-esta-semana\/","url_meta":{"origin":78407,"position":2},"title":"Zelenski denuncia el &#8220;terrorismo ruso&#8221; por sus bombardeos de esta semana","author":"Nelson Feliz","date":"18 de agosto de 2024","format":false,"excerpt":"Le\u00f3polis (Ucrania),(EFE).- El presidente de Ucrania, Volod\u00edmir Zelenski, denunci\u00f3 el \"terrorismo ruso\" este domingo en un mensaje en redes sociales, en el que expuso que su pa\u00eds fue atacado por el Ej\u00e9rcito invasor con un millar de bombas, misiles y drones. \"M\u00e1s de 40 misiles de varios tipos, 740 bombas\u2026","rel":"","context":"En \u00abSin categor\u00eda\u00bb","block_context":{"text":"Sin categor\u00eda","link":"https:\/\/lasprimeras.com.do\/index.php\/category\/sin-categoria\/"},"img":{"alt_text":"Volod\u00edmir Zelenski","src":"https:\/\/i0.wp.com\/lasprimeras.com.do\/wp-content\/uploads\/2024\/08\/Volodimir-Zelenski.jpg?resize=350%2C200&ssl=1","width":350,"height":200,"srcset":"https:\/\/i0.wp.com\/lasprimeras.com.do\/wp-content\/uploads\/2024\/08\/Volodimir-Zelenski.jpg?resize=350%2C200&ssl=1 1x, https:\/\/i0.wp.com\/lasprimeras.com.do\/wp-content\/uploads\/2024\/08\/Volodimir-Zelenski.jpg?resize=525%2C300&ssl=1 1.5x, https:\/\/i0.wp.com\/lasprimeras.com.do\/wp-content\/uploads\/2024\/08\/Volodimir-Zelenski.jpg?resize=700%2C400&ssl=1 2x"},"classes":[]},{"id":84048,"url":"https:\/\/lasprimeras.com.do\/index.php\/2024\/05\/30\/el-jefe-del-ejercito-ucraniano-dice-que-rusia-esta-aumentando-sus-tropas-en-la-critica-region-de-jarkov\/","url_meta":{"origin":78407,"position":3},"title":"El jefe del ej\u00e9rcito ucraniano dice que Rusia est\u00e1 aumentando sus tropas en la cr\u00edtica regi\u00f3n de J\u00e1rkov","author":"Nelson Feliz","date":"30 de mayo de 2024","format":false,"excerpt":"POR ILLIA NOVIKOV KIEV, Ucrania (AP) \u2014 Rusia llev\u00f3 a cabo una serie de ataques a\u00e9reos contra Ucrania con misiles de crucero, drones y misiles bal\u00edsticos, dijo el jueves la fuerza a\u00e9rea de Ucrania, mientras que el jefe del ej\u00e9rcito dijo que Rusia est\u00e1 aumentando su concentraci\u00f3n de tropas en\u2026","rel":"","context":"En \u00abSin categor\u00eda\u00bb","block_context":{"text":"Sin categor\u00eda","link":"https:\/\/lasprimeras.com.do\/index.php\/category\/sin-categoria\/"},"img":{"alt_text":"","src":"https:\/\/i0.wp.com\/lasprimeras.com.do\/wp-content\/uploads\/2024\/05\/Tropas-ucrania.jpg?resize=350%2C200&ssl=1","width":350,"height":200,"srcset":"https:\/\/i0.wp.com\/lasprimeras.com.do\/wp-content\/uploads\/2024\/05\/Tropas-ucrania.jpg?resize=350%2C200&ssl=1 1x, https:\/\/i0.wp.com\/lasprimeras.com.do\/wp-content\/uploads\/2024\/05\/Tropas-ucrania.jpg?resize=525%2C300&ssl=1 1.5x, https:\/\/i0.wp.com\/lasprimeras.com.do\/wp-content\/uploads\/2024\/05\/Tropas-ucrania.jpg?resize=700%2C400&ssl=1 2x"},"classes":[]},{"id":72449,"url":"https:\/\/lasprimeras.com.do\/index.php\/2023\/12\/29\/rusia-lanza-uno-de-los-mayores-ataques-aereos-contra-ucrania\/","url_meta":{"origin":78407,"position":4},"title":"Rusia lanza uno de los mayores ataques a\u00e9reos contra Ucrania","author":"BIMARY DE JES\u00daS Matos","date":"29 de diciembre de 2023","format":false,"excerpt":"KIEV, Ucrania.- Rusia dispar\u00f3 alrededor de 110 misiles durante la noche, adem\u00e1s de aviones no tripulados, contra objetivos ucranianos en uno de los mayores ataques del a\u00f1o, dijo el presidente de Ucrania, Volodymyr Zelenskyy, el viernes. La mayor\u00eda de los misiles y drones fueron derribados pero al menos siete civiles\u2026","rel":"","context":"En \u00abSin categor\u00eda\u00bb","block_context":{"text":"Sin categor\u00eda","link":"https:\/\/lasprimeras.com.do\/index.php\/category\/sin-categoria\/"},"img":{"alt_text":"","src":"https:\/\/i0.wp.com\/lasprimeras.com.do\/wp-content\/uploads\/2023\/12\/Noticias-de-energia-2023-12-29T121341.489.jpg?resize=350%2C200&ssl=1","width":350,"height":200,"srcset":"https:\/\/i0.wp.com\/lasprimeras.com.do\/wp-content\/uploads\/2023\/12\/Noticias-de-energia-2023-12-29T121341.489.jpg?resize=350%2C200&ssl=1 1x, https:\/\/i0.wp.com\/lasprimeras.com.do\/wp-content\/uploads\/2023\/12\/Noticias-de-energia-2023-12-29T121341.489.jpg?resize=525%2C300&ssl=1 1.5x"},"classes":[]},{"id":82360,"url":"https:\/\/lasprimeras.com.do\/index.php\/2024\/05\/02\/ejercito-ruso-lanza-una-oleada-misiles-balisticos-a-odesa\/","url_meta":{"origin":78407,"position":5},"title":"Ej\u00e9rcito ruso lanza una oleada misiles bal\u00edsticos a Odesa","author":"BIMARY DE JES\u00daS Matos","date":"2 de mayo de 2024","format":false,"excerpt":"KIEV.- El gobernador de Odesa, Oleg Kiper, ha informado de que las Fuerzas Armadas rusas han lanzado una nueva oleada de misiles contra esta regi\u00f3n del sur de Ucrania, lo que ha provocado da\u00f1os en edificios administrativos y residenciales. Kiper ha indicado en su perfil en la red social Telegram\u2026","rel":"","context":"En \u00abSin categor\u00eda\u00bb","block_context":{"text":"Sin categor\u00eda","link":"https:\/\/lasprimeras.com.do\/index.php\/category\/sin-categoria\/"},"img":{"alt_text":"","src":"","width":0,"height":0},"classes":[]}],"jetpack_sharing_enabled":true,"_links":{"self":[{"href":"https:\/\/lasprimeras.com.do\/index.php\/wp-json\/wp\/v2\/posts\/78407","targetHints":{"allow":["GET"]}}],"collection":[{"href":"https:\/\/lasprimeras.com.do\/index.php\/wp-json\/wp\/v2\/posts"}],"about":[{"href":"https:\/\/lasprimeras.com.do\/index.php\/wp-json\/wp\/v2\/types\/post"}],"author":[{"embeddable":true,"href":"https:\/\/lasprimeras.com.do\/index.php\/wp-json\/wp\/v2\/users\/3"}],"replies":[{"embeddable":true,"href":"https:\/\/lasprimeras.com.do\/index.php\/wp-json\/wp\/v2\/comments?post=78407"}],"version-history":[{"count":1,"href":"https:\/\/lasprimeras.com.do\/index.php\/wp-json\/wp\/v2\/posts\/78407\/revisions"}],"predecessor-version":[{"id":78409,"href":"https:\/\/lasprimeras.com.do\/index.php\/wp-json\/wp\/v2\/posts\/78407\/revisions\/78409"}],"wp:featuredmedia":[{"embeddable":true,"href":"https:\/\/lasprimeras.com.do\/index.php\/wp-json\/wp\/v2\/media\/78408"}],"wp:attachment":[{"href":"https:\/\/lasprimeras.com.do\/index.php\/wp-json\/wp\/v2\/media?parent=78407"}],"wp:term":[{"taxonomy":"category","embeddable":true,"href":"https:\/\/lasprimeras.com.do\/index.php\/wp-json\/wp\/v2\/categories?post=78407"},{"taxonomy":"post_tag","embeddable":true,"href":"https:\/\/lasprimeras.com.do\/index.php\/wp-json\/wp\/v2\/tags?post=78407"}],"curies":[{"name":"wp","href":"https:\/\/api.w.org\/{rel}","templated":true}]}}