{"id":78425,"date":"2024-03-16T13:04:10","date_gmt":"2024-03-16T17:04:10","guid":{"rendered":"https:\/\/lasprimeras.com.do\/?p=78425"},"modified":"2024-03-16T13:04:12","modified_gmt":"2024-03-16T17:04:12","slug":"leonel-fernandez-converso-con-representantes-de-sectores-economicos-y-comunitarios-de-los-mina","status":"publish","type":"post","link":"https:\/\/lasprimeras.com.do\/index.php\/2024\/03\/16\/leonel-fernandez-converso-con-representantes-de-sectores-economicos-y-comunitarios-de-los-mina\/","title":{"rendered":"Leonel Fern\u00e1ndez convers\u00f3 con representantes de sectores econ\u00f3micos y comunitarios de Los Mina"},"content":{"rendered":"\n<p class=\"wp-block-paragraph\">Santo Domingo.- El candidato presidencial del partido Fuerza del Pueblo (FP), Leonel Fern\u00e1ndez, asegur\u00f3 este viernes que el presidente Luis Abinader gobierna para una \u00e9lite de ricos.<\/p>\n\n\n\n<p class=\"wp-block-paragraph\">&#8220;Esa es la diferencia entre ellos y nosotros, ellos gobiernan para una \u00e9lite de ricos y, nosotros para los pobres&#8221;, dijo Leonel Fern\u00e1ndez, al explicar que el primer mandatario pudo haber evitado el alza de los precios, pero no quiso hacerlo, pues prefiri\u00f3 beneficiar a sus allegados, otorg\u00e1ndole permisos de importaci\u00f3n de productos terminados.<\/p>\n\n\n\n<p class=\"wp-block-paragraph\">\u201cCon la Fuerza del Pueblo se acab\u00f3 eso\u201d, en la Fuerza del Pueblo vamos a concentrarnos en la producci\u00f3n local, pues todos sabemos que si logramos m\u00e1s producci\u00f3n los productos bajan de precio.<\/p>\n\n\n\n<p class=\"wp-block-paragraph\">El exmandatario explic\u00f3 que esto no quiere decir que no se har\u00e1n importaciones, pues hay productos y materias primas que necesariamente hay que importarlos, para aumentar la producci\u00f3n nacional.<\/p>\n\n\n\n<p class=\"wp-block-paragraph\">Las afirmaciones del candidato presidencial se hicieron en el marco de un encuentro con representantes de diversos sectores productivos de la populosa barriada de Los Mina.<\/p>\n\n\n\n<p class=\"wp-block-paragraph\">All\u00ed, el l\u00edder opositor reiter\u00f3 su compromiso de eliminar el anticipo para los micro, peque\u00f1os y medianos empresarios, asegurando que eso se eliminar\u00e1 en su gobierno, pues no se trata de quitar el impuesto, ya que al final, el impuesto se pagar\u00e1, pero en el tiempo, cuando se genere ganancia, no anticipadamente.<\/p>\n\n\n\n<p class=\"wp-block-paragraph\">En la actividad, los comerciantes y representantes de organizaciones comunitarias de Los Mina Sur expresaron al candidato presidencial opositor sus inquietudes, los graves problemas que tienen que enfrentar para poder mantener abiertas las puertas de sus negocios.<\/p>\n\n\n\n<p class=\"wp-block-paragraph\">Los dirigentes de juntas de vecinos, asociaciones de amas de casas, l\u00edderes religiosos y deportivos narraron a Fern\u00e1ndez la inseguridad que los afecta, impidiendo el libre tr\u00e1nsito y la socializaci\u00f3n, por lo que, clamaron por la vuelta al poder de quien garantiz\u00f3 en sus gobiernos un ambiente seguro y confiable.<\/p>\n\n\n\n<p class=\"wp-block-paragraph\">La principal entidad pol\u00edtica opositora del pa\u00eds est\u00e1 organizando los denominados \u201cconversatorios populares\u201d en todo el territorio nacional, para escuchar a los diferentes sectores sociales y, el candidato presidencial de la FP, Leonel Fern\u00e1ndez, exponer sus propuestas electorales de cara a las elecciones del 19 de mayo.<\/p>\n\n\n\n<p class=\"wp-block-paragraph\">En la actividad, Fern\u00e1ndez estuvo acompa\u00f1ado de varios de los candidatos a diputados de la circunscripci\u00f3n electoral n\u00famero 2 de Santo Domingo Este, entre los que destacan Alexandra Pe\u00f1a, Mar\u00eda Gallard, el actual diputado y aspirante a continuar, Rafael Castillo y; Rafael Cisnero.<\/p>\n\n\n\n<p class=\"wp-block-paragraph\">El encuentro tuvo lugar en la calle Horario Ortiz \u00c1lvarez esquina Calle 17-1 (Las 5 Esquinas), en Los Mina Sur, donde participaron los se\u00f1ores Jos\u00e9 Veras y Jayro Santos, presidente y secretario de la Asociaci\u00f3n de Comerciantes del Mercado de Los Mina.<\/p>\n\n\n\n<p class=\"wp-block-paragraph\">En representaci\u00f3n del sector ferretero, habl\u00f3 el se\u00f1or Jos\u00e9 Abreu; Jerry Ochoa represent\u00f3 a los due\u00f1os de negocios de venta de electromec\u00e1nicos; Marisol Sosa, represent\u00f3 al sector textilero.<\/p>\n\n\n\n<p class=\"wp-block-paragraph\">De igual manera, en la actividad hablaron los se\u00f1ores: Wascar Nin, fabricante de uniformes deportivos; Maibeht S\u00e1nchez, comerciante detallista de provisiones del sector Los Mina Sur.<\/p>\n\n\n\n<p class=\"wp-block-paragraph\">Eddy Alberto de Jes\u00fas Castillo y Elizabeth Abreu representaron al sector magisterial; mientras que, Eudosia Pe\u00f1a represent\u00f3 al sector salud, en su calidad de enfermera.<\/p>\n\n\n\n<p class=\"wp-block-paragraph\">Radham\u00e9s Mart\u00ednez, vicepresidente de la Fundaci\u00f3n Universal y pastor presb\u00edtero, represent\u00f3 a las iglesias evang\u00e9licas de este pujante sector de Santo Domingo Este.<\/p>\n\n\n\n<p class=\"wp-block-paragraph\">Esta es la continuidad de los di\u00e1logos sociales, ya que, la pasada semana el l\u00edder pol\u00edtico opositor encabez\u00f3 un encuentro similar con comerciantes y dirigentes comunitarios de la zona del mercado de Cristo Rey.<\/p>\n\n\n\n<p class=\"wp-block-paragraph\">Agenda del s\u00e1bado:<\/p>\n\n\n\n<p class=\"wp-block-paragraph\">En la ma\u00f1ana de este s\u00e1bado el candidato presidencial de varias entidades pol\u00edticas opositoras, Leonel Fern\u00e1ndez, formalizar\u00e1 la alianza con el Partido Socialista Cristiano, que dirige Soraya Aquino.<\/p>\n","protected":false},"excerpt":{"rendered":"<p>Santo Domingo.- El candidato presidencial del partido Fuerza del Pueblo (FP), Leonel Fern\u00e1ndez, asegur\u00f3 este viernes que el presidente Luis Abinader gobierna para una \u00e9lite de ricos. &#8220;Esa es la&hellip;<\/p>\n","protected":false},"author":3,"featured_media":78426,"comment_status":"open","ping_status":"open","sticky":false,"template":"","format":"standard","meta":{"content-type":"","_jetpack_newsletter_access":"","_jetpack_dont_email_post_to_subs":false,"_jetpack_newsletter_tier_id":0,"_jetpack_memberships_contains_paywalled_content":false,"_jetpack_feature_clip_id":0,"_jetpack_memberships_contains_paid_content":false,"footnotes":"","jetpack_post_was_ever_published":false},"categories":[1],"tags":[51],"class_list":["post-78425","post","type-post","status-publish","format-standard","has-post-thumbnail","hentry","category-sin-categoria","tag-leonel-fernandez"],"jetpack-related-posts":[{"id":66253,"url":"https:\/\/lasprimeras.com.do\/index.php\/2023\/11\/05\/leonel-visita-mercado-de-san-juan-para-conocer-situacion-de-comerciantes\/","url_meta":{"origin":78425,"position":0},"title":"Leonel visita mercado de San Juan para conocer situaci\u00f3n de comerciantes","author":"Nelson Feliz","date":"5 de noviembre de 2023","format":false,"excerpt":"Empresario de San Juan asegura consecuencia de mal manejo del gobierno la est\u00e1 pagando productores av\u00edcolas El presidente del partido Fuerza del Pueblo, Leonel Fern\u00e1ndez, visit\u00f3 el mercado del municipio de San Juan de la Maguana para conocer realidad de las personas que tienen como fuente de sustento la compra\u2026","rel":"","context":"En \u00abPORTADA\u00bb","block_context":{"text":"PORTADA","link":"https:\/\/lasprimeras.com.do\/index.php\/category\/portada\/"},"img":{"alt_text":"Leonel Fernandez","src":"https:\/\/i0.wp.com\/lasprimeras.com.do\/wp-content\/uploads\/2023\/11\/Leonel-Fernandez-5.jpg?resize=350%2C200&ssl=1","width":350,"height":200,"srcset":"https:\/\/i0.wp.com\/lasprimeras.com.do\/wp-content\/uploads\/2023\/11\/Leonel-Fernandez-5.jpg?resize=350%2C200&ssl=1 1x, https:\/\/i0.wp.com\/lasprimeras.com.do\/wp-content\/uploads\/2023\/11\/Leonel-Fernandez-5.jpg?resize=525%2C300&ssl=1 1.5x, https:\/\/i0.wp.com\/lasprimeras.com.do\/wp-content\/uploads\/2023\/11\/Leonel-Fernandez-5.jpg?resize=700%2C400&ssl=1 2x"},"classes":[]},{"id":59459,"url":"https:\/\/lasprimeras.com.do\/index.php\/2023\/09\/04\/leonel-reitera-que-el-gobierno-del-cambio-es-neveras-vacias-estufas-apaga-y-en-la-mesa-na-de-na\/","url_meta":{"origin":78425,"position":1},"title":"Leonel reitera que el gobierno del &#8220;cambio&#8221; es neveras vac\u00edas, estufas apaga\u2019 y en la mesa, \u201cna de na\u201d","author":"Nelson Feliz","date":"4 de septiembre de 2023","format":false,"excerpt":"El precandidato a la Presidencia de la Rep\u00fablica por el partido Fuerza del Pueblo, Leonel Fern\u00e1ndez, reiter\u00f3 en Valverde, Mao que el gobierno de Luis Abinader, \u201cha significado las neveras vac\u00edas, las estufas apaga\u2019 y, en la mesa na' de na\u201d. Leonel Fern\u00e1ndez asegur\u00f3 que: \u201cLo esencial para un pueblo\u2026","rel":"","context":"En \u00abPORTADA\u00bb","block_context":{"text":"PORTADA","link":"https:\/\/lasprimeras.com.do\/index.php\/category\/portada\/"},"img":{"alt_text":"Leonel Fern\u00e1ndez","src":"https:\/\/i0.wp.com\/lasprimeras.com.do\/wp-content\/uploads\/2023\/09\/Leonel-Fernandez-1.jpg?resize=350%2C200&ssl=1","width":350,"height":200,"srcset":"https:\/\/i0.wp.com\/lasprimeras.com.do\/wp-content\/uploads\/2023\/09\/Leonel-Fernandez-1.jpg?resize=350%2C200&ssl=1 1x, https:\/\/i0.wp.com\/lasprimeras.com.do\/wp-content\/uploads\/2023\/09\/Leonel-Fernandez-1.jpg?resize=525%2C300&ssl=1 1.5x, https:\/\/i0.wp.com\/lasprimeras.com.do\/wp-content\/uploads\/2023\/09\/Leonel-Fernandez-1.jpg?resize=700%2C400&ssl=1 2x"},"classes":[]},{"id":75621,"url":"https:\/\/lasprimeras.com.do\/index.php\/2024\/02\/02\/leonel-declarara-sector-agropecuario-como-de-alta-prioridad-nacional\/","url_meta":{"origin":78425,"position":2},"title":"Leonel declarar\u00e1 sector agropecuario como de alta prioridad nacional","author":"Nelson Feliz","date":"2 de febrero de 2024","format":false,"excerpt":"En el gobierno de la FP, RD volver\u00e1 al 85 o 90 % de autosuficiencia alimentaria nacional. El sector agropecuario ser\u00e1 declarado de alta prioridad nacional, en el pr\u00f3ximo gobierno de Leonel Fern\u00e1ndez, asegur\u00f3 el propio candidato presidencial y l\u00edder del partido Fuerza del Pueblo (FP) y de la oposici\u00f3n\u2026","rel":"","context":"En \u00abPORTADA\u00bb","block_context":{"text":"PORTADA","link":"https:\/\/lasprimeras.com.do\/index.php\/category\/portada\/"},"img":{"alt_text":"Leonel Fern\u00e1ndez","src":"https:\/\/i0.wp.com\/lasprimeras.com.do\/wp-content\/uploads\/2024\/02\/Leonel-Fernandez-2.jpg?resize=350%2C200&ssl=1","width":350,"height":200,"srcset":"https:\/\/i0.wp.com\/lasprimeras.com.do\/wp-content\/uploads\/2024\/02\/Leonel-Fernandez-2.jpg?resize=350%2C200&ssl=1 1x, https:\/\/i0.wp.com\/lasprimeras.com.do\/wp-content\/uploads\/2024\/02\/Leonel-Fernandez-2.jpg?resize=525%2C300&ssl=1 1.5x, https:\/\/i0.wp.com\/lasprimeras.com.do\/wp-content\/uploads\/2024\/02\/Leonel-Fernandez-2.jpg?resize=700%2C400&ssl=1 2x"},"classes":[]},{"id":72466,"url":"https:\/\/lasprimeras.com.do\/index.php\/2023\/12\/29\/tasa-cero-planteada-por-abinader-es-una-cosa-como-de-manicomio-dice-leonel\/","url_meta":{"origin":78425,"position":3},"title":"Tasa Cero planteada por Abinader es \u201cuna cosa como de manicomio\u201d, dice Leonel","author":"Nelson Feliz","date":"29 de diciembre de 2023","format":false,"excerpt":"\u201cUna cosa como de manicomio\u201d, as\u00ed calific\u00f3 Leonel Fern\u00e1ndez la vocaci\u00f3n que tiene el presidente Luis Abinader de privilegiar las importaciones, en detrimento de los sectores productivos de la naci\u00f3n. El candidato presidencial de la Fuerza del Pueblo, habl\u00f3 en esos t\u00e9rminos en momentos que fue abordado por periodistas, previo\u2026","rel":"","context":"En \u00abPORTADA\u00bb","block_context":{"text":"PORTADA","link":"https:\/\/lasprimeras.com.do\/index.php\/category\/portada\/"},"img":{"alt_text":"Leonel Fern\u00e1ndez","src":"https:\/\/i0.wp.com\/lasprimeras.com.do\/wp-content\/uploads\/2023\/12\/Leonel-Fernandez-1-1.jpg?resize=350%2C200&ssl=1","width":350,"height":200,"srcset":"https:\/\/i0.wp.com\/lasprimeras.com.do\/wp-content\/uploads\/2023\/12\/Leonel-Fernandez-1-1.jpg?resize=350%2C200&ssl=1 1x, https:\/\/i0.wp.com\/lasprimeras.com.do\/wp-content\/uploads\/2023\/12\/Leonel-Fernandez-1-1.jpg?resize=525%2C300&ssl=1 1.5x, https:\/\/i0.wp.com\/lasprimeras.com.do\/wp-content\/uploads\/2023\/12\/Leonel-Fernandez-1-1.jpg?resize=700%2C400&ssl=1 2x"},"classes":[]},{"id":94551,"url":"https:\/\/lasprimeras.com.do\/index.php\/2025\/03\/02\/el-prm-gobierna-para-las-elites-y-se-ha-olvidado-de-los-pobres-asegura-leonel-fernandez\/","url_meta":{"origin":78425,"position":4},"title":"El PRM \u201cgobierna para las \u00e9lites\u201d y se ha olvidado de los pobres, asegura Leonel Fern\u00e1ndez","author":"Nelson Feliz","date":"2 de marzo de 2025","format":false,"excerpt":"Fuerza del Pueblo concluye Congreso Ordinario e inicia su Congreso Elector El expresidente de la Rep\u00fablica Dominicana y l\u00edder de la Fuerza del Pueblo, Leonel Fern\u00e1ndez, cuestion\u00f3 duramente la gesti\u00f3n del gobierno del Partido Revolucionario Moderno (PRM). En el marco de la plenaria de cierre del congreso de su partido,\u2026","rel":"","context":"En \u00abPOLITICA\u00bb","block_context":{"text":"POLITICA","link":"https:\/\/lasprimeras.com.do\/index.php\/category\/politica\/"},"img":{"alt_text":"Leonel Fern\u00e1ndez","src":"https:\/\/i0.wp.com\/lasprimeras.com.do\/wp-content\/uploads\/2025\/03\/Leonel-Fernandez-5.jpg?resize=350%2C200&ssl=1","width":350,"height":200,"srcset":"https:\/\/i0.wp.com\/lasprimeras.com.do\/wp-content\/uploads\/2025\/03\/Leonel-Fernandez-5.jpg?resize=350%2C200&ssl=1 1x, https:\/\/i0.wp.com\/lasprimeras.com.do\/wp-content\/uploads\/2025\/03\/Leonel-Fernandez-5.jpg?resize=525%2C300&ssl=1 1.5x, https:\/\/i0.wp.com\/lasprimeras.com.do\/wp-content\/uploads\/2025\/03\/Leonel-Fernandez-5.jpg?resize=700%2C400&ssl=1 2x"},"classes":[]},{"id":106743,"url":"https:\/\/lasprimeras.com.do\/index.php\/2025\/08\/18\/leonel-politica-alimentaria-del-gobierno-ha-condenado-al-pueblo-a-comer-cocote-molleja-pata-y-asadura\/","url_meta":{"origin":78425,"position":5},"title":"Leonel: pol\u00edtica alimentaria del gobierno ha condenado al pueblo a comer \u201ccocote, molleja, pata y asadura\u201d","author":"Nelson Feliz","date":"18 de agosto de 2025","format":false,"excerpt":"El ex presidente de la Rep\u00fablica, Leonel Fern\u00e1ndez, lanz\u00f3 duras cr\u00edticas a la pol\u00edtica agroalimentaria del actual gobierno, asegurando que las fallidas decisiones oficiales han deteriorado el poder adquisitivo de la poblaci\u00f3n y han encarecido de manera alarmante el precio del pollo, prote\u00edna b\u00e1sica en la dieta de los dominicanos.\u2026","rel":"","context":"En \u00abPOLITICA\u00bb","block_context":{"text":"POLITICA","link":"https:\/\/lasprimeras.com.do\/index.php\/category\/politica\/"},"img":{"alt_text":"","src":"https:\/\/i0.wp.com\/lasprimeras.com.do\/wp-content\/uploads\/2025\/08\/WhatsApp-Image-2025-08-18-at-3.35.04-PM.jpeg?resize=350%2C200&ssl=1","width":350,"height":200,"srcset":"https:\/\/i0.wp.com\/lasprimeras.com.do\/wp-content\/uploads\/2025\/08\/WhatsApp-Image-2025-08-18-at-3.35.04-PM.jpeg?resize=350%2C200&ssl=1 1x, https:\/\/i0.wp.com\/lasprimeras.com.do\/wp-content\/uploads\/2025\/08\/WhatsApp-Image-2025-08-18-at-3.35.04-PM.jpeg?resize=525%2C300&ssl=1 1.5x, https:\/\/i0.wp.com\/lasprimeras.com.do\/wp-content\/uploads\/2025\/08\/WhatsApp-Image-2025-08-18-at-3.35.04-PM.jpeg?resize=700%2C400&ssl=1 2x"},"classes":[]}],"jetpack_sharing_enabled":true,"jetpack_featured_media_url":"https:\/\/lasprimeras.com.do\/wp-content\/uploads\/2024\/03\/Captura-de-pantalla-2024-01-24-145854-2.jpg","_links":{"self":[{"href":"https:\/\/lasprimeras.com.do\/index.php\/wp-json\/wp\/v2\/posts\/78425","targetHints":{"allow":["GET"]}}],"collection":[{"href":"https:\/\/lasprimeras.com.do\/index.php\/wp-json\/wp\/v2\/posts"}],"about":[{"href":"https:\/\/lasprimeras.com.do\/index.php\/wp-json\/wp\/v2\/types\/post"}],"author":[{"embeddable":true,"href":"https:\/\/lasprimeras.com.do\/index.php\/wp-json\/wp\/v2\/users\/3"}],"replies":[{"embeddable":true,"href":"https:\/\/lasprimeras.com.do\/index.php\/wp-json\/wp\/v2\/comments?post=78425"}],"version-history":[{"count":1,"href":"https:\/\/lasprimeras.com.do\/index.php\/wp-json\/wp\/v2\/posts\/78425\/revisions"}],"predecessor-version":[{"id":78427,"href":"https:\/\/lasprimeras.com.do\/index.php\/wp-json\/wp\/v2\/posts\/78425\/revisions\/78427"}],"wp:featuredmedia":[{"embeddable":true,"href":"https:\/\/lasprimeras.com.do\/index.php\/wp-json\/wp\/v2\/media\/78426"}],"wp:attachment":[{"href":"https:\/\/lasprimeras.com.do\/index.php\/wp-json\/wp\/v2\/media?parent=78425"}],"wp:term":[{"taxonomy":"category","embeddable":true,"href":"https:\/\/lasprimeras.com.do\/index.php\/wp-json\/wp\/v2\/categories?post=78425"},{"taxonomy":"post_tag","embeddable":true,"href":"https:\/\/lasprimeras.com.do\/index.php\/wp-json\/wp\/v2\/tags?post=78425"}],"curies":[{"name":"wp","href":"https:\/\/api.w.org\/{rel}","templated":true}]}}