{"id":78437,"date":"2024-03-16T16:12:59","date_gmt":"2024-03-16T20:12:59","guid":{"rendered":"https:\/\/lasprimeras.com.do\/?p=78437"},"modified":"2024-03-16T16:13:01","modified_gmt":"2024-03-16T20:13:01","slug":"adolescente-de-13-anos-participa-en-juego-de-exhibicion-grandes-ligas-con-protesis-gestionada-por-senasa","status":"publish","type":"post","link":"https:\/\/lasprimeras.com.do\/index.php\/2024\/03\/16\/adolescente-de-13-anos-participa-en-juego-de-exhibicion-grandes-ligas-con-protesis-gestionada-por-senasa\/","title":{"rendered":"Adolescente de 13 a\u00f1os participa en juego de exhibici\u00f3n Grandes Ligas con pr\u00f3tesis gestionada por SeNaSa"},"content":{"rendered":"\n<p class=\"wp-block-paragraph\">Santo Domingo.-Mayker de Jes\u00fas Mart\u00ednez es un adolescente de 13 a\u00f1os que forma parte de los cientos de beneficiados con alg\u00fan tipo de pr\u00f3tesis gracias a la gesti\u00f3n que se realiza del Seguro Nacional de Salud (SeNaSa).<\/p>\n\n\n\n<p class=\"wp-block-paragraph\">El director ejecutivo de SeNaSa, Dr. Santiago Hazim manifest\u00f3 que esto ha permitido que el joven afiliado realizara el lanzamiento de la primera bola en el juego de los equipos de grandes ligas de Boston Red Sox y los Tampa Bay Rays en el Estadio Quisqueya Juan Marichal.<\/p>\n\n\n\n<p class=\"wp-block-paragraph\">\u201c\u00bfQui\u00e9n dijo que los sue\u00f1os no se cumplen? He aqu\u00ed un resultado m\u00e1s del Gobierno de Luis Abinader, quien est\u00e1 trabajando y cumpli\u00e9ndole al pueblo dominicano\u201d, expres\u00f3 Hazim.<\/p>\n\n\n\n<p class=\"wp-block-paragraph\">Describi\u00f3, que dicha pr\u00f3tesis fue dise\u00f1ada y colocada por la Asociaci\u00f3n Dominicana de Rehabilitaci\u00f3n, quien forma parte de los proveedores de servicios de salud de SeNaSa.<\/p>\n\n\n\n<p class=\"wp-block-paragraph\">Record\u00f3 que desde que est\u00e1 al frente de la Administradora de Riesgo de los dominicano su principal objetivo ha sido cumplir con dos ordenanzas del Presidente, \u201cla primera que ning\u00fan dominicano este sin seguro m\u00e9dico y la segunda, hacer los esfuerzos extraordinarios para que nuestros afiliados accedan a los servicios de salud sin ning\u00fan tipo de barreras, por lo que este es el mejor ejemplo de cuando la vida nos cambia de manera positiva\u201d.<\/p>\n\n\n\n<p class=\"wp-block-paragraph\">Puntualiz\u00f3 que el Mart\u00ednez forma parte de los 7.5 millones de afiliados que tiene SeNaSa y \u201cel pertenece al R\u00e9gimen Subsidiado \u201cy continuaremos trabajando para dar respuesta a la poblaci\u00f3n de las distintas regiones del pa\u00eds que presentan discapacidad motora, y devolvi\u00e9ndole las esperanzas de una mejor calidad de vida a cada persona\u201d.<\/p>\n","protected":false},"excerpt":{"rendered":"<p>Santo Domingo.-Mayker de Jes\u00fas Mart\u00ednez es un adolescente de 13 a\u00f1os que forma parte de los cientos de beneficiados con alg\u00fan tipo de pr\u00f3tesis gracias a la gesti\u00f3n que se&hellip;<\/p>\n","protected":false},"author":3,"featured_media":78438,"comment_status":"open","ping_status":"open","sticky":false,"template":"","format":"standard","meta":{"content-type":"","_jetpack_newsletter_access":"","_jetpack_dont_email_post_to_subs":false,"_jetpack_newsletter_tier_id":0,"_jetpack_memberships_contains_paywalled_content":false,"_jetpack_feature_clip_id":0,"_jetpack_memberships_contains_paid_content":false,"footnotes":"","jetpack_post_was_ever_published":false},"categories":[1],"tags":[580],"class_list":["post-78437","post","type-post","status-publish","format-standard","has-post-thumbnail","hentry","category-sin-categoria","tag-senasa"],"jetpack-related-posts":[{"id":106307,"url":"https:\/\/lasprimeras.com.do\/index.php\/2025\/08\/13\/santiago-hazim-senasa-esta-mas-robustecida-transparente-y-comprometida-con-la-salud-universal\/","url_meta":{"origin":78437,"position":0},"title":"Santiago Hazim : SeNaSa est\u00e1 m\u00e1s robustecida, transparente y comprometida con la salud universal","author":"Nelson Feliz","date":"13 de agosto de 2025","format":false,"excerpt":"Con motivo de su 23\u00ba aniversario, el Seguro Nacional de Salud (SeNaSa) reafirma su rol como pilar fundamental del sistema dominicano de seguridad social, al presentar los resultados de una gesti\u00f3n que, desde agosto de 2020 hasta julio de 2025, se ha caracterizado por la humanizaci\u00f3n del servicio, la eficiencia\u2026","rel":"","context":"En \u00abSALUD\u00bb","block_context":{"text":"SALUD","link":"https:\/\/lasprimeras.com.do\/index.php\/category\/salud\/"},"img":{"alt_text":"","src":"https:\/\/i0.wp.com\/lasprimeras.com.do\/wp-content\/uploads\/2025\/08\/Santiago-Hazim.jpg?resize=350%2C200&ssl=1","width":350,"height":200,"srcset":"https:\/\/i0.wp.com\/lasprimeras.com.do\/wp-content\/uploads\/2025\/08\/Santiago-Hazim.jpg?resize=350%2C200&ssl=1 1x, https:\/\/i0.wp.com\/lasprimeras.com.do\/wp-content\/uploads\/2025\/08\/Santiago-Hazim.jpg?resize=525%2C300&ssl=1 1.5x, https:\/\/i0.wp.com\/lasprimeras.com.do\/wp-content\/uploads\/2025\/08\/Santiago-Hazim.jpg?resize=700%2C400&ssl=1 2x"},"classes":[]},{"id":102920,"url":"https:\/\/lasprimeras.com.do\/index.php\/2025\/07\/10\/senasa-con-mas-de-7-millones-de-afiliados-y-94-2-de-satisfaccion-se-consolida-como-columna-vertebral-del-sistema-de-salud-dominicano\/","url_meta":{"origin":78437,"position":1},"title":"Senasa con m\u00e1s de 7 millones de afiliados y 94.2% de satisfacci\u00f3n se consolida como columna vertebral del sistema de salud dominicano","author":"Nelson Feliz","date":"10 de julio de 2025","format":false,"excerpt":"El director ejecutivo del Seguro Nacional de Salud (Senasa), doctor Santiago Hazim, manifest\u00f3 que con m\u00e1s de siete millones de afiliados y un \u00edndice de satisfacci\u00f3n de 94.2%, esa entidad mantiene todos sus servicios a sus afiliados, por lo que se ha convertido en la columna vertebral del sistema de\u2026","rel":"","context":"En \u00abPORTADA\u00bb","block_context":{"text":"PORTADA","link":"https:\/\/lasprimeras.com.do\/index.php\/category\/portada\/"},"img":{"alt_text":"Santiago Hazim","src":"https:\/\/i0.wp.com\/lasprimeras.com.do\/wp-content\/uploads\/2025\/07\/Santiago-Hazim.jpg?resize=350%2C200&ssl=1","width":350,"height":200,"srcset":"https:\/\/i0.wp.com\/lasprimeras.com.do\/wp-content\/uploads\/2025\/07\/Santiago-Hazim.jpg?resize=350%2C200&ssl=1 1x, https:\/\/i0.wp.com\/lasprimeras.com.do\/wp-content\/uploads\/2025\/07\/Santiago-Hazim.jpg?resize=525%2C300&ssl=1 1.5x, https:\/\/i0.wp.com\/lasprimeras.com.do\/wp-content\/uploads\/2025\/07\/Santiago-Hazim.jpg?resize=700%2C400&ssl=1 2x"},"classes":[]},{"id":110001,"url":"https:\/\/lasprimeras.com.do\/index.php\/2025\/09\/24\/santiago-hazim-defiende-honradez-de-su-gestion-en-senasa\/","url_meta":{"origin":78437,"position":2},"title":"Santiago Hazim defiende honradez de su gesti\u00f3n  en Senasa","author":"Nelson Feliz","date":"24 de septiembre de 2025","format":false,"excerpt":"Hazim recuerda que fue \u00e9l quien denunci\u00f3 las irregularidades en Senasa El exdirector ejecutivo del Seguro Nacional de Salud (Senasa), doctor Santiago Hazim, defendi\u00f3 su paso por la instituci\u00f3n asegurando que actu\u00f3 siempre con honradez en el ejercicio de la funci\u00f3n p\u00fablica, y record\u00f3 que fue su gesti\u00f3n que present\u00f3\u2026","rel":"","context":"En \u00abNACIONALES\u00bb","block_context":{"text":"NACIONALES","link":"https:\/\/lasprimeras.com.do\/index.php\/category\/nacionales\/"},"img":{"alt_text":"","src":"https:\/\/i0.wp.com\/lasprimeras.com.do\/wp-content\/uploads\/2025\/09\/Santiago-Hazim.jpg?resize=350%2C200&ssl=1","width":350,"height":200,"srcset":"https:\/\/i0.wp.com\/lasprimeras.com.do\/wp-content\/uploads\/2025\/09\/Santiago-Hazim.jpg?resize=350%2C200&ssl=1 1x, https:\/\/i0.wp.com\/lasprimeras.com.do\/wp-content\/uploads\/2025\/09\/Santiago-Hazim.jpg?resize=525%2C300&ssl=1 1.5x, https:\/\/i0.wp.com\/lasprimeras.com.do\/wp-content\/uploads\/2025\/09\/Santiago-Hazim.jpg?resize=700%2C400&ssl=1 2x"},"classes":[]},{"id":101880,"url":"https:\/\/lasprimeras.com.do\/index.php\/2025\/06\/27\/jhovanny-leyba-denuncia-crisis-financiera-en-senasa-por-mala-gestion-administrativa\/","url_meta":{"origin":78437,"position":3},"title":"Jhovanny Leyba denuncia crisis financiera en SeNaSa por mala gesti\u00f3n administrativa","author":"Nelson Feliz","date":"27 de junio de 2025","format":false,"excerpt":"El miembro del Comit\u00e9 Central del Partido de la Liberaci\u00f3n Dominicana (PLD), Jhovanny Leyba, responsabiliz\u00f3 al presidente Luis Abinader por la crisis financiera que atraviesa el Servicio Nacional de Salud (SeNaSa), denunci\u00f3 la mala gesti\u00f3n del actual director, Santiago Hazim, como factores determinantes del deterioro del sistema. Leyba se\u00f1ala que\u2026","rel":"","context":"En \u00abPOLITICA\u00bb","block_context":{"text":"POLITICA","link":"https:\/\/lasprimeras.com.do\/index.php\/category\/politica\/"},"img":{"alt_text":"","src":"https:\/\/i0.wp.com\/lasprimeras.com.do\/wp-content\/uploads\/2025\/06\/Jhovanny-Leyba.jpg?resize=350%2C200&ssl=1","width":350,"height":200,"srcset":"https:\/\/i0.wp.com\/lasprimeras.com.do\/wp-content\/uploads\/2025\/06\/Jhovanny-Leyba.jpg?resize=350%2C200&ssl=1 1x, https:\/\/i0.wp.com\/lasprimeras.com.do\/wp-content\/uploads\/2025\/06\/Jhovanny-Leyba.jpg?resize=525%2C300&ssl=1 1.5x"},"classes":[]},{"id":117002,"url":"https:\/\/lasprimeras.com.do\/index.php\/2025\/12\/06\/arrestan-a-santiago-hazim-tras-mas-de-5-horas-de-interrogatorio-por-caso-senasa\/","url_meta":{"origin":78437,"position":4},"title":"Arrestan a Santiago Hazim tras m\u00e1s de 5 horas de interrogatorio por caso Senasa","author":"Nelson Feliz","date":"6 de diciembre de 2025","format":false,"excerpt":"De acuerdo a su representante legal, Miguel Valerio, su defendido fue \u201centrevistado\u201d y dejado bajo arresto y en un plazo de 48 horas, como estipula la norma, se le presentar\u00e1 medida de coerci\u00f3n. El exdirector del Seguro Nacional de Salud (Senasa), Santiago Haz\u00edm, quien estaba siendo interrogado por el caso\u2026","rel":"","context":"En \u00abJUSTICIA\u00bb","block_context":{"text":"JUSTICIA","link":"https:\/\/lasprimeras.com.do\/index.php\/category\/justicia\/"},"img":{"alt_text":"Santiago Hazim","src":"https:\/\/i0.wp.com\/lasprimeras.com.do\/wp-content\/uploads\/2025\/07\/Santiago-Hazim.jpg?resize=350%2C200&ssl=1","width":350,"height":200,"srcset":"https:\/\/i0.wp.com\/lasprimeras.com.do\/wp-content\/uploads\/2025\/07\/Santiago-Hazim.jpg?resize=350%2C200&ssl=1 1x, https:\/\/i0.wp.com\/lasprimeras.com.do\/wp-content\/uploads\/2025\/07\/Santiago-Hazim.jpg?resize=525%2C300&ssl=1 1.5x, https:\/\/i0.wp.com\/lasprimeras.com.do\/wp-content\/uploads\/2025\/07\/Santiago-Hazim.jpg?resize=700%2C400&ssl=1 2x"},"classes":[]},{"id":120858,"url":"https:\/\/lasprimeras.com.do\/index.php\/2026\/01\/28\/septimo-informe-del-observatorio-de-casos-de-corrupcion-administrativa-caso-senasa\/","url_meta":{"origin":78437,"position":5},"title":"S\u00e9ptimo informe del Observatorio de Casos de Corrupci\u00f3n Administrativa: Caso SeNaSa","author":"Nelson Feliz","date":"28 de enero de 2026","format":false,"excerpt":"Participaci\u00f3n Ciudadana presento este informe especial dedicado exclusivamente al caso SENASA al que tambi\u00e9n denominaremos como caso Santiago Hazim y compartes. El prop\u00f3sito de este informe es facilitar a la ciudadan\u00eda el conocimiento y la comprensi\u00f3n de un caso que ha afectado la salud del sector m\u00e1s vulnerable de la\u2026","rel":"","context":"En \u00abPORTADA\u00bb","block_context":{"text":"PORTADA","link":"https:\/\/lasprimeras.com.do\/index.php\/category\/portada\/"},"img":{"alt_text":"","src":"https:\/\/i0.wp.com\/lasprimeras.com.do\/wp-content\/uploads\/2026\/01\/Participacion-Ciudadana.jpg?resize=350%2C200&ssl=1","width":350,"height":200,"srcset":"https:\/\/i0.wp.com\/lasprimeras.com.do\/wp-content\/uploads\/2026\/01\/Participacion-Ciudadana.jpg?resize=350%2C200&ssl=1 1x, https:\/\/i0.wp.com\/lasprimeras.com.do\/wp-content\/uploads\/2026\/01\/Participacion-Ciudadana.jpg?resize=525%2C300&ssl=1 1.5x, https:\/\/i0.wp.com\/lasprimeras.com.do\/wp-content\/uploads\/2026\/01\/Participacion-Ciudadana.jpg?resize=700%2C400&ssl=1 2x"},"classes":[]}],"jetpack_sharing_enabled":true,"jetpack_featured_media_url":"https:\/\/lasprimeras.com.do\/wp-content\/uploads\/2024\/03\/IMG-20240312-WA0012.jpg","_links":{"self":[{"href":"https:\/\/lasprimeras.com.do\/index.php\/wp-json\/wp\/v2\/posts\/78437","targetHints":{"allow":["GET"]}}],"collection":[{"href":"https:\/\/lasprimeras.com.do\/index.php\/wp-json\/wp\/v2\/posts"}],"about":[{"href":"https:\/\/lasprimeras.com.do\/index.php\/wp-json\/wp\/v2\/types\/post"}],"author":[{"embeddable":true,"href":"https:\/\/lasprimeras.com.do\/index.php\/wp-json\/wp\/v2\/users\/3"}],"replies":[{"embeddable":true,"href":"https:\/\/lasprimeras.com.do\/index.php\/wp-json\/wp\/v2\/comments?post=78437"}],"version-history":[{"count":1,"href":"https:\/\/lasprimeras.com.do\/index.php\/wp-json\/wp\/v2\/posts\/78437\/revisions"}],"predecessor-version":[{"id":78439,"href":"https:\/\/lasprimeras.com.do\/index.php\/wp-json\/wp\/v2\/posts\/78437\/revisions\/78439"}],"wp:featuredmedia":[{"embeddable":true,"href":"https:\/\/lasprimeras.com.do\/index.php\/wp-json\/wp\/v2\/media\/78438"}],"wp:attachment":[{"href":"https:\/\/lasprimeras.com.do\/index.php\/wp-json\/wp\/v2\/media?parent=78437"}],"wp:term":[{"taxonomy":"category","embeddable":true,"href":"https:\/\/lasprimeras.com.do\/index.php\/wp-json\/wp\/v2\/categories?post=78437"},{"taxonomy":"post_tag","embeddable":true,"href":"https:\/\/lasprimeras.com.do\/index.php\/wp-json\/wp\/v2\/tags?post=78437"}],"curies":[{"name":"wp","href":"https:\/\/api.w.org\/{rel}","templated":true}]}}