{"id":78517,"date":"2024-03-17T13:54:39","date_gmt":"2024-03-17T17:54:39","guid":{"rendered":"https:\/\/lasprimeras.com.do\/?p=78517"},"modified":"2024-03-17T13:57:56","modified_gmt":"2024-03-17T17:57:56","slug":"presidente-abinader-inaugura-tramo-i-del-teleferico-de-santiago","status":"publish","type":"post","link":"https:\/\/lasprimeras.com.do\/index.php\/2024\/03\/17\/presidente-abinader-inaugura-tramo-i-del-teleferico-de-santiago\/","title":{"rendered":"Presidente Abinader inaugura tramo I del Telef\u00e9rico de Santiago"},"content":{"rendered":"\n<p><strong>El proyecto, con una inversi\u00f3n millonaria, transformar\u00e1 la vida de alrededor de 74 mil habitantes de sectores clave en la Ciudad Coraz\u00f3n, iniciando operaciones gratuitas y con horarios especiales.<\/strong><\/p>\n\n\n\n<p>Por Roberto P\u00e9rez<\/p>\n\n\n\n<p>El presidente Luis Abinader dej\u00f3 inaugurado el primer tramo del Telef\u00e9rico de Santiago, obra construida con una inversi\u00f3n de RD$6,544 millones de pesos e impactar\u00e1 alrededor de 74 mil habitantes de nueve sectores m\u00e1s de la ciudad.<\/p>\n\n\n\n<p>El Telef\u00e9rico de Santiago forma parte del Sistema Integrado de Transporte de Santiago (SIT-Stgo) iniciativa que tiene como objetivo la integraci\u00f3n f\u00edsica, tecnol\u00f3gica y tarifaria de diferentes medios de transportes p\u00fablico con el objetivo de contribuir a mejorar la calidad de vida de los habitantes de la ciudad.<\/p>\n\n\n\n<p>Durante el acto inaugural, el mandatario record\u00f3 que el 29 de septiembre del 2021 estuvo en el mismo lugar dando el primer palazo para el inicio de la construcci\u00f3n de la gran obra que entrega a todos los santiagueros.<\/p>\n\n\n\n<p>El Sistema Integrado de Transporte de Santiago es una alternativa que permitir\u00e1 ir dando soluci\u00f3n a uno de los mayores problemas sociales del pa\u00eds, que es el transporte terrestre.<\/p>\n\n\n\n<p>&#8220;Estamos realizando la mayor transformaci\u00f3n en la movilidad de nuestro pa\u00eds. En estos casi cuatro a\u00f1os, y bajo circunstancias econ\u00f3micas adversas, hemos actuado en las grandes ciudades de manera integral, reforzando sistemas, mejorando lo existente y creando nuevos sistemas como este telef\u00e9rico de Santiago&#8221;, afirm\u00f3 el jefe de Estado.<\/p>\n\n\n\n<p>El gobernante, estuvo acompa\u00f1ado de la vicepresidenta Raquel Pe\u00f1a y de la primera dama, Raquel Arbaje, expres\u00f3 que desde su gesti\u00f3n est\u00e1 implementando un verdadero sistema integrado de transporte en las dos grandes metr\u00f3polis del pa\u00eds.<\/p>\n\n\n\n<p>El mandatario anunci\u00f3 que el sistema estar\u00e1 operando de manera gratuita y con horarios especiales, con el objetivo de que los habitantes de Santiago puedan hacer uso y vayan conociendo y adoptando este moderno sistema de transporte e incorporarlo en su rutina diaria como una opci\u00f3n de movilidad segura, r\u00e1pida, confortable y mucho m\u00e1s econ\u00f3mica.<\/p>\n\n\n\n<figure class=\"wp-block-image size-full is-resized\"><img decoding=\"async\" width=\"700\" height=\"466\" src=\"https:\/\/lasprimeras.com.do\/wp-content\/uploads\/2024\/03\/Teleferico-de-Santiago.jpg\" alt=\"\" class=\"wp-image-78520\" style=\"width:840px;height:auto\" srcset=\"https:\/\/lasprimeras.com.do\/wp-content\/uploads\/2024\/03\/Teleferico-de-Santiago.jpg 700w, https:\/\/lasprimeras.com.do\/wp-content\/uploads\/2024\/03\/Teleferico-de-Santiago-300x200.jpg 300w\" sizes=\"(max-width: 700px) 100vw, 700px\" \/><\/figure>\n\n\n\n<p><strong>Sobre el telef\u00e9rico de Santiago<\/strong><\/p>\n\n\n\n<p>El Telef\u00e9rico de Santiago es un sistema de transporte por cable, compuesto por 129 de cabinas con pinzas desembragables, con capacidad de transportar 4,000 pasajeros por hora y tendr\u00e1 un capacidad de transporte diaria de 64 mil personas.<\/p>\n\n\n\n<p>Este primer tramo del sistema comprende 4 kil\u00f3metros que van desde el sector La Yag\u00fcita del Pastor hasta la Terminal Central Las Carreras en Pueblo Nuevo, con 4 estaciones:<\/p>\n\n\n\n<p>E1: Estaci\u00f3n Central<\/p>\n\n\n\n<p>E2: Estaci\u00f3n Emiliano Tardif<\/p>\n\n\n\n<p>E3: Estaci\u00f3n Ren\u00e9 Klang de Guzm\u00e1n<\/p>\n\n\n\n<p>&nbsp;E4: Estaci\u00f3n Yolanda Santana.&nbsp;<\/p>\n\n\n\n<p>Su recorrido completo se realiza en 10 minutos.<\/p>\n\n\n\n<p><strong>Horario especial de servicios del Telef\u00e9rico de Santiago en su fase introductoria: <\/strong>En esta primera fase el Telef\u00e9rico de Santiago estar\u00e1 ofreciendo servicio en horarios especiales para facilitar que los ciudadanos de la ciudad vayan adoptando el uso del sistema.<\/p>\n\n\n\n<p><strong>Estos horarios son:<\/strong><\/p>\n\n\n\n<p>\u2022&nbsp;&nbsp;&nbsp;&nbsp;&nbsp;&nbsp;&nbsp; Del 18 al 31 de marzo<\/p>\n\n\n\n<p>\u2022&nbsp;&nbsp;&nbsp;&nbsp;&nbsp;&nbsp;&nbsp; De lunes a viernes de 8 a 10 de la ma\u00f1ana.<\/p>\n\n\n\n<p>\u2022&nbsp;&nbsp;&nbsp;&nbsp;&nbsp;&nbsp;&nbsp; S\u00e1bados, domingos y d\u00edas feriados de 4 a 6:00 p.m.<\/p>\n\n\n\n<p>\u2022&nbsp;&nbsp;&nbsp;&nbsp;&nbsp;&nbsp;&nbsp; Del 1ero. al 30 de abril:<\/p>\n\n\n\n<p>\u2022&nbsp;&nbsp;&nbsp;&nbsp;&nbsp;&nbsp;&nbsp; De lunes a s\u00e1bado de 6:00 a 9:00 am y de 4:00 a 8:00 pm.<\/p>\n\n\n\n<p>\u2022&nbsp;&nbsp;&nbsp;&nbsp;&nbsp;&nbsp;&nbsp; Los domingos y d\u00edas feriados de 12 m.&nbsp; a 8:00 pm.<\/p>\n\n\n\n<p>\u2022&nbsp;&nbsp;&nbsp;&nbsp;&nbsp;&nbsp;&nbsp; A partir del 1ro de mayo el horario ser\u00e1:<\/p>\n\n\n\n<p>\u2022&nbsp;&nbsp;&nbsp;&nbsp;&nbsp;&nbsp;&nbsp; De lunes a viernes de 6:00am a 10:30 pm<\/p>\n\n\n\n<p>\u2022&nbsp;&nbsp;&nbsp;&nbsp;&nbsp;&nbsp;&nbsp; S\u00e1bados de 6:00am a 9:00pm<\/p>\n\n\n\n<p>\u2022&nbsp;&nbsp;&nbsp;&nbsp;&nbsp;&nbsp;&nbsp; Domingos y d\u00edas feriados de 8:00am a 9:00pm<\/p>\n\n\n\n<p>Asistieron al acto de inauguraci\u00f3n, el ex presidente de la Rep\u00fablica, Hip\u00f3lito Mej\u00eda; el Senador por la Provincia de Santiago, Eduardo Estrella; los ministros, Administrativo de la Presidencia, Igor Rodr\u00edguez; de Obras P\u00fablicas, Deligne Ascensi\u00f3n; de Salud, V\u00edctor Atallah y la embajadora dominicana en los Estados Unidos, Sonia Guzm\u00e1n.<\/p>\n\n\n\n<p>Tambi\u00e9n, la Gobernadora provincial de Santiago, Rosa Santos; los alcaldes, del Distrito Nacional, Carolina Mej\u00eda y de la Vega, Kelvin Cruz; el director de Proindustria y alcalde electo por el municipio de Santiago de los Caballeros, Ulises Rodr\u00edguez; los directores, de la DIGEIG, Milagros Ortiz Bosch; de la Unidad para la Readecuaci\u00f3n de Barrios y Entorno (URBE), Jos\u00e9 Miguel Gonz\u00e1lez Cuadra; del OPRET, Rafael Santos; de Bienes Nacionales, Rafael Burgos y del INESPRE, Iv\u00e1n Hern\u00e1ndez.<\/p>\n","protected":false},"excerpt":{"rendered":"<p>El proyecto, con una inversi\u00f3n millonaria, transformar\u00e1 la vida de alrededor de 74 mil habitantes de sectores clave en la Ciudad Coraz\u00f3n, iniciando operaciones gratuitas y con horarios especiales. Por&hellip;<\/p>\n","protected":false},"author":2,"featured_media":78518,"comment_status":"open","ping_status":"open","sticky":false,"template":"","format":"standard","meta":{"content-type":"","jetpack_post_was_ever_published":false,"_jetpack_newsletter_access":"","_jetpack_dont_email_post_to_subs":false,"_jetpack_newsletter_tier_id":0,"_jetpack_memberships_contains_paywalled_content":false,"_jetpack_memberships_contains_paid_content":false,"footnotes":""},"categories":[39,25],"tags":[67,1049,4828,12112],"class_list":["post-78517","post","type-post","status-publish","format-standard","has-post-thumbnail","hentry","category-economia","category-portada","tag-luis-abinader","tag-santiago","tag-teleferico","tag-tramo-i"],"jetpack_featured_media_url":"https:\/\/lasprimeras.com.do\/wp-content\/uploads\/2024\/03\/Luis-Abinader-T-1.jpg","jetpack-related-posts":[{"id":79418,"url":"https:\/\/lasprimeras.com.do\/index.php\/2024\/03\/27\/el-teleferico-de-santiago-supera-los-10-mil-usuarios\/","url_meta":{"origin":78517,"position":0},"title":"El Telef\u00e9rico de Santiago supera los 10 mil usuarios","author":"BIMARY DE JES\u00daS Matos","date":"27 de marzo de 2024","format":false,"excerpt":"Santiago.-En apenas 14 d\u00edas y en dos horas diarias en su marcha en blanco o de familiarizaci\u00f3n, el Telef\u00e9rico de Santiago ha movilizado m\u00e1s diez mil personas que van a conocer el sistema de movilidad por cable. Largas filas de usuarios de diversos sectores de la Ciudad Coraz\u00f3n se han\u2026","rel":"","context":"En \u00abPORTADA\u00bb","block_context":{"text":"PORTADA","link":"https:\/\/lasprimeras.com.do\/index.php\/category\/portada\/"},"img":{"alt_text":"","src":"https:\/\/i0.wp.com\/lasprimeras.com.do\/wp-content\/uploads\/2024\/03\/1-millon-de-jovenes-votaran-en-las-elecciones-municipales-2-6.webp?resize=350%2C200&ssl=1","width":350,"height":200},"classes":[]},{"id":77947,"url":"https:\/\/lasprimeras.com.do\/index.php\/2024\/02\/27\/teleferico-de-santiago-sera-inaugurado-el-17-de-marzo\/","url_meta":{"origin":78517,"position":1},"title":"Telef\u00e9rico de Santiago ser\u00e1 inaugurado el 17 de marzo","author":"BIMARY DE JES\u00daS Matos","date":"27 de febrero de 2024","format":false,"excerpt":"Santo Domingo.- Durante el discurso de rendici\u00f3n de cuentas, el presidente Luis Abinader adelant\u00f3 que el telef\u00e9rico de Santiago ser\u00e1 inaugurado el pr\u00f3ximo 17 de marzo. \u201cEste Gobierno tambi\u00e9n ha hecho un enorme esfuerzo en la ampliaci\u00f3n de nuestra red de transporte masivo, con obras tan importantes como el Telef\u00e9rico\u2026","rel":"","context":"En \u00abNACIONALES\u00bb","block_context":{"text":"NACIONALES","link":"https:\/\/lasprimeras.com.do\/index.php\/category\/nacionales\/"},"img":{"alt_text":"","src":"https:\/\/i0.wp.com\/lasprimeras.com.do\/wp-content\/uploads\/2024\/02\/teleferico-26056f1e-scaled.jpg?resize=350%2C200&ssl=1","width":350,"height":200,"srcset":"https:\/\/i0.wp.com\/lasprimeras.com.do\/wp-content\/uploads\/2024\/02\/teleferico-26056f1e-scaled.jpg?resize=350%2C200&ssl=1 1x, https:\/\/i0.wp.com\/lasprimeras.com.do\/wp-content\/uploads\/2024\/02\/teleferico-26056f1e-scaled.jpg?resize=525%2C300&ssl=1 1.5x, https:\/\/i0.wp.com\/lasprimeras.com.do\/wp-content\/uploads\/2024\/02\/teleferico-26056f1e-scaled.jpg?resize=700%2C400&ssl=1 2x, https:\/\/i0.wp.com\/lasprimeras.com.do\/wp-content\/uploads\/2024\/02\/teleferico-26056f1e-scaled.jpg?resize=1050%2C600&ssl=1 3x, https:\/\/i0.wp.com\/lasprimeras.com.do\/wp-content\/uploads\/2024\/02\/teleferico-26056f1e-scaled.jpg?resize=1400%2C800&ssl=1 4x"},"classes":[]},{"id":81578,"url":"https:\/\/lasprimeras.com.do\/index.php\/2024\/04\/22\/abinader-presenta-ejecuciones-en-educacion-transporte-vivienda-salud-e-infraestructura-en-santiago\/","url_meta":{"origin":78517,"position":2},"title":"Abinader presenta ejecuciones en educaci\u00f3n, transporte, vivienda, salud e infraestructura en Santiago","author":"Nelson Feliz","date":"22 de abril de 2024","format":false,"excerpt":"Tambi\u00e9n han sido impactados los sectores agua, electricidad, deportes y empleos. El presidente Luis Abinader present\u00f3 este lunes, desde Santiago, un informe sobre los avances que se registran en esta Ciudad Coraz\u00f3n desde 2020 a la fecha, abarcando las \u00e1reas de educaci\u00f3n, transporte, salud, infraestructura, electricidad, agua, entre otros. El\u2026","rel":"","context":"En \u00abECONOM\u00cdA\u00bb","block_context":{"text":"ECONOM\u00cdA","link":"https:\/\/lasprimeras.com.do\/index.php\/category\/economia\/"},"img":{"alt_text":"Luis Abinader","src":"https:\/\/i0.wp.com\/lasprimeras.com.do\/wp-content\/uploads\/2024\/04\/Luis-Abinader-S-1.jpg?resize=350%2C200&ssl=1","width":350,"height":200,"srcset":"https:\/\/i0.wp.com\/lasprimeras.com.do\/wp-content\/uploads\/2024\/04\/Luis-Abinader-S-1.jpg?resize=350%2C200&ssl=1 1x, https:\/\/i0.wp.com\/lasprimeras.com.do\/wp-content\/uploads\/2024\/04\/Luis-Abinader-S-1.jpg?resize=525%2C300&ssl=1 1.5x"},"classes":[]},{"id":78281,"url":"https:\/\/lasprimeras.com.do\/index.php\/2024\/03\/01\/fitram-fija-fecha-del-teleferico-de-santiago\/","url_meta":{"origin":78517,"position":3},"title":"Fitram fija fecha del telef\u00e9rico de Santiago","author":"BIMARY DE JES\u00daS Matos","date":"1 de marzo de 2024","format":false,"excerpt":"Santiago. El presidente Luis Abinader dejar\u00e1 en funcionamiento el pr\u00f3ximo 17 de marzo el telef\u00e9rico de Santiago, proceso que incluye la sensibilizaci\u00f3n ciudadana. De acuerdo a las informaciones ofrecidas por los directivos del Sistema de Transporte Masivo de la Rep\u00fablica Dominicana (Fitram), la actividad de inauguraci\u00f3n del sistema de transporte\u2026","rel":"","context":"En \u00abPORTADA\u00bb","block_context":{"text":"PORTADA","link":"https:\/\/lasprimeras.com.do\/index.php\/category\/portada\/"},"img":{"alt_text":"","src":"https:\/\/i0.wp.com\/lasprimeras.com.do\/wp-content\/uploads\/2024\/03\/65e12c620b645_5-trabajo-del-teldeferico-28-2-2024-2-copy-768x461-1.jpg?resize=350%2C200&ssl=1","width":350,"height":200,"srcset":"https:\/\/i0.wp.com\/lasprimeras.com.do\/wp-content\/uploads\/2024\/03\/65e12c620b645_5-trabajo-del-teldeferico-28-2-2024-2-copy-768x461-1.jpg?resize=350%2C200&ssl=1 1x, https:\/\/i0.wp.com\/lasprimeras.com.do\/wp-content\/uploads\/2024\/03\/65e12c620b645_5-trabajo-del-teldeferico-28-2-2024-2-copy-768x461-1.jpg?resize=525%2C300&ssl=1 1.5x, https:\/\/i0.wp.com\/lasprimeras.com.do\/wp-content\/uploads\/2024\/03\/65e12c620b645_5-trabajo-del-teldeferico-28-2-2024-2-copy-768x461-1.jpg?resize=700%2C400&ssl=1 2x"},"classes":[]},{"id":101965,"url":"https:\/\/lasprimeras.com.do\/index.php\/2025\/06\/29\/abinader-enumera-obras-que-ha-estado-construyendo-su-gobierno-en-santiago\/","url_meta":{"origin":78517,"position":4},"title":"Abinader enumera obras que ha estado construyendo su gobierno en Santiago","author":"Nelson Feliz","date":"29 de junio de 2025","format":false,"excerpt":"Dice choferes ser\u00e1n incluidos en plan de transporte y asegura tendr\u00e1n m\u00e1s beneficios Inaugura obras de agua potable, recorre centro hist\u00f3rico y asiste a inauguraci\u00f3n nueva f\u00e1brica tabacalera El presidente Luis Abinader enumer\u00f3 este domingo las obras transformadoras que est\u00e1 llevando a cabo su Gobierno en la ciudad de Santiago,\u2026","rel":"","context":"En \u00abECONOM\u00cdA\u00bb","block_context":{"text":"ECONOM\u00cdA","link":"https:\/\/lasprimeras.com.do\/index.php\/category\/economia\/"},"img":{"alt_text":"","src":"https:\/\/i0.wp.com\/lasprimeras.com.do\/wp-content\/uploads\/2025\/06\/Luis-Abinader-y.jpg?resize=350%2C200&ssl=1","width":350,"height":200,"srcset":"https:\/\/i0.wp.com\/lasprimeras.com.do\/wp-content\/uploads\/2025\/06\/Luis-Abinader-y.jpg?resize=350%2C200&ssl=1 1x, https:\/\/i0.wp.com\/lasprimeras.com.do\/wp-content\/uploads\/2025\/06\/Luis-Abinader-y.jpg?resize=525%2C300&ssl=1 1.5x, https:\/\/i0.wp.com\/lasprimeras.com.do\/wp-content\/uploads\/2025\/06\/Luis-Abinader-y.jpg?resize=700%2C400&ssl=1 2x"},"classes":[]},{"id":49816,"url":"https:\/\/lasprimeras.com.do\/index.php\/2023\/05\/14\/joel-santosel-gobierno-lleva-movilidad-urbana-y-entrega-teleferico-a-los-alcarrizos\/","url_meta":{"origin":78517,"position":5},"title":"Joel Santos:&#8221;El gobierno lleva movilidad urbana y entrega Telef\u00e9rico a Los Alcarrizos&#8221;","author":"prenxa100","date":"14 de mayo de 2023","format":false,"excerpt":"Destac\u00f3 avances de la construcci\u00f3n de diversas obras en la Ciudad de Santiago. Santo Domingo.- El ministro de la Presidencia, Joel Santos Echavarr\u00eda, destac\u00f3 los esfuerzos que realiza la actual gesti\u00f3n de Gobierno que encabeza el presidente Luis Abinader, de llevar soluciones a la movilidad urbana en el Gran Santo\u2026","rel":"","context":"En \u00abECONOM\u00cdA\u00bb","block_context":{"text":"ECONOM\u00cdA","link":"https:\/\/lasprimeras.com.do\/index.php\/category\/economia\/"},"img":{"alt_text":"","src":"","width":0,"height":0},"classes":[]}],"jetpack_sharing_enabled":true,"_links":{"self":[{"href":"https:\/\/lasprimeras.com.do\/index.php\/wp-json\/wp\/v2\/posts\/78517","targetHints":{"allow":["GET"]}}],"collection":[{"href":"https:\/\/lasprimeras.com.do\/index.php\/wp-json\/wp\/v2\/posts"}],"about":[{"href":"https:\/\/lasprimeras.com.do\/index.php\/wp-json\/wp\/v2\/types\/post"}],"author":[{"embeddable":true,"href":"https:\/\/lasprimeras.com.do\/index.php\/wp-json\/wp\/v2\/users\/2"}],"replies":[{"embeddable":true,"href":"https:\/\/lasprimeras.com.do\/index.php\/wp-json\/wp\/v2\/comments?post=78517"}],"version-history":[{"count":2,"href":"https:\/\/lasprimeras.com.do\/index.php\/wp-json\/wp\/v2\/posts\/78517\/revisions"}],"predecessor-version":[{"id":78521,"href":"https:\/\/lasprimeras.com.do\/index.php\/wp-json\/wp\/v2\/posts\/78517\/revisions\/78521"}],"wp:featuredmedia":[{"embeddable":true,"href":"https:\/\/lasprimeras.com.do\/index.php\/wp-json\/wp\/v2\/media\/78518"}],"wp:attachment":[{"href":"https:\/\/lasprimeras.com.do\/index.php\/wp-json\/wp\/v2\/media?parent=78517"}],"wp:term":[{"taxonomy":"category","embeddable":true,"href":"https:\/\/lasprimeras.com.do\/index.php\/wp-json\/wp\/v2\/categories?post=78517"},{"taxonomy":"post_tag","embeddable":true,"href":"https:\/\/lasprimeras.com.do\/index.php\/wp-json\/wp\/v2\/tags?post=78517"}],"curies":[{"name":"wp","href":"https:\/\/api.w.org\/{rel}","templated":true}]}}