{"id":78527,"date":"2024-03-17T14:43:40","date_gmt":"2024-03-17T18:43:40","guid":{"rendered":"https:\/\/lasprimeras.com.do\/?p=78527"},"modified":"2024-03-17T14:43:42","modified_gmt":"2024-03-17T18:43:42","slug":"celine-dion-reaparece-en-redes-sociales-con-una-apariencia-renovada","status":"publish","type":"post","link":"https:\/\/lasprimeras.com.do\/index.php\/2024\/03\/17\/celine-dion-reaparece-en-redes-sociales-con-una-apariencia-renovada\/","title":{"rendered":"Celine Dion reaparece en redes sociales con una apariencia renovada"},"content":{"rendered":"\n<p><strong>Celine Dion fue diagnosticada con el s\u00edndrome de la persona r\u00edgida desde finales del a\u00f1o 2022.<\/strong><\/p>\n\n\n\n<p>Por Miguel \u00c1ngel Escudero<\/p>\n\n\n\n<p>Celine Dion ha vuelto a alimentar las esperanzas de sus seguidores y fan\u00e1ticos con su m\u00e1s reciente aparici\u00f3n. Y es que luego de que en semanas anteriores la canadiense reapareciera de manera p\u00fablica en la entrega de los Grammy 2024, Dion volvi\u00f3 a confirmar su buen estado de salud tras ser diagnosticada con el s\u00edndrome de la persona r\u00edgida desde finales del a\u00f1o 2022.<\/p>\n\n\n\n<p>Fue a trav\u00e9s de sus redes sociales que la int\u00e9rprete de \u201cI Drove All Night\u201d public\u00f3 una fotograf\u00eda junto a sus hijos en el marco del D\u00eda de Concientizaci\u00f3n del S\u00edndrome de la Persona R\u00edgida.<\/p>\n\n\n\n<p>En dicha fotograf\u00eda, la cantante se encuentra posando junto a sus hijos, fruto de su matrimonio con el fallecido Ren\u00e9 Angelil: Ren\u00e9-Charles Angelil, de 23 a\u00f1os y los gemelos Eddy y Nelson de 13 a\u00f1os.<\/p>\n\n\n\n<p>Sin embargo, lo verdaderamente llamativo de la fotograf\u00eda, de acuerdo con un gran n\u00famero de seguidores y cantantes de la canadiense, fue la evidente mejora en su apariencia tras su aparici\u00f3n en los Grammy en febrero pasado.<\/p>\n\n\n\n<p><strong>Celine Dion promete volver al escenario<\/strong><\/p>\n\n\n\n<p>En la misma publicaci\u00f3n, en donde se ve a Dion posar junto a sus hijos en lo que parece ser un stand de un podio de premiaci\u00f3n, la cantante describi\u00f3 parte de su experiencia con esta enfermedad y sus deseos por regresar a la m\u00fasica.<\/p>\n\n\n\n<p><strong>&#8220;Tratar de superar este trastorno autoinmune ha sido una de las experiencias m\u00e1s dif\u00edciles de mi vida, pero sigo decidida a alg\u00fan d\u00eda volver al escenario y vivir una vida lo m\u00e1s normal posible. \u00a1Estoy profundamente agradecido por el amor y apoyo de mis hijos, mi familia, mi equipo y todos ustedes!<\/strong><\/p>\n\n\n\n<p>Celine Dion<br>Cantante<\/p>\n\n\n\n<p>Al final de su mensaje, la cantante tambi\u00e9n se dio el tiempo de enviar su aliento y apoyo a todas las personas que sufren del mismo trastorno: \u201cQuiero enviar mi aliento y apoyo a todos aquellos en todo el mundo que se han visto afectados por las MSF. \u00a1Quiero que sepas que puedes hacerlo! \u00a1Podemos hacerlo!<\/p>\n\n\n\n<p>Cabe mencionar que previo a su aparici\u00f3n en los Grammy y en sus redes sociales, la hermana de la artista, Claudette, revel\u00f3, en diciembre pasado, que su hermana hab\u00eda perdido la movilidad y control de sus m\u00fasculos.<\/p>\n\n\n\n<p>A pesar del sombr\u00edo diagn\u00f3stico, Claudette tambi\u00e9n se\u00f1al\u00f3 que su hermana se encontraba \u201cpeleando\u201d con esta enfermedad, la cual se caracteriza por la acci\u00f3n del sistema inmune de atacar al propio sistema nervioso central (cerebro y la m\u00e9dula espinal).<\/p>\n\n\n\n<p>Sin embargo, y luego de las recientes apariciones de la cantante, todo parece indicar que la canadiense ha avanzado de manera sorprendente en el tratamiento de su enfermedad, por lo que no ser\u00eda una sorpresa verla regresar a la escena musical en poco tiempo.<\/p>\n","protected":false},"excerpt":{"rendered":"<p>Celine Dion fue diagnosticada con el s\u00edndrome de la persona r\u00edgida desde finales del a\u00f1o 2022. Por Miguel \u00c1ngel Escudero Celine Dion ha vuelto a alimentar las esperanzas de sus&hellip;<\/p>\n","protected":false},"author":2,"featured_media":78528,"comment_status":"open","ping_status":"open","sticky":false,"template":"","format":"standard","meta":{"content-type":"","jetpack_post_was_ever_published":false,"_jetpack_newsletter_access":"","_jetpack_dont_email_post_to_subs":false,"_jetpack_newsletter_tier_id":0,"_jetpack_memberships_contains_paywalled_content":false,"_jetpack_memberships_contains_paid_content":false,"footnotes":""},"categories":[84],"tags":[12116,12115,12114,1934,12117],"class_list":["post-78527","post","type-post","status-publish","format-standard","has-post-thumbnail","hentry","category-entretenimiento","tag-apariencia","tag-celine-dion","tag-reaparece","tag-redes-sociales","tag-renovada"],"jetpack_featured_media_url":"https:\/\/lasprimeras.com.do\/wp-content\/uploads\/2024\/03\/Celine-Dion.jpg","jetpack-related-posts":[{"id":86505,"url":"https:\/\/lasprimeras.com.do\/index.php\/2024\/07\/26\/celine-dion-conmueve-a-los-juegos-olimpicos-de-paris-con-una-serenata-en-la-torre-eiffel\/","url_meta":{"origin":78527,"position":0},"title":"Celine Dion conmueve a los Juegos Ol\u00edmpicos de Par\u00eds con una serenata en la Torre Eiffel","author":"Nelson Feliz","date":"26 de julio de 2024","format":false,"excerpt":"BY MALLIKA SEN PAR\u00cdS (AP) \u2014 Celine Dion tuvo un regreso triunfal el viernes con una actuaci\u00f3n muy p\u00fablica: el gran final de la ceremonia de apertura de los Juegos Ol\u00edmpicos de Par\u00eds desde la Torre Eiffel. Casi dos a\u00f1os despu\u00e9s de revelar su diagn\u00f3stico de s\u00edndrome de la persona\u2026","rel":"","context":"En \u00abENTRETENIMIENTO\u00bb","block_context":{"text":"ENTRETENIMIENTO","link":"https:\/\/lasprimeras.com.do\/index.php\/category\/entretenimiento\/"},"img":{"alt_text":"Celine Dion","src":"https:\/\/i0.wp.com\/lasprimeras.com.do\/wp-content\/uploads\/2024\/07\/Celine-Dion.png?resize=350%2C200&ssl=1","width":350,"height":200,"srcset":"https:\/\/i0.wp.com\/lasprimeras.com.do\/wp-content\/uploads\/2024\/07\/Celine-Dion.png?resize=350%2C200&ssl=1 1x, https:\/\/i0.wp.com\/lasprimeras.com.do\/wp-content\/uploads\/2024\/07\/Celine-Dion.png?resize=525%2C300&ssl=1 1.5x, https:\/\/i0.wp.com\/lasprimeras.com.do\/wp-content\/uploads\/2024\/07\/Celine-Dion.png?resize=700%2C400&ssl=1 2x"},"classes":[]},{"id":86496,"url":"https:\/\/lasprimeras.com.do\/index.php\/2024\/07\/26\/paris-inaugura-sus-juegos-olimpicos-con-fastuosa-ceremonia-en-el-rio-sena\/","url_meta":{"origin":78527,"position":1},"title":"Par\u00eds inaugura sus Juegos Ol\u00edmpicos con fastuosa ceremonia en el r\u00edo Sena","author":"Nelson Feliz","date":"26 de julio de 2024","format":false,"excerpt":"BY D\u00c9BORA REY PAR\u00cdS (AP) \u2014 Presumiendo de su reputaci\u00f3n revolucionaria, Par\u00eds puso en marcha el viernes sus Juegos Ol\u00edmpicos con una fastuosa e in\u00e9dita ceremonia bajo la lluvia, con el r\u00edo Sena como escenario principal, musicalizada por Lady Gaga y Celine Dion, entre otras estrellas, y un desfile de\u2026","rel":"","context":"En \u00abSin categor\u00eda\u00bb","block_context":{"text":"Sin categor\u00eda","link":"https:\/\/lasprimeras.com.do\/index.php\/category\/sin-categoria\/"},"img":{"alt_text":"Juegos Ol\u00edmpicos","src":"https:\/\/i0.wp.com\/lasprimeras.com.do\/wp-content\/uploads\/2024\/07\/Juegos-Olimpicos-2.png?resize=350%2C200&ssl=1","width":350,"height":200,"srcset":"https:\/\/i0.wp.com\/lasprimeras.com.do\/wp-content\/uploads\/2024\/07\/Juegos-Olimpicos-2.png?resize=350%2C200&ssl=1 1x, https:\/\/i0.wp.com\/lasprimeras.com.do\/wp-content\/uploads\/2024\/07\/Juegos-Olimpicos-2.png?resize=525%2C300&ssl=1 1.5x, https:\/\/i0.wp.com\/lasprimeras.com.do\/wp-content\/uploads\/2024\/07\/Juegos-Olimpicos-2.png?resize=700%2C400&ssl=1 2x"},"classes":[]},{"id":87346,"url":"https:\/\/lasprimeras.com.do\/index.php\/2024\/08\/11\/un-hombre-provoca-evacuacion-de-la-torre-eiffel-horas-antes-de-la-ceremonia-de-clausura\/","url_meta":{"origin":78527,"position":2},"title":"Un hombre provoca evacuaci\u00f3n de la Torre Eiffel horas antes de la ceremonia de clausura","author":"Nelson Feliz","date":"11 de agosto de 2024","format":false,"excerpt":"PAR\u00cdS (AP) \u2014 Las autoridades francesas evacuaron la Torre Eiffel este domingo, despu\u00e9s de que un individuo fuera visto escalando el ic\u00f3nico monumento de Par\u00eds, horas antes de la ceremonia de clausura de los Juegos Ol\u00edmpicos. El hombre sin camisa fue visto escalando la torre de 330 metros (1.083 pies)\u2026","rel":"","context":"En \u00abSin categor\u00eda\u00bb","block_context":{"text":"Sin categor\u00eda","link":"https:\/\/lasprimeras.com.do\/index.php\/category\/sin-categoria\/"},"img":{"alt_text":"Torre Eiffel","src":"https:\/\/i0.wp.com\/lasprimeras.com.do\/wp-content\/uploads\/2024\/08\/Torre-Eiffel.jpg?resize=350%2C200&ssl=1","width":350,"height":200,"srcset":"https:\/\/i0.wp.com\/lasprimeras.com.do\/wp-content\/uploads\/2024\/08\/Torre-Eiffel.jpg?resize=350%2C200&ssl=1 1x, https:\/\/i0.wp.com\/lasprimeras.com.do\/wp-content\/uploads\/2024\/08\/Torre-Eiffel.jpg?resize=525%2C300&ssl=1 1.5x, https:\/\/i0.wp.com\/lasprimeras.com.do\/wp-content\/uploads\/2024\/08\/Torre-Eiffel.jpg?resize=700%2C400&ssl=1 2x"},"classes":[]},{"id":90490,"url":"https:\/\/lasprimeras.com.do\/index.php\/2024\/10\/22\/mario-vargas-llosa-reaparece-en-lima-para-ver-la-adaptacion-teatral-de-una-de-sus-novelas\/","url_meta":{"origin":78527,"position":3},"title":"Mario Vargas Llosa reaparece en Lima para ver la adaptaci\u00f3n teatral de una de sus novelas","author":"Nelson Feliz","date":"22 de octubre de 2024","format":false,"excerpt":"Lima, (EFE).- El escritor peruano Mario Vargas Llosa reapareci\u00f3 el pasado domingo en Lima para asistir al teatro y ver junto a su familia una adaptaci\u00f3n de su obra '\u00bfQui\u00e9n Mat\u00f3 a Palomino Molero?', tras no viajar a Espa\u00f1a la semana pasada por problemas de salud. La compa\u00f1\u00eda teatral Producciones\u2026","rel":"","context":"En \u00abENTRETENIMIENTO\u00bb","block_context":{"text":"ENTRETENIMIENTO","link":"https:\/\/lasprimeras.com.do\/index.php\/category\/entretenimiento\/"},"img":{"alt_text":"Mario Vargas Llosa","src":"https:\/\/i0.wp.com\/lasprimeras.com.do\/wp-content\/uploads\/2024\/10\/Mario-Vargas-Llosa.jpg?resize=350%2C200&ssl=1","width":350,"height":200,"srcset":"https:\/\/i0.wp.com\/lasprimeras.com.do\/wp-content\/uploads\/2024\/10\/Mario-Vargas-Llosa.jpg?resize=350%2C200&ssl=1 1x, https:\/\/i0.wp.com\/lasprimeras.com.do\/wp-content\/uploads\/2024\/10\/Mario-Vargas-Llosa.jpg?resize=525%2C300&ssl=1 1.5x"},"classes":[]},{"id":70042,"url":"https:\/\/lasprimeras.com.do\/index.php\/2023\/12\/07\/celines-toribio-mi-exmarido-es-mi-mejor-amigo\/","url_meta":{"origin":78527,"position":4},"title":"Celin\u00e9s Toribio: \u201cMi exmarido es mi mejor amigo\u201d","author":"BIMARY DE JES\u00daS Matos","date":"7 de diciembre de 2023","format":false,"excerpt":"Santo Domingo.-Hace seis a\u00f1os que Celin\u00e9s Toribio se divorci\u00f3 de Giancarlo Chersich, pero al contrario que muchas parejas, la actriz y su exesposo llevan una excelente relaci\u00f3n tanto que son mejores amigos y se consultan todo. \u201cGiancarlo Chersich, mi exmarido, es mi mejor amigo. Yo no me compro un celular\u2026","rel":"","context":"En \u00abENTRETENIMIENTO\u00bb","block_context":{"text":"ENTRETENIMIENTO","link":"https:\/\/lasprimeras.com.do\/index.php\/category\/entretenimiento\/"},"img":{"alt_text":"","src":"https:\/\/i0.wp.com\/lasprimeras.com.do\/wp-content\/uploads\/2023\/12\/WhatsApp-Image-2023-12-07-at-1.25.36-PM-4.jpeg?resize=350%2C200&ssl=1","width":350,"height":200,"srcset":"https:\/\/i0.wp.com\/lasprimeras.com.do\/wp-content\/uploads\/2023\/12\/WhatsApp-Image-2023-12-07-at-1.25.36-PM-4.jpeg?resize=350%2C200&ssl=1 1x, https:\/\/i0.wp.com\/lasprimeras.com.do\/wp-content\/uploads\/2023\/12\/WhatsApp-Image-2023-12-07-at-1.25.36-PM-4.jpeg?resize=525%2C300&ssl=1 1.5x"},"classes":[]},{"id":86511,"url":"https:\/\/lasprimeras.com.do\/index.php\/2024\/07\/26\/campeones-olimpicos-teddy-riner-y-marie-jose-perec-encienden-pebetero-en-paris\/","url_meta":{"origin":78527,"position":5},"title":"Campeones ol\u00edmpicos Teddy Riner y Marie-Jose P\u00e9rec encienden pebetero en Par\u00eds","author":"Nelson Feliz","date":"26 de julio de 2024","format":false,"excerpt":"BY JENNA FRYER PAR\u00cdS (AP) \u2014 Los campeones ol\u00edmpicos franceses Teddy Riner y Marie-Jose P\u00e9rec formaron dupla para encender el pebetero de los Juegos de Par\u00eds, con lo que culmin\u00f3 una elaborada ceremonia en un lluvioso viernes. Riner y Perec inclinaron sus antorchas hacia el pebetero, que se encendi\u00f3 r\u00e1pidamente.\u2026","rel":"","context":"En \u00abSin categor\u00eda\u00bb","block_context":{"text":"Sin categor\u00eda","link":"https:\/\/lasprimeras.com.do\/index.php\/category\/sin-categoria\/"},"img":{"alt_text":"","src":"https:\/\/i0.wp.com\/lasprimeras.com.do\/wp-content\/uploads\/2024\/07\/Juegos-Olimpicos-3.png?resize=350%2C200&ssl=1","width":350,"height":200,"srcset":"https:\/\/i0.wp.com\/lasprimeras.com.do\/wp-content\/uploads\/2024\/07\/Juegos-Olimpicos-3.png?resize=350%2C200&ssl=1 1x, https:\/\/i0.wp.com\/lasprimeras.com.do\/wp-content\/uploads\/2024\/07\/Juegos-Olimpicos-3.png?resize=525%2C300&ssl=1 1.5x, https:\/\/i0.wp.com\/lasprimeras.com.do\/wp-content\/uploads\/2024\/07\/Juegos-Olimpicos-3.png?resize=700%2C400&ssl=1 2x"},"classes":[]}],"jetpack_sharing_enabled":true,"_links":{"self":[{"href":"https:\/\/lasprimeras.com.do\/index.php\/wp-json\/wp\/v2\/posts\/78527","targetHints":{"allow":["GET"]}}],"collection":[{"href":"https:\/\/lasprimeras.com.do\/index.php\/wp-json\/wp\/v2\/posts"}],"about":[{"href":"https:\/\/lasprimeras.com.do\/index.php\/wp-json\/wp\/v2\/types\/post"}],"author":[{"embeddable":true,"href":"https:\/\/lasprimeras.com.do\/index.php\/wp-json\/wp\/v2\/users\/2"}],"replies":[{"embeddable":true,"href":"https:\/\/lasprimeras.com.do\/index.php\/wp-json\/wp\/v2\/comments?post=78527"}],"version-history":[{"count":1,"href":"https:\/\/lasprimeras.com.do\/index.php\/wp-json\/wp\/v2\/posts\/78527\/revisions"}],"predecessor-version":[{"id":78529,"href":"https:\/\/lasprimeras.com.do\/index.php\/wp-json\/wp\/v2\/posts\/78527\/revisions\/78529"}],"wp:featuredmedia":[{"embeddable":true,"href":"https:\/\/lasprimeras.com.do\/index.php\/wp-json\/wp\/v2\/media\/78528"}],"wp:attachment":[{"href":"https:\/\/lasprimeras.com.do\/index.php\/wp-json\/wp\/v2\/media?parent=78527"}],"wp:term":[{"taxonomy":"category","embeddable":true,"href":"https:\/\/lasprimeras.com.do\/index.php\/wp-json\/wp\/v2\/categories?post=78527"},{"taxonomy":"post_tag","embeddable":true,"href":"https:\/\/lasprimeras.com.do\/index.php\/wp-json\/wp\/v2\/tags?post=78527"}],"curies":[{"name":"wp","href":"https:\/\/api.w.org\/{rel}","templated":true}]}}