{"id":78536,"date":"2024-03-17T15:13:09","date_gmt":"2024-03-17T19:13:09","guid":{"rendered":"https:\/\/lasprimeras.com.do\/?p=78536"},"modified":"2024-03-17T15:13:09","modified_gmt":"2024-03-17T19:13:09","slug":"oficinas-del-medicaid-apuntan-a-los-hogares-de-fallecidos-para-recuperar-costos-de-atencion-medica","status":"publish","type":"post","link":"https:\/\/lasprimeras.com.do\/index.php\/2024\/03\/17\/oficinas-del-medicaid-apuntan-a-los-hogares-de-fallecidos-para-recuperar-costos-de-atencion-medica\/","title":{"rendered":"Oficinas del Medicaid apuntan a los hogares de fallecidos para recuperar costos de atenci\u00f3n m\u00e9dica"},"content":{"rendered":"\n<p>POR AMANDA SEITZ<\/p>\n\n\n\n<p>WASHINGTON (AP) \u2014 Mientras Salvatore LoGrande luchaba contra el c\u00e1ncer y todo el dolor que lo acompa\u00f1aba, sus hijas prometieron mantenerlo en la casa blanca con techo inclinado que tanto trabajo le cost\u00f3 comprar hace d\u00e9cadas.<\/p>\n\n\n\n<p>Entonces, Sandy LoGrande pens\u00f3 que era un error cuando, un a\u00f1o despu\u00e9s de la muerte de su padre, Massachusetts le factur\u00f3 $177,000 por los gastos de Medicaid de su padre y amenaz\u00f3 con demandar por su casa si no pagaba r\u00e1pidamente.<\/p>\n\n\n\n<p>\u201cEl hogar lo era todo\u201d, le dijo a su padre LoGrande, de 57 a\u00f1os.<\/p>\n\n\n\n<p>Pero el proyecto de ley y la amenaza que lo acompa\u00f1a no fueron un error.<\/p>\n\n\n\n<p>M\u00e1s bien, fue parte de un proceso de rutina que el gobierno federal exige a cada estado: recuperar dinero de los activos de las personas fallecidas que, en sus \u00faltimos a\u00f1os, dependieron de Medicaid, el seguro m\u00e9dico financiado por los contribuyentes para los estadounidenses m\u00e1s pobres.<\/p>\n\n\n\n<p>El hogar de una persona normalmente est\u00e1 exento de calificar para Medicaid. Pero est\u00e1 sujeto al proceso de recuperaci\u00f3n de patrimonio para aquellos que ten\u00edan m\u00e1s de 55 a\u00f1os y usaron Medicaid para pagar cuidados a largo plazo, como estad\u00edas en hogares de ancianos o atenci\u00f3n m\u00e9dica a domicilio.<\/p>\n\n\n\n<p>Este mes, un legislador dem\u00f3crata propuso echar por tierra el \u201ccruel\u201d programa por completo.<\/p>\n\n\n\n<p>Los cr\u00edticos argumentan que el programa recauda muy poco (aproximadamente el 1%) de los m\u00e1s de 150 mil millones de d\u00f3lares que Medicaid gasta anualmente en atenci\u00f3n a largo plazo.<\/p>\n\n\n\n<p>Tambi\u00e9n dicen que muchos estados no advierten a las personas que se inscriben en Medicaid que grandes facturas y reclamos sobre sus propiedades podr\u00edan esperar a sus familias una vez que mueran.<\/p>\n\n\n\n<p>LoGrande dice que as\u00ed fue como termin\u00f3 en una batalla legal de dos a\u00f1os con Massachusetts despu\u00e9s de la muerte de su padre. Varios a\u00f1os antes de que \u00e9l muriera en 2016, ella hab\u00eda recurrido a una organizaci\u00f3n sin fines de lucro local en busca de asesoramiento sobre el cuidado de su anciano padre.<\/p>\n\n\n\n<p>El grupo le sugiri\u00f3 que lo inscribiera en Medicaid. Incluso recuerda haber preguntado por la casa, pero le aseguraron que el estado s\u00f3lo buscar\u00eda la casa si enviaba a su padre a un asilo de ancianos.<\/p>\n\n\n\n<p>\u201c\u00c9l nunca habr\u00eda firmado nada que pusiera su casa en peligro\u201d, dijo.<\/p>\n\n\n\n<p>Durante a\u00f1os, su padre recibi\u00f3 un aviso de renovaci\u00f3n anual de la oficina estatal de Medicaid. Ella dice que no fue hasta despu\u00e9s de su muerte, cuando lleg\u00f3 la demanda del estado de $177,000, que vio la primera factura por su atenci\u00f3n, que inclu\u00eda una breve estad\u00eda en el hospital por el dolor del c\u00e1ncer, medicamentos y cuidados paliativos.<\/p>\n\n\n\n<p>\u201cEso fue lo que me desgarr\u00f3 las entra\u00f1as\u201d, dijo LoGrande. &#8220;Fue deshonesto&#8221;.<\/p>\n\n\n\n<p>El estado lleg\u00f3 a un acuerdo con los LoGrande en 2019 y liber\u00f3 su reclamo sobre la casa.<\/p>\n\n\n\n<p>Las pol\u00edticas estatales en torno a este proceso de recuperaci\u00f3n var\u00edan ampliamente, seg\u00fan un informe de 2021 de la Comisi\u00f3n de Acceso y Pago de Medicaid y CHIP , que hace recomendaciones de pol\u00edticas al Congreso.<\/p>\n\n\n\n<p>Algunos estados impondr\u00e1n un gravamen (un derecho legal) sobre una vivienda, mientras que otros no. Mientras tanto, algunas oficinas de Medicaid intentan recuperar todos los costos m\u00e9dicos de los pacientes, como visitas al m\u00e9dico o recetas, mientras que otras simplemente cubren los costos de la atenci\u00f3n a largo plazo.<\/p>\n\n\n\n<p>Alaska y Arizona persiguieron s\u00f3lo docenas de propiedades en los \u00faltimos a\u00f1os, mientras que otros estados persiguen miles de viviendas, por un total de cientos de millones de d\u00f3lares.<\/p>\n\n\n\n<p>Nueva York y Ohio encabezaron el pa\u00eds en recaudaci\u00f3n de este tipo, recuperando m\u00e1s de 100 millones de d\u00f3lares combinados en un solo a\u00f1o, seg\u00fan una investigaci\u00f3n del Dayton Daily News .<\/p>\n\n\n\n<p>Una investigaci\u00f3n sobre el programa de Kansas, publicada el martes por el inspector general de Salud y Servicios Humanos, encontr\u00f3 que el programa era rentable: gener\u00f3 $37 millones y solo gast\u00f3 $5 millones para recuperar el dinero.<\/p>\n\n\n\n<p>Pero el estado no siempre recaud\u00f3 el dinero de las herencias. que eran elegibles.<\/p>\n\n\n\n<p>El mes pasado, una fundaci\u00f3n de uno de los gigantes de seguros m\u00e9dicos m\u00e1s grandes de la industria pidi\u00f3 a Massachusetts que revisara su proceso, que incluye cobrar el reembolso de la mayor\u00eda de los costos de Medicaid, m\u00e1s all\u00e1 del requisito m\u00ednimo del gobierno federal de recuperar los gastos de atenci\u00f3n a largo plazo.<\/p>\n\n\n\n<p>La Fundaci\u00f3n Blue Cross Blue Shield de Massachusetts recomend\u00f3 a la Legislatura estatal aprobar una ley que prohibir\u00eda esas cobranzas adicionales.<\/p>\n\n\n\n<p>La recuperaci\u00f3n patrimonial &#8220;tiene el potencial de perpetuar las disparidades de riqueza y la pobreza intergeneracional&#8221;, dijo Katherine Howitt, directora de pol\u00edticas de Medicaid de la fundaci\u00f3n.<\/p>\n","protected":false},"excerpt":{"rendered":"<p>POR AMANDA SEITZ WASHINGTON (AP) \u2014 Mientras Salvatore LoGrande luchaba contra el c\u00e1ncer y todo el dolor que lo acompa\u00f1aba, sus hijas prometieron mantenerlo en la casa blanca con techo&hellip;<\/p>\n","protected":false},"author":2,"featured_media":78537,"comment_status":"open","ping_status":"open","sticky":false,"template":"","format":"standard","meta":{"content-type":"","jetpack_post_was_ever_published":false,"_jetpack_newsletter_access":"","_jetpack_dont_email_post_to_subs":false,"_jetpack_newsletter_tier_id":0,"_jetpack_memberships_contains_paywalled_content":false,"_jetpack_memberships_contains_paid_content":false,"footnotes":""},"categories":[1],"tags":[12125,12124,2677,3516,12123,7559],"class_list":["post-78536","post","type-post","status-publish","format-standard","has-post-thumbnail","hentry","category-sin-categoria","tag-atencion-medica","tag-costos","tag-fallecidos","tag-hogares","tag-medicaid","tag-oficinas"],"jetpack_featured_media_url":"https:\/\/lasprimeras.com.do\/wp-content\/uploads\/2024\/03\/Medicaid.jpg","jetpack-related-posts":[{"id":49274,"url":"https:\/\/lasprimeras.com.do\/index.php\/2023\/05\/09\/historia-clinica-electronica-puede-disminuir-errores-medicos\/","url_meta":{"origin":78536,"position":0},"title":"Historia cl\u00ednica electr\u00f3nica puede disminuir errores m\u00e9dicos","author":"prenxa100","date":"9 de mayo de 2023","format":false,"excerpt":"Santo Domingo. - Los sistemas de Historias Cl\u00ednicas Electr\u00f3nicas son una parte fundamental de la atenci\u00f3n sanitaria en la transformaci\u00f3n digital del sector, ya que dan respuesta a la creciente necesidad de digitalizar los datos y est\u00e1n dise\u00f1ados para facilitar el acceso de los pacientes a sus propios historiales de\u2026","rel":"","context":"En \u00abSin categor\u00eda\u00bb","block_context":{"text":"Sin categor\u00eda","link":"https:\/\/lasprimeras.com.do\/index.php\/category\/sin-categoria\/"},"img":{"alt_text":"","src":"https:\/\/i0.wp.com\/atento.com.do\/wp-content\/uploads\/2023\/05\/Salud-digital-809x1024.jpg?resize=350%2C200&ssl=1","width":350,"height":200,"srcset":"https:\/\/i0.wp.com\/atento.com.do\/wp-content\/uploads\/2023\/05\/Salud-digital-809x1024.jpg?resize=350%2C200&ssl=1 1x, https:\/\/i0.wp.com\/atento.com.do\/wp-content\/uploads\/2023\/05\/Salud-digital-809x1024.jpg?resize=525%2C300&ssl=1 1.5x, https:\/\/i0.wp.com\/atento.com.do\/wp-content\/uploads\/2023\/05\/Salud-digital-809x1024.jpg?resize=700%2C400&ssl=1 2x"},"classes":[]},{"id":97457,"url":"https:\/\/lasprimeras.com.do\/index.php\/2025\/04\/21\/llama-prestar-atencion-a-envejecientes-ny-para-adquirir-medicaid\/","url_meta":{"origin":78536,"position":1},"title":"Llama prestar atenci\u00f3n a envejecientes NY para adquirir Medicaid","author":"Nelson Feliz","date":"21 de abril de 2025","format":false,"excerpt":"Por Ram\u00f3n Mercedes NUEVA YORK.- El experto en seguros de salud (Medicaid y Medicare) en esta ciudad, Jaime Vargas, hizo un vehemente llamado a los pol\u00edticos dominicanos, profesionales, empresarios y comunitarios para que inicien una constante campa\u00f1a hacia los envejecientes, principalmente dominicanos, y puedan adquirir su Medicaid. El soci\u00f3logo sostiene\u2026","rel":"","context":"En \u00abINTERNACIONALES\u00bb","block_context":{"text":"INTERNACIONALES","link":"https:\/\/lasprimeras.com.do\/index.php\/category\/sin-categoria\/internacionales\/"},"img":{"alt_text":"","src":"https:\/\/i0.wp.com\/lasprimeras.com.do\/wp-content\/uploads\/2025\/04\/WhatsApp-Image-2025-04-21-at-5.16.10-AM-3.jpg?resize=350%2C200&ssl=1","width":350,"height":200,"srcset":"https:\/\/i0.wp.com\/lasprimeras.com.do\/wp-content\/uploads\/2025\/04\/WhatsApp-Image-2025-04-21-at-5.16.10-AM-3.jpg?resize=350%2C200&ssl=1 1x, https:\/\/i0.wp.com\/lasprimeras.com.do\/wp-content\/uploads\/2025\/04\/WhatsApp-Image-2025-04-21-at-5.16.10-AM-3.jpg?resize=525%2C300&ssl=1 1.5x"},"classes":[]},{"id":95424,"url":"https:\/\/lasprimeras.com.do\/index.php\/2025\/03\/13\/padre-e-hija-son-envenenados-en-hato-viejo-jarabacoa\/","url_meta":{"origin":78536,"position":2},"title":"Padre e hija son envenenados en Hato Viejo, Jarabacoa","author":"Nelson Feliz","date":"13 de marzo de 2025","format":false,"excerpt":"Padre fallece y joven sigue en estado delicado. POR-JAIRO CAPELLAN Un tr\u00e1gico suceso ha sacudido en la comunidad de Hato Viejo, urbanizaci\u00f3n Jaquelin, en Jarabacoa, donde un padre y su hija fueron envenenados, seg\u00fan informaciones preliminares. Juli\u00e1n Capell\u00e1n falleci\u00f3 mientras recib\u00eda atenciones m\u00e9dicas tras haber ingerido alimentos presuntamente contaminados con\u2026","rel":"","context":"En \u00abNACIONALES\u00bb","block_context":{"text":"NACIONALES","link":"https:\/\/lasprimeras.com.do\/index.php\/category\/nacionales\/"},"img":{"alt_text":"","src":"https:\/\/i0.wp.com\/lasprimeras.com.do\/wp-content\/uploads\/2025\/03\/Veneno-6.jpg?resize=350%2C200&ssl=1","width":350,"height":200,"srcset":"https:\/\/i0.wp.com\/lasprimeras.com.do\/wp-content\/uploads\/2025\/03\/Veneno-6.jpg?resize=350%2C200&ssl=1 1x, https:\/\/i0.wp.com\/lasprimeras.com.do\/wp-content\/uploads\/2025\/03\/Veneno-6.jpg?resize=525%2C300&ssl=1 1.5x, https:\/\/i0.wp.com\/lasprimeras.com.do\/wp-content\/uploads\/2025\/03\/Veneno-6.jpg?resize=700%2C400&ssl=1 2x, https:\/\/i0.wp.com\/lasprimeras.com.do\/wp-content\/uploads\/2025\/03\/Veneno-6.jpg?resize=1050%2C600&ssl=1 3x, https:\/\/i0.wp.com\/lasprimeras.com.do\/wp-content\/uploads\/2025\/03\/Veneno-6.jpg?resize=1400%2C800&ssl=1 4x"},"classes":[]},{"id":92920,"url":"https:\/\/lasprimeras.com.do\/index.php\/2025\/01\/19\/fallece-luis-gonzalez-padre-del-periodista-moises-gonzalez\/","url_meta":{"origin":78536,"position":3},"title":"Fallece Luis Gonz\u00e1lez, padre del periodista Mois\u00e9s Gonz\u00e1lez","author":"Nelson Feliz","date":"19 de enero de 2025","format":false,"excerpt":"Falleci\u00f3 este s\u00e1bado en paz del Se\u00f1or, Luis Mar\u00eda Gonz\u00e1lez Nina, padre del periodista Mois\u00e9s Gonz\u00e1lez Pe\u00f1a. Sus restos ser\u00e1n velados este martes 21 de enero a las 10 de la ma\u00f1ana en el Jard\u00edn Memorial. El deceso sucedi\u00f3 en momentos que se encontraba recibiendo atenciones de salud en un\u2026","rel":"","context":"En \u00abNACIONALES\u00bb","block_context":{"text":"NACIONALES","link":"https:\/\/lasprimeras.com.do\/index.php\/category\/nacionales\/"},"img":{"alt_text":"Luis Gonz\u00e1lez","src":"https:\/\/i0.wp.com\/lasprimeras.com.do\/wp-content\/uploads\/2025\/01\/Luis-Gonzalez.jpeg?resize=350%2C200&ssl=1","width":350,"height":200,"srcset":"https:\/\/i0.wp.com\/lasprimeras.com.do\/wp-content\/uploads\/2025\/01\/Luis-Gonzalez.jpeg?resize=350%2C200&ssl=1 1x, https:\/\/i0.wp.com\/lasprimeras.com.do\/wp-content\/uploads\/2025\/01\/Luis-Gonzalez.jpeg?resize=525%2C300&ssl=1 1.5x, https:\/\/i0.wp.com\/lasprimeras.com.do\/wp-content\/uploads\/2025\/01\/Luis-Gonzalez.jpeg?resize=700%2C400&ssl=1 2x"},"classes":[]},{"id":86211,"url":"https:\/\/lasprimeras.com.do\/index.php\/2024\/07\/20\/luis-el-gallo-entrega-medicamentos-de-alto-costo-al-hospital-padre-billini\/","url_meta":{"origin":78536,"position":4},"title":"Luis El Gallo entrega medicamentos de alto costo al hospital Padre Billini","author":"Nelson Feliz","date":"20 de julio de 2024","format":false,"excerpt":"El presidente del\u00a0 Partido Uni\u00f3n Dem\u00f3crata Cristiana (UDC), Luis Acosta Moreta, Luis \u201cEl Gallo\u201d, entreg\u00f3\u00a0 medicamentos especiales de alto costo destinados al tratamiento de la diabetes y enfermedades catastr\u00f3ficas al hospital Padre Billini. Durante la entrega de los medicamentos, Luis \u201cEl Gallo\u201d resalt\u00f3 la importancia de la labor social que\u2026","rel":"","context":"En \u00abSin categor\u00eda\u00bb","block_context":{"text":"Sin categor\u00eda","link":"https:\/\/lasprimeras.com.do\/index.php\/category\/sin-categoria\/"},"img":{"alt_text":"Luis El Gallo","src":"https:\/\/i0.wp.com\/lasprimeras.com.do\/wp-content\/uploads\/2024\/07\/Luis-El-Gallo.jpg?resize=350%2C200&ssl=1","width":350,"height":200,"srcset":"https:\/\/i0.wp.com\/lasprimeras.com.do\/wp-content\/uploads\/2024\/07\/Luis-El-Gallo.jpg?resize=350%2C200&ssl=1 1x, https:\/\/i0.wp.com\/lasprimeras.com.do\/wp-content\/uploads\/2024\/07\/Luis-El-Gallo.jpg?resize=525%2C300&ssl=1 1.5x, https:\/\/i0.wp.com\/lasprimeras.com.do\/wp-content\/uploads\/2024\/07\/Luis-El-Gallo.jpg?resize=700%2C400&ssl=1 2x"},"classes":[]},{"id":89667,"url":"https:\/\/lasprimeras.com.do\/index.php\/2024\/10\/01\/coronel-bido-recibe-atenciones-medicas-en-hospital-de-la-policia-nacional\/","url_meta":{"origin":78536,"position":5},"title":"Coronel Bid\u00f3 recibe atenciones m\u00e9dicas en Hospital de la Polic\u00eda Nacional","author":"Paola Castillo","date":"1 de octubre de 2024","format":false,"excerpt":"El coronel Ricardo Bid\u00f3, quien fue rescatado ayer en la tarde junto a un agente penitenciario de una de las oficinas del recinto penitenciario de Azua, recibe atenciones m\u00e9dicas en el Hospital General Docente de la Polic\u00eda Nacional (HOSGEDOPOL), donde fue trasladado para tratar varias heridas de bala que le\u2026","rel":"","context":"En \u00abNACIONALES\u00bb","block_context":{"text":"NACIONALES","link":"https:\/\/lasprimeras.com.do\/index.php\/category\/nacionales\/"},"img":{"alt_text":"","src":"https:\/\/i0.wp.com\/lasprimeras.com.do\/wp-content\/uploads\/2024\/10\/bido1.jpeg?resize=350%2C200&ssl=1","width":350,"height":200,"srcset":"https:\/\/i0.wp.com\/lasprimeras.com.do\/wp-content\/uploads\/2024\/10\/bido1.jpeg?resize=350%2C200&ssl=1 1x, https:\/\/i0.wp.com\/lasprimeras.com.do\/wp-content\/uploads\/2024\/10\/bido1.jpeg?resize=525%2C300&ssl=1 1.5x, https:\/\/i0.wp.com\/lasprimeras.com.do\/wp-content\/uploads\/2024\/10\/bido1.jpeg?resize=700%2C400&ssl=1 2x"},"classes":[]}],"jetpack_sharing_enabled":true,"_links":{"self":[{"href":"https:\/\/lasprimeras.com.do\/index.php\/wp-json\/wp\/v2\/posts\/78536","targetHints":{"allow":["GET"]}}],"collection":[{"href":"https:\/\/lasprimeras.com.do\/index.php\/wp-json\/wp\/v2\/posts"}],"about":[{"href":"https:\/\/lasprimeras.com.do\/index.php\/wp-json\/wp\/v2\/types\/post"}],"author":[{"embeddable":true,"href":"https:\/\/lasprimeras.com.do\/index.php\/wp-json\/wp\/v2\/users\/2"}],"replies":[{"embeddable":true,"href":"https:\/\/lasprimeras.com.do\/index.php\/wp-json\/wp\/v2\/comments?post=78536"}],"version-history":[{"count":1,"href":"https:\/\/lasprimeras.com.do\/index.php\/wp-json\/wp\/v2\/posts\/78536\/revisions"}],"predecessor-version":[{"id":78538,"href":"https:\/\/lasprimeras.com.do\/index.php\/wp-json\/wp\/v2\/posts\/78536\/revisions\/78538"}],"wp:featuredmedia":[{"embeddable":true,"href":"https:\/\/lasprimeras.com.do\/index.php\/wp-json\/wp\/v2\/media\/78537"}],"wp:attachment":[{"href":"https:\/\/lasprimeras.com.do\/index.php\/wp-json\/wp\/v2\/media?parent=78536"}],"wp:term":[{"taxonomy":"category","embeddable":true,"href":"https:\/\/lasprimeras.com.do\/index.php\/wp-json\/wp\/v2\/categories?post=78536"},{"taxonomy":"post_tag","embeddable":true,"href":"https:\/\/lasprimeras.com.do\/index.php\/wp-json\/wp\/v2\/tags?post=78536"}],"curies":[{"name":"wp","href":"https:\/\/api.w.org\/{rel}","templated":true}]}}