{"id":78548,"date":"2024-03-17T16:13:14","date_gmt":"2024-03-17T20:13:14","guid":{"rendered":"https:\/\/lasprimeras.com.do\/?p=78548"},"modified":"2024-03-17T16:13:15","modified_gmt":"2024-03-17T20:13:15","slug":"bonaeros-consternados-por-muerte-chepon-gonzalez","status":"publish","type":"post","link":"https:\/\/lasprimeras.com.do\/index.php\/2024\/03\/17\/bonaeros-consternados-por-muerte-chepon-gonzalez\/","title":{"rendered":"Bonaeros consternados por muerte Chepon Gonz\u00e1lez"},"content":{"rendered":"\n<p>Por Vicente Balbuena<\/p>\n\n\n\n<p>La numerosa poblaci\u00f3n de Bonaeros en Estados Unidos, est\u00e1 consternada tras darse a conocer la triste y dolorosa noticia sobre la muerte de Jos\u00e9 Gonz\u00e1lez Castillo, mejor conocido c\u00f3mo Chepon.<\/p>\n\n\n\n<p>Gonz\u00e1lez Castillo, muri\u00f3 a consecuencia de un fulminante ataque card\u00edaco.<\/p>\n\n\n\n<p>Su deceso, ha causado dolor, llantos y tristeza entre familiares, amigos e instituciones, a las cu\u00e1les sirvi\u00f3 con entusiasmo y esmero durante su vida, entre \u00e9sta se encuentra la parroquial San Antonio de Padua, la hermandad de Ema\u00fas, y otras.<\/p>\n\n\n\n<p>El fallecido fue un fiel fan\u00e1tico del equipo de Las \u00c1guilas Cibae\u00f1as, y form\u00f3 parte del personal estrat\u00e9gico de Relaciones P\u00fablicas de la Minera Falconbridge Dominicana enclavada en la Loma La Peguera de la provincia Monse\u00f1or Nouel.<\/p>\n\n\n\n<p>Junto a su amigo Luis Rosado, con qui\u00e9n comparti\u00f3 por varios a\u00f1os el programa &#8220;A Mi Manera&#8221; por la reconocida emisora Latina 88.7 frecuencia modulada.<\/p>\n\n\n\n<p>Su partida ha sido muy sentida por los Bonaeros en Estados Unidos y por la poblaci\u00f3n de su pueblo natal, Bonao.<\/p>\n\n\n\n<p>Varias instituciones preparan un homenaje p\u00f3stumo en reconocimiento a su exitosa trayectoria de vida profesional.<\/p>\n\n\n\n<p>Se le conoci\u00f3 c\u00f3mo uno de los grandes servidores p\u00fablicos de la poblaci\u00f3n de la Villa de las Hortensias, siempre activo en favor de las mejores causas.<\/p>\n","protected":false},"excerpt":{"rendered":"<p>Por Vicente Balbuena La numerosa poblaci\u00f3n de Bonaeros en Estados Unidos, est\u00e1 consternada tras darse a conocer la triste y dolorosa noticia sobre la muerte de Jos\u00e9 Gonz\u00e1lez Castillo, mejor&hellip;<\/p>\n","protected":false},"author":2,"featured_media":78549,"comment_status":"open","ping_status":"open","sticky":false,"template":"","format":"standard","meta":{"content-type":"","jetpack_post_was_ever_published":false,"_jetpack_newsletter_access":"","_jetpack_dont_email_post_to_subs":false,"_jetpack_newsletter_tier_id":0,"_jetpack_memberships_contains_paywalled_content":false,"_jetpack_memberships_contains_paid_content":false,"footnotes":""},"categories":[35],"tags":[12132,12134,12133,330],"class_list":["post-78548","post","type-post","status-publish","format-standard","has-post-thumbnail","hentry","category-nacionales","tag-bonaeros","tag-chepon-gonzalez","tag-consternados","tag-muerte"],"jetpack_featured_media_url":"https:\/\/lasprimeras.com.do\/wp-content\/uploads\/2024\/03\/Jose-Gonzalez-Castillo.png","jetpack-related-posts":[{"id":74822,"url":"https:\/\/lasprimeras.com.do\/index.php\/2024\/01\/26\/gobierno-de-biden-consternado-tras-la-ejecucion-de-un-reo-en-alabama-con-nitrogeno\/","url_meta":{"origin":78548,"position":0},"title":"Gobierno de Biden &#8220;consternado&#8221; tras la ejecuci\u00f3n de un reo en Alabama con nitr\u00f3geno","author":"Nelson Feliz","date":"26 de enero de 2024","format":false,"excerpt":"El presidente tiene profundas inquietudes respecto a c\u00f3mo se implementa la pena de muerte y si es consistente con nuestros valores como naci\u00f3n. Washington, EFE .-. La Casa Blanca est\u00e1 \"consternada\" tras la ejecuci\u00f3n el jueves por la noche del preso Eugene Smith en el estado de Alabama con gas\u2026","rel":"","context":"En \u00abSin categor\u00eda\u00bb","block_context":{"text":"Sin categor\u00eda","link":"https:\/\/lasprimeras.com.do\/index.php\/category\/sin-categoria\/"},"img":{"alt_text":"El presidente Joe Biden durante un discurso en la Sala Este de la Casa Blanca, el 19 de enero de 2024, en Washington.AP","src":"https:\/\/i0.wp.com\/lasprimeras.com.do\/wp-content\/uploads\/2024\/01\/Joe-Biden.jpeg?resize=350%2C200&ssl=1","width":350,"height":200,"srcset":"https:\/\/i0.wp.com\/lasprimeras.com.do\/wp-content\/uploads\/2024\/01\/Joe-Biden.jpeg?resize=350%2C200&ssl=1 1x, https:\/\/i0.wp.com\/lasprimeras.com.do\/wp-content\/uploads\/2024\/01\/Joe-Biden.jpeg?resize=525%2C300&ssl=1 1.5x, https:\/\/i0.wp.com\/lasprimeras.com.do\/wp-content\/uploads\/2024\/01\/Joe-Biden.jpeg?resize=700%2C400&ssl=1 2x"},"classes":[]},{"id":78801,"url":"https:\/\/lasprimeras.com.do\/index.php\/2024\/03\/20\/aumentan-a-11-los-muertos-por-fuego-en-carcel-la-victoria\/","url_meta":{"origin":78548,"position":1},"title":"Aumentan a 11 los muertos por fuego en c\u00e1rcel La Victoria","author":"BIMARY DE JES\u00daS Matos","date":"20 de marzo de 2024","format":false,"excerpt":"Santo Domingo.-Aumentaron a once los muertos por el fuego en la c\u00e1rcel de La Victoria registrado ayer, inform\u00f3 esta tarde la Procuradur\u00eda General de la Rep\u00fablica. La procuradora general Miriam Germ\u00e1n Brito inform\u00f3 que se realizan labores de b\u00fasquedas en las \u00e1reas afectadas del penal para descartar la existencia de\u2026","rel":"","context":"En \u00abNACIONALES\u00bb","block_context":{"text":"NACIONALES","link":"https:\/\/lasprimeras.com.do\/index.php\/category\/nacionales\/"},"img":{"alt_text":"","src":"https:\/\/i0.wp.com\/lasprimeras.com.do\/wp-content\/uploads\/2024\/03\/Imagen-de-WhatsApp-2024-03-18-a-las-23.45.55_a4ccf118-3.jpg?resize=350%2C200&ssl=1","width":350,"height":200,"srcset":"https:\/\/i0.wp.com\/lasprimeras.com.do\/wp-content\/uploads\/2024\/03\/Imagen-de-WhatsApp-2024-03-18-a-las-23.45.55_a4ccf118-3.jpg?resize=350%2C200&ssl=1 1x, https:\/\/i0.wp.com\/lasprimeras.com.do\/wp-content\/uploads\/2024\/03\/Imagen-de-WhatsApp-2024-03-18-a-las-23.45.55_a4ccf118-3.jpg?resize=525%2C300&ssl=1 1.5x, https:\/\/i0.wp.com\/lasprimeras.com.do\/wp-content\/uploads\/2024\/03\/Imagen-de-WhatsApp-2024-03-18-a-las-23.45.55_a4ccf118-3.jpg?resize=700%2C400&ssl=1 2x"},"classes":[]},{"id":64141,"url":"https:\/\/lasprimeras.com.do\/index.php\/2023\/10\/18\/fallecio-de-un-infarto-fulminante-el-locutor-y-periodista-thomas-guerrero\/","url_meta":{"origin":78548,"position":2},"title":"Falleci\u00f3 de un infarto fulminante el locutor y periodista Thomas Guerrero","author":"Nelson Feliz","date":"18 de octubre de 2023","format":false,"excerpt":"Falleci\u00f3 a causa de un infarto fulminante la ma\u00f1ana de este mi\u00e9rcoles el destacado periodista y locutor Thomas Guerrero, en su resudencia en la provincia Sama\u00f1\u00e1. Guerrero, fue encontrado muerto por sus familiares, quienes dieron la voz de alerta. El comunicador labor\u00f3 por mucho tiempo, en Radio Comercial, La Voz\u2026","rel":"","context":"En \u00abNACIONALES\u00bb","block_context":{"text":"NACIONALES","link":"https:\/\/lasprimeras.com.do\/index.php\/category\/nacionales\/"},"img":{"alt_text":"Thomas Guerrero","src":"https:\/\/i0.wp.com\/lasprimeras.com.do\/wp-content\/uploads\/2023\/10\/WhatsApp-Image-2023-10-18-at-8.04.26-AM.jpeg?resize=350%2C200&ssl=1","width":350,"height":200,"srcset":"https:\/\/i0.wp.com\/lasprimeras.com.do\/wp-content\/uploads\/2023\/10\/WhatsApp-Image-2023-10-18-at-8.04.26-AM.jpeg?resize=350%2C200&ssl=1 1x, https:\/\/i0.wp.com\/lasprimeras.com.do\/wp-content\/uploads\/2023\/10\/WhatsApp-Image-2023-10-18-at-8.04.26-AM.jpeg?resize=525%2C300&ssl=1 1.5x, https:\/\/i0.wp.com\/lasprimeras.com.do\/wp-content\/uploads\/2023\/10\/WhatsApp-Image-2023-10-18-at-8.04.26-AM.jpeg?resize=700%2C400&ssl=1 2x, https:\/\/i0.wp.com\/lasprimeras.com.do\/wp-content\/uploads\/2023\/10\/WhatsApp-Image-2023-10-18-at-8.04.26-AM.jpeg?resize=1050%2C600&ssl=1 3x"},"classes":[]},{"id":76047,"url":"https:\/\/lasprimeras.com.do\/index.php\/2024\/02\/06\/abinader-expresa-sus-condolencias-por-muerte-de-sebastian-pinera\/","url_meta":{"origin":78548,"position":3},"title":"Abinader expresa sus condolencias por muerte de Sebasti\u00e1n Pi\u00f1era","author":"Nelson Feliz","date":"6 de febrero de 2024","format":false,"excerpt":"Abinader describi\u00f3 a Pi\u00f1era como un \u201camigo\u201d, extendiendo el p\u00e9same a la esposa del fallecido y a sus hijos. El presidente de la Rep\u00fablica, Luis Abinader, expres\u00f3 este martes sus condolencias por la muerte del exmandatario chileno Sebasti\u00e1n Pi\u00f1era, quien falleci\u00f3 en un accidente a\u00e9reo, luego de que el helic\u00f3ptero\u2026","rel":"","context":"En \u00abNACIONALES\u00bb","block_context":{"text":"NACIONALES","link":"https:\/\/lasprimeras.com.do\/index.php\/category\/nacionales\/"},"img":{"alt_text":"ABINADER Y PI\u00d1ERA","src":"https:\/\/i0.wp.com\/lasprimeras.com.do\/wp-content\/uploads\/2024\/02\/ABINADER-Y-PINERA.jpg?resize=350%2C200&ssl=1","width":350,"height":200,"srcset":"https:\/\/i0.wp.com\/lasprimeras.com.do\/wp-content\/uploads\/2024\/02\/ABINADER-Y-PINERA.jpg?resize=350%2C200&ssl=1 1x, https:\/\/i0.wp.com\/lasprimeras.com.do\/wp-content\/uploads\/2024\/02\/ABINADER-Y-PINERA.jpg?resize=525%2C300&ssl=1 1.5x"},"classes":[]},{"id":97028,"url":"https:\/\/lasprimeras.com.do\/index.php\/2025\/04\/13\/ricardo-de-los-santos-reclama-una-supervision-constante-en-lugares-donde-se-aglomeran-muchas-personas\/","url_meta":{"origin":78548,"position":4},"title":"Ricardo De los Santos reclama una supervisi\u00f3n constante en lugares donde se aglomeran muchas personas","author":"Nelson Feliz","date":"13 de abril de 2025","format":false,"excerpt":"El presidente del Senado, Ricardo De los Santos, dijo este domingo que de la tragedia ocurrida la madrugada del pasado martes en la discoteca Jet Set nos ense\u00f1a que en los lugares donde se aglomeren tantas personas, se debe mantener una supervisi\u00f3n y vigilancia constante para evitar situaciones tan lamentables\u2026","rel":"","context":"En \u00abNACIONALES\u00bb","block_context":{"text":"NACIONALES","link":"https:\/\/lasprimeras.com.do\/index.php\/category\/nacionales\/"},"img":{"alt_text":"Ricardo De los Santos","src":"https:\/\/i0.wp.com\/lasprimeras.com.do\/wp-content\/uploads\/2025\/04\/Ricardo-De-los-Santos.jpg?resize=350%2C200&ssl=1","width":350,"height":200,"srcset":"https:\/\/i0.wp.com\/lasprimeras.com.do\/wp-content\/uploads\/2025\/04\/Ricardo-De-los-Santos.jpg?resize=350%2C200&ssl=1 1x, https:\/\/i0.wp.com\/lasprimeras.com.do\/wp-content\/uploads\/2025\/04\/Ricardo-De-los-Santos.jpg?resize=525%2C300&ssl=1 1.5x"},"classes":[]},{"id":110679,"url":"https:\/\/lasprimeras.com.do\/index.php\/2025\/09\/30\/se-entrega-hombre-acusado-de-la-muerte-de-una-adolescente-de-16-anos-en-dajabon\/","url_meta":{"origin":78548,"position":5},"title":"Se entrega hombre acusado de la muerte de una adolescente de 16 a\u00f1os en Dajab\u00f3n","author":"Nelson Feliz","date":"30 de septiembre de 2025","format":false,"excerpt":"Domingo G\u00f3mez, acusado de ultimar a la adolescente Lewanny Pichardo Rodr\u00edguez, de 16 a\u00f1os, en el municipio El Pino, provincia Dajab\u00f3n, se entreg\u00f3 ante la Polic\u00eda Nacional de Santiago de los Caballeros. La joven, quien fue sepultada el lunes en la tarde, fue encontrada con signos de violencia en una\u2026","rel":"","context":"En \u00abMILITARES\u00bb","block_context":{"text":"MILITARES","link":"https:\/\/lasprimeras.com.do\/index.php\/category\/militares\/"},"img":{"alt_text":"","src":"https:\/\/i0.wp.com\/lasprimeras.com.do\/wp-content\/uploads\/2025\/09\/matador.jpeg?resize=350%2C200&ssl=1","width":350,"height":200,"srcset":"https:\/\/i0.wp.com\/lasprimeras.com.do\/wp-content\/uploads\/2025\/09\/matador.jpeg?resize=350%2C200&ssl=1 1x, https:\/\/i0.wp.com\/lasprimeras.com.do\/wp-content\/uploads\/2025\/09\/matador.jpeg?resize=525%2C300&ssl=1 1.5x, https:\/\/i0.wp.com\/lasprimeras.com.do\/wp-content\/uploads\/2025\/09\/matador.jpeg?resize=700%2C400&ssl=1 2x"},"classes":[]}],"jetpack_sharing_enabled":true,"_links":{"self":[{"href":"https:\/\/lasprimeras.com.do\/index.php\/wp-json\/wp\/v2\/posts\/78548","targetHints":{"allow":["GET"]}}],"collection":[{"href":"https:\/\/lasprimeras.com.do\/index.php\/wp-json\/wp\/v2\/posts"}],"about":[{"href":"https:\/\/lasprimeras.com.do\/index.php\/wp-json\/wp\/v2\/types\/post"}],"author":[{"embeddable":true,"href":"https:\/\/lasprimeras.com.do\/index.php\/wp-json\/wp\/v2\/users\/2"}],"replies":[{"embeddable":true,"href":"https:\/\/lasprimeras.com.do\/index.php\/wp-json\/wp\/v2\/comments?post=78548"}],"version-history":[{"count":1,"href":"https:\/\/lasprimeras.com.do\/index.php\/wp-json\/wp\/v2\/posts\/78548\/revisions"}],"predecessor-version":[{"id":78550,"href":"https:\/\/lasprimeras.com.do\/index.php\/wp-json\/wp\/v2\/posts\/78548\/revisions\/78550"}],"wp:featuredmedia":[{"embeddable":true,"href":"https:\/\/lasprimeras.com.do\/index.php\/wp-json\/wp\/v2\/media\/78549"}],"wp:attachment":[{"href":"https:\/\/lasprimeras.com.do\/index.php\/wp-json\/wp\/v2\/media?parent=78548"}],"wp:term":[{"taxonomy":"category","embeddable":true,"href":"https:\/\/lasprimeras.com.do\/index.php\/wp-json\/wp\/v2\/categories?post=78548"},{"taxonomy":"post_tag","embeddable":true,"href":"https:\/\/lasprimeras.com.do\/index.php\/wp-json\/wp\/v2\/tags?post=78548"}],"curies":[{"name":"wp","href":"https:\/\/api.w.org\/{rel}","templated":true}]}}