{"id":78551,"date":"2024-03-17T16:26:55","date_gmt":"2024-03-17T20:26:55","guid":{"rendered":"https:\/\/lasprimeras.com.do\/?p=78551"},"modified":"2024-03-17T16:26:57","modified_gmt":"2024-03-17T20:26:57","slug":"ministerio-de-la-presidencia-se-desvincula-del-plan-maestro-de-manzanillo","status":"publish","type":"post","link":"https:\/\/lasprimeras.com.do\/index.php\/2024\/03\/17\/ministerio-de-la-presidencia-se-desvincula-del-plan-maestro-de-manzanillo\/","title":{"rendered":"Ministerio de la Presidencia se desvincula del Plan Maestro de Manzanillo"},"content":{"rendered":"\n<p><strong>Ahora dice que no tiene competencia.<\/strong><\/p>\n\n\n\n<p>Por Frank Valenzuela<\/p>\n\n\n\n<p>El Centro Bah\u00eda de Manzanillo para el Desarrollo Regional (CEBAMDER), revel\u00f3 que un giro inesperado del Ministerio de la Presidencia ha dejado a la comunidad de Manzanillo en Montecristi perpleja.<\/p>\n\n\n\n<p>El encargado del proceso de formulaci\u00f3n y planificaci\u00f3n del Plan Maestro de Manzanillo ha declarado que no posee la competencia sobre el mismo.<\/p>\n\n\n\n<p>El presidente de la entidad no gubernamental, el economista Frank Valenzuela, solicit\u00f3 quien solicito la informaci\u00f3n destaca que esta revelaci\u00f3n, surge tras la solicitud realizada como ciudadano, quien buscaba conocer el estado de los proyectos formulados dentro del criterio comunitario del Plan y el presupuesto destinado para el a\u00f1o 2024.<\/p>\n\n\n\n<p>La respuesta oficial enviada a Valenzuela fue sorprendente: &#8220;Su solicitud escapa de las competencias del Ministerio de la Presidencia\u201d.<\/p>\n\n\n\n<p>Con esta afirmaci\u00f3n, el Ministerio de la Presidencia desvi\u00f3 la solicitud a la Oficina de Acceso a la Informaci\u00f3n del Ministerio de Econom\u00eda, Planificaci\u00f3n y Desarrollo (MEPYD), dejando en evidencia una desconcertante desvinculaci\u00f3n con el proyecto.<\/p>\n\n\n\n<p>El Plan Maestro de Manzanillo, concebido como una herramienta de colaboraci\u00f3n entre el Gobierno dominicano, el sector privado y la comunidad local, aspira a transformar el puerto de Manzanillo en un eje comercial vital para el noroeste del pa\u00eds.<\/p>\n\n\n\n<p>Este ambicioso plan contempla la expansi\u00f3n portuaria, proyectos energ\u00e9ticos significativos, y la mejora de la infraestructura regional para potenciar el comercio y el bienestar econ\u00f3mico de la regi\u00f3n.<\/p>\n\n\n\n<p>Para el presidente del Centro CEBAMDER, la contradicci\u00f3n entre la responsabilidad inicialmente asumida por el Ministerio de la Presidencia y su posterior declaraci\u00f3n de incompetencia ha generado inquietud y descontento.<\/p>\n\n\n\n<p>Valenzuela afirma que, aunque los proyectos destacados del Plan Maestro que incluyen la generaci\u00f3n de energ\u00eda a trav\u00e9s de gas natural con una inversi\u00f3n que supera los 1,250 millones de d\u00f3lares, la ampliaci\u00f3n del puerto para incrementar su capacidad ha iniciado, sin embargo, los proyectos de desarrollo de infraestructuras para apoyar tanto el crecimiento econ\u00f3mico como comunitario se encuentran sin iniciar.<\/p>\n","protected":false},"excerpt":{"rendered":"<p>Ahora dice que no tiene competencia. Por Frank Valenzuela El Centro Bah\u00eda de Manzanillo para el Desarrollo Regional (CEBAMDER), revel\u00f3 que un giro inesperado del Ministerio de la Presidencia ha&hellip;<\/p>\n","protected":false},"author":2,"featured_media":78552,"comment_status":"open","ping_status":"open","sticky":false,"template":"","format":"standard","meta":{"content-type":"","jetpack_post_was_ever_published":false,"_jetpack_newsletter_access":"","_jetpack_dont_email_post_to_subs":false,"_jetpack_newsletter_tier_id":0,"_jetpack_memberships_contains_paywalled_content":false,"_jetpack_memberships_contains_paid_content":false,"footnotes":""},"categories":[35,25],"tags":[387,444,3959,94,12135],"class_list":["post-78551","post","type-post","status-publish","format-standard","has-post-thumbnail","hentry","category-nacionales","category-portada","tag-manzanillo","tag-ministerio","tag-plan-maestro","tag-presidencia","tag-se-desvincula"],"jetpack_featured_media_url":"https:\/\/lasprimeras.com.do\/wp-content\/uploads\/2024\/03\/PROPUESTA-DE-DESARROLLO-DE-LA-COMUNIDAD-DE-MANZANILLO.jpg","jetpack-related-posts":[{"id":101962,"url":"https:\/\/lasprimeras.com.do\/index.php\/2025\/06\/29\/cebamder-insta-al-presidente-abinader-a-iniciar-el-proyecto-ecoturistico-frontpark-bahia-en-manzanillo\/","url_meta":{"origin":78551,"position":0},"title":"CEBAMDER insta al presidente Abinader a iniciar el proyecto ecotur\u00edstico FrontPark Bah\u00eda en Manzanillo","author":"Nelson Feliz","date":"29 de junio de 2025","format":false,"excerpt":"Por: Frank Valenzuela El Centro Bah\u00eda de Manzanillo para el Desarrollo Regional (CEBAMDER) hizo un llamado este domingo al presidente Luis Abinader para que \u201cponga el coraz\u00f3n en Manzanillo\u201d e impulse la ejecuci\u00f3n del proyecto ecotur\u00edstico FrontPark Bah\u00eda Manzanillo. Esta propuesta busca transformar el frente costero de Playa Los Coquitos\u2026","rel":"","context":"En \u00abTURISMO\u00bb","block_context":{"text":"TURISMO","link":"https:\/\/lasprimeras.com.do\/index.php\/category\/turismo\/"},"img":{"alt_text":"","src":"https:\/\/i0.wp.com\/lasprimeras.com.do\/wp-content\/uploads\/2025\/06\/SEGUNDA-PRESENTACION-MAS-IMPORTANTE-INTERNA.jpg?resize=350%2C200&ssl=1","width":350,"height":200,"srcset":"https:\/\/i0.wp.com\/lasprimeras.com.do\/wp-content\/uploads\/2025\/06\/SEGUNDA-PRESENTACION-MAS-IMPORTANTE-INTERNA.jpg?resize=350%2C200&ssl=1 1x, https:\/\/i0.wp.com\/lasprimeras.com.do\/wp-content\/uploads\/2025\/06\/SEGUNDA-PRESENTACION-MAS-IMPORTANTE-INTERNA.jpg?resize=525%2C300&ssl=1 1.5x, https:\/\/i0.wp.com\/lasprimeras.com.do\/wp-content\/uploads\/2025\/06\/SEGUNDA-PRESENTACION-MAS-IMPORTANTE-INTERNA.jpg?resize=700%2C400&ssl=1 2x"},"classes":[]},{"id":90450,"url":"https:\/\/lasprimeras.com.do\/index.php\/2024\/10\/20\/nuevo-director-de-la-cruz-manzanillo-desvincula-a-18-funcionarios\/","url_meta":{"origin":78551,"position":1},"title":"Nuevo director de la Cruz Manzanillo desvincula a 18 funcionarios","author":"Nelson Feliz","date":"20 de octubre de 2024","format":false,"excerpt":"Por Frank Valenzuela El administrador del Proyecto La Cruz Manzanillo, ingeniero Julio C\u00e9sar Est\u00e9vez, ha iniciado una intervenci\u00f3n profunda en la n\u00f3mina de la instituci\u00f3n que ha resultado en la desvinculaci\u00f3n de 18 de los 30 funcionarios del complejo los cuales recibieron ingresos por sueldos y salarios por encima de\u2026","rel":"","context":"En \u00abECONOM\u00cdA\u00bb","block_context":{"text":"ECONOM\u00cdA","link":"https:\/\/lasprimeras.com.do\/index.php\/category\/economia\/"},"img":{"alt_text":"","src":"https:\/\/i0.wp.com\/lasprimeras.com.do\/wp-content\/uploads\/2024\/10\/Nuevo-Administrador-La-Cruz-Manzanillo.jpg?resize=350%2C200&ssl=1","width":350,"height":200,"srcset":"https:\/\/i0.wp.com\/lasprimeras.com.do\/wp-content\/uploads\/2024\/10\/Nuevo-Administrador-La-Cruz-Manzanillo.jpg?resize=350%2C200&ssl=1 1x, https:\/\/i0.wp.com\/lasprimeras.com.do\/wp-content\/uploads\/2024\/10\/Nuevo-Administrador-La-Cruz-Manzanillo.jpg?resize=525%2C300&ssl=1 1.5x"},"classes":[]},{"id":93940,"url":"https:\/\/lasprimeras.com.do\/index.php\/2025\/02\/23\/hipocresia-ambiental-en-manzanillo-medio-ambiente-paraliza-construccion-viviendas-en-manzanillo\/","url_meta":{"origin":78551,"position":2},"title":"Hipocres\u00eda ambiental en Manzanillo: Medio Ambiente paraliza construcci\u00f3n viviendas en Manzanillo","author":"Nelson Feliz","date":"23 de febrero de 2025","format":false,"excerpt":"https:\/\/www.youtube.com\/shorts\/PeRf698BNkg El Centro Bah\u00eda de Manzanillo para el Desarrollo Regional (CEBAMDER) denunci\u00f3 la falsa protecci\u00f3n ambiental del Ministerio de Medio Ambiente, que, mientras paraliza la construcci\u00f3n de viviendas en los sectores humildes Altos de las Palomas y Manhattan, en plena comunidad de Manzanillo, permite la destrucci\u00f3n de Playa Estero Balsa,\u2026","rel":"","context":"En \u00abNACIONALES\u00bb","block_context":{"text":"NACIONALES","link":"https:\/\/lasprimeras.com.do\/index.php\/category\/nacionales\/"},"img":{"alt_text":"","src":"https:\/\/i0.wp.com\/lasprimeras.com.do\/wp-content\/uploads\/2025\/02\/Otra-vivienda-en-construccion.jpg?resize=350%2C200&ssl=1","width":350,"height":200,"srcset":"https:\/\/i0.wp.com\/lasprimeras.com.do\/wp-content\/uploads\/2025\/02\/Otra-vivienda-en-construccion.jpg?resize=350%2C200&ssl=1 1x, https:\/\/i0.wp.com\/lasprimeras.com.do\/wp-content\/uploads\/2025\/02\/Otra-vivienda-en-construccion.jpg?resize=525%2C300&ssl=1 1.5x"},"classes":[]},{"id":54285,"url":"https:\/\/lasprimeras.com.do\/index.php\/2023\/07\/09\/inversiones-financiera-bahia-oferta-soluciones-a-emprendedores-y-microempresarios-en-manzanillo\/","url_meta":{"origin":78551,"position":3},"title":"Inversiones Financiera Bah\u00eda oferta soluciones a emprendedores y microempresarios en Manzanillo","author":"Nelson Feliz","date":"9 de julio de 2023","format":false,"excerpt":"La empresa Inversiones Financieras Bah\u00eda S.R.L., constituida por inversionistas dominicanos residentes en el exterior y dominicanos locales, realiz\u00f3 su apertura\u00a0 en la ciudad de Manzanillo, Provincia Montecristi. El gerente general de la empresa, economista Frank Valenzuela, revel\u00f3 que este proyecto representa una iniciativa conjunta de inversionistas que han decidido diversificar\u2026","rel":"","context":"En \u00abECONOM\u00cdA\u00bb","block_context":{"text":"ECONOM\u00cdA","link":"https:\/\/lasprimeras.com.do\/index.php\/category\/economia\/"},"img":{"alt_text":"Inversiones Financiera Bah\u00eda","src":"https:\/\/i0.wp.com\/lasprimeras.com.do\/wp-content\/uploads\/2023\/07\/inver.jpg?resize=350%2C200&ssl=1","width":350,"height":200,"srcset":"https:\/\/i0.wp.com\/lasprimeras.com.do\/wp-content\/uploads\/2023\/07\/inver.jpg?resize=350%2C200&ssl=1 1x, https:\/\/i0.wp.com\/lasprimeras.com.do\/wp-content\/uploads\/2023\/07\/inver.jpg?resize=525%2C300&ssl=1 1.5x, https:\/\/i0.wp.com\/lasprimeras.com.do\/wp-content\/uploads\/2023\/07\/inver.jpg?resize=700%2C400&ssl=1 2x"},"classes":[]},{"id":102931,"url":"https:\/\/lasprimeras.com.do\/index.php\/2025\/07\/09\/abinader-inaugura-linea-de-transmision-de-345-kv-y-una-subestacion-electrica-en-manzanillo\/","url_meta":{"origin":78551,"position":4},"title":"Abinader inaugura l\u00ednea de transmisi\u00f3n de 345 kV y una subestaci\u00f3n el\u00e9ctrica en Manzanillo","author":"Nelson Feliz","date":"9 de julio de 2025","format":false,"excerpt":"Tambi\u00e9n inaugura una nueva sucursal del Banco de Reservas; visita Puerto de Manzanillo y almuerza con empresarios. El presidente Luis Abinader inaugur\u00f3 este mi\u00e9rcoles la obra el\u00e9ctrica m\u00e1s trascendental en la historia del pa\u00eds, una l\u00ednea de transmisi\u00f3n de 345 kV con 128 kil\u00f3metros de recorrido que conecta los proyectos\u2026","rel":"","context":"En \u00abECONOM\u00cdA\u00bb","block_context":{"text":"ECONOM\u00cdA","link":"https:\/\/lasprimeras.com.do\/index.php\/category\/economia\/"},"img":{"alt_text":"Luis Abinader","src":"https:\/\/i0.wp.com\/lasprimeras.com.do\/wp-content\/uploads\/2025\/07\/Luis-Abinader-2-2.jpg?resize=350%2C200&ssl=1","width":350,"height":200,"srcset":"https:\/\/i0.wp.com\/lasprimeras.com.do\/wp-content\/uploads\/2025\/07\/Luis-Abinader-2-2.jpg?resize=350%2C200&ssl=1 1x, https:\/\/i0.wp.com\/lasprimeras.com.do\/wp-content\/uploads\/2025\/07\/Luis-Abinader-2-2.jpg?resize=525%2C300&ssl=1 1.5x, https:\/\/i0.wp.com\/lasprimeras.com.do\/wp-content\/uploads\/2025\/07\/Luis-Abinader-2-2.jpg?resize=700%2C400&ssl=1 2x"},"classes":[]},{"id":52264,"url":"https:\/\/lasprimeras.com.do\/index.php\/2023\/06\/08\/universidad-de-pensilvania-propone-transformacion-urbana-de-manzanillo\/","url_meta":{"origin":78551,"position":5},"title":"Universidad de Pensilvania propone transformaci\u00f3n urbana de Manzanillo","author":"prenxa100","date":"8 de junio de 2023","format":false,"excerpt":"\"El Coraz\u00f3n Verde de Pepillo Salcedo\" realizado por Azarai Hern\u00e1ndez, estudiante de la Maestr\u00eda en Arquitectura del Paisaje en la reconocida Escuela de Dise\u00f1o Weitzman. Por Frank Valenzuela La Universidad de Pensilvania present\u00f3 un estudio independiente titulado \"El Coraz\u00f3n Verde de Pepillo Salcedo\" realizado por la estudiante Azarai Hern\u00e1ndez, quien\u2026","rel":"","context":"En \u00abNACIONALES\u00bb","block_context":{"text":"NACIONALES","link":"https:\/\/lasprimeras.com.do\/index.php\/category\/nacionales\/"},"img":{"alt_text":"","src":"","width":0,"height":0},"classes":[]}],"jetpack_sharing_enabled":true,"_links":{"self":[{"href":"https:\/\/lasprimeras.com.do\/index.php\/wp-json\/wp\/v2\/posts\/78551","targetHints":{"allow":["GET"]}}],"collection":[{"href":"https:\/\/lasprimeras.com.do\/index.php\/wp-json\/wp\/v2\/posts"}],"about":[{"href":"https:\/\/lasprimeras.com.do\/index.php\/wp-json\/wp\/v2\/types\/post"}],"author":[{"embeddable":true,"href":"https:\/\/lasprimeras.com.do\/index.php\/wp-json\/wp\/v2\/users\/2"}],"replies":[{"embeddable":true,"href":"https:\/\/lasprimeras.com.do\/index.php\/wp-json\/wp\/v2\/comments?post=78551"}],"version-history":[{"count":1,"href":"https:\/\/lasprimeras.com.do\/index.php\/wp-json\/wp\/v2\/posts\/78551\/revisions"}],"predecessor-version":[{"id":78553,"href":"https:\/\/lasprimeras.com.do\/index.php\/wp-json\/wp\/v2\/posts\/78551\/revisions\/78553"}],"wp:featuredmedia":[{"embeddable":true,"href":"https:\/\/lasprimeras.com.do\/index.php\/wp-json\/wp\/v2\/media\/78552"}],"wp:attachment":[{"href":"https:\/\/lasprimeras.com.do\/index.php\/wp-json\/wp\/v2\/media?parent=78551"}],"wp:term":[{"taxonomy":"category","embeddable":true,"href":"https:\/\/lasprimeras.com.do\/index.php\/wp-json\/wp\/v2\/categories?post=78551"},{"taxonomy":"post_tag","embeddable":true,"href":"https:\/\/lasprimeras.com.do\/index.php\/wp-json\/wp\/v2\/tags?post=78551"}],"curies":[{"name":"wp","href":"https:\/\/api.w.org\/{rel}","templated":true}]}}