{"id":78563,"date":"2024-03-17T22:05:15","date_gmt":"2024-03-18T02:05:15","guid":{"rendered":"https:\/\/lasprimeras.com.do\/?p=78563"},"modified":"2024-03-17T22:05:16","modified_gmt":"2024-03-18T02:05:16","slug":"melendez-valois-sera-candidato-diputado-de-ultramar-por-prsc","status":"publish","type":"post","link":"https:\/\/lasprimeras.com.do\/index.php\/2024\/03\/17\/melendez-valois-sera-candidato-diputado-de-ultramar-por-prsc\/","title":{"rendered":"Mel\u00e9ndez Valois ser\u00e1 candidato diputado de ultramar por PRSC"},"content":{"rendered":"\n<p>Por Vicente Balbuena<\/p>\n\n\n\n<p>Paterson, New Jersey.- La dirigencia del Partido Reformista Social Cristiano en Estados Unidos, present\u00f3 al empresario Andr\u00e9s Mel\u00e9ndez Valois, como candidato a diputado de ultramar en la circunscripci\u00f3n n\u00famero uno.<\/p>\n\n\n\n<p>Mel\u00e9ndez Valois, expres\u00f3 su inter\u00e9s de llegar al Congreso Nacional de la Rep\u00fablica Dominicana, para presentar los reclamos y necesidades de los dominicanos de la di\u00e1spora.<\/p>\n\n\n\n<p>Record\u00f3, que va a la C\u00e1mara de Diputados con el firme prop\u00f3sito de trabajar en favor de la comunidad criolla en el exterior.<\/p>\n\n\n\n<p>Mel\u00e9ndez Valois destac\u00f3 entre sus propuestas, la adquisici\u00f3n segura de viviendas por parte de sus compatriotas en Rep\u00fablica Dominicana.<\/p>\n\n\n\n<p>El dirigente Reformista y candidato a Diputado, afirm\u00f3 que decenas de quisqueyanos han sido estafados por no existir una regla clara en ese sentido.<\/p>\n\n\n\n<p>Reconoci\u00f3 que los reformistas social cristianos tienen los suficientes votos para tenerlo como su diputado de ultramar, a fin de tener una oficina operativa real, d\u00f3nde los dominicanos puedan recibir asistencia y orientaciones sobre necesidades en Estados Unidos.<\/p>\n\n\n\n<p>En dicha actividad, hablaron adem\u00e1s Pablo N\u00fa\u00f1ez, presidente del PRSC en el estado de New Jersey, periodista Belkis Mart\u00ednez, secretar\u00eda general de la Seccional de New York, Orlando Rosado, presidente del partido colorao en New York, Ramona Santana, H\u00e9ctor Santana, presidente de la circunscripci\u00f3n n\u00famero uno, entre otros dirigentes reformistas.<\/p>\n","protected":false},"excerpt":{"rendered":"<p>Por Vicente Balbuena Paterson, New Jersey.- La dirigencia del Partido Reformista Social Cristiano en Estados Unidos, present\u00f3 al empresario Andr\u00e9s Mel\u00e9ndez Valois, como candidato a diputado de ultramar en la&hellip;<\/p>\n","protected":false},"author":2,"featured_media":78564,"comment_status":"open","ping_status":"open","sticky":false,"template":"","format":"standard","meta":{"content-type":"","jetpack_post_was_ever_published":false,"_jetpack_newsletter_access":"","_jetpack_dont_email_post_to_subs":false,"_jetpack_newsletter_tier_id":0,"_jetpack_memberships_contains_paywalled_content":false,"_jetpack_memberships_contains_paid_content":false,"footnotes":""},"categories":[1],"tags":[12141,1526,78,5340,489],"class_list":["post-78563","post","type-post","status-publish","format-standard","has-post-thumbnail","hentry","category-sin-categoria","tag-andres-melendez-valois","tag-candidato","tag-diputado","tag-prsc","tag-ultramar"],"jetpack_featured_media_url":"https:\/\/lasprimeras.com.do\/wp-content\/uploads\/2024\/03\/Andres-Melendez-Valois.png","jetpack-related-posts":[{"id":80130,"url":"https:\/\/lasprimeras.com.do\/index.php\/2024\/04\/04\/merenguero-raul-acosta-presentara-candidatura-a-diputado-de-ultramar-por-el-prsc\/","url_meta":{"origin":78563,"position":0},"title":"Merenguero Ra\u00fal Acosta presentar\u00e1 candidatura a diputado de ultramar por el PRSC","author":"BIMARY DE JES\u00daS Matos","date":"4 de abril de 2024","format":false,"excerpt":"MANHATTAN- El popular merenguero Ra\u00fal Acosta anunciar\u00e1 formalmente su candidatura a diputado por la circunscripci\u00f3n #1 de Ultramar y el Partido Reformista Social Cristiano (PRSC). La proclamaci\u00f3n tendr\u00e1 lugar este jueves 4 de abril en 809 lounge del 112 Dyckman Street, a partir de las 6:30 de la tarde. \u201cEstoy\u2026","rel":"","context":"En \u00abSin categor\u00eda\u00bb","block_context":{"text":"Sin categor\u00eda","link":"https:\/\/lasprimeras.com.do\/index.php\/category\/sin-categoria\/"},"img":{"alt_text":"","src":"https:\/\/i0.wp.com\/lasprimeras.com.do\/wp-content\/uploads\/2024\/04\/WhatsApp-Image-2024-04-04-at-7.53.18-AM.jpeg?resize=350%2C200&ssl=1","width":350,"height":200,"srcset":"https:\/\/i0.wp.com\/lasprimeras.com.do\/wp-content\/uploads\/2024\/04\/WhatsApp-Image-2024-04-04-at-7.53.18-AM.jpeg?resize=350%2C200&ssl=1 1x, https:\/\/i0.wp.com\/lasprimeras.com.do\/wp-content\/uploads\/2024\/04\/WhatsApp-Image-2024-04-04-at-7.53.18-AM.jpeg?resize=525%2C300&ssl=1 1.5x, https:\/\/i0.wp.com\/lasprimeras.com.do\/wp-content\/uploads\/2024\/04\/WhatsApp-Image-2024-04-04-at-7.53.18-AM.jpeg?resize=700%2C400&ssl=1 2x, https:\/\/i0.wp.com\/lasprimeras.com.do\/wp-content\/uploads\/2024\/04\/WhatsApp-Image-2024-04-04-at-7.53.18-AM.jpeg?resize=1050%2C600&ssl=1 3x, https:\/\/i0.wp.com\/lasprimeras.com.do\/wp-content\/uploads\/2024\/04\/WhatsApp-Image-2024-04-04-at-7.53.18-AM.jpeg?resize=1400%2C800&ssl=1 4x"},"classes":[]},{"id":70948,"url":"https:\/\/lasprimeras.com.do\/index.php\/2023\/12\/15\/janet-camilo-destaca-repunte-candidatura-diputado-de-ultramar-en-europa-jesus-jourdain\/","url_meta":{"origin":78563,"position":1},"title":"Janet Camilo destaca repunte candidatura diputado de ultramar en Europa, Jes\u00fas Jourdain","author":"BIMARY DE JES\u00daS Matos","date":"15 de diciembre de 2023","format":false,"excerpt":"Santo Domingo.-El candidato a diputado de ultramar en Europa, Jes\u00fas Jourdain recibi\u00f3 el espaldarazo de la presidenta en funciones del Partido Revolucionario Dominicano (PRD), Janet Camilo, durante un encuentro con la dirigencia de esa organizaci\u00f3n en la ciudad de Madrid, Espa\u00f1a. La tambi\u00e9n candidata a vicealcaldesa del Distrito Nacional particip\u00f3\u2026","rel":"","context":"En \u00abSin categor\u00eda\u00bb","block_context":{"text":"Sin categor\u00eda","link":"https:\/\/lasprimeras.com.do\/index.php\/category\/sin-categoria\/"},"img":{"alt_text":"","src":"https:\/\/i0.wp.com\/lasprimeras.com.do\/wp-content\/uploads\/2023\/12\/WhatsApp-Image-2023-12-14-at-4.48.00-PM-18.jpeg?resize=350%2C200&ssl=1","width":350,"height":200},"classes":[]},{"id":123199,"url":"https:\/\/lasprimeras.com.do\/index.php\/2026\/02\/26\/entregan-dominicano-acusado-de-asesinato-en-primer-grado-en-estados-unidos\/","url_meta":{"origin":78563,"position":2},"title":"Entregan dominicano acusado de asesinato en primer grado en Estados Unidos","author":"Nelson Feliz","date":"26 de febrero de 2026","format":false,"excerpt":"\u00a0Su extradici\u00f3n es parte de la ampliaci\u00f3n de las labores de b\u00fasqueda y captura de fugitivos internacionales La Procuradur\u00eda General de la Rep\u00fablica (PGR) y la Direcci\u00f3n Nacional de Control de Drogas (DNCD), apoyados por Alguaciles de Estados Unidos (U.S. Marshals), extraditaron por el Aeropuerto Internacional de Las Am\u00e9ricas (JFPG-AILA),\u2026","rel":"","context":"En \u00abMILITARES\u00bb","block_context":{"text":"MILITARES","link":"https:\/\/lasprimeras.com.do\/index.php\/category\/militares\/"},"img":{"alt_text":"","src":"https:\/\/i0.wp.com\/lasprimeras.com.do\/wp-content\/uploads\/2026\/02\/DNCD.jpg?resize=350%2C200&ssl=1","width":350,"height":200,"srcset":"https:\/\/i0.wp.com\/lasprimeras.com.do\/wp-content\/uploads\/2026\/02\/DNCD.jpg?resize=350%2C200&ssl=1 1x, https:\/\/i0.wp.com\/lasprimeras.com.do\/wp-content\/uploads\/2026\/02\/DNCD.jpg?resize=525%2C300&ssl=1 1.5x, https:\/\/i0.wp.com\/lasprimeras.com.do\/wp-content\/uploads\/2026\/02\/DNCD.jpg?resize=700%2C400&ssl=1 2x"},"classes":[]},{"id":50442,"url":"https:\/\/lasprimeras.com.do\/index.php\/2023\/05\/20\/este-domingo-lanzan-candidatura-a-diputada-de-ultramar-de-laura-nunez\/","url_meta":{"origin":78563,"position":3},"title":"Este domingo lanz\u00e1n candidatura a diputada de ultramar de Laura N\u00fa\u00f1ez","author":"prenxa100","date":"20 de mayo de 2023","format":false,"excerpt":"Por Vicente Balbuena New York.- La reconocida y destacada dirigente, Laura Nu\u00f1ez, lanzar\u00e1 \u00e9ste domingo 21 de mayo, su precandidatura a diputada de ultramar por la Fuerza del Pueblo, FP, que lidera el doctor Leonel Fern\u00e1ndez Reyna. Al acto, han sido convocados, dirigentes, miembros y simpatizantes, de la que es\u2026","rel":"","context":"En \u00abSin categor\u00eda\u00bb","block_context":{"text":"Sin categor\u00eda","link":"https:\/\/lasprimeras.com.do\/index.php\/category\/sin-categoria\/"},"img":{"alt_text":"","src":"","width":0,"height":0},"classes":[]},{"id":49644,"url":"https:\/\/lasprimeras.com.do\/index.php\/2023\/05\/13\/ny-denuncia-plan-gobierno-jce-para-amanar-resultado-elecciones\/","url_meta":{"origin":78563,"position":4},"title":"NY: Denuncia plan Gobierno-JCE para &#8220;ama\u00f1ar&#8221; resultado elecciones","author":"prenxa100","date":"13 de mayo de 2023","format":false,"excerpt":"NUEVA YORK.- La resoluci\u00f3n de la Junta Central Electoral (JCE) que establece la reserva del 20% de candidaturas en cada nivel de elecci\u00f3n para los comicios del 2024 es parte de un plan del Gobierno y ese organismo para \"ama\u00f1ar\" los resultados de los comicios de 2024, denunci\u00f3 el precandidato\u2026","rel":"","context":"En \u00abPORTADA\u00bb","block_context":{"text":"PORTADA","link":"https:\/\/lasprimeras.com.do\/index.php\/category\/portada\/"},"img":{"alt_text":"","src":"","width":0,"height":0},"classes":[]},{"id":54359,"url":"https:\/\/lasprimeras.com.do\/index.php\/2023\/07\/10\/mi-sentir-como-candidata-a-diputada-en-ultramar\/","url_meta":{"origin":78563,"position":5},"title":"Mi sentir como candidata a diputada en ultramar","author":"Nelson Feliz","date":"10 de julio de 2023","format":false,"excerpt":"Por Ana Vargas El pasado s\u00e1bado, el Partido de la Liberaci\u00f3n Dominicana (PLD) realiz\u00f3 una marcha en Santo Domingo para demostrar su apoyo al candidato presidencial Abel Mart\u00ednez. La marcha fue un \u00e9xito rotundo, con miles de personas congreg\u00e1ndose para mostrar su respaldo al partido y a su candidato. Ante\u2026","rel":"","context":"En \u00abOPINI\u00d3N\u00bb","block_context":{"text":"OPINI\u00d3N","link":"https:\/\/lasprimeras.com.do\/index.php\/category\/opinion\/"},"img":{"alt_text":"Ana Vargas","src":"https:\/\/i0.wp.com\/lasprimeras.com.do\/wp-content\/uploads\/2023\/07\/Ana-Vargas.jpg?resize=350%2C200&ssl=1","width":350,"height":200,"srcset":"https:\/\/i0.wp.com\/lasprimeras.com.do\/wp-content\/uploads\/2023\/07\/Ana-Vargas.jpg?resize=350%2C200&ssl=1 1x, https:\/\/i0.wp.com\/lasprimeras.com.do\/wp-content\/uploads\/2023\/07\/Ana-Vargas.jpg?resize=525%2C300&ssl=1 1.5x, https:\/\/i0.wp.com\/lasprimeras.com.do\/wp-content\/uploads\/2023\/07\/Ana-Vargas.jpg?resize=700%2C400&ssl=1 2x"},"classes":[]}],"jetpack_sharing_enabled":true,"_links":{"self":[{"href":"https:\/\/lasprimeras.com.do\/index.php\/wp-json\/wp\/v2\/posts\/78563","targetHints":{"allow":["GET"]}}],"collection":[{"href":"https:\/\/lasprimeras.com.do\/index.php\/wp-json\/wp\/v2\/posts"}],"about":[{"href":"https:\/\/lasprimeras.com.do\/index.php\/wp-json\/wp\/v2\/types\/post"}],"author":[{"embeddable":true,"href":"https:\/\/lasprimeras.com.do\/index.php\/wp-json\/wp\/v2\/users\/2"}],"replies":[{"embeddable":true,"href":"https:\/\/lasprimeras.com.do\/index.php\/wp-json\/wp\/v2\/comments?post=78563"}],"version-history":[{"count":1,"href":"https:\/\/lasprimeras.com.do\/index.php\/wp-json\/wp\/v2\/posts\/78563\/revisions"}],"predecessor-version":[{"id":78565,"href":"https:\/\/lasprimeras.com.do\/index.php\/wp-json\/wp\/v2\/posts\/78563\/revisions\/78565"}],"wp:featuredmedia":[{"embeddable":true,"href":"https:\/\/lasprimeras.com.do\/index.php\/wp-json\/wp\/v2\/media\/78564"}],"wp:attachment":[{"href":"https:\/\/lasprimeras.com.do\/index.php\/wp-json\/wp\/v2\/media?parent=78563"}],"wp:term":[{"taxonomy":"category","embeddable":true,"href":"https:\/\/lasprimeras.com.do\/index.php\/wp-json\/wp\/v2\/categories?post=78563"},{"taxonomy":"post_tag","embeddable":true,"href":"https:\/\/lasprimeras.com.do\/index.php\/wp-json\/wp\/v2\/tags?post=78563"}],"curies":[{"name":"wp","href":"https:\/\/api.w.org\/{rel}","templated":true}]}}