{"id":78575,"date":"2024-03-17T22:40:19","date_gmt":"2024-03-18T02:40:19","guid":{"rendered":"https:\/\/lasprimeras.com.do\/?p=78575"},"modified":"2024-03-17T22:40:19","modified_gmt":"2024-03-18T02:40:19","slug":"putin-lidera-con-amplia-mayoria-en-las-elecciones-en-rusia","status":"publish","type":"post","link":"https:\/\/lasprimeras.com.do\/index.php\/2024\/03\/17\/putin-lidera-con-amplia-mayoria-en-las-elecciones-en-rusia\/","title":{"rendered":"Putin lidera con amplia mayor\u00eda en las elecciones en Rusia"},"content":{"rendered":"\n<p><strong>El cierre de los colegios electorales a las 21:00 de este domingo puso fin a la tercera y \u00faltima jornada de las elecciones presidenciales en Rusia.<\/strong><\/p>\n\n\n\n<p><strong>RUSIA, RT.-. <\/strong>La Comisi\u00f3n Electoral Central de Rusia ha difundido los primeros resultados del recuento de las elecciones presidenciales. Con el 98,02 % del recuento completado, el actual mandatario, Vlad\u00edmir Putin, obtiene el 87,34 % de los votos, seguido de Nikol\u00e1i Jarit\u00f3nov del Partido Comunista de la Federaci\u00f3n de Rusia (4,30 %); Vladislav Davankov del partido Gente Nueva (3,80 %) y Leonid Slutski del Partido Liberal-Dem\u00f3crata de Rusia (3,17 %).<\/p>\n\n\n\n<p>El cierre de los colegios electorales a las 21:00 de este domingo puso fin a la tercera y \u00faltima jornada de las elecciones presidenciales en Rusia, dando comienzo el recuento de los votos que determinar\u00e1 cu\u00e1l de los cuatro candidatos a la Presidencia del pa\u00eds ser\u00e1 el jefe del Estado durante los pr\u00f3ximos seis a\u00f1os.<\/p>\n\n\n\n<figure class=\"wp-block-image size-large\"><img decoding=\"async\" width=\"1024\" height=\"826\" src=\"https:\/\/lasprimeras.com.do\/wp-content\/uploads\/2024\/03\/CANDIDATOS-RUSOS-1024x826.jpg\" alt=\"\" class=\"wp-image-78577\" srcset=\"https:\/\/lasprimeras.com.do\/wp-content\/uploads\/2024\/03\/CANDIDATOS-RUSOS-1024x826.jpg 1024w, https:\/\/lasprimeras.com.do\/wp-content\/uploads\/2024\/03\/CANDIDATOS-RUSOS-300x242.jpg 300w, https:\/\/lasprimeras.com.do\/wp-content\/uploads\/2024\/03\/CANDIDATOS-RUSOS-768x619.jpg 768w, https:\/\/lasprimeras.com.do\/wp-content\/uploads\/2024\/03\/CANDIDATOS-RUSOS.jpg 1104w\" sizes=\"(max-width: 1024px) 100vw, 1024px\" \/><\/figure>\n\n\n\n<p>Las comisiones electorales de distritos tienen hasta el 19 de marzo para notificar los resultados, mientras que las comisiones electorales de los sujetos federales de Rusia deben hacerlo hasta el 21 de marzo.<\/p>\n\n\n\n<p>Los resultados ser\u00e1n anunciados por la Comisi\u00f3n Electoral Central (CEC) antes del 28 de marzo.<\/p>\n\n\n\n<p>El candidato ganador debe obtener el 50 % de los votos m\u00e1s uno. Si ninguno de ellos rebasa este porcentaje, la CEC programar\u00e1 una segunda vuelta, que se celebrar\u00e1 tres semanas despu\u00e9s de la primera y en la que se enfrentar\u00e1n en las urnas los dos candidatos m\u00e1s votados. La toma de posesi\u00f3n est\u00e1 prevista para el 7 de mayo.<\/p>\n\n\n\n<p>Cabe mencionar que la votaci\u00f3n se desarroll\u00f3 en medio de intentos de las Fuerzas Armadas de Ucrania por socavar el proceso electoral con ataques de artiller\u00eda lanzados contra provincias fronterizas, misiones de sabotaje a trav\u00e9s de la frontera y el env\u00edo de drones cargados de explosivos.<\/p>\n\n\n\n<p>Este domingo, un ataque masivo ucraniano contra la ciudad rusa de B\u00e9lgorod caus\u00f3 la muerte a una persona, hiri\u00f3 a otras 11 y ocasion\u00f3 da\u00f1os en decenas de viviendas.<\/p>\n\n\n\n<p>En estos comicios, que se extendieron por tres d\u00edas por primera vez en la historia del pa\u00eds, todos los ciudadanos mayores a 18 a\u00f1os pod\u00edan ejercer su derecho al voto acudiendo personalmente a un colegio electoral o bien mediante la opci\u00f3n del voto electr\u00f3nico por Internet.<\/p>\n\n\n\n<p>Esta posibilidad era accesible en 29 regiones de Rusia y ha sido la elegida por m\u00e1s de 4,9 millones de electores.<\/p>\n\n\n\n<p>Seg\u00fan datos de la CEC, para el pasado 1 de enero el n\u00famero de personas con derecho al voto en el pa\u00eds era de 112,3 millones de electores, a los que hay que sumar m\u00e1s de 1,89 millones en el extranjero y casi 12.000 en la ciudad de Baikonur (Kazajist\u00e1n).<\/p>\n\n\n\n<p>Adem\u00e1s, en 144 pa\u00edses se abrieron 281 colegios electorales (288 contando con los de Baikonur), donde los ciudadanos rusos con residencia en el exterior o que estuvieran de viaje pod\u00edan emitir su voto.<\/p>\n\n\n\n<p>&#8220;1.115 observadores y expertos internacionales de 129 pa\u00edses est\u00e1n supervisando la votaci\u00f3n en las elecciones presidenciales rusas&#8221;, seg\u00fan la presidenta de la CEC, Ela Pamf\u00edlova.<\/p>\n\n\n\n<p>Entre otras organizaciones internacionales, est\u00e1n presentes las misiones de monitoreo de la Comunidad de Estados Independientes y la Organizaci\u00f3n de Cooperaci\u00f3n de Shangh\u00e1i. No ha sido invitada la misi\u00f3n de la Oficina de Instituciones Democr\u00e1ticas y Derechos Humanos de la OSCE.<\/p>\n","protected":false},"excerpt":{"rendered":"<p>El cierre de los colegios electorales a las 21:00 de este domingo puso fin a la tercera y \u00faltima jornada de las elecciones presidenciales en Rusia. RUSIA, RT.-. La Comisi\u00f3n&hellip;<\/p>\n","protected":false},"author":2,"featured_media":78576,"comment_status":"open","ping_status":"open","sticky":false,"template":"","format":"standard","meta":{"content-type":"","jetpack_post_was_ever_published":false,"_jetpack_newsletter_access":"","_jetpack_dont_email_post_to_subs":false,"_jetpack_newsletter_tier_id":0,"_jetpack_memberships_contains_paywalled_content":false,"_jetpack_memberships_contains_paid_content":false,"footnotes":""},"categories":[1],"tags":[3376,182,2397,2313,1119,3868],"class_list":["post-78575","post","type-post","status-publish","format-standard","has-post-thumbnail","hentry","category-sin-categoria","tag-amplia-2","tag-elecciones","tag-lidera","tag-mayoria","tag-rusia","tag-vladimir-putin-2"],"jetpack_featured_media_url":"https:\/\/lasprimeras.com.do\/wp-content\/uploads\/2024\/03\/ELECCIONES-RUSA.jpg","jetpack-related-posts":[{"id":70145,"url":"https:\/\/lasprimeras.com.do\/index.php\/2023\/12\/08\/rusia-vladimir-putin-anuncia-que-se-postulara-para-la-reeleccion\/","url_meta":{"origin":78575,"position":0},"title":"RUSIA: Vlad\u00edmir Putin anuncia que se postular\u00e1 para la reelecci\u00f3n","author":"BIMARY DE JES\u00daS Matos","date":"8 de diciembre de 2023","format":false,"excerpt":"MOSCU.- El presidente de Rusia, Vlad\u00edmir Putin, anunci\u00f3 este viernes que ha decidido volver a postularse para la reelecci\u00f3n en los pr\u00f3ximos comicios de 2024, aspirando a seguir ejerciendo las funciones de jefe de Estado. El mandatario ruso mencion\u00f3 sus planes durante una ceremonia celebrada en el Kremlin, al responder\u2026","rel":"","context":"En \u00abSin categor\u00eda\u00bb","block_context":{"text":"Sin categor\u00eda","link":"https:\/\/lasprimeras.com.do\/index.php\/category\/sin-categoria\/"},"img":{"alt_text":"","src":"https:\/\/i0.wp.com\/lasprimeras.com.do\/wp-content\/uploads\/2023\/12\/WhatsApp-Image-2023-12-01-at-1.47.05-PM.webp?resize=350%2C200&ssl=1","width":350,"height":200,"srcset":"https:\/\/i0.wp.com\/lasprimeras.com.do\/wp-content\/uploads\/2023\/12\/WhatsApp-Image-2023-12-01-at-1.47.05-PM.webp?resize=350%2C200&ssl=1 1x, https:\/\/i0.wp.com\/lasprimeras.com.do\/wp-content\/uploads\/2023\/12\/WhatsApp-Image-2023-12-01-at-1.47.05-PM.webp?resize=525%2C300&ssl=1 1.5x, https:\/\/i0.wp.com\/lasprimeras.com.do\/wp-content\/uploads\/2023\/12\/WhatsApp-Image-2023-12-01-at-1.47.05-PM.webp?resize=700%2C400&ssl=1 2x, https:\/\/i0.wp.com\/lasprimeras.com.do\/wp-content\/uploads\/2023\/12\/WhatsApp-Image-2023-12-01-at-1.47.05-PM.webp?resize=1050%2C600&ssl=1 3x"},"classes":[]},{"id":78530,"url":"https:\/\/lasprimeras.com.do\/index.php\/2024\/03\/17\/rusos-abarrotan-colegios-electorales-en-protesta-mientras-putin-se-dispone-a-extender-su-gobierno\/","url_meta":{"origin":78575,"position":1},"title":"Rusos abarrotan colegios electorales en protesta; mientras Putin se dispone a extender su gobierno","author":"Nelson Feliz","date":"17 de marzo de 2024","format":false,"excerpt":"POR EMMA BURROWS Y DASHA LITVINOVA Rusia, AP.-. Los rusos se agolparon frente a los colegios electorales el domingo al mediod\u00eda, en el \u00faltimo d\u00eda de las elecciones presidenciales , aparentemente atendiendo a un llamado de la oposici\u00f3n a protestar contra el presidente Vladimir Putin en una votaci\u00f3n que no\u2026","rel":"","context":"En \u00abSin categor\u00eda\u00bb","block_context":{"text":"Sin categor\u00eda","link":"https:\/\/lasprimeras.com.do\/index.php\/category\/sin-categoria\/"},"img":{"alt_text":"rusos","src":"https:\/\/i0.wp.com\/lasprimeras.com.do\/wp-content\/uploads\/2024\/03\/rusos.jpg?resize=350%2C200&ssl=1","width":350,"height":200,"srcset":"https:\/\/i0.wp.com\/lasprimeras.com.do\/wp-content\/uploads\/2024\/03\/rusos.jpg?resize=350%2C200&ssl=1 1x, https:\/\/i0.wp.com\/lasprimeras.com.do\/wp-content\/uploads\/2024\/03\/rusos.jpg?resize=525%2C300&ssl=1 1.5x, https:\/\/i0.wp.com\/lasprimeras.com.do\/wp-content\/uploads\/2024\/03\/rusos.jpg?resize=700%2C400&ssl=1 2x"},"classes":[]},{"id":78609,"url":"https:\/\/lasprimeras.com.do\/index.php\/2024\/03\/18\/putin-seguira-en-el-kremlin-hasta-2030-tras-lograr-un-historico-875-de-los-votos\/","url_meta":{"origin":78575,"position":2},"title":"Putin seguir\u00e1 en el Kremlin hasta 2030 tras lograr un hist\u00f3rico 87,5 % de los votos","author":"BIMARY DE JES\u00daS Matos","date":"18 de marzo de 2024","format":false,"excerpt":"Mosc\u00fa.- El presidente ruso, Vlad\u00edmir Putin, seguir\u00e1 en el Kremlin hasta 2030 tras lograr el 87,5 % de los votos seg\u00fan el escrutinio del 32 % de los sufragios, inform\u00f3 la Comisi\u00f3n Electoral Central (CEC) al t\u00e9rmino de los tres d\u00edas de votaci\u00f3n. Putin, de 71 a\u00f1os, logr\u00f3 su mayor\u2026","rel":"","context":"En \u00abSin categor\u00eda\u00bb","block_context":{"text":"Sin categor\u00eda","link":"https:\/\/lasprimeras.com.do\/index.php\/category\/sin-categoria\/"},"img":{"alt_text":"","src":"","width":0,"height":0},"classes":[]},{"id":99002,"url":"https:\/\/lasprimeras.com.do\/index.php\/2025\/05\/15\/zelenskyy-llega-a-turquia-para-conversaciones-de-paz-sobre-ucrania-pero-putin-no-acude\/","url_meta":{"origin":78575,"position":3},"title":"Zelenskyy llega a Turqu\u00eda para conversaciones de paz sobre Ucrania, pero Putin no acude","author":"Nelson Feliz","date":"15 de mayo de 2025","format":false,"excerpt":"POR MEHMET GUZEL ESTAMBUL, Turqu\u00eda (AP) \u2014 El presidente de Rusia, Vlad\u00edmir Putin, no se present\u00f3 en Turqu\u00eda el jueves para las conversaciones de paz directas propuestas con el l\u00edder ucraniano Volodymyr Zelenskyy, quien lo esperaba en la capital de Ankara tras desafiar al l\u00edder del Kremlin a reunirse cara\u2026","rel":"","context":"En \u00abINTERNACIONALES\u00bb","block_context":{"text":"INTERNACIONALES","link":"https:\/\/lasprimeras.com.do\/index.php\/category\/sin-categoria\/internacionales\/"},"img":{"alt_text":"","src":"https:\/\/i0.wp.com\/lasprimeras.com.do\/wp-content\/uploads\/2025\/05\/ARMADOS.jpg?resize=350%2C200&ssl=1","width":350,"height":200,"srcset":"https:\/\/i0.wp.com\/lasprimeras.com.do\/wp-content\/uploads\/2025\/05\/ARMADOS.jpg?resize=350%2C200&ssl=1 1x, https:\/\/i0.wp.com\/lasprimeras.com.do\/wp-content\/uploads\/2025\/05\/ARMADOS.jpg?resize=525%2C300&ssl=1 1.5x, https:\/\/i0.wp.com\/lasprimeras.com.do\/wp-content\/uploads\/2025\/05\/ARMADOS.jpg?resize=700%2C400&ssl=1 2x"},"classes":[]},{"id":70857,"url":"https:\/\/lasprimeras.com.do\/index.php\/2023\/12\/14\/putin-dice-la-paz-llegara-cuando-rusia-logre-objetivos-en-ucrania\/","url_meta":{"origin":78575,"position":4},"title":"Putin dice la paz llegar\u00e1 cuando Rusia logre objetivos en Ucrania","author":"BIMARY DE JES\u00daS Matos","date":"14 de diciembre de 2023","format":false,"excerpt":"MOSCU.- El presidente de Rusia, Vlad\u00edmir Putin, afirm\u00f3 que la paz en Ucrania llegar\u00e1 cuando Rusia \u201calcance sus objetivos\u201d, que no han cambiado desde el inicio de la campa\u00f1a militar en febrero de 2022. \u201cLa paz llegar\u00e1 cuando Rusia alcance sus objetivos\u201d, dijo el jefe del Kremlin en su rueda\u2026","rel":"","context":"En \u00abSin categor\u00eda\u00bb","block_context":{"text":"Sin categor\u00eda","link":"https:\/\/lasprimeras.com.do\/index.php\/category\/sin-categoria\/"},"img":{"alt_text":"","src":"https:\/\/i0.wp.com\/lasprimeras.com.do\/wp-content\/uploads\/2023\/12\/WhatsApp-Image-2023-12-14-at-10.38.32-AM-8.jpeg?resize=350%2C200&ssl=1","width":350,"height":200,"srcset":"https:\/\/i0.wp.com\/lasprimeras.com.do\/wp-content\/uploads\/2023\/12\/WhatsApp-Image-2023-12-14-at-10.38.32-AM-8.jpeg?resize=350%2C200&ssl=1 1x, https:\/\/i0.wp.com\/lasprimeras.com.do\/wp-content\/uploads\/2023\/12\/WhatsApp-Image-2023-12-14-at-10.38.32-AM-8.jpeg?resize=525%2C300&ssl=1 1.5x"},"classes":[]},{"id":84725,"url":"https:\/\/lasprimeras.com.do\/index.php\/2024\/06\/14\/putin-ofrece-una-tregua-si-ucrania-sale-de-las-zonas-reclamadas-por-rusia-y-abandona-su-candidatura-a-la-otan\/","url_meta":{"origin":78575,"position":5},"title":"Putin ofrece una tregua si Ucrania sale de las zonas reclamadas por Rusia y abandona su candidatura a la OTAN","author":"Nelson Feliz","date":"14 de junio de 2024","format":false,"excerpt":"Kyiv lo califica de \"absurdo\" POR DASHA LITVINOVA El presidente ruso, Vladimir Putin, prometi\u00f3 el viernes ordenar \u201cinmediatamente\u201d un alto el fuego en Ucrania e iniciar negociaciones si Kiev comenzaba a retirar tropas de las cuatro regiones anexadas por Mosc\u00fa en 2022 y renunciaba a sus planes de unirse a\u2026","rel":"","context":"En \u00abSin categor\u00eda\u00bb","block_context":{"text":"Sin categor\u00eda","link":"https:\/\/lasprimeras.com.do\/index.php\/category\/sin-categoria\/"},"img":{"alt_text":"Vladimir Putin","src":"https:\/\/i0.wp.com\/lasprimeras.com.do\/wp-content\/uploads\/2024\/06\/Vladimir-Putin.jpg?resize=350%2C200&ssl=1","width":350,"height":200,"srcset":"https:\/\/i0.wp.com\/lasprimeras.com.do\/wp-content\/uploads\/2024\/06\/Vladimir-Putin.jpg?resize=350%2C200&ssl=1 1x, https:\/\/i0.wp.com\/lasprimeras.com.do\/wp-content\/uploads\/2024\/06\/Vladimir-Putin.jpg?resize=525%2C300&ssl=1 1.5x, https:\/\/i0.wp.com\/lasprimeras.com.do\/wp-content\/uploads\/2024\/06\/Vladimir-Putin.jpg?resize=700%2C400&ssl=1 2x"},"classes":[]}],"jetpack_sharing_enabled":true,"_links":{"self":[{"href":"https:\/\/lasprimeras.com.do\/index.php\/wp-json\/wp\/v2\/posts\/78575","targetHints":{"allow":["GET"]}}],"collection":[{"href":"https:\/\/lasprimeras.com.do\/index.php\/wp-json\/wp\/v2\/posts"}],"about":[{"href":"https:\/\/lasprimeras.com.do\/index.php\/wp-json\/wp\/v2\/types\/post"}],"author":[{"embeddable":true,"href":"https:\/\/lasprimeras.com.do\/index.php\/wp-json\/wp\/v2\/users\/2"}],"replies":[{"embeddable":true,"href":"https:\/\/lasprimeras.com.do\/index.php\/wp-json\/wp\/v2\/comments?post=78575"}],"version-history":[{"count":1,"href":"https:\/\/lasprimeras.com.do\/index.php\/wp-json\/wp\/v2\/posts\/78575\/revisions"}],"predecessor-version":[{"id":78578,"href":"https:\/\/lasprimeras.com.do\/index.php\/wp-json\/wp\/v2\/posts\/78575\/revisions\/78578"}],"wp:featuredmedia":[{"embeddable":true,"href":"https:\/\/lasprimeras.com.do\/index.php\/wp-json\/wp\/v2\/media\/78576"}],"wp:attachment":[{"href":"https:\/\/lasprimeras.com.do\/index.php\/wp-json\/wp\/v2\/media?parent=78575"}],"wp:term":[{"taxonomy":"category","embeddable":true,"href":"https:\/\/lasprimeras.com.do\/index.php\/wp-json\/wp\/v2\/categories?post=78575"},{"taxonomy":"post_tag","embeddable":true,"href":"https:\/\/lasprimeras.com.do\/index.php\/wp-json\/wp\/v2\/tags?post=78575"}],"curies":[{"name":"wp","href":"https:\/\/api.w.org\/{rel}","templated":true}]}}