{"id":78582,"date":"2024-03-17T23:18:38","date_gmt":"2024-03-18T03:18:38","guid":{"rendered":"https:\/\/lasprimeras.com.do\/?p=78582"},"modified":"2024-03-17T23:18:38","modified_gmt":"2024-03-18T03:18:38","slug":"leonel-recibe-respaldo-de-personalidades-de-la-diaspora-en-la-florida","status":"publish","type":"post","link":"https:\/\/lasprimeras.com.do\/index.php\/2024\/03\/17\/leonel-recibe-respaldo-de-personalidades-de-la-diaspora-en-la-florida\/","title":{"rendered":"Leonel recibe respaldo de personalidades de la di\u00e1spora en La Florida"},"content":{"rendered":"\n<p><strong>Presidente de la Fuerza del Pueblo encabeza di\u00e1logos sectoriales en EEUU<\/strong><\/p>\n\n\n\n<p><strong>MIAMI.-<\/strong> El candidato presidencial del partido Fuerza del Pueblo, Leonel Fern\u00e1ndez, recibi\u00f3 el respaldo de diversas personalidades de la di\u00e1spora dominicana, residente en el estado de La Florida, en Estados Unidos.<\/p>\n\n\n\n<p>Con el prop\u00f3sito de escuchar los anhelos, inquietudes y reclamos de la gente, Leonel Fern\u00e1ndez realiza una serie de conversatorios sectoriales, a trav\u00e9s de los cuales puede aprender del pueblo y, al mismo tiempo, presentar sus propuestas para el gobierno del 2024-2028.<\/p>\n\n\n\n<p>Estos conversatorios llevaron al l\u00edder de la oposici\u00f3n pol\u00edtica dominicana a llegar a la ciudad de Miami, donde pudo conocer de manera directa las historias de decenas de dominicanos, entre estos, personalidades que le expresaron su respaldo, al tiempo que le expusieron la visi\u00f3n de Rep\u00fablica Dominicana, que ellos quieren y con la cual se identifica Fern\u00e1ndez.<\/p>\n\n\n\n<p>En un encuentro celebrado este domingo, Santiago Figuereo, quien es un prestigioso m\u00e9dico neurocirujano dominicano, graduado en Estados Unidos, narr\u00f3 su historia al l\u00edder pol\u00edtico dominicano, explicando que pudo avanzar fuera del territorio dominicano basado en la fe, la estrategia y la planificaci\u00f3n.<\/p>\n\n\n\n<p>Figuereo dijo que emigr\u00f3 a los Estados Unidos a inicios de 1996 y, que hace unos a\u00f1os viaj\u00f3 a Rep\u00fablica Dominicana y pudo evidenciar el desarrollo exponencial del pa\u00eds.<\/p>\n\n\n\n<p>El galeno dijo que, en esa ocasi\u00f3n, qued\u00f3 admirado, expres\u00e1ndole a su familia: \u201cWao, yo quiero m\u00e1s de esto\u201d.<\/p>\n\n\n\n<p>Aprovech\u00f3 el encuentro para llamar a sus conciudadanos a salir &#8220;a decirle a los dominicanos que queremos a Leonel Fern\u00e1ndez, porque queremos m\u00e1s de lo que tuvimos\u201d.<\/p>\n\n\n\n<p>Otro que habl\u00f3, en el encuentro, fue el actor dominicano Juan Vidal, quien coment\u00f3 que tambi\u00e9n sali\u00f3 del pa\u00eds, a mediados de los 90, con destino a M\u00e9xico, para seguir su sue\u00f1o de estudiar cinematograf\u00eda.<\/p>\n\n\n\n<p>\u201cSupe lo dif\u00edcil que es salir al extranjero y escuchar lo que se dice de tu pa\u00eds. Me dol\u00eda mucho lo que se dec\u00eda de mi pa\u00eds &#8220;, cont\u00f3 Vidal, para subrayar que con la llegada al poder de Leonel Fern\u00e1ndez, \u201cescuch\u00e9 los nuevos comentarios positivos\u201d.<\/p>\n\n\n\n<p>Explic\u00f3 que se siente identificado con Leonel Fern\u00e1ndez, porque \u00e9ste cre\u00f3 \u201cuna industria que no exist\u00eda&#8221;.<\/p>\n\n\n\n<p>Yo me tuve que irme fuera, a seguir mi sue\u00f1o, pero hoy en d\u00eda, hay toda una industria del cine en la Rep\u00fablica Dominicana, agreg\u00f3.<\/p>\n\n\n\n<p>\u201cGracias a usted, presidente (Leonel Fern\u00e1ndez), existe una industria que nos ven en todas partes del mundo\u201d, subray\u00f3.<\/p>\n\n\n\n<p>\u201cHoy estamos en el retroceso de nuevo, estamos yendo para atr\u00e1s, y eso no puede ser. Lo que he comentado con gente de mi medio, que necesitamos que vuelva Leonel\u201d, dijo de manera en\u00e9rgica el actor Juan Vidal.<\/p>\n\n\n\n<p>En tanto que el productor musical, Luis Silvestre, que vive en los Estados Unidos, desde 1992, dijo que decidi\u00f3 apoyar a Leonel Fern\u00e1ndez, porque lo que promete lo cumple.<\/p>\n\n\n\n<p>\u201cEl prometi\u00f3 un New York chiquito y lo hizo, prometi\u00f3 el progreso y lo hizo. Para m\u00ed, hay un antes y un despu\u00e9s en la historia de la Rep\u00fablica Dominicana, aqu\u00ed no hay promesas, aqu\u00ed hay historia de buen gobierno\u201d, sostuvo Silvestre.<\/p>\n\n\n\n<p>Llam\u00f3 a los dominicanos a votar para retomar el rumbo correcto de nuestra naci\u00f3n\u2026 \u201cvamos a votar para retomar lo nuestro\u201d, expres\u00f3.<\/p>\n\n\n\n<p>Otra que hizo uso de la palabra fue la famosa abogada dominicana, especialista en derecho migratorio, Mayra Joli, quien dijo que \u201cla fuerza est\u00e1 representada en el pueblo y la Fuerza del Pueblo est\u00e1 representada por Leonel Fern\u00e1ndez\u201d.<\/p>\n\n\n\n<p>Tambi\u00e9n habl\u00f3 el maestro Nino Collado, que inici\u00f3 su carrera en 1986. Proviene de una generaci\u00f3n de educadores dominicanos.<\/p>\n\n\n\n<p>Collado resalt\u00f3 los aportes de Fern\u00e1ndez a la educaci\u00f3n dominicana, con la promulgaci\u00f3n de la Ley 66-97, que introdujo una reforma curricular por competencia, la dignificaci\u00f3n magisterial, entre estos otros logros, como el aumento salarial, construcci\u00f3n de escuelas modernas y la dotaci\u00f3n de tecnolog\u00edas en las escuelas.<\/p>\n\n\n\n<p>En el conversatorio, acompa\u00f1ando a Fern\u00e1ndez el presidente estatal, Tomas Pe\u00f1a.<\/p>\n\n\n\n<p>Adem\u00e1s, los candidatos a diputados de ultramar, Isha Cabrera y Vladimir Pujols, quienes coincidieron en la necesidad de trabajar unidos como comunidad, para lograr que el pa\u00eds pueda volver pa\u2019 lante, de la mano de Leonel Fern\u00e1ndez.<\/p>\n","protected":false},"excerpt":{"rendered":"<p>Presidente de la Fuerza del Pueblo encabeza di\u00e1logos sectoriales en EEUU MIAMI.- El candidato presidencial del partido Fuerza del Pueblo, Leonel Fern\u00e1ndez, recibi\u00f3 el respaldo de diversas personalidades de la&hellip;<\/p>\n","protected":false},"author":2,"featured_media":78583,"comment_status":"open","ping_status":"open","sticky":false,"template":"","format":"standard","meta":{"content-type":"","jetpack_post_was_ever_published":false,"_jetpack_newsletter_access":"","_jetpack_dont_email_post_to_subs":false,"_jetpack_newsletter_tier_id":0,"_jetpack_memberships_contains_paywalled_content":false,"_jetpack_memberships_contains_paid_content":false,"footnotes":""},"categories":[25],"tags":[2329,12149,51,9300,4536],"class_list":["post-78582","post","type-post","status-publish","format-standard","has-post-thumbnail","hentry","category-portada","tag-diaspora","tag-la-florida","tag-leonel-fernandez","tag-personalidades","tag-respaldo"],"jetpack_featured_media_url":"https:\/\/lasprimeras.com.do\/wp-content\/uploads\/2024\/03\/Leonel-Fernandez-6.jpg","jetpack-related-posts":[{"id":78466,"url":"https:\/\/lasprimeras.com.do\/index.php\/2024\/03\/16\/leonel-viaja-a-eeuu-para-continuar-dialogos-sectoriales-y-actividades-politicas\/","url_meta":{"origin":78582,"position":0},"title":"Leonel viaja a EEUU para continuar di\u00e1logos sectoriales y actividades pol\u00edticas","author":"Nelson Feliz","date":"16 de marzo de 2024","format":false,"excerpt":"Miami, FLORIDA.-\u00a0 El candidato presidencial del partido Fuerza del Pueblo (FP), Leonel Fern\u00e1ndez, se encuentra en esta ciudad, donde encabezar\u00e1 varias actividades pol\u00edticas y acad\u00e9micas. \u00a0El l\u00edder pol\u00edtico opositor dominicano lleg\u00f3 a La Florida, en horas de la tarde este s\u00e1bado, procedente de Santo Domingo. \u00a0En la ma\u00f1ana de este\u2026","rel":"","context":"En \u00abPORTADA\u00bb","block_context":{"text":"PORTADA","link":"https:\/\/lasprimeras.com.do\/index.php\/category\/portada\/"},"img":{"alt_text":"Leonel Fern\u00e1ndez","src":"https:\/\/i0.wp.com\/lasprimeras.com.do\/wp-content\/uploads\/2024\/03\/Leonel-Fernandez-5.jpg?resize=350%2C200&ssl=1","width":350,"height":200,"srcset":"https:\/\/i0.wp.com\/lasprimeras.com.do\/wp-content\/uploads\/2024\/03\/Leonel-Fernandez-5.jpg?resize=350%2C200&ssl=1 1x, https:\/\/i0.wp.com\/lasprimeras.com.do\/wp-content\/uploads\/2024\/03\/Leonel-Fernandez-5.jpg?resize=525%2C300&ssl=1 1.5x, https:\/\/i0.wp.com\/lasprimeras.com.do\/wp-content\/uploads\/2024\/03\/Leonel-Fernandez-5.jpg?resize=700%2C400&ssl=1 2x"},"classes":[]},{"id":116932,"url":"https:\/\/lasprimeras.com.do\/index.php\/2025\/12\/05\/llama-dominicanos-seguir-apoyo-a-leonel-para-garantizar-triunfo-arrollador-y-rd-vuelva-a-la-normalidad\/","url_meta":{"origin":78582,"position":1},"title":"Llama dominicanos seguir apoyo a Leonel para garantizar triunfo arrollador y RD vuelva a la normalidad","author":"Nelson Feliz","date":"5 de diciembre de 2025","format":false,"excerpt":"Por Ram\u00f3n Mercedes NUEVA YORK.- El presidente del activo movimiento pol\u00edtico en esta ciudad \u00abAmigos de Leonel\u00bb, que preside el empresario Jaime Vargas, exhorta a los dominicanos, tanto en dominicana como en el exterior, seguir apoyando al ex presidente Leonel Fern\u00e1ndez para garantizarle un triunfo arrollador en las elecciones del\u2026","rel":"","context":"En \u00abLA VOZ DE LA DIASPORA\u00bb","block_context":{"text":"LA VOZ DE LA DIASPORA","link":"https:\/\/lasprimeras.com.do\/index.php\/category\/la-voz-de-la-diaspora\/"},"img":{"alt_text":"","src":"https:\/\/i0.wp.com\/lasprimeras.com.do\/wp-content\/uploads\/2025\/12\/Llama-dominicano-seguir-apoyo-a-Leonel-para-garantizar-triunfo-arrollador-y-RD-vuelva-a-la-normalidad.jpg?resize=350%2C200&ssl=1","width":350,"height":200},"classes":[]},{"id":109989,"url":"https:\/\/lasprimeras.com.do\/index.php\/2025\/09\/24\/leonel-fernandez-resalta-en-new-jersey-aportes-de-la-diaspora-al-desarrollo-de-rd\/","url_meta":{"origin":78582,"position":2},"title":"Leonel Fern\u00e1ndez resalta en New Jersey aportes de la di\u00e1spora al desarrollo de RD","author":"Nelson Feliz","date":"24 de septiembre de 2025","format":false,"excerpt":"New Jersey. \u2013 Desde un abarrotado acto celebrado en la ciudad de Saddle Brook, en New Jersey, el expresidente de la Rep\u00fablica Dominicana y presidente de la Fuerza del Pueblo (FP), Leonel Fern\u00e1ndez, destac\u00f3 el papel fundamental de la di\u00e1spora dominicana en el desarrollo econ\u00f3mico y social del pa\u00eds. La\u2026","rel":"","context":"En \u00abPOLITICA\u00bb","block_context":{"text":"POLITICA","link":"https:\/\/lasprimeras.com.do\/index.php\/category\/politica\/"},"img":{"alt_text":"","src":"https:\/\/i0.wp.com\/lasprimeras.com.do\/wp-content\/uploads\/2025\/09\/Leonel-Fernandez-1-1.jpg?resize=350%2C200&ssl=1","width":350,"height":200,"srcset":"https:\/\/i0.wp.com\/lasprimeras.com.do\/wp-content\/uploads\/2025\/09\/Leonel-Fernandez-1-1.jpg?resize=350%2C200&ssl=1 1x, https:\/\/i0.wp.com\/lasprimeras.com.do\/wp-content\/uploads\/2025\/09\/Leonel-Fernandez-1-1.jpg?resize=525%2C300&ssl=1 1.5x, https:\/\/i0.wp.com\/lasprimeras.com.do\/wp-content\/uploads\/2025\/09\/Leonel-Fernandez-1-1.jpg?resize=700%2C400&ssl=1 2x"},"classes":[]},{"id":64960,"url":"https:\/\/lasprimeras.com.do\/index.php\/2023\/10\/24\/leonel-viaja-a-miami-a-dictar-conferencia-invitado-por-la-exembajadora-robin-bernstein-y-la-fiu\/","url_meta":{"origin":78582,"position":3},"title":"Leonel viaja a Miami a dictar conferencia, invitado por la exembajadora Robin Bernstein y la FIU","author":"Nelson Feliz","date":"24 de octubre de 2023","format":false,"excerpt":"LF estar\u00e1 tambi\u00e9n en Boston University dictando conferencia sobre globalizaci\u00f3n. Miami, Florida.- Leonel Fern\u00e1ndez viaj\u00f3 a la ciudad de Miami, para dictar una conferencia sobre el proceso democr\u00e1tico dominicano, invitado por la exembajadora de los Estados Unidos en la Rep\u00fablica Dominicana, Robin Bernstein y la Florida International University (FIU). La\u2026","rel":"","context":"En \u00abPORTADA\u00bb","block_context":{"text":"PORTADA","link":"https:\/\/lasprimeras.com.do\/index.php\/category\/portada\/"},"img":{"alt_text":"Leonel Fern\u00e1ndez y Robin Bernstein","src":"https:\/\/i0.wp.com\/lasprimeras.com.do\/wp-content\/uploads\/2023\/10\/Leonel-Fernandez-y-Robin-Bernstein-1.jpg?resize=350%2C200&ssl=1","width":350,"height":200,"srcset":"https:\/\/i0.wp.com\/lasprimeras.com.do\/wp-content\/uploads\/2023\/10\/Leonel-Fernandez-y-Robin-Bernstein-1.jpg?resize=350%2C200&ssl=1 1x, https:\/\/i0.wp.com\/lasprimeras.com.do\/wp-content\/uploads\/2023\/10\/Leonel-Fernandez-y-Robin-Bernstein-1.jpg?resize=525%2C300&ssl=1 1.5x, https:\/\/i0.wp.com\/lasprimeras.com.do\/wp-content\/uploads\/2023\/10\/Leonel-Fernandez-y-Robin-Bernstein-1.jpg?resize=700%2C400&ssl=1 2x"},"classes":[]},{"id":123037,"url":"https:\/\/lasprimeras.com.do\/index.php\/2026\/02\/24\/leonel-fernandez-diaspora-debe-ser-parte-de-alianza-nacional\/","url_meta":{"origin":78582,"position":4},"title":"Leonel Fern\u00e1ndez: Di\u00e1spora debe ser parte de alianza nacional","author":"Nelson Feliz","date":"24 de febrero de 2026","format":false,"excerpt":"https:\/\/www.youtube.com\/watch?v=feAxV7uglew Por Ram\u00f3n Mercedes NUEVA JERSEY.- El expresidente de la rep\u00fablica y presidente del partido Fuerza del Pueblo (FP), doctor Leonel Fern\u00e1ndez, reiter\u00f3 a m\u00e1s de un centenar de empresarios que les ofrecieran un desayuno el pasado fin de semana en la ciudad de Paterson que el pueblo dominicano no\u2026","rel":"","context":"En \u00abPOLITICA\u00bb","block_context":{"text":"POLITICA","link":"https:\/\/lasprimeras.com.do\/index.php\/category\/politica\/"},"img":{"alt_text":"","src":"https:\/\/i0.wp.com\/lasprimeras.com.do\/wp-content\/uploads\/2026\/02\/Leonel-RD-no-quiere-mas-promesas-la-diaspora-debe-convertirse-en-parte-de-una-alianza-estrategica-nacional.jpg?resize=350%2C200&ssl=1","width":350,"height":200},"classes":[]},{"id":109679,"url":"https:\/\/lasprimeras.com.do\/index.php\/2025\/09\/21\/los-300-con-leonel-reciben-a-su-lider-al-llegar-nyc-a-media-noche-este-sabado-por-jfk\/","url_meta":{"origin":78582,"position":5},"title":"Los \u00ab300 con Leonel\u00bb reciben a su l\u00edder al llegar NYC a media noche este s\u00e1bado por JFK","author":"Nelson Feliz","date":"21 de septiembre de 2025","format":false,"excerpt":"Por Ram\u00f3n Mercedes NUEVA YORK.- Una amplia delegaci\u00f3n de miembros del proyecto \u00ab300 con Leonel\u00bb (Los multiplicadores de NY), que preside Geraldo Rosario, recibieron la madrugada de este s\u00e1bado al presidente Leonel Fern\u00e1ndez al arribar a esta ciudad por el aeropuerto internacional John F. Kennedy. \u00abLeonel, presidente de la Fuerza\u2026","rel":"","context":"En \u00abPOLITICA\u00bb","block_context":{"text":"POLITICA","link":"https:\/\/lasprimeras.com.do\/index.php\/category\/politica\/"},"img":{"alt_text":"","src":"https:\/\/i0.wp.com\/lasprimeras.com.do\/wp-content\/uploads\/2025\/09\/WhatsApp-Image-2025-09-21-at-12.32.17-PM.jpeg?resize=350%2C200&ssl=1","width":350,"height":200,"srcset":"https:\/\/i0.wp.com\/lasprimeras.com.do\/wp-content\/uploads\/2025\/09\/WhatsApp-Image-2025-09-21-at-12.32.17-PM.jpeg?resize=350%2C200&ssl=1 1x, https:\/\/i0.wp.com\/lasprimeras.com.do\/wp-content\/uploads\/2025\/09\/WhatsApp-Image-2025-09-21-at-12.32.17-PM.jpeg?resize=525%2C300&ssl=1 1.5x, https:\/\/i0.wp.com\/lasprimeras.com.do\/wp-content\/uploads\/2025\/09\/WhatsApp-Image-2025-09-21-at-12.32.17-PM.jpeg?resize=700%2C400&ssl=1 2x, https:\/\/i0.wp.com\/lasprimeras.com.do\/wp-content\/uploads\/2025\/09\/WhatsApp-Image-2025-09-21-at-12.32.17-PM.jpeg?resize=1050%2C600&ssl=1 3x"},"classes":[]}],"jetpack_sharing_enabled":true,"_links":{"self":[{"href":"https:\/\/lasprimeras.com.do\/index.php\/wp-json\/wp\/v2\/posts\/78582","targetHints":{"allow":["GET"]}}],"collection":[{"href":"https:\/\/lasprimeras.com.do\/index.php\/wp-json\/wp\/v2\/posts"}],"about":[{"href":"https:\/\/lasprimeras.com.do\/index.php\/wp-json\/wp\/v2\/types\/post"}],"author":[{"embeddable":true,"href":"https:\/\/lasprimeras.com.do\/index.php\/wp-json\/wp\/v2\/users\/2"}],"replies":[{"embeddable":true,"href":"https:\/\/lasprimeras.com.do\/index.php\/wp-json\/wp\/v2\/comments?post=78582"}],"version-history":[{"count":1,"href":"https:\/\/lasprimeras.com.do\/index.php\/wp-json\/wp\/v2\/posts\/78582\/revisions"}],"predecessor-version":[{"id":78584,"href":"https:\/\/lasprimeras.com.do\/index.php\/wp-json\/wp\/v2\/posts\/78582\/revisions\/78584"}],"wp:featuredmedia":[{"embeddable":true,"href":"https:\/\/lasprimeras.com.do\/index.php\/wp-json\/wp\/v2\/media\/78583"}],"wp:attachment":[{"href":"https:\/\/lasprimeras.com.do\/index.php\/wp-json\/wp\/v2\/media?parent=78582"}],"wp:term":[{"taxonomy":"category","embeddable":true,"href":"https:\/\/lasprimeras.com.do\/index.php\/wp-json\/wp\/v2\/categories?post=78582"},{"taxonomy":"post_tag","embeddable":true,"href":"https:\/\/lasprimeras.com.do\/index.php\/wp-json\/wp\/v2\/tags?post=78582"}],"curies":[{"name":"wp","href":"https:\/\/api.w.org\/{rel}","templated":true}]}}