{"id":78585,"date":"2024-03-17T23:26:16","date_gmt":"2024-03-18T03:26:16","guid":{"rendered":"https:\/\/lasprimeras.com.do\/?p=78585"},"modified":"2024-03-17T23:26:18","modified_gmt":"2024-03-18T03:26:18","slug":"abel-martinez-confirma-participacion-en-debate-anje","status":"publish","type":"post","link":"https:\/\/lasprimeras.com.do\/index.php\/2024\/03\/17\/abel-martinez-confirma-participacion-en-debate-anje\/","title":{"rendered":"Abel Mart\u00ednez confirma participaci\u00f3n en debate ANJE"},"content":{"rendered":"\n<p><strong>Propone incluir a todos los aspirantes presidenciales.<\/strong><\/p>\n\n\n\n<p>El candidato presidencial del Partido de la Liberaci\u00f3n Dominicana (PLD) Abel Mart\u00ednez confirm\u00f3 su presencia en el debate presidencial que organiza la Asociaci\u00f3n de J\u00f3venes Empresarios (ANJE) complacido de que los dem\u00e1s candidatos hayan decidido participar del mismo.<\/p>\n\n\n\n<p>A trav\u00e9s de un v\u00eddeo difundido en sus redes sociales, Mart\u00ednez expres\u00f3 que \u201cen estos d\u00edas se est\u00e1 hablando mucho del debate presidencial y me complace que, finalmente, los dem\u00e1s candidatos se hayan decidido a participar\u201d.<\/p>\n\n\n\n<p>\u201cPersonalmente, en noviembre del a\u00f1o pasado dije que estaba dispuesto a debatir y, por supuesto, as\u00ed lo har\u00e9. Por eso, deseo reconocer el importante aporte que la Asociaci\u00f3n Nacional de J\u00f3venes Empresarios (ANJE) hace a la democracia, al organizar este debate presidencial, que tanto ha demandado la sociedad y que es esperado con ansias.<\/p>\n\n\n\n<p>Sin embargo, propongo a los organizadores del debate, extender la participaci\u00f3n del mismo a todas y todos los aspirantes presidenciales sin discriminaci\u00f3n alguna, por entenderlo justo y de gran inter\u00e9s, considerando que cada uno de los que participaremos en el certamen electoral venidero, debemos tener la oportunidad de debatir nuestras ideas para que el pueblo las conozca\u201d.<\/p>\n\n\n\n<p>Abel Mart\u00ednez dijo, adem\u00e1s, que reafirma su compromiso con el pueblo dominicano, de presentar p\u00fablicamente su proyecto de naci\u00f3n y defenderlo en un debate \u201cabierto, plural y transparente\u201d.<\/p>\n\n\n\n<p>\u201cLuego de los recorridos que he realizado por el pa\u00eds escuchando a la gente, participar\u00e9 en el debate para hablar sin tapujos y con la verdad, acerca de los problemas que aquejan a nuestro pueblo y, sobre todo, de las soluciones que proponemos para resolverlos.<\/p>\n\n\n\n<p>La ciudadan\u00eda tiene derecho a saber el futuro que podemos ofrecerle, para poder ejercer su derecho al voto de manera responsable y consciente. Lo dije hace cuatro meses y lo repito ahora: Estoy listo para debatir sobre todos los temas que le interesan a la gente. Pueden contar conmigo\u201d, expres\u00f3 Abel Mart\u00ednez a trav\u00e9s de un audiovisual.<\/p>\n\n\n\n<figure class=\"wp-block-embed is-type-rich is-provider-twitter wp-block-embed-twitter\"><div class=\"wp-block-embed__wrapper\">\n<div class=\"embed-twitter\"><blockquote class=\"twitter-tweet\" data-width=\"500\" data-dnt=\"true\"><p lang=\"es\" dir=\"ltr\"><a href=\"https:\/\/twitter.com\/AbelMartinezD?ref_src=twsrc%5Etfw\">@AbelMartinezD<\/a> confirma participaci\u00f3n en debate ANJE; propone incluir a todos los aspirantes presidenciales. <a href=\"https:\/\/t.co\/BaGEQshu57\">pic.twitter.com\/BaGEQshu57<\/a><\/p>&mdash; PLD (@PLDenlinea) <a href=\"https:\/\/twitter.com\/PLDenlinea\/status\/1769464403194195976?ref_src=twsrc%5Etfw\">March 17, 2024<\/a><\/blockquote><script async src=\"https:\/\/platform.twitter.com\/widgets.js\" charset=\"utf-8\"><\/script><\/div>\n<\/div><\/figure>\n","protected":false},"excerpt":{"rendered":"<p>Propone incluir a todos los aspirantes presidenciales. El candidato presidencial del Partido de la Liberaci\u00f3n Dominicana (PLD) Abel Mart\u00ednez confirm\u00f3 su presencia en el debate presidencial que organiza la Asociaci\u00f3n&hellip;<\/p>\n","protected":false},"author":2,"featured_media":78586,"comment_status":"open","ping_status":"open","sticky":false,"template":"","format":"standard","meta":{"content-type":"","jetpack_post_was_ever_published":false,"_jetpack_newsletter_access":"","_jetpack_dont_email_post_to_subs":false,"_jetpack_newsletter_tier_id":0,"_jetpack_memberships_contains_paywalled_content":false,"_jetpack_memberships_contains_paid_content":false,"footnotes":""},"categories":[25],"tags":[822,2505,6989,2503],"class_list":["post-78585","post","type-post","status-publish","format-standard","has-post-thumbnail","hentry","category-portada","tag-abel-martinez","tag-anje","tag-debate","tag-participacion"],"jetpack_featured_media_url":"https:\/\/lasprimeras.com.do\/wp-content\/uploads\/2024\/03\/Abel-Martinez-3.jpeg","jetpack-related-posts":[{"id":82022,"url":"https:\/\/lasprimeras.com.do\/index.php\/2024\/04\/28\/rodriguez-marchenael-debate-presidencial-resta-aceptacion-a-abinader\/","url_meta":{"origin":78585,"position":0},"title":"Rodr\u00edguez Marchena:El Debate presidencial resta aceptaci\u00f3n a Abinader","author":"Nelson Feliz","date":"28 de abril de 2024","format":false,"excerpt":"El coordinador de Comunicaciones del equipo de campa\u00f1a del Partido de la Liberaci\u00f3n Dominicana (PLD) Roberto Rodr\u00edguez Marchena, explica que, en debate presidencial, Abel Mart\u00ednez, de forma serena y sencilla, present\u00f3 la propuesta que esperaba el pueblo Para Rodr\u00edguez Marchena, la participaci\u00f3n del candidato presidencial del PLD Abel Mart\u00ednez, en\u2026","rel":"","context":"En \u00abPORTADA\u00bb","block_context":{"text":"PORTADA","link":"https:\/\/lasprimeras.com.do\/index.php\/category\/portada\/"},"img":{"alt_text":"Roberto Rodr\u00edguez Marchena","src":"https:\/\/i0.wp.com\/lasprimeras.com.do\/wp-content\/uploads\/2024\/04\/Roberto-Rodriguez-Marchena.jpg?resize=350%2C200&ssl=1","width":350,"height":200,"srcset":"https:\/\/i0.wp.com\/lasprimeras.com.do\/wp-content\/uploads\/2024\/04\/Roberto-Rodriguez-Marchena.jpg?resize=350%2C200&ssl=1 1x, https:\/\/i0.wp.com\/lasprimeras.com.do\/wp-content\/uploads\/2024\/04\/Roberto-Rodriguez-Marchena.jpg?resize=525%2C300&ssl=1 1.5x"},"classes":[]},{"id":79069,"url":"https:\/\/lasprimeras.com.do\/index.php\/2024\/03\/23\/anje-convoca-a-candidatas-vicepresidenciales-a-debate\/","url_meta":{"origin":78585,"position":1},"title":"ANJE convoca a candidatas vicepresidenciales a debate","author":"BIMARY DE JES\u00daS Matos","date":"23 de marzo de 2024","format":false,"excerpt":"Santo Domingo.- La Asociaci\u00f3n Nacional de J\u00f3venes Empresarios (ANJE) convoc\u00f3 a un debate a las aspirantes vicepresidenciales Ingrid Mendoza, de la Fuerza del Pueblo; Raquel Pe\u00f1a, del Partido Revolucionario Moderno, y Zoraima Cuello, del Partido de la Liberaci\u00f3n Dominicana. El presidente de ANJE, Jos\u00e9 Nelton Gonz\u00e1lez, manifest\u00f3 que en este\u2026","rel":"","context":"En \u00abPORTADA\u00bb","block_context":{"text":"PORTADA","link":"https:\/\/lasprimeras.com.do\/index.php\/category\/portada\/"},"img":{"alt_text":"","src":"https:\/\/i0.wp.com\/lasprimeras.com.do\/wp-content\/uploads\/2024\/03\/WhatsApp-Image-2024-03-22-at-4.47.43-PM-6.jpeg?resize=350%2C200&ssl=1","width":350,"height":200,"srcset":"https:\/\/i0.wp.com\/lasprimeras.com.do\/wp-content\/uploads\/2024\/03\/WhatsApp-Image-2024-03-22-at-4.47.43-PM-6.jpeg?resize=350%2C200&ssl=1 1x, https:\/\/i0.wp.com\/lasprimeras.com.do\/wp-content\/uploads\/2024\/03\/WhatsApp-Image-2024-03-22-at-4.47.43-PM-6.jpeg?resize=525%2C300&ssl=1 1.5x, https:\/\/i0.wp.com\/lasprimeras.com.do\/wp-content\/uploads\/2024\/03\/WhatsApp-Image-2024-03-22-at-4.47.43-PM-6.jpeg?resize=700%2C400&ssl=1 2x, https:\/\/i0.wp.com\/lasprimeras.com.do\/wp-content\/uploads\/2024\/03\/WhatsApp-Image-2024-03-22-at-4.47.43-PM-6.jpeg?resize=1050%2C600&ssl=1 3x"},"classes":[]},{"id":78451,"url":"https:\/\/lasprimeras.com.do\/index.php\/2024\/03\/16\/leonel-fernandez-acepta-participar-en-debate-presidencial-por-anje\/","url_meta":{"origin":78585,"position":2},"title":"Leonel Fern\u00e1ndez acepta participar en debate presidencial por ANJE","author":"BIMARY DE JES\u00daS Matos","date":"16 de marzo de 2024","format":false,"excerpt":"Santo Domingo.- El candidato presidencial del partido Fuerza del Pueblo, Leonel Fern\u00e1ndez, dijo hoy que acepta participar en el debate propuesto por la Asociaci\u00f3n Nacional de J\u00f3venes Empresarios, ANJE. \u201cAnuncio, desde aqu\u00ed, que acepto el debate con el presidente de la Rep\u00fablica Luis Abinader\u201d, asegur\u00f3 el candidato presidencial opositor. \u201cDesde\u2026","rel":"","context":"En \u00abPORTADA\u00bb","block_context":{"text":"PORTADA","link":"https:\/\/lasprimeras.com.do\/index.php\/category\/portada\/"},"img":{"alt_text":"","src":"https:\/\/i0.wp.com\/lasprimeras.com.do\/wp-content\/uploads\/2024\/03\/IMG-20240316-WA0011-scaled.jpg?resize=350%2C200&ssl=1","width":350,"height":200,"srcset":"https:\/\/i0.wp.com\/lasprimeras.com.do\/wp-content\/uploads\/2024\/03\/IMG-20240316-WA0011-scaled.jpg?resize=350%2C200&ssl=1 1x, https:\/\/i0.wp.com\/lasprimeras.com.do\/wp-content\/uploads\/2024\/03\/IMG-20240316-WA0011-scaled.jpg?resize=525%2C300&ssl=1 1.5x, https:\/\/i0.wp.com\/lasprimeras.com.do\/wp-content\/uploads\/2024\/03\/IMG-20240316-WA0011-scaled.jpg?resize=700%2C400&ssl=1 2x, https:\/\/i0.wp.com\/lasprimeras.com.do\/wp-content\/uploads\/2024\/03\/IMG-20240316-WA0011-scaled.jpg?resize=1050%2C600&ssl=1 3x, https:\/\/i0.wp.com\/lasprimeras.com.do\/wp-content\/uploads\/2024\/03\/IMG-20240316-WA0011-scaled.jpg?resize=1400%2C800&ssl=1 4x"},"classes":[]},{"id":81559,"url":"https:\/\/lasprimeras.com.do\/index.php\/2024\/04\/22\/este-lunes-comienzan-los-debates-convocados-por-anje\/","url_meta":{"origin":78585,"position":3},"title":"Este lunes comienzan los debates convocados por ANJE","author":"BIMARY DE JES\u00daS Matos","date":"22 de abril de 2024","format":false,"excerpt":"Santo Domingo.-Esta semana la Asociaci\u00f3n Nacional de J\u00f3venes Empresarios (ANJE) celebrar\u00e1 su anunciado debate con los candidatos de los niveles senatoriales, vicepresidenciales y presidenciales del Distrito Nacional y Santiago. \u00danicamente participar\u00e1n los candidatos de los partidos Revolucionario Moderno (PRM), de la Liberaci\u00f3n Dominicana (PLD) y Fuerza del Pueblo (FP). El\u2026","rel":"","context":"En \u00abNACIONALES\u00bb","block_context":{"text":"NACIONALES","link":"https:\/\/lasprimeras.com.do\/index.php\/category\/nacionales\/"},"img":{"alt_text":"","src":"https:\/\/i0.wp.com\/lasprimeras.com.do\/wp-content\/uploads\/2024\/04\/6a0c8a05-4f4b-48f5-a1d9-1ad180753c4a-30.jpg?resize=350%2C200&ssl=1","width":350,"height":200,"srcset":"https:\/\/i0.wp.com\/lasprimeras.com.do\/wp-content\/uploads\/2024\/04\/6a0c8a05-4f4b-48f5-a1d9-1ad180753c4a-30.jpg?resize=350%2C200&ssl=1 1x, https:\/\/i0.wp.com\/lasprimeras.com.do\/wp-content\/uploads\/2024\/04\/6a0c8a05-4f4b-48f5-a1d9-1ad180753c4a-30.jpg?resize=525%2C300&ssl=1 1.5x, https:\/\/i0.wp.com\/lasprimeras.com.do\/wp-content\/uploads\/2024\/04\/6a0c8a05-4f4b-48f5-a1d9-1ad180753c4a-30.jpg?resize=700%2C400&ssl=1 2x"},"classes":[]},{"id":78398,"url":"https:\/\/lasprimeras.com.do\/index.php\/2024\/03\/16\/luis-abinader-acepta-participar-en-debate-presidencial\/","url_meta":{"origin":78585,"position":4},"title":"Luis Abinader acepta participar en debate presidencial","author":"BIMARY DE JES\u00daS Matos","date":"16 de marzo de 2024","format":false,"excerpt":"Santo Domingo.- El presidente de la Rep\u00fablica Luis Abinader, quien busca reelegirse en las elecciones del 19 de mayo por le Partido Revolucionario Dominicano, anunci\u00f3 este viernes que participar\u00e1 en el debate de candidatos presidenciales de la Asociaci\u00f3n de J\u00f3venes Empresarios el 24 de abril. \u00abHoy, a pesar de estar\u2026","rel":"","context":"En \u00abPORTADA\u00bb","block_context":{"text":"PORTADA","link":"https:\/\/lasprimeras.com.do\/index.php\/category\/portada\/"},"img":{"alt_text":"","src":"https:\/\/i0.wp.com\/lasprimeras.com.do\/wp-content\/uploads\/2024\/03\/Diseno-sin-titulo-4.jpg?resize=350%2C200&ssl=1","width":350,"height":200,"srcset":"https:\/\/i0.wp.com\/lasprimeras.com.do\/wp-content\/uploads\/2024\/03\/Diseno-sin-titulo-4.jpg?resize=350%2C200&ssl=1 1x, https:\/\/i0.wp.com\/lasprimeras.com.do\/wp-content\/uploads\/2024\/03\/Diseno-sin-titulo-4.jpg?resize=525%2C300&ssl=1 1.5x, https:\/\/i0.wp.com\/lasprimeras.com.do\/wp-content\/uploads\/2024\/03\/Diseno-sin-titulo-4.jpg?resize=700%2C400&ssl=1 2x"},"classes":[]},{"id":81957,"url":"https:\/\/lasprimeras.com.do\/index.php\/2024\/04\/27\/abel-el-ganador-del-debate-es-el-pueblo-dominicano\/","url_meta":{"origin":78585,"position":5},"title":"Abel: \u201cEl ganador del debate es el pueblo dominicano\u201d","author":"BIMARY DE JES\u00daS Matos","date":"27 de abril de 2024","format":false,"excerpt":"Santo Domingo.-El candidato a la presidencia de la Rep\u00fablica del Partido de la Liberaci\u00f3n Dominicana (PLD), Abel Mart\u00ednez, asegur\u00f3 ayer que el pueblo dominicano es el ganador del debate presidencial que realiz\u00f3 el pasado mi\u00e9rcoles la Asociaci\u00f3n Nacional de J\u00f3venes Empresarios (ANJE). Explic\u00f3 tambi\u00e9n que la campa\u00f1a pol\u00edtica que realiza\u2026","rel":"","context":"En \u00abSin categor\u00eda\u00bb","block_context":{"text":"Sin categor\u00eda","link":"https:\/\/lasprimeras.com.do\/index.php\/category\/sin-categoria\/"},"img":{"alt_text":"","src":"https:\/\/i0.wp.com\/lasprimeras.com.do\/wp-content\/uploads\/2024\/04\/6a0c8a05-4f4b-48f5-a1d9-1ad180753c4a-50.jpg?resize=350%2C200&ssl=1","width":350,"height":200,"srcset":"https:\/\/i0.wp.com\/lasprimeras.com.do\/wp-content\/uploads\/2024\/04\/6a0c8a05-4f4b-48f5-a1d9-1ad180753c4a-50.jpg?resize=350%2C200&ssl=1 1x, https:\/\/i0.wp.com\/lasprimeras.com.do\/wp-content\/uploads\/2024\/04\/6a0c8a05-4f4b-48f5-a1d9-1ad180753c4a-50.jpg?resize=525%2C300&ssl=1 1.5x, https:\/\/i0.wp.com\/lasprimeras.com.do\/wp-content\/uploads\/2024\/04\/6a0c8a05-4f4b-48f5-a1d9-1ad180753c4a-50.jpg?resize=700%2C400&ssl=1 2x"},"classes":[]}],"jetpack_sharing_enabled":true,"_links":{"self":[{"href":"https:\/\/lasprimeras.com.do\/index.php\/wp-json\/wp\/v2\/posts\/78585","targetHints":{"allow":["GET"]}}],"collection":[{"href":"https:\/\/lasprimeras.com.do\/index.php\/wp-json\/wp\/v2\/posts"}],"about":[{"href":"https:\/\/lasprimeras.com.do\/index.php\/wp-json\/wp\/v2\/types\/post"}],"author":[{"embeddable":true,"href":"https:\/\/lasprimeras.com.do\/index.php\/wp-json\/wp\/v2\/users\/2"}],"replies":[{"embeddable":true,"href":"https:\/\/lasprimeras.com.do\/index.php\/wp-json\/wp\/v2\/comments?post=78585"}],"version-history":[{"count":1,"href":"https:\/\/lasprimeras.com.do\/index.php\/wp-json\/wp\/v2\/posts\/78585\/revisions"}],"predecessor-version":[{"id":78587,"href":"https:\/\/lasprimeras.com.do\/index.php\/wp-json\/wp\/v2\/posts\/78585\/revisions\/78587"}],"wp:featuredmedia":[{"embeddable":true,"href":"https:\/\/lasprimeras.com.do\/index.php\/wp-json\/wp\/v2\/media\/78586"}],"wp:attachment":[{"href":"https:\/\/lasprimeras.com.do\/index.php\/wp-json\/wp\/v2\/media?parent=78585"}],"wp:term":[{"taxonomy":"category","embeddable":true,"href":"https:\/\/lasprimeras.com.do\/index.php\/wp-json\/wp\/v2\/categories?post=78585"},{"taxonomy":"post_tag","embeddable":true,"href":"https:\/\/lasprimeras.com.do\/index.php\/wp-json\/wp\/v2\/tags?post=78585"}],"curies":[{"name":"wp","href":"https:\/\/api.w.org\/{rel}","templated":true}]}}