{"id":78594,"date":"2024-03-18T07:03:07","date_gmt":"2024-03-18T11:03:07","guid":{"rendered":"https:\/\/lasprimeras.com.do\/?p=78594"},"modified":"2024-03-18T07:03:09","modified_gmt":"2024-03-18T11:03:09","slug":"comision-abogados-entrega-observaciones-ley-crea-dni","status":"publish","type":"post","link":"https:\/\/lasprimeras.com.do\/index.php\/2024\/03\/18\/comision-abogados-entrega-observaciones-ley-crea-dni\/","title":{"rendered":"Comisi\u00f3n abogados entrega observaciones ley crea DNI"},"content":{"rendered":"\n<p>Santo Domingo.-Los abogados Olivo Rodr\u00edguez Huertas, Harold Modesto, Eric Raful y Carolina Ram\u00edrez entregaron un informe preliminar a la comisi\u00f3n de la Sociedad Dominicana de Diarios, Inc. (SDD) y al Gobierno sobre diferentes propuestas para reformar la controversial Ley 1-24 que crea la Direcci\u00f3n Nacional de Investigaciones (DNI).<\/p>\n\n\n\n<p>El informe fue recibido por Persio Maldonado S\u00e1nchez, An\u00edbal de Castro y Manuel Tapia L\u00f3pez, en representaci\u00f3n de la SDD, mientras que a nombre del Gobierno recibieron Antoliano Peralta Romero y Luis Soto, consultor jur\u00eddico del Poder Ejecutivo y director de la DNI, respectivamente.<\/p>\n\n\n\n<p>En el encuentro se conocieron las propuestas atendiendo a las sugerencias de los diferentes sectores de la sociedad dominicana que participan en el di\u00e1logo.<\/p>\n\n\n\n<p>En la reuni\u00f3n de los comisionados y los abogados se conocieron las propuestas y se revis\u00f3 el proceso de los trabajos para una vez concluidos se pueda convocar a los sectores.<\/p>\n","protected":false},"excerpt":{"rendered":"<p>Santo Domingo.-Los abogados Olivo Rodr\u00edguez Huertas, Harold Modesto, Eric Raful y Carolina Ram\u00edrez entregaron un informe preliminar a la comisi\u00f3n de la Sociedad Dominicana de Diarios, Inc. (SDD) y al&hellip;<\/p>\n","protected":false},"author":3,"featured_media":78595,"comment_status":"open","ping_status":"open","sticky":false,"template":"","format":"standard","meta":{"content-type":"","jetpack_post_was_ever_published":false,"_jetpack_newsletter_access":"","_jetpack_dont_email_post_to_subs":false,"_jetpack_newsletter_tier_id":0,"_jetpack_memberships_contains_paywalled_content":false,"_jetpack_memberships_contains_paid_content":false,"footnotes":""},"categories":[35],"tags":[6978],"class_list":["post-78594","post","type-post","status-publish","format-standard","has-post-thumbnail","hentry","category-nacionales","tag-dni"],"jetpack_featured_media_url":"https:\/\/lasprimeras.com.do\/wp-content\/uploads\/2024\/03\/Diseno-sin-titulo-4-1.jpg","jetpack-related-posts":[{"id":75930,"url":"https:\/\/lasprimeras.com.do\/index.php\/2024\/02\/05\/consultor-juridico-espera-comision-termine-esta-semana-informe-sobre-ley-dni\/","url_meta":{"origin":78594,"position":0},"title":"Consultor jur\u00eddico espera comisi\u00f3n termine esta semana informe sobre ley DNI","author":"Nelson Feliz","date":"5 de febrero de 2024","format":false,"excerpt":"El informe corre a cargo de dos abogados de la Sociedad Dominicana de Diarios y dos del Poder Ejecutivo. El consultor jur\u00eddico del Poder Ejecutivo, Antoliano Peralta Romero, espera que la comisi\u00f3n que trabaja en la reforma de la ley 1-24, que crea la Direcci\u00f3n Nacional de Inteligencia (DNI), pueda\u2026","rel":"","context":"En \u00abNACIONALES\u00bb","block_context":{"text":"NACIONALES","link":"https:\/\/lasprimeras.com.do\/index.php\/category\/nacionales\/"},"img":{"alt_text":"Miembros de la Sociedad Dominicana de Diarios hablaron con el consultor jur\u00eddico del Poder Ejecutivo, Antoliano Peralta, sobre la ley DNI.","src":"https:\/\/i0.wp.com\/lasprimeras.com.do\/wp-content\/uploads\/2024\/02\/prensa.jpg?resize=350%2C200&ssl=1","width":350,"height":200,"srcset":"https:\/\/i0.wp.com\/lasprimeras.com.do\/wp-content\/uploads\/2024\/02\/prensa.jpg?resize=350%2C200&ssl=1 1x, https:\/\/i0.wp.com\/lasprimeras.com.do\/wp-content\/uploads\/2024\/02\/prensa.jpg?resize=525%2C300&ssl=1 1.5x, https:\/\/i0.wp.com\/lasprimeras.com.do\/wp-content\/uploads\/2024\/02\/prensa.jpg?resize=700%2C400&ssl=1 2x"},"classes":[]},{"id":81013,"url":"https:\/\/lasprimeras.com.do\/index.php\/2024\/04\/16\/comision-sigue-labor-para-reforma-ley-dni\/","url_meta":{"origin":78594,"position":1},"title":"Comisi\u00f3n sigue labor para reforma ley DNI","author":"BIMARY DE JES\u00daS Matos","date":"16 de abril de 2024","format":false,"excerpt":"Santo Domingo.-La comisi\u00f3n designada por el Poder Ejecutivo para consensuar la Ley 1-24, que crea la Direcci\u00f3n Nacional de Inteligencia (DNI), sigue los trabajos, a fin de lograr un entendimiento entre el Gobierno y los diferentes sectores de la sociedad que han rechazado esa legislaci\u00f3n. Persio Maldonado, coordinador de la\u2026","rel":"","context":"En \u00abPORTADA\u00bb","block_context":{"text":"PORTADA","link":"https:\/\/lasprimeras.com.do\/index.php\/category\/portada\/"},"img":{"alt_text":"","src":"https:\/\/i0.wp.com\/lasprimeras.com.do\/wp-content\/uploads\/2024\/04\/imagen-abel-mar-focus-0.28-0.1-896-504-2.jpg?resize=350%2C200&ssl=1","width":350,"height":200,"srcset":"https:\/\/i0.wp.com\/lasprimeras.com.do\/wp-content\/uploads\/2024\/04\/imagen-abel-mar-focus-0.28-0.1-896-504-2.jpg?resize=350%2C200&ssl=1 1x, https:\/\/i0.wp.com\/lasprimeras.com.do\/wp-content\/uploads\/2024\/04\/imagen-abel-mar-focus-0.28-0.1-896-504-2.jpg?resize=525%2C300&ssl=1 1.5x, https:\/\/i0.wp.com\/lasprimeras.com.do\/wp-content\/uploads\/2024\/04\/imagen-abel-mar-focus-0.28-0.1-896-504-2.jpg?resize=700%2C400&ssl=1 2x, https:\/\/i0.wp.com\/lasprimeras.com.do\/wp-content\/uploads\/2024\/04\/imagen-abel-mar-focus-0.28-0.1-896-504-2.jpg?resize=1050%2C600&ssl=1 3x"},"classes":[]},{"id":80941,"url":"https:\/\/lasprimeras.com.do\/index.php\/2024\/04\/14\/persio-maldonado-continua-dialogo-para-consensuar-la-ley-que-creo-la-dni\/","url_meta":{"origin":78594,"position":2},"title":"Persio Maldonado: contin\u00faa di\u00e1logo para consensuar la ley que cre\u00f3 la DNI","author":"Nelson Feliz","date":"14 de abril de 2024","format":false,"excerpt":"La comisi\u00f3n designada por el presidente Luis Abinader para buscar un consenso en torno a la controversial Ley 1-24 que cre\u00f3 la Direcci\u00f3n Nacional de Inteligencia (DNI) contin\u00faa trabajando en aras de llegar a un entendimiento entre el Gobierno y los sectores de la sociedad que se han pronunciado contra\u2026","rel":"","context":"En \u00abNACIONALES\u00bb","block_context":{"text":"NACIONALES","link":"https:\/\/lasprimeras.com.do\/index.php\/category\/nacionales\/"},"img":{"alt_text":"Persio Maldonado","src":"https:\/\/i0.wp.com\/lasprimeras.com.do\/wp-content\/uploads\/2024\/04\/Persio-Maldonado.jpg?resize=350%2C200&ssl=1","width":350,"height":200,"srcset":"https:\/\/i0.wp.com\/lasprimeras.com.do\/wp-content\/uploads\/2024\/04\/Persio-Maldonado.jpg?resize=350%2C200&ssl=1 1x, https:\/\/i0.wp.com\/lasprimeras.com.do\/wp-content\/uploads\/2024\/04\/Persio-Maldonado.jpg?resize=525%2C300&ssl=1 1.5x, https:\/\/i0.wp.com\/lasprimeras.com.do\/wp-content\/uploads\/2024\/04\/Persio-Maldonado.jpg?resize=700%2C400&ssl=1 2x"},"classes":[]},{"id":74323,"url":"https:\/\/lasprimeras.com.do\/index.php\/2024\/01\/22\/partidos-de-oposicion-apoyan-al-gobierno-para-aprobar-ley-de-la-dni\/","url_meta":{"origin":78594,"position":3},"title":"Partidos de oposici\u00f3n apoyan al gobierno para aprobar ley de la DNI","author":"Nelson Feliz","date":"22 de enero de 2024","format":false,"excerpt":"-28 diputados, de los 51 del PLD, y 12, de los 18 de la Fuerza del Pueblo, votaron a favor. -Sociedad de Diarios se re\u00fane hoy con el DNI. Grupos sociales van al Constitucional. Tras muchos desacuerdos, el PRM, el PLD y la FP encontraron un punto en com\u00fan. La\u2026","rel":"","context":"En \u00abSin categor\u00eda\u00bb","block_context":{"text":"Sin categor\u00eda","link":"https:\/\/lasprimeras.com.do\/index.php\/category\/sin-categoria\/"},"img":{"alt_text":"Ley DNI","src":"https:\/\/i0.wp.com\/lasprimeras.com.do\/wp-content\/uploads\/2024\/01\/Ley-DNI.jpg?resize=350%2C200&ssl=1","width":350,"height":200,"srcset":"https:\/\/i0.wp.com\/lasprimeras.com.do\/wp-content\/uploads\/2024\/01\/Ley-DNI.jpg?resize=350%2C200&ssl=1 1x, https:\/\/i0.wp.com\/lasprimeras.com.do\/wp-content\/uploads\/2024\/01\/Ley-DNI.jpg?resize=525%2C300&ssl=1 1.5x, https:\/\/i0.wp.com\/lasprimeras.com.do\/wp-content\/uploads\/2024\/01\/Ley-DNI.jpg?resize=700%2C400&ssl=1 2x"},"classes":[]},{"id":76371,"url":"https:\/\/lasprimeras.com.do\/index.php\/2024\/02\/09\/juristas-vuelven-a-marchar-en-contra-de-la-ley-que-crea-la-dni\/","url_meta":{"origin":78594,"position":4},"title":"Juristas vuelven a marchar en contra de la ley que crea la DNI","author":"Nelson Feliz","date":"9 de febrero de 2024","format":false,"excerpt":"Con ata\u00fad en mano y gritando que \"ha muerto la democracia\" llegaron la ma\u00f1ana de este viernes decenas de abogados y otros representantes de la sociedad civil hasta el Palacio Nacional para protestar contra la Ley 01-24 que crea la Direcci\u00f3n Nacional de Investigaci\u00f3n (DNI). Es la segunda vez que\u2026","rel":"","context":"En \u00abNACIONALES\u00bb","block_context":{"text":"NACIONALES","link":"https:\/\/lasprimeras.com.do\/index.php\/category\/nacionales\/"},"img":{"alt_text":"","src":"https:\/\/i0.wp.com\/lasprimeras.com.do\/wp-content\/uploads\/2024\/02\/SURUN.jpg?resize=350%2C200&ssl=1","width":350,"height":200,"srcset":"https:\/\/i0.wp.com\/lasprimeras.com.do\/wp-content\/uploads\/2024\/02\/SURUN.jpg?resize=350%2C200&ssl=1 1x, https:\/\/i0.wp.com\/lasprimeras.com.do\/wp-content\/uploads\/2024\/02\/SURUN.jpg?resize=525%2C300&ssl=1 1.5x, https:\/\/i0.wp.com\/lasprimeras.com.do\/wp-content\/uploads\/2024\/02\/SURUN.jpg?resize=700%2C400&ssl=1 2x"},"classes":[]},{"id":74534,"url":"https:\/\/lasprimeras.com.do\/index.php\/2024\/01\/24\/diputado-opositor-llama-a-luis-abinader-a-no-aplicar-la-ley-1-24\/","url_meta":{"origin":78594,"position":5},"title":"Diputado opositor llama a Luis Abinader a no aplicar la Ley 1-24","author":"Nelson Feliz","date":"24 de enero de 2024","format":false,"excerpt":"El diputado nacional y presidente de la Comisi\u00f3n Nacional de Derechos Humanos de la C\u00e1mara de Diputados, Juan Dionicio Rodr\u00edguez, fue el \u00fanico legislador que vot\u00f3 en contra de la ley que crea la Direcci\u00f3n Nacional de Inteligencia (DNI) en su segunda lectura. hoy fuente externa. 23\/01\/2024 Ley que modific\u00f3\u2026","rel":"","context":"En \u00abPORTADA\u00bb","block_context":{"text":"PORTADA","link":"https:\/\/lasprimeras.com.do\/index.php\/category\/portada\/"},"img":{"alt_text":"Juan Dionicio Rodr\u00edguez","src":"https:\/\/i0.wp.com\/lasprimeras.com.do\/wp-content\/uploads\/2024\/01\/Juan-Dionicio-Rodriguez.jpg?resize=350%2C200&ssl=1","width":350,"height":200,"srcset":"https:\/\/i0.wp.com\/lasprimeras.com.do\/wp-content\/uploads\/2024\/01\/Juan-Dionicio-Rodriguez.jpg?resize=350%2C200&ssl=1 1x, https:\/\/i0.wp.com\/lasprimeras.com.do\/wp-content\/uploads\/2024\/01\/Juan-Dionicio-Rodriguez.jpg?resize=525%2C300&ssl=1 1.5x"},"classes":[]}],"jetpack_sharing_enabled":true,"_links":{"self":[{"href":"https:\/\/lasprimeras.com.do\/index.php\/wp-json\/wp\/v2\/posts\/78594","targetHints":{"allow":["GET"]}}],"collection":[{"href":"https:\/\/lasprimeras.com.do\/index.php\/wp-json\/wp\/v2\/posts"}],"about":[{"href":"https:\/\/lasprimeras.com.do\/index.php\/wp-json\/wp\/v2\/types\/post"}],"author":[{"embeddable":true,"href":"https:\/\/lasprimeras.com.do\/index.php\/wp-json\/wp\/v2\/users\/3"}],"replies":[{"embeddable":true,"href":"https:\/\/lasprimeras.com.do\/index.php\/wp-json\/wp\/v2\/comments?post=78594"}],"version-history":[{"count":1,"href":"https:\/\/lasprimeras.com.do\/index.php\/wp-json\/wp\/v2\/posts\/78594\/revisions"}],"predecessor-version":[{"id":78596,"href":"https:\/\/lasprimeras.com.do\/index.php\/wp-json\/wp\/v2\/posts\/78594\/revisions\/78596"}],"wp:featuredmedia":[{"embeddable":true,"href":"https:\/\/lasprimeras.com.do\/index.php\/wp-json\/wp\/v2\/media\/78595"}],"wp:attachment":[{"href":"https:\/\/lasprimeras.com.do\/index.php\/wp-json\/wp\/v2\/media?parent=78594"}],"wp:term":[{"taxonomy":"category","embeddable":true,"href":"https:\/\/lasprimeras.com.do\/index.php\/wp-json\/wp\/v2\/categories?post=78594"},{"taxonomy":"post_tag","embeddable":true,"href":"https:\/\/lasprimeras.com.do\/index.php\/wp-json\/wp\/v2\/tags?post=78594"}],"curies":[{"name":"wp","href":"https:\/\/api.w.org\/{rel}","templated":true}]}}