{"id":78600,"date":"2024-03-18T07:07:21","date_gmt":"2024-03-18T11:07:21","guid":{"rendered":"https:\/\/lasprimeras.com.do\/?p=78600"},"modified":"2024-03-18T07:07:23","modified_gmt":"2024-03-18T11:07:23","slug":"vinicio-castillo-pide-unidad-ante-crisis-en-haiti","status":"publish","type":"post","link":"https:\/\/lasprimeras.com.do\/index.php\/2024\/03\/18\/vinicio-castillo-pide-unidad-ante-crisis-en-haiti\/","title":{"rendered":"Vinicio Castillo pide unidad ante crisis en Hait\u00ed"},"content":{"rendered":"\n<p>Santo Domingo.- El abogado y candidato a la senadur\u00eda del Distrito Nacional, Vinicio Castillo Sem\u00e1n, hizo un llamado a la oposici\u00f3n para que haya unidad nacional ante la creciente inestabilidad social y pol\u00edtica que acontece en Hait\u00ed y la persistencia de organismos internacionales en intentar hibridar a toda costa el colapso del vecino pa\u00eds a la Rep\u00fablica Dominicana.<\/p>\n\n\n\n<p>\u201cEste pa\u00eds necesita unidad, tranquilidad y transcurrir su proceso electoral en paz\u201d, precis\u00f3 Castillo Sem\u00e1n.<\/p>\n\n\n\n<p>Exhort\u00f3 a la oposici\u00f3n pol\u00edtica a que, aunque est\u00e9 desvencijada, no se atreva a atentar contra la paz nacional de la Rep\u00fablica Dominicana, ni intenten desestabilizar el proceso electoral, porque eso ser\u00eda una traici\u00f3n al pa\u00eds, mucho m\u00e1s grave con lo que est\u00e1 pasando en el vecino pa\u00eds.<\/p>\n\n\n\n<p>Exhort\u00f3 tambi\u00e9n al Gobierno a no dar argumento de desestabilizaci\u00f3n a la oposici\u00f3n y se proceda a entregar los recursos que corresponden por ley a los partidos pol\u00edticos, tal como lo solicitara la Junta Central Electoral, de cara a las elecciones presidenciales y congresuales del 19 de mayo pr\u00f3ximo.<\/p>\n","protected":false},"excerpt":{"rendered":"<p>Santo Domingo.- El abogado y candidato a la senadur\u00eda del Distrito Nacional, Vinicio Castillo Sem\u00e1n, hizo un llamado a la oposici\u00f3n para que haya unidad nacional ante la creciente inestabilidad&hellip;<\/p>\n","protected":false},"author":3,"featured_media":78601,"comment_status":"open","ping_status":"open","sticky":false,"template":"","format":"standard","meta":{"content-type":"","jetpack_post_was_ever_published":false,"_jetpack_newsletter_access":"","_jetpack_dont_email_post_to_subs":false,"_jetpack_newsletter_tier_id":0,"_jetpack_memberships_contains_paywalled_content":false,"_jetpack_memberships_contains_paid_content":false,"footnotes":""},"categories":[1],"tags":[821],"class_list":["post-78600","post","type-post","status-publish","format-standard","has-post-thumbnail","hentry","category-sin-categoria","tag-vinicio-castillo"],"jetpack_featured_media_url":"https:\/\/lasprimeras.com.do\/wp-content\/uploads\/2024\/03\/Diseno-sin-titulo-4-3.jpg","jetpack-related-posts":[{"id":78500,"url":"https:\/\/lasprimeras.com.do\/index.php\/2024\/03\/17\/vinicito-castillo-oposicion-a-no-atentar-contra-la-paz-ni-el-proceso-electoral\/","url_meta":{"origin":78600,"position":0},"title":"Vinicito Castillo: \u201cOposici\u00f3n a no atentar contra la paz ni el proceso electoral\u201d","author":"Nelson Feliz","date":"17 de marzo de 2024","format":false,"excerpt":"Castillo Sem\u00e1n dice es hora de unidad ante lo que ocurre en Hait\u00ed.\u00a0 El candidato a senador por el Distrito Nacional, Vinicio Castillo Sem\u00e1n, precis\u00f3 que ante la creciente inestabilidad social y pol\u00edtica que acontece en Hait\u00ed y la persistencia de organismos internacionales en intentar hibridar a toda costa el\u2026","rel":"","context":"En \u00abPORTADA\u00bb","block_context":{"text":"PORTADA","link":"https:\/\/lasprimeras.com.do\/index.php\/category\/portada\/"},"img":{"alt_text":"Vinicio Castillo Sem\u00e1n","src":"https:\/\/i0.wp.com\/lasprimeras.com.do\/wp-content\/uploads\/2024\/03\/Vinicio-Castillo-Seman.jpg?resize=350%2C200&ssl=1","width":350,"height":200,"srcset":"https:\/\/i0.wp.com\/lasprimeras.com.do\/wp-content\/uploads\/2024\/03\/Vinicio-Castillo-Seman.jpg?resize=350%2C200&ssl=1 1x, https:\/\/i0.wp.com\/lasprimeras.com.do\/wp-content\/uploads\/2024\/03\/Vinicio-Castillo-Seman.jpg?resize=525%2C300&ssl=1 1.5x, https:\/\/i0.wp.com\/lasprimeras.com.do\/wp-content\/uploads\/2024\/03\/Vinicio-Castillo-Seman.jpg?resize=700%2C400&ssl=1 2x"},"classes":[]},{"id":78503,"url":"https:\/\/lasprimeras.com.do\/index.php\/2024\/03\/17\/vinicio-castillo-seman-dice-alianza-rescate-rd-en-vez-de-sumar-resto\/","url_meta":{"origin":78600,"position":1},"title":"Vinicio Castillo Sem\u00e1n dice \u201cAlianza Rescate RD\u201d en vez de sumar, rest\u00f3\u00a0","author":"Nelson Feliz","date":"17 de marzo de 2024","format":false,"excerpt":"El dirigente pol\u00edtico de la Fuerza Nacional Progresista, Vinicio Castillo Sem\u00e1n, manifest\u00f3 que la Alianza Rescate RD, lejos de sumar, iba a restar porque era la mezcla de los ex presidentes Leonel Fern\u00e1ndez y Danilo Medina y la c\u00fapula del Partido de la Liberaci\u00f3n Dominicana en base a un pacto\u2026","rel":"","context":"En \u00abPORTADA\u00bb","block_context":{"text":"PORTADA","link":"https:\/\/lasprimeras.com.do\/index.php\/category\/portada\/"},"img":{"alt_text":"Vinicio Castillo Sem\u00e1n","src":"https:\/\/i0.wp.com\/lasprimeras.com.do\/wp-content\/uploads\/2024\/03\/Vinicio-Castillo-Seman.jpg?resize=350%2C200&ssl=1","width":350,"height":200,"srcset":"https:\/\/i0.wp.com\/lasprimeras.com.do\/wp-content\/uploads\/2024\/03\/Vinicio-Castillo-Seman.jpg?resize=350%2C200&ssl=1 1x, https:\/\/i0.wp.com\/lasprimeras.com.do\/wp-content\/uploads\/2024\/03\/Vinicio-Castillo-Seman.jpg?resize=525%2C300&ssl=1 1.5x, https:\/\/i0.wp.com\/lasprimeras.com.do\/wp-content\/uploads\/2024\/03\/Vinicio-Castillo-Seman.jpg?resize=700%2C400&ssl=1 2x"},"classes":[]},{"id":61867,"url":"https:\/\/lasprimeras.com.do\/index.php\/2023\/10\/01\/miembro-de-la-fuerza-del-pueblo-califica-como-patetico-a-vinicio-castillo-seman\/","url_meta":{"origin":78600,"position":2},"title":"Miembro de la Fuerza del Pueblo califica como pat\u00e9tico a Vinicio Castillo Sem\u00e1n","author":"Nelson Feliz","date":"1 de octubre de 2023","format":false,"excerpt":"Como pat\u00e9tico defini\u00f3 Ra\u00fal Hern\u00e1ndez, miembro de la Direcci\u00f3n Central de la Fuerza del Pueblo, al dirigente pol\u00edtico Vinicio Castillo Sem\u00e1n, ante las reiteradas expresiones y cr\u00edticas de este \u00faltimo sobre el mencionado partido. Hern\u00e1ndez exhort\u00f3 al dirigente pol\u00edtico de la Fuerza Nacional Progresista, ( Vinicito) a que \u201csuelte un\u2026","rel":"","context":"En \u00abPORTADA\u00bb","block_context":{"text":"PORTADA","link":"https:\/\/lasprimeras.com.do\/index.php\/category\/portada\/"},"img":{"alt_text":"Ra\u00fal Hern\u00e1ndez","src":"https:\/\/i0.wp.com\/lasprimeras.com.do\/wp-content\/uploads\/2023\/10\/Raul-Hernandez.jpg?resize=350%2C200&ssl=1","width":350,"height":200,"srcset":"https:\/\/i0.wp.com\/lasprimeras.com.do\/wp-content\/uploads\/2023\/10\/Raul-Hernandez.jpg?resize=350%2C200&ssl=1 1x, https:\/\/i0.wp.com\/lasprimeras.com.do\/wp-content\/uploads\/2023\/10\/Raul-Hernandez.jpg?resize=525%2C300&ssl=1 1.5x, https:\/\/i0.wp.com\/lasprimeras.com.do\/wp-content\/uploads\/2023\/10\/Raul-Hernandez.jpg?resize=700%2C400&ssl=1 2x"},"classes":[]},{"id":55141,"url":"https:\/\/lasprimeras.com.do\/index.php\/2023\/07\/18\/vinicio-castillo-revela-alianza-prm-fp-para-sacar-al-pld-del-poder-en-elecciones-del-2024\/","url_meta":{"origin":78600,"position":3},"title":"Vinicio Castillo revela alianza PRM-FP para sacar al PLD del poder en elecciones del 2024","author":"Nelson Feliz","date":"18 de julio de 2023","format":false,"excerpt":"El dirigente pol\u00edtico de la Fuerza Nacional Progresista (FNP), Vinicio Castillo, ha revelado que en la casa de Jos\u00e9 Frank Pe\u00f1a Guaba se llev\u00f3 a cabo una alianza estrat\u00e9gica entre el Partido Revolucionario Moderno (PRM) y la Fuerza del Pueblo (FP) para derrocar a Danilo Medina y al Partido de\u2026","rel":"","context":"En \u00abPORTADA\u00bb","block_context":{"text":"PORTADA","link":"https:\/\/lasprimeras.com.do\/index.php\/category\/portada\/"},"img":{"alt_text":"Vinicio Castillo Seman","src":"https:\/\/i0.wp.com\/lasprimeras.com.do\/wp-content\/uploads\/2023\/07\/Vinicio-Castillo-Seman.jpg?resize=350%2C200&ssl=1","width":350,"height":200,"srcset":"https:\/\/i0.wp.com\/lasprimeras.com.do\/wp-content\/uploads\/2023\/07\/Vinicio-Castillo-Seman.jpg?resize=350%2C200&ssl=1 1x, https:\/\/i0.wp.com\/lasprimeras.com.do\/wp-content\/uploads\/2023\/07\/Vinicio-Castillo-Seman.jpg?resize=525%2C300&ssl=1 1.5x, https:\/\/i0.wp.com\/lasprimeras.com.do\/wp-content\/uploads\/2023\/07\/Vinicio-Castillo-Seman.jpg?resize=700%2C400&ssl=1 2x"},"classes":[]},{"id":61314,"url":"https:\/\/lasprimeras.com.do\/index.php\/2023\/09\/25\/bauta-acusa-a-vinicio-castillo-seman-de-ser-un-agente-pagado-por-el-gobierno\/","url_meta":{"origin":78600,"position":4},"title":"Bauta acusa a Vinicio Castillo Sem\u00e1n de ser un agente pagado por el gobierno","author":"Nelson Feliz","date":"25 de septiembre de 2023","format":false,"excerpt":"El miembro de la Direcci\u00f3n Pol\u00edtica del Partido Fuerza del Pueblo, Bautista Rojas G\u00f3mez, calific\u00f3 a Vinicio Castillo Sem\u00e1n de ser un agente pagado por el gobierno y quien es una persona mal agradecida. Rojas G\u00f3mez, dijo que el dirigente de la Fuerza Nacional progresista est\u00e1 vinculado a negocios con\u2026","rel":"","context":"En \u00abPORTADA\u00bb","block_context":{"text":"PORTADA","link":"https:\/\/lasprimeras.com.do\/index.php\/category\/portada\/"},"img":{"alt_text":"Bautista Rojas G\u00f3mez","src":"https:\/\/i0.wp.com\/lasprimeras.com.do\/wp-content\/uploads\/2023\/07\/Bauta-Rojas.jpg?resize=350%2C200&ssl=1","width":350,"height":200,"srcset":"https:\/\/i0.wp.com\/lasprimeras.com.do\/wp-content\/uploads\/2023\/07\/Bauta-Rojas.jpg?resize=350%2C200&ssl=1 1x, https:\/\/i0.wp.com\/lasprimeras.com.do\/wp-content\/uploads\/2023\/07\/Bauta-Rojas.jpg?resize=525%2C300&ssl=1 1.5x, https:\/\/i0.wp.com\/lasprimeras.com.do\/wp-content\/uploads\/2023\/07\/Bauta-Rojas.jpg?resize=700%2C400&ssl=1 2x"},"classes":[]},{"id":82289,"url":"https:\/\/lasprimeras.com.do\/index.php\/2024\/04\/30\/pelegrin-castillo-dice-debate-organizado-por-anje-fue-para-bajar-tensiones\/","url_meta":{"origin":78600,"position":5},"title":"Pelegr\u00edn Castillo dice Debate organizado por ANJE fue para bajar tensiones","author":"Nelson Feliz","date":"30 de abril de 2024","format":false,"excerpt":"El vicepresidente de la Fuerza Nacional Progresista (FNP), sostuvo que el empresariado busca bajar las tensiones pol\u00edticas generadas por la oposici\u00f3n con el debate de los candidatos presidenciales realizado por la Asociaci\u00f3n de J\u00f3venes Empresarios (ANJE), con el fin de legitimar el proceso electoral y los eventuales resultados. Pelegr\u00edn Castillo,\u2026","rel":"","context":"En \u00abSin categor\u00eda\u00bb","block_context":{"text":"Sin categor\u00eda","link":"https:\/\/lasprimeras.com.do\/index.php\/category\/sin-categoria\/"},"img":{"alt_text":"","src":"https:\/\/i0.wp.com\/lasprimeras.com.do\/wp-content\/uploads\/2023\/09\/pelegrin-castillo-ve-canal-masacre-es-pretexto-para-unificar-fuerzas-en-haiti-contra-rd.jpg?resize=350%2C200&ssl=1","width":350,"height":200,"srcset":"https:\/\/i0.wp.com\/lasprimeras.com.do\/wp-content\/uploads\/2023\/09\/pelegrin-castillo-ve-canal-masacre-es-pretexto-para-unificar-fuerzas-en-haiti-contra-rd.jpg?resize=350%2C200&ssl=1 1x, https:\/\/i0.wp.com\/lasprimeras.com.do\/wp-content\/uploads\/2023\/09\/pelegrin-castillo-ve-canal-masacre-es-pretexto-para-unificar-fuerzas-en-haiti-contra-rd.jpg?resize=525%2C300&ssl=1 1.5x, https:\/\/i0.wp.com\/lasprimeras.com.do\/wp-content\/uploads\/2023\/09\/pelegrin-castillo-ve-canal-masacre-es-pretexto-para-unificar-fuerzas-en-haiti-contra-rd.jpg?resize=700%2C400&ssl=1 2x"},"classes":[]}],"jetpack_sharing_enabled":true,"_links":{"self":[{"href":"https:\/\/lasprimeras.com.do\/index.php\/wp-json\/wp\/v2\/posts\/78600","targetHints":{"allow":["GET"]}}],"collection":[{"href":"https:\/\/lasprimeras.com.do\/index.php\/wp-json\/wp\/v2\/posts"}],"about":[{"href":"https:\/\/lasprimeras.com.do\/index.php\/wp-json\/wp\/v2\/types\/post"}],"author":[{"embeddable":true,"href":"https:\/\/lasprimeras.com.do\/index.php\/wp-json\/wp\/v2\/users\/3"}],"replies":[{"embeddable":true,"href":"https:\/\/lasprimeras.com.do\/index.php\/wp-json\/wp\/v2\/comments?post=78600"}],"version-history":[{"count":1,"href":"https:\/\/lasprimeras.com.do\/index.php\/wp-json\/wp\/v2\/posts\/78600\/revisions"}],"predecessor-version":[{"id":78602,"href":"https:\/\/lasprimeras.com.do\/index.php\/wp-json\/wp\/v2\/posts\/78600\/revisions\/78602"}],"wp:featuredmedia":[{"embeddable":true,"href":"https:\/\/lasprimeras.com.do\/index.php\/wp-json\/wp\/v2\/media\/78601"}],"wp:attachment":[{"href":"https:\/\/lasprimeras.com.do\/index.php\/wp-json\/wp\/v2\/media?parent=78600"}],"wp:term":[{"taxonomy":"category","embeddable":true,"href":"https:\/\/lasprimeras.com.do\/index.php\/wp-json\/wp\/v2\/categories?post=78600"},{"taxonomy":"post_tag","embeddable":true,"href":"https:\/\/lasprimeras.com.do\/index.php\/wp-json\/wp\/v2\/tags?post=78600"}],"curies":[{"name":"wp","href":"https:\/\/api.w.org\/{rel}","templated":true}]}}