{"id":78603,"date":"2024-03-18T07:08:50","date_gmt":"2024-03-18T11:08:50","guid":{"rendered":"https:\/\/lasprimeras.com.do\/?p=78603"},"modified":"2024-03-18T07:08:52","modified_gmt":"2024-03-18T11:08:52","slug":"pereyra-entrega-cancha-san-luis-beneficia-a-miles","status":"publish","type":"post","link":"https:\/\/lasprimeras.com.do\/index.php\/2024\/03\/18\/pereyra-entrega-cancha-san-luis-beneficia-a-miles\/","title":{"rendered":"Pereyra entrega cancha San Luis beneficia a miles"},"content":{"rendered":"\n<p>San Luis, Santo Domingo Este.- El Banco de Reservas respald\u00f3 al distrito municipal de San Luis con la reconstrucci\u00f3n de la cancha Nicol\u00e1s D\u00edaz, un lugar de esparcimiento que favorece a cientos de j\u00f3venes de Santo Domingo Este.<\/p>\n\n\n\n<p>Al entregar la obra a los comunitarios, el administrador general de Banreservas, Samuel Pereyra, manifest\u00f3 que esta iniciativa de apoyo al deporte forma partede la responsabili dad social de esa entidad financiera, que auspicia diferentes disciplinas.<\/p>\n\n\n\n<p>\u201cEsta cancha Nicol\u00e1s D\u00edaz -a\u00f1adi\u00f3- es una merecida contribuci\u00f3n de Banreservas para esta localidad tan laboriosa, que merece un espacio seguro donde practicar deportes o realizar sus actividades recreativas\u201d.<\/p>\n\n\n\n<p>Para satisfacer las necesidades de esparcimiento, usamos materiales y mano de obra de calidad \u00f3ptima, que dieron como resultado esta hermosa cancha, que podr\u00e1n disfrutar los j\u00f3venes de San Luis y sectores aleda\u00f1os.<\/p>\n","protected":false},"excerpt":{"rendered":"<p>San Luis, Santo Domingo Este.- El Banco de Reservas respald\u00f3 al distrito municipal de San Luis con la reconstrucci\u00f3n de la cancha Nicol\u00e1s D\u00edaz, un lugar de esparcimiento que favorece&hellip;<\/p>\n","protected":false},"author":3,"featured_media":78604,"comment_status":"open","ping_status":"open","sticky":false,"template":"","format":"standard","meta":{"content-type":"","jetpack_post_was_ever_published":false,"_jetpack_newsletter_access":"","_jetpack_dont_email_post_to_subs":false,"_jetpack_newsletter_tier_id":0,"_jetpack_memberships_contains_paywalled_content":false,"_jetpack_memberships_contains_paid_content":false,"footnotes":""},"categories":[1],"tags":[5509],"class_list":["post-78603","post","type-post","status-publish","format-standard","has-post-thumbnail","hentry","category-sin-categoria","tag-cancha"],"jetpack_featured_media_url":"https:\/\/lasprimeras.com.do\/wp-content\/uploads\/2024\/03\/Diseno-sin-titulo-4-4.jpg","jetpack-related-posts":[{"id":93440,"url":"https:\/\/lasprimeras.com.do\/index.php\/2025\/02\/09\/con-apoyo-de-banreservas-se-reinaugura-el-polideportivo-de-la-uasd\/","url_meta":{"origin":78603,"position":0},"title":"Con apoyo de BANRESERVAS, se reinaugura el polideportivo de la UASD","author":"Nelson Feliz","date":"9 de febrero de 2025","format":false,"excerpt":"La obra, que demand\u00f3 una inversi\u00f3n de 28 millones de pesos, impactar\u00e1 a cerca de 88 mil estudiantes. El presidente de la Rep\u00fablica, Luis Abinader Corona; el rector de la Universidad Aut\u00f3noma de Santo Domingo (UASD), maestro Editrudis Beltr\u00e1n Cris\u00f3stomo; y Samuel Pereyra, administrador del Banco de Reservas, encabezaron el\u2026","rel":"","context":"En \u00abNACIONALES\u00bb","block_context":{"text":"NACIONALES","link":"https:\/\/lasprimeras.com.do\/index.php\/category\/nacionales\/"},"img":{"alt_text":"","src":"https:\/\/i0.wp.com\/lasprimeras.com.do\/wp-content\/uploads\/2025\/02\/banreservas.jpg?resize=350%2C200&ssl=1","width":350,"height":200,"srcset":"https:\/\/i0.wp.com\/lasprimeras.com.do\/wp-content\/uploads\/2025\/02\/banreservas.jpg?resize=350%2C200&ssl=1 1x, https:\/\/i0.wp.com\/lasprimeras.com.do\/wp-content\/uploads\/2025\/02\/banreservas.jpg?resize=525%2C300&ssl=1 1.5x, https:\/\/i0.wp.com\/lasprimeras.com.do\/wp-content\/uploads\/2025\/02\/banreservas.jpg?resize=700%2C400&ssl=1 2x"},"classes":[]},{"id":117959,"url":"https:\/\/lasprimeras.com.do\/index.php\/2025\/12\/18\/banreservas-remodela-emblematica-cancha-mixta-en-villa-consuelo\/","url_meta":{"origin":78603,"position":1},"title":"Banreservas remodela emblem\u00e1tica cancha mixta en Villa Consuelo","author":"Nelson Feliz","date":"18 de diciembre de 2025","format":false,"excerpt":"\u00a0Leonardo Aguilera resalta en un mensaje que la entidad financiera desarrolla estas iniciativas para incentivar a la juventud dominicana en las pr\u00e1cticas deportivas. \u00a0El Banco de Reservas remodel\u00f3 la cancha deportiva mixta de Villa Consuelo, en el Distrito Nacional, acci\u00f3n social que garantiza un adecuado espacio para la sana recreaci\u00f3n\u2026","rel":"","context":"En \u00abDEPORTES\u00bb","block_context":{"text":"DEPORTES","link":"https:\/\/lasprimeras.com.do\/index.php\/category\/deportes\/"},"img":{"alt_text":"","src":"https:\/\/i0.wp.com\/lasprimeras.com.do\/wp-content\/uploads\/2025\/12\/Banreservas-4.jpg?resize=350%2C200&ssl=1","width":350,"height":200,"srcset":"https:\/\/i0.wp.com\/lasprimeras.com.do\/wp-content\/uploads\/2025\/12\/Banreservas-4.jpg?resize=350%2C200&ssl=1 1x, https:\/\/i0.wp.com\/lasprimeras.com.do\/wp-content\/uploads\/2025\/12\/Banreservas-4.jpg?resize=525%2C300&ssl=1 1.5x, https:\/\/i0.wp.com\/lasprimeras.com.do\/wp-content\/uploads\/2025\/12\/Banreservas-4.jpg?resize=700%2C400&ssl=1 2x"},"classes":[]},{"id":126160,"url":"https:\/\/lasprimeras.com.do\/index.php\/2026\/03\/30\/abinader-inauguracion-de-cancha-techada-en-centro-educativo-blanca-mascaro-en-licey-al-medio\/","url_meta":{"origin":78603,"position":2},"title":"Abinader inauguraci\u00f3n de cancha techada en Centro Educativo Blanca Mascar\u00f3 en Licey al Medio","author":"Nelson Feliz","date":"30 de marzo de 2026","format":false,"excerpt":"_Viceministro Francisco D\u2019Oleo resalta legado patri\u00f3tico de la Batalla del 30 de Marzo con entrega de cancha escolar._ El presidente Luis Abinader contin\u00faa fortaleciendo la infraestructura deportiva escolar con la inauguraci\u00f3n de una moderna cancha techada en el Centro Educativo Blanca Mascar\u00f3. Esta obra impacta de manera directa a estudiantes\u2026","rel":"","context":"En \u00abDEPORTES\u00bb","block_context":{"text":"DEPORTES","link":"https:\/\/lasprimeras.com.do\/index.php\/category\/deportes\/"},"img":{"alt_text":"","src":"https:\/\/i0.wp.com\/lasprimeras.com.do\/wp-content\/uploads\/2026\/03\/IMG-20260330-WA0530-scaled.jpg?resize=350%2C200&ssl=1","width":350,"height":200,"srcset":"https:\/\/i0.wp.com\/lasprimeras.com.do\/wp-content\/uploads\/2026\/03\/IMG-20260330-WA0530-scaled.jpg?resize=350%2C200&ssl=1 1x, https:\/\/i0.wp.com\/lasprimeras.com.do\/wp-content\/uploads\/2026\/03\/IMG-20260330-WA0530-scaled.jpg?resize=525%2C300&ssl=1 1.5x, https:\/\/i0.wp.com\/lasprimeras.com.do\/wp-content\/uploads\/2026\/03\/IMG-20260330-WA0530-scaled.jpg?resize=700%2C400&ssl=1 2x, https:\/\/i0.wp.com\/lasprimeras.com.do\/wp-content\/uploads\/2026\/03\/IMG-20260330-WA0530-scaled.jpg?resize=1050%2C600&ssl=1 3x, https:\/\/i0.wp.com\/lasprimeras.com.do\/wp-content\/uploads\/2026\/03\/IMG-20260330-WA0530-scaled.jpg?resize=1400%2C800&ssl=1 4x"},"classes":[]},{"id":73987,"url":"https:\/\/lasprimeras.com.do\/index.php\/2024\/01\/18\/la-fedombal-honra-pereyra-con-asamblea-asociaciones\/","url_meta":{"origin":78603,"position":3},"title":"La Fedombal honra Pereyra con asamblea Asociaciones","author":"BIMARY DE JES\u00daS Matos","date":"18 de enero de 2024","format":false,"excerpt":"Santo Domingo .\u2013 La Federaci\u00f3n Dominicana de Baloncesto (Fedombal) dedic\u00f3 su Asamblea General Ordinaria Anual, con la presencia de las 32 Asociaciones que la conforman, al Administrador General de BanReservas, Samuel Pereyra Rojas. El c\u00f3nclave federado est\u00e1 programado a celebrarse este s\u00e1bado 20 de enero, a partir de las 11:30\u2026","rel":"","context":"En \u00abSin categor\u00eda\u00bb","block_context":{"text":"Sin categor\u00eda","link":"https:\/\/lasprimeras.com.do\/index.php\/category\/sin-categoria\/"},"img":{"alt_text":"","src":"https:\/\/i0.wp.com\/lasprimeras.com.do\/wp-content\/uploads\/2024\/01\/Mujer-bonita-el-merengue-que-posiciona-a-Rafely-Rosario-numero-uno-en-radio-nacional-6.webp?resize=350%2C200&ssl=1","width":350,"height":200,"srcset":"https:\/\/i0.wp.com\/lasprimeras.com.do\/wp-content\/uploads\/2024\/01\/Mujer-bonita-el-merengue-que-posiciona-a-Rafely-Rosario-numero-uno-en-radio-nacional-6.webp?resize=350%2C200&ssl=1 1x, https:\/\/i0.wp.com\/lasprimeras.com.do\/wp-content\/uploads\/2024\/01\/Mujer-bonita-el-merengue-que-posiciona-a-Rafely-Rosario-numero-uno-en-radio-nacional-6.webp?resize=525%2C300&ssl=1 1.5x"},"classes":[]},{"id":63291,"url":"https:\/\/lasprimeras.com.do\/index.php\/2023\/10\/11\/aportes-banreservas-al-deporte-superan-los-rd700-millones\/","url_meta":{"origin":78603,"position":4},"title":"Aportes Banreservas al deporte superan los RD$700 millones","author":"BIMARY DE JES\u00daS Matos","date":"11 de octubre de 2023","format":false,"excerpt":"SANTO DOMINGO.- El administrador general del Banco de Reservas, Samuel Pereyra, revel\u00f3 que los aportes de esa entidad financiera al deporte superaron los RD$700 millones en los \u00faltimos tres a\u00f1os. Pereyra detall\u00f3 que el respaldo al b\u00e9isbol, en diferentes modalidades, se increment\u00f3 de RD$40.8 millones en 2021 a RD$172.4 millones\u2026","rel":"","context":"En \u00abSin categor\u00eda\u00bb","block_context":{"text":"Sin categor\u00eda","link":"https:\/\/lasprimeras.com.do\/index.php\/category\/sin-categoria\/"},"img":{"alt_text":"","src":"https:\/\/i0.wp.com\/lasprimeras.com.do\/wp-content\/uploads\/2023\/10\/IMG-20231010-WA0108-7.jpg?resize=350%2C200&ssl=1","width":350,"height":200,"srcset":"https:\/\/i0.wp.com\/lasprimeras.com.do\/wp-content\/uploads\/2023\/10\/IMG-20231010-WA0108-7.jpg?resize=350%2C200&ssl=1 1x, https:\/\/i0.wp.com\/lasprimeras.com.do\/wp-content\/uploads\/2023\/10\/IMG-20231010-WA0108-7.jpg?resize=525%2C300&ssl=1 1.5x, https:\/\/i0.wp.com\/lasprimeras.com.do\/wp-content\/uploads\/2023\/10\/IMG-20231010-WA0108-7.jpg?resize=700%2C400&ssl=1 2x"},"classes":[]},{"id":126004,"url":"https:\/\/lasprimeras.com.do\/index.php\/2026\/03\/28\/gobierno-suspende-desfile-militar-del-lunes-30-de-marzo-por-austeridad\/","url_meta":{"origin":78603,"position":5},"title":"Gobierno suspende desfile militar del lunes 30 de marzo por austeridad","author":"Nelson Feliz","date":"28 de marzo de 2026","format":false,"excerpt":"Sigue en agenda el Tedeum en conmemoraci\u00f3n a los h\u00e9roes de la Batalla del 30 de Marzo, el cual ser\u00e1 encabezado por el presidente Abinader El Poder Ejecutivo anuncia la suspensi\u00f3n del tradicional desfile c\u00edvico militar organizado para este lunes 30 de marzo en Santiago, frente al compromiso del presidente\u2026","rel":"","context":"En \u00abNACIONALES\u00bb","block_context":{"text":"NACIONALES","link":"https:\/\/lasprimeras.com.do\/index.php\/category\/nacionales\/"},"img":{"alt_text":"Luis Abinader","src":"https:\/\/i0.wp.com\/lasprimeras.com.do\/wp-content\/uploads\/2026\/03\/Luis-Abinader-14.jpg?resize=350%2C200&ssl=1","width":350,"height":200,"srcset":"https:\/\/i0.wp.com\/lasprimeras.com.do\/wp-content\/uploads\/2026\/03\/Luis-Abinader-14.jpg?resize=350%2C200&ssl=1 1x, https:\/\/i0.wp.com\/lasprimeras.com.do\/wp-content\/uploads\/2026\/03\/Luis-Abinader-14.jpg?resize=525%2C300&ssl=1 1.5x, https:\/\/i0.wp.com\/lasprimeras.com.do\/wp-content\/uploads\/2026\/03\/Luis-Abinader-14.jpg?resize=700%2C400&ssl=1 2x"},"classes":[]}],"jetpack_sharing_enabled":true,"_links":{"self":[{"href":"https:\/\/lasprimeras.com.do\/index.php\/wp-json\/wp\/v2\/posts\/78603","targetHints":{"allow":["GET"]}}],"collection":[{"href":"https:\/\/lasprimeras.com.do\/index.php\/wp-json\/wp\/v2\/posts"}],"about":[{"href":"https:\/\/lasprimeras.com.do\/index.php\/wp-json\/wp\/v2\/types\/post"}],"author":[{"embeddable":true,"href":"https:\/\/lasprimeras.com.do\/index.php\/wp-json\/wp\/v2\/users\/3"}],"replies":[{"embeddable":true,"href":"https:\/\/lasprimeras.com.do\/index.php\/wp-json\/wp\/v2\/comments?post=78603"}],"version-history":[{"count":1,"href":"https:\/\/lasprimeras.com.do\/index.php\/wp-json\/wp\/v2\/posts\/78603\/revisions"}],"predecessor-version":[{"id":78605,"href":"https:\/\/lasprimeras.com.do\/index.php\/wp-json\/wp\/v2\/posts\/78603\/revisions\/78605"}],"wp:featuredmedia":[{"embeddable":true,"href":"https:\/\/lasprimeras.com.do\/index.php\/wp-json\/wp\/v2\/media\/78604"}],"wp:attachment":[{"href":"https:\/\/lasprimeras.com.do\/index.php\/wp-json\/wp\/v2\/media?parent=78603"}],"wp:term":[{"taxonomy":"category","embeddable":true,"href":"https:\/\/lasprimeras.com.do\/index.php\/wp-json\/wp\/v2\/categories?post=78603"},{"taxonomy":"post_tag","embeddable":true,"href":"https:\/\/lasprimeras.com.do\/index.php\/wp-json\/wp\/v2\/tags?post=78603"}],"curies":[{"name":"wp","href":"https:\/\/api.w.org\/{rel}","templated":true}]}}