{"id":78609,"date":"2024-03-18T07:11:51","date_gmt":"2024-03-18T11:11:51","guid":{"rendered":"https:\/\/lasprimeras.com.do\/?p=78609"},"modified":"2024-03-18T07:11:52","modified_gmt":"2024-03-18T11:11:52","slug":"putin-seguira-en-el-kremlin-hasta-2030-tras-lograr-un-historico-875-de-los-votos","status":"publish","type":"post","link":"https:\/\/lasprimeras.com.do\/index.php\/2024\/03\/18\/putin-seguira-en-el-kremlin-hasta-2030-tras-lograr-un-historico-875-de-los-votos\/","title":{"rendered":"Putin seguir\u00e1 en el Kremlin hasta 2030 tras lograr un hist\u00f3rico 87,5 % de los votos"},"content":{"rendered":"\n<p>Mosc\u00fa.- El presidente ruso, Vlad\u00edmir Putin, seguir\u00e1 en el Kremlin hasta 2030 tras lograr el 87,5 % de los votos seg\u00fan el escrutinio del 32 % de los sufragios, inform\u00f3 la Comisi\u00f3n Electoral Central (CEC) al t\u00e9rmino de los tres d\u00edas de votaci\u00f3n.<\/p>\n\n\n\n<p>Putin, de 71 a\u00f1os, logr\u00f3 su mayor victoria electoral desde que lleg\u00f3 al poder en el a\u00f1o 2000, pese a la guerra en Ucrania y las sanciones econ\u00f3micas occidentales.<\/p>\n\n\n\n<p>Seguir\u00e1 siendo presidente de este pa\u00eds durante otros seis a\u00f1os, tras los que podr\u00e1 volver a presentarse a la reelecci\u00f3n, ya que reform\u00f3 en 2020 las cl\u00e1usulas de la Constituci\u00f3n que le imped\u00edan seguir en el Kremlin.<\/p>\n\n\n\n<p>El segundo candidato m\u00e1s votado fue el comunista Nikol\u00e1i Jarit\u00f3nov con el 4 % de los votos, seguido por el representante del partido Gente Nueva, Vladislav Davankov, con 3,86 %.<\/p>\n\n\n\n<p>El \u00faltimo aspirante es el ultranacionalista Leonid Slutski, que suma el 3 % de las papeletas.<\/p>\n\n\n\n<p>La oposici\u00f3n al Kremlin no pudo concurrir en los comicios, ya que la CEC no registr\u00f3 a sus candidatos por diferentes motivos t\u00e9cnicos o defectos de forma, por apoyar la paz en Ucrania.<\/p>\n\n\n\n<p>La CEC, que no invit\u00f3 a observadores occidentales, neg\u00f3 hoy que se produjeran graves irregularidades, aunque expertos independientes y la prensa en el exilio denunciaron varios casos de manipulaci\u00f3n electoral.<\/p>\n\n\n\n<p>La participaci\u00f3n a falta de tres horas para el cierre de los colegios superaba el 74 %, con lo que se espera que marque un m\u00e1ximo hist\u00f3rico desde las primeras elecciones presidenciales directas en Rusia celebradas en 1991.<\/p>\n\n\n\n<p>La oposici\u00f3n expres\u00f3 sus sospechas sobre el empleo masivo del recurso administrativo despu\u00e9s de que en las dos primeras jornadas votara m\u00e1s de la mitad del censo, cifrado en 112 millones de personas.<\/p>\n\n\n\n<p>Miles de rusos cr\u00edticos con el Kremlin acudieron a las 12 del mediod\u00eda del domingo a votar en masa en Rusia y en el extranjero en una muestra de repulsa coordinada por la oposici\u00f3n contra la pol\u00edtica de Putin y la guerra en Ucrania.<\/p>\n\n\n\n<p>Las elecciones han estado marcadas por los ataques con drones y las incursiones fronterizas ucranianas, que causaron varios muertos y llevaron a Putin a acusar a Kiev de intentar torpedear su reelecci\u00f3n.<\/p>\n","protected":false},"excerpt":{"rendered":"<p>Mosc\u00fa.- El presidente ruso, Vlad\u00edmir Putin, seguir\u00e1 en el Kremlin hasta 2030 tras lograr el 87,5 % de los votos seg\u00fan el escrutinio del 32 % de los sufragios, inform\u00f3&hellip;<\/p>\n","protected":false},"author":3,"featured_media":78610,"comment_status":"open","ping_status":"open","sticky":false,"template":"","format":"standard","meta":{"content-type":"","jetpack_post_was_ever_published":false,"_jetpack_newsletter_access":"","_jetpack_dont_email_post_to_subs":false,"_jetpack_newsletter_tier_id":0,"_jetpack_memberships_contains_paywalled_content":false,"_jetpack_memberships_contains_paid_content":false,"footnotes":""},"categories":[1],"tags":[421],"class_list":["post-78609","post","type-post","status-publish","format-standard","has-post-thumbnail","hentry","category-sin-categoria","tag-vladimir-putin"],"jetpack_featured_media_url":"https:\/\/lasprimeras.com.do\/wp-content\/uploads\/2024\/03\/Diseno-sin-titulo-3-4.jpg","jetpack-related-posts":[{"id":48764,"url":"https:\/\/lasprimeras.com.do\/index.php\/2023\/05\/03\/venezuela-condena-el-intento-de-magnicidio-contra-putin\/","url_meta":{"origin":78609,"position":0},"title":"Venezuela condena el intento de magnicidio contra Putin","author":"prenxa100","date":"3 de mayo de 2023","format":false,"excerpt":"La noche del martes al mi\u00e9rcoles, Ucrania intent\u00f3 atacar el Kremlin con dos drones. Nadie result\u00f3 herido. Caracas, RT.-. El presidente de Venezuela, Nicol\u00e1s Maduro, expres\u00f3 \"su total condena al intento de magnicidio\" que se llev\u00f3 a cabo contra el presidente de Rusia, Vlad\u00edmir Putin, reza un comunicado de la\u2026","rel":"","context":"En \u00abSin categor\u00eda\u00bb","block_context":{"text":"Sin categor\u00eda","link":"https:\/\/lasprimeras.com.do\/index.php\/category\/sin-categoria\/"},"img":{"alt_text":"","src":"","width":0,"height":0},"classes":[]},{"id":64986,"url":"https:\/\/lasprimeras.com.do\/index.php\/2023\/10\/25\/rusia-el-kremlin-desmiente-que-el-presidente-putin-este-enfermo\/","url_meta":{"origin":78609,"position":1},"title":"RUSIA: El Kremlin desmiente que el Presidente Putin est\u00e9 enfermo","author":"BIMARY DE JES\u00daS Matos","date":"25 de octubre de 2023","format":false,"excerpt":"MOSCU.- El Kremlin desminti\u00f3 que el presidente de Rusia, Vladimir Putin, est\u00e9 enfermo y dijo que todos los rumores sobre su mal estado de salud son \u00abbulos\u00bb, al igual que las informaciones de que utiliza dobles. \u00abTodo est\u00e1 bien con \u00e9l, esto es absolutamente otra farsa\u00bb, dijo el portavoz de\u2026","rel":"","context":"En \u00abSin categor\u00eda\u00bb","block_context":{"text":"Sin categor\u00eda","link":"https:\/\/lasprimeras.com.do\/index.php\/category\/sin-categoria\/"},"img":{"alt_text":"","src":"","width":0,"height":0},"classes":[]},{"id":67146,"url":"https:\/\/lasprimeras.com.do\/index.php\/2023\/11\/13\/el-kremlin-mantiene-la-incertidumbre-sobre-los-planes-de-reeleccion-de-putin\/","url_meta":{"origin":78609,"position":2},"title":"El Kremlin mantiene la incertidumbre sobre los planes de reelecci\u00f3n de Putin","author":"BIMARY DE JES\u00daS Matos","date":"13 de noviembre de 2023","format":false,"excerpt":"Mosc\u00fa.- El Kremlin mantuvo hoy la incertidumbre sobre los planes de reelecci\u00f3n del presidente ruso, Vlad\u00edmir Putin, al que la nueva Constituci\u00f3n permite ejercer otros dos mandatos de seis a\u00f1os cada uno, hasta 2036. \u00abEst\u00e1 claro que el momento del anuncio de las elecciones se acerca, pero por ahora no\u2026","rel":"","context":"En \u00abSin categor\u00eda\u00bb","block_context":{"text":"Sin categor\u00eda","link":"https:\/\/lasprimeras.com.do\/index.php\/category\/sin-categoria\/"},"img":{"alt_text":"","src":"https:\/\/i0.wp.com\/lasprimeras.com.do\/wp-content\/uploads\/2023\/11\/valentin-18.jpg?resize=350%2C200&ssl=1","width":350,"height":200,"srcset":"https:\/\/i0.wp.com\/lasprimeras.com.do\/wp-content\/uploads\/2023\/11\/valentin-18.jpg?resize=350%2C200&ssl=1 1x, https:\/\/i0.wp.com\/lasprimeras.com.do\/wp-content\/uploads\/2023\/11\/valentin-18.jpg?resize=525%2C300&ssl=1 1.5x"},"classes":[]},{"id":70857,"url":"https:\/\/lasprimeras.com.do\/index.php\/2023\/12\/14\/putin-dice-la-paz-llegara-cuando-rusia-logre-objetivos-en-ucrania\/","url_meta":{"origin":78609,"position":3},"title":"Putin dice la paz llegar\u00e1 cuando Rusia logre objetivos en Ucrania","author":"BIMARY DE JES\u00daS Matos","date":"14 de diciembre de 2023","format":false,"excerpt":"MOSCU.- El presidente de Rusia, Vlad\u00edmir Putin, afirm\u00f3 que la paz en Ucrania llegar\u00e1 cuando Rusia \u201calcance sus objetivos\u201d, que no han cambiado desde el inicio de la campa\u00f1a militar en febrero de 2022. \u201cLa paz llegar\u00e1 cuando Rusia alcance sus objetivos\u201d, dijo el jefe del Kremlin en su rueda\u2026","rel":"","context":"En \u00abSin categor\u00eda\u00bb","block_context":{"text":"Sin categor\u00eda","link":"https:\/\/lasprimeras.com.do\/index.php\/category\/sin-categoria\/"},"img":{"alt_text":"","src":"https:\/\/i0.wp.com\/lasprimeras.com.do\/wp-content\/uploads\/2023\/12\/WhatsApp-Image-2023-12-14-at-10.38.32-AM-8.jpeg?resize=350%2C200&ssl=1","width":350,"height":200,"srcset":"https:\/\/i0.wp.com\/lasprimeras.com.do\/wp-content\/uploads\/2023\/12\/WhatsApp-Image-2023-12-14-at-10.38.32-AM-8.jpeg?resize=350%2C200&ssl=1 1x, https:\/\/i0.wp.com\/lasprimeras.com.do\/wp-content\/uploads\/2023\/12\/WhatsApp-Image-2023-12-14-at-10.38.32-AM-8.jpeg?resize=525%2C300&ssl=1 1.5x"},"classes":[]},{"id":127207,"url":"https:\/\/lasprimeras.com.do\/index.php\/2026\/04\/09\/putin-declara-un-alto-el-fuego-en-ucrania-por-pascua-ortodoxa\/","url_meta":{"origin":78609,"position":4},"title":"Putin declara un alto el fuego en Ucrania por Pascua ortodoxa","author":"Nelson Feliz","date":"9 de abril de 2026","format":false,"excerpt":"El presidente ruso Vlad\u00edmir Putin declar\u00f3 el jueves un alto el fuego de 32 horas en Ucrania durante el fin de semana de la Pascua ortodoxa, tras un llamado anterior del presidente ucraniano Volodymyr Zelenskyy a una pausa en algunas de las hostilidades para observar la festividad. El decreto de\u2026","rel":"","context":"En \u00abINTERNACIONALES\u00bb","block_context":{"text":"INTERNACIONALES","link":"https:\/\/lasprimeras.com.do\/index.php\/category\/sin-categoria\/internacionales\/"},"img":{"alt_text":"Vlad\u00edmir Putin","src":"https:\/\/i0.wp.com\/lasprimeras.com.do\/wp-content\/uploads\/2026\/04\/Vladimir-Putin.jpg?resize=350%2C200&ssl=1","width":350,"height":200,"srcset":"https:\/\/i0.wp.com\/lasprimeras.com.do\/wp-content\/uploads\/2026\/04\/Vladimir-Putin.jpg?resize=350%2C200&ssl=1 1x, https:\/\/i0.wp.com\/lasprimeras.com.do\/wp-content\/uploads\/2026\/04\/Vladimir-Putin.jpg?resize=525%2C300&ssl=1 1.5x, https:\/\/i0.wp.com\/lasprimeras.com.do\/wp-content\/uploads\/2026\/04\/Vladimir-Putin.jpg?resize=700%2C400&ssl=1 2x"},"classes":[]},{"id":77256,"url":"https:\/\/lasprimeras.com.do\/index.php\/2024\/02\/19\/la-viuda-de-navalny-aborda-la-muerte-de-su-marido-y-promete-liderar-la-oposicion-anti-putin\/","url_meta":{"origin":78609,"position":5},"title":"La viuda de Navalny aborda la muerte de su marido y promete liderar la oposici\u00f3n anti-Putin","author":"Nelson Feliz","date":"19 de febrero de 2024","format":false,"excerpt":"Por Noticias VOA Yulia Navalnaya, viuda del l\u00edder de la oposici\u00f3n rusa Alexey Navalny, prometi\u00f3 el lunes continuar el trabajo de su marido, diciendo que \"seguir\u00e1 luchando por la libertad de nuestro pa\u00eds\" y \"les pido que me apoyen\". En una declaraci\u00f3n en v\u00eddeo online, Navalnaya dijo: \"Vladimir Putin mat\u00f3\u2026","rel":"","context":"En \u00abSin categor\u00eda\u00bb","block_context":{"text":"Sin categor\u00eda","link":"https:\/\/lasprimeras.com.do\/index.php\/category\/sin-categoria\/"},"img":{"alt_text":"Yulia Navalnaya","src":"https:\/\/i0.wp.com\/lasprimeras.com.do\/wp-content\/uploads\/2024\/02\/Yulia-Navalnaya.jpg?resize=350%2C200&ssl=1","width":350,"height":200,"srcset":"https:\/\/i0.wp.com\/lasprimeras.com.do\/wp-content\/uploads\/2024\/02\/Yulia-Navalnaya.jpg?resize=350%2C200&ssl=1 1x, https:\/\/i0.wp.com\/lasprimeras.com.do\/wp-content\/uploads\/2024\/02\/Yulia-Navalnaya.jpg?resize=525%2C300&ssl=1 1.5x, https:\/\/i0.wp.com\/lasprimeras.com.do\/wp-content\/uploads\/2024\/02\/Yulia-Navalnaya.jpg?resize=700%2C400&ssl=1 2x"},"classes":[]}],"jetpack_sharing_enabled":true,"_links":{"self":[{"href":"https:\/\/lasprimeras.com.do\/index.php\/wp-json\/wp\/v2\/posts\/78609","targetHints":{"allow":["GET"]}}],"collection":[{"href":"https:\/\/lasprimeras.com.do\/index.php\/wp-json\/wp\/v2\/posts"}],"about":[{"href":"https:\/\/lasprimeras.com.do\/index.php\/wp-json\/wp\/v2\/types\/post"}],"author":[{"embeddable":true,"href":"https:\/\/lasprimeras.com.do\/index.php\/wp-json\/wp\/v2\/users\/3"}],"replies":[{"embeddable":true,"href":"https:\/\/lasprimeras.com.do\/index.php\/wp-json\/wp\/v2\/comments?post=78609"}],"version-history":[{"count":1,"href":"https:\/\/lasprimeras.com.do\/index.php\/wp-json\/wp\/v2\/posts\/78609\/revisions"}],"predecessor-version":[{"id":78611,"href":"https:\/\/lasprimeras.com.do\/index.php\/wp-json\/wp\/v2\/posts\/78609\/revisions\/78611"}],"wp:featuredmedia":[{"embeddable":true,"href":"https:\/\/lasprimeras.com.do\/index.php\/wp-json\/wp\/v2\/media\/78610"}],"wp:attachment":[{"href":"https:\/\/lasprimeras.com.do\/index.php\/wp-json\/wp\/v2\/media?parent=78609"}],"wp:term":[{"taxonomy":"category","embeddable":true,"href":"https:\/\/lasprimeras.com.do\/index.php\/wp-json\/wp\/v2\/categories?post=78609"},{"taxonomy":"post_tag","embeddable":true,"href":"https:\/\/lasprimeras.com.do\/index.php\/wp-json\/wp\/v2\/tags?post=78609"}],"curies":[{"name":"wp","href":"https:\/\/api.w.org\/{rel}","templated":true}]}}