{"id":78612,"date":"2024-03-18T07:26:51","date_gmt":"2024-03-18T11:26:51","guid":{"rendered":"https:\/\/lasprimeras.com.do\/?p=78612"},"modified":"2024-03-18T07:26:52","modified_gmt":"2024-03-18T11:26:52","slug":"aterriza-en-miami-el-primer-vuelo-charter-con-estadounidenses-que-huyen-de-haiti","status":"publish","type":"post","link":"https:\/\/lasprimeras.com.do\/index.php\/2024\/03\/18\/aterriza-en-miami-el-primer-vuelo-charter-con-estadounidenses-que-huyen-de-haiti\/","title":{"rendered":"Aterriza en Miami el primer vuelo ch\u00e1rter con estadounidenses que huyen de Hait\u00ed"},"content":{"rendered":"\n<p>MIAMI, EEUU \u2014Un vuelo fletado con decenas de estadounidenses que hu\u00edan de la creciente violencia de las pandillas en Hait\u00ed aterriz\u00f3 el domingo en Miami, informaron funcionarios del Departamento de Estado de Estados Unidos.<\/p>\n\n\n\n<p>M\u00e1s de 30 estadounidenses iban en el vuelo fletado por el gobierno, dijeron los funcionarios en un comunicado. Lleg\u00f3 al Aeropuerto Internacional de Miami despu\u00e9s de que la embajada de Estados Unidos en Puerto Pr\u00edncipe exhort\u00f3 este mes a los estadounidenses a irse \u201clo m\u00e1s pronto posible\u201d debido al caos que priva en Hait\u00ed.<\/p>\n\n\n\n<p>El pasajero Avlot Quessa, que vive en Boston, viaj\u00f3 desde el centro del pa\u00eds con el fin de abordar el vuelo ch\u00e1rter tras viajar a Hait\u00ed el mes pasado para la que se supon\u00eda ser\u00eda una visita de una semana a su mam\u00e1.<\/p>\n","protected":false},"excerpt":{"rendered":"<p>MIAMI, EEUU \u2014Un vuelo fletado con decenas de estadounidenses que hu\u00edan de la creciente violencia de las pandillas en Hait\u00ed aterriz\u00f3 el domingo en Miami, informaron funcionarios del Departamento de&hellip;<\/p>\n","protected":false},"author":3,"featured_media":78613,"comment_status":"open","ping_status":"open","sticky":false,"template":"","format":"standard","meta":{"content-type":"","jetpack_post_was_ever_published":false,"_jetpack_newsletter_access":"","_jetpack_dont_email_post_to_subs":false,"_jetpack_newsletter_tier_id":0,"_jetpack_memberships_contains_paywalled_content":false,"_jetpack_memberships_contains_paid_content":false,"footnotes":""},"categories":[1],"tags":[7448,1152,2059],"class_list":["post-78612","post","type-post","status-publish","format-standard","has-post-thumbnail","hentry","category-sin-categoria","tag-haiti-2","tag-miami","tag-vuelos"],"jetpack_featured_media_url":"https:\/\/lasprimeras.com.do\/wp-content\/uploads\/2024\/03\/Diseno-sin-titulo-3-5.jpg","jetpack-related-posts":[{"id":83049,"url":"https:\/\/lasprimeras.com.do\/index.php\/2024\/05\/10\/aterriza-avion-militar-de-ee-uu-en-puerto-principe-mientras-aerolineas-desisten-de-reanudar-vuelos\/","url_meta":{"origin":78612,"position":0},"title":"Aterriza avi\u00f3n militar de EE.UU. en Puerto Pr\u00edncipe, mientras aerol\u00edneas desisten de reanudar vuelos","author":"Nelson Feliz","date":"10 de mayo de 2024","format":false,"excerpt":"Un avi\u00f3n militar de Estados Unidos aterriz\u00f3 este viernes en el Aeropuerto Internacional Toussaint Louverture en Puerto Pr\u00edncipe, capital de Hait\u00ed, siendo el m\u00e1s reciente de una serie de vuelos que iniciaron a mediados de abril con el fin de allanar el camino para el despliegue de la misi\u00f3n internacional\u2026","rel":"","context":"En \u00abSin categor\u00eda\u00bb","block_context":{"text":"Sin categor\u00eda","link":"https:\/\/lasprimeras.com.do\/index.php\/category\/sin-categoria\/"},"img":{"alt_text":"Avi\u00f3n militar de EE.UU.","src":"https:\/\/i0.wp.com\/lasprimeras.com.do\/wp-content\/uploads\/2024\/05\/Avion-militar-de-EE.UU_.jpg?resize=350%2C200&ssl=1","width":350,"height":200,"srcset":"https:\/\/i0.wp.com\/lasprimeras.com.do\/wp-content\/uploads\/2024\/05\/Avion-militar-de-EE.UU_.jpg?resize=350%2C200&ssl=1 1x, https:\/\/i0.wp.com\/lasprimeras.com.do\/wp-content\/uploads\/2024\/05\/Avion-militar-de-EE.UU_.jpg?resize=525%2C300&ssl=1 1.5x, https:\/\/i0.wp.com\/lasprimeras.com.do\/wp-content\/uploads\/2024\/05\/Avion-militar-de-EE.UU_.jpg?resize=700%2C400&ssl=1 2x"},"classes":[]},{"id":66504,"url":"https:\/\/lasprimeras.com.do\/index.php\/2023\/11\/07\/ee-uu-expresa-preocupacion-por-aumento-vuelos-haiti-a-nicaragua\/","url_meta":{"origin":78612,"position":1},"title":"EE.UU. expresa preocupaci\u00f3n por aumento vuelos Hait\u00ed a Nicaragua","author":"BIMARY DE JES\u00daS Matos","date":"7 de noviembre de 2023","format":false,"excerpt":"WASHINGTON.- Estados Unidos expres\u00f3 este lunes su preocupaci\u00f3n por el considerable aumento de vuelos ch\u00e1rter desde Hait\u00ed a Nicaragua con inmigrantes que buscan llegar hacia el pa\u00eds norteamericano en medio de la delicada crisis que atraviesa la naci\u00f3n caribe\u00f1a. En un video divulgado en la red X (antigua Twitter), el\u2026","rel":"","context":"En \u00abSin categor\u00eda\u00bb","block_context":{"text":"Sin categor\u00eda","link":"https:\/\/lasprimeras.com.do\/index.php\/category\/sin-categoria\/"},"img":{"alt_text":"","src":"https:\/\/i0.wp.com\/lasprimeras.com.do\/wp-content\/uploads\/2023\/11\/654a450abc091-1.jpeg?resize=350%2C200&ssl=1","width":350,"height":200,"srcset":"https:\/\/i0.wp.com\/lasprimeras.com.do\/wp-content\/uploads\/2023\/11\/654a450abc091-1.jpeg?resize=350%2C200&ssl=1 1x, https:\/\/i0.wp.com\/lasprimeras.com.do\/wp-content\/uploads\/2023\/11\/654a450abc091-1.jpeg?resize=525%2C300&ssl=1 1.5x"},"classes":[]},{"id":79843,"url":"https:\/\/lasprimeras.com.do\/index.php\/2024\/03\/31\/ee-uu-ha-conseguido-sacar-de-haiti-a-casi-500-de-sus-ciudadanos-en-dos-semanas\/","url_meta":{"origin":78612,"position":2},"title":"EE.UU. ha conseguido sacar de Hait\u00ed a casi 500 de sus ciudadanos en dos semanas","author":"Nelson Feliz","date":"31 de marzo de 2024","format":false,"excerpt":"La mayor\u00eda han abandonado sus hogares en la capital haitiana, epicentro de la violencia en el pa\u00eds. El Departamento de Estado de Estados Unidos indic\u00f3 que unos 450 ciudadanos estadounidenses han abandonado Hait\u00ed desde el pasado 17 de marzo, cuando realiz\u00f3 un vuelo desde Cabo Haitiano al Aeropuerto Internacional de\u2026","rel":"","context":"En \u00abSin categor\u00eda\u00bb","block_context":{"text":"Sin categor\u00eda","link":"https:\/\/lasprimeras.com.do\/index.php\/category\/sin-categoria\/"},"img":{"alt_text":"","src":"https:\/\/i0.wp.com\/lasprimeras.com.do\/wp-content\/uploads\/2024\/03\/Haitianos-1.jpg?resize=350%2C200&ssl=1","width":350,"height":200,"srcset":"https:\/\/i0.wp.com\/lasprimeras.com.do\/wp-content\/uploads\/2024\/03\/Haitianos-1.jpg?resize=350%2C200&ssl=1 1x, https:\/\/i0.wp.com\/lasprimeras.com.do\/wp-content\/uploads\/2024\/03\/Haitianos-1.jpg?resize=525%2C300&ssl=1 1.5x, https:\/\/i0.wp.com\/lasprimeras.com.do\/wp-content\/uploads\/2024\/03\/Haitianos-1.jpg?resize=700%2C400&ssl=1 2x"},"classes":[]},{"id":68898,"url":"https:\/\/lasprimeras.com.do\/index.php\/2023\/11\/28\/eu-da-estocada-a-vuelos-charter-de-cuba-y-haiti-hacia-nicaragua\/","url_meta":{"origin":78612,"position":3},"title":"EU da estocada a vuelos ch\u00e1rter de Cuba y Hait\u00ed hacia Nicaragua","author":"BIMARY DE JES\u00daS Matos","date":"28 de noviembre de 2023","format":false,"excerpt":"WASHINGTON \/ SAN JOS\u00c9 \u2014 Estados Unidos ha dado una estocada a los vuelos ch\u00e1rter desde Cuba a Nicaragua, argumentando que est\u00e1n destinados \u201cprincipalmente a migraci\u00f3n irregular\u201d, seg\u00fan una disposici\u00f3n anunciada la semana pasada por Washington acompa\u00f1ada de medidas para poner fin a estos viajes. La medida abre la posibilidad\u2026","rel":"","context":"En \u00abSin categor\u00eda\u00bb","block_context":{"text":"Sin categor\u00eda","link":"https:\/\/lasprimeras.com.do\/index.php\/category\/sin-categoria\/"},"img":{"alt_text":"","src":"https:\/\/i0.wp.com\/lasprimeras.com.do\/wp-content\/uploads\/2023\/11\/WhatsApp-Image-2023-11-28-at-12.36.42-PM.jpeg?resize=350%2C200&ssl=1","width":350,"height":200,"srcset":"https:\/\/i0.wp.com\/lasprimeras.com.do\/wp-content\/uploads\/2023\/11\/WhatsApp-Image-2023-11-28-at-12.36.42-PM.jpeg?resize=350%2C200&ssl=1 1x, https:\/\/i0.wp.com\/lasprimeras.com.do\/wp-content\/uploads\/2023\/11\/WhatsApp-Image-2023-11-28-at-12.36.42-PM.jpeg?resize=525%2C300&ssl=1 1.5x"},"classes":[]},{"id":66650,"url":"https:\/\/lasprimeras.com.do\/index.php\/2023\/11\/08\/ee-uu-expresa-preocupacion-por-aumento-vuelos-haiti-a-nicaragua-2\/","url_meta":{"origin":78612,"position":4},"title":"EE.UU. expresa preocupaci\u00f3n por aumento vuelos Hait\u00ed a Nicaragua","author":"BIMARY DE JES\u00daS Matos","date":"8 de noviembre de 2023","format":false,"excerpt":"WASHINGTON.- Estados Unidos expres\u00f3 este lunes su preocupaci\u00f3n por el considerable aumento de vuelos ch\u00e1rter desde Hait\u00ed a Nicaragua con inmigrantes que buscan llegar hacia el pa\u00eds norteamericano en medio de la delicada crisis que atraviesa la naci\u00f3n caribe\u00f1a. En un video divulgado en la red X (antigua Twitter), el\u2026","rel":"","context":"En \u00abSin categor\u00eda\u00bb","block_context":{"text":"Sin categor\u00eda","link":"https:\/\/lasprimeras.com.do\/index.php\/category\/sin-categoria\/"},"img":{"alt_text":"","src":"https:\/\/i0.wp.com\/lasprimeras.com.do\/wp-content\/uploads\/2023\/11\/valentin-11.jpg?resize=350%2C200&ssl=1","width":350,"height":200,"srcset":"https:\/\/i0.wp.com\/lasprimeras.com.do\/wp-content\/uploads\/2023\/11\/valentin-11.jpg?resize=350%2C200&ssl=1 1x, https:\/\/i0.wp.com\/lasprimeras.com.do\/wp-content\/uploads\/2023\/11\/valentin-11.jpg?resize=525%2C300&ssl=1 1.5x"},"classes":[]},{"id":60282,"url":"https:\/\/lasprimeras.com.do\/index.php\/2023\/09\/12\/ee-uu-advierte-a-sus-ciudadanos-que-no-podran-entrar-a-rd-si-cierran-frontera-con-haiti\/","url_meta":{"origin":78612,"position":5},"title":"EE.UU. advierte a sus ciudadanos que no podr\u00e1n entrar a RD si cierran frontera con Hait\u00ed","author":"Nelson Feliz","date":"12 de septiembre de 2023","format":false,"excerpt":"Estados Unidos mantiene a Hait\u00ed en el nivel 4 de alerta de viaje, que llama a no viajar y a la salida inmediata del territorio. Los estadounidenses que se encuentran en Hait\u00ed y planean viajar hacia la Rep\u00fablica Dominicana deben salir antes del 14 de septiembre o considerar hacer \"arreglos\u2026","rel":"","context":"En \u00abPORTADA\u00bb","block_context":{"text":"PORTADA","link":"https:\/\/lasprimeras.com.do\/index.php\/category\/portada\/"},"img":{"alt_text":"RD si cierran frontera con Hait\u00ed","src":"https:\/\/i0.wp.com\/lasprimeras.com.do\/wp-content\/uploads\/2023\/09\/cierre-frontera-dajabon-aneudy-focus-0-0-896-504.jpg?resize=350%2C200&ssl=1","width":350,"height":200,"srcset":"https:\/\/i0.wp.com\/lasprimeras.com.do\/wp-content\/uploads\/2023\/09\/cierre-frontera-dajabon-aneudy-focus-0-0-896-504.jpg?resize=350%2C200&ssl=1 1x, https:\/\/i0.wp.com\/lasprimeras.com.do\/wp-content\/uploads\/2023\/09\/cierre-frontera-dajabon-aneudy-focus-0-0-896-504.jpg?resize=525%2C300&ssl=1 1.5x, https:\/\/i0.wp.com\/lasprimeras.com.do\/wp-content\/uploads\/2023\/09\/cierre-frontera-dajabon-aneudy-focus-0-0-896-504.jpg?resize=700%2C400&ssl=1 2x"},"classes":[]}],"jetpack_sharing_enabled":true,"_links":{"self":[{"href":"https:\/\/lasprimeras.com.do\/index.php\/wp-json\/wp\/v2\/posts\/78612","targetHints":{"allow":["GET"]}}],"collection":[{"href":"https:\/\/lasprimeras.com.do\/index.php\/wp-json\/wp\/v2\/posts"}],"about":[{"href":"https:\/\/lasprimeras.com.do\/index.php\/wp-json\/wp\/v2\/types\/post"}],"author":[{"embeddable":true,"href":"https:\/\/lasprimeras.com.do\/index.php\/wp-json\/wp\/v2\/users\/3"}],"replies":[{"embeddable":true,"href":"https:\/\/lasprimeras.com.do\/index.php\/wp-json\/wp\/v2\/comments?post=78612"}],"version-history":[{"count":1,"href":"https:\/\/lasprimeras.com.do\/index.php\/wp-json\/wp\/v2\/posts\/78612\/revisions"}],"predecessor-version":[{"id":78614,"href":"https:\/\/lasprimeras.com.do\/index.php\/wp-json\/wp\/v2\/posts\/78612\/revisions\/78614"}],"wp:featuredmedia":[{"embeddable":true,"href":"https:\/\/lasprimeras.com.do\/index.php\/wp-json\/wp\/v2\/media\/78613"}],"wp:attachment":[{"href":"https:\/\/lasprimeras.com.do\/index.php\/wp-json\/wp\/v2\/media?parent=78612"}],"wp:term":[{"taxonomy":"category","embeddable":true,"href":"https:\/\/lasprimeras.com.do\/index.php\/wp-json\/wp\/v2\/categories?post=78612"},{"taxonomy":"post_tag","embeddable":true,"href":"https:\/\/lasprimeras.com.do\/index.php\/wp-json\/wp\/v2\/tags?post=78612"}],"curies":[{"name":"wp","href":"https:\/\/api.w.org\/{rel}","templated":true}]}}