{"id":78621,"date":"2024-03-18T11:45:20","date_gmt":"2024-03-18T15:45:20","guid":{"rendered":"https:\/\/lasprimeras.com.do\/?p=78621"},"modified":"2024-03-18T11:45:22","modified_gmt":"2024-03-18T15:45:22","slug":"miguel-vargas-rescate-rd-implementara-acciones-concretas-para-su-fortalecimiento","status":"publish","type":"post","link":"https:\/\/lasprimeras.com.do\/index.php\/2024\/03\/18\/miguel-vargas-rescate-rd-implementara-acciones-concretas-para-su-fortalecimiento\/","title":{"rendered":"Miguel Vargas: \u201cRescate RD implementar\u00e1 acciones concretas para su fortalecimiento\u201d"},"content":{"rendered":"\n<p>Santo domingo. \u2013 El candidato presidencial del Partido Revolucionario Dominicano (PRD), Miguel Vargas Maldonado, dijo este domingo que la Alianza Opositora Rescate RD desarrollar\u00e1, a partir de la semana pr\u00f3xima, un plan de acci\u00f3n para su fortificaci\u00f3n.<\/p>\n\n\n\n<p>Detall\u00f3 que los partidos de la Liberaci\u00f3n Dominicana (PLD), Fuerza del Pueblo (FP) y PRD, integrantes de Rescate RD, as\u00ed lo convinieron conjuntamente. Esto, para favorecer dicho colectivo opositor y producir una segunda vuelta en las elecciones presidenciales del 19 de mayo, con miras a derrotar al oficialismo.<\/p>\n\n\n\n<p>\u201cTodo lo que ustedes ven que ha salido es una guerra de encuestas, preparadas y fabricadas por el Gobierno, con base en crear una percepci\u00f3n que, evidentemente, debe ser contrarrestada con acciones efectivas de esta Alianza Rescate RD. Y lo vamos a hacer\u201d, manifest\u00f3 Vargas.<\/p>\n\n\n\n<p>Explic\u00f3 que en la semana entrante dar\u00e1n m\u00e1s detalles en ese orden y se producir\u00e1n eventos concretos por parte de los partidos opositores aliados. El tambi\u00e9n presidente del PRD reiter\u00f3 que dicho plan fue consensuado con las tres organizaciones mayoritarias de la oposici\u00f3n.<\/p>\n\n\n\n<p>\u201cHay otros partidos que tambi\u00e9n llevan sus candidatos. Y estoy seguro de que la sumatoria de los partidos de oposici\u00f3n con sus candidatos ser\u00e1n m\u00e1s, muchos m\u00e1s, que los del PRM y el oficialismo\u201d, afirm\u00f3.<\/p>\n\n\n\n<p>Vargas Maldonado se refri\u00f3 al tema durante un encuentro con los dirigentes y candidatos a diputados del PRD por el municipio de Santo Domingo Este. All\u00ed llam\u00f3 a toda la militancia perrede\u00edsta a trabajar con entrega de cara al proceso electoral venido, en busca de instalar un gobierno compartido que priorice las necesidades de la gente.<\/p>\n\n\n\n<p>En el encuentro, Miguel Vargas estuvo acompa\u00f1ado su candidato vicepresidencial, Joel D\u00edaz; la secretaria general, Peggy Cabral, el vicepresidente y jefe de campa\u00f1a, H\u00e9ctor Guzm\u00e1n, entre otros l\u00edderes nacionales, provinciales y municipales del PRD.<\/p>\n","protected":false},"excerpt":{"rendered":"<p>Santo domingo. \u2013 El candidato presidencial del Partido Revolucionario Dominicano (PRD), Miguel Vargas Maldonado, dijo este domingo que la Alianza Opositora Rescate RD desarrollar\u00e1, a partir de la semana pr\u00f3xima,&hellip;<\/p>\n","protected":false},"author":3,"featured_media":78622,"comment_status":"open","ping_status":"open","sticky":false,"template":"","format":"standard","meta":{"content-type":"","jetpack_post_was_ever_published":false,"_jetpack_newsletter_access":"","_jetpack_dont_email_post_to_subs":false,"_jetpack_newsletter_tier_id":0,"_jetpack_memberships_contains_paywalled_content":false,"_jetpack_memberships_contains_paid_content":false,"footnotes":""},"categories":[1],"tags":[1040],"class_list":["post-78621","post","type-post","status-publish","format-standard","has-post-thumbnail","hentry","category-sin-categoria","tag-miguel-vargas"],"jetpack_featured_media_url":"https:\/\/lasprimeras.com.do\/wp-content\/uploads\/2024\/03\/Diseno-sin-titulo-3-7.jpg","jetpack-related-posts":[{"id":78679,"url":"https:\/\/lasprimeras.com.do\/index.php\/2024\/03\/19\/dice-rescate-rd-implementara-acciones-para-su-fortalecimiento\/","url_meta":{"origin":78621,"position":0},"title":"Dice Rescate RD implementar\u00e1 acciones para su fortalecimiento","author":"BIMARY DE JES\u00daS Matos","date":"19 de marzo de 2024","format":false,"excerpt":"Santo Domingo.-El candidato presidencial del Partido Revolucionario Dominicano (PRD), Miguel Vargas Maldonado, dijo que la Alianza Opositora Rescate RD desarrollar\u00e1, a partir de esta semana un plan de acci\u00f3n para su fortificaci\u00f3n. Detall\u00f3 que los partidos de la Liberaci\u00f3n Dominicana (PLD), Fuerza del Pueblo (FP) y PRD, integrantes de Rescate\u2026","rel":"","context":"En \u00abSin categor\u00eda\u00bb","block_context":{"text":"Sin categor\u00eda","link":"https:\/\/lasprimeras.com.do\/index.php\/category\/sin-categoria\/"},"img":{"alt_text":"","src":"https:\/\/i0.wp.com\/lasprimeras.com.do\/wp-content\/uploads\/2024\/03\/PHOTO-2024-03-18-11-01-18_1-1-e1710814753334.jpg?resize=350%2C200&ssl=1","width":350,"height":200,"srcset":"https:\/\/i0.wp.com\/lasprimeras.com.do\/wp-content\/uploads\/2024\/03\/PHOTO-2024-03-18-11-01-18_1-1-e1710814753334.jpg?resize=350%2C200&ssl=1 1x, https:\/\/i0.wp.com\/lasprimeras.com.do\/wp-content\/uploads\/2024\/03\/PHOTO-2024-03-18-11-01-18_1-1-e1710814753334.jpg?resize=525%2C300&ssl=1 1.5x"},"classes":[]},{"id":74287,"url":"https:\/\/lasprimeras.com.do\/index.php\/2024\/01\/21\/miguel-vargas-llama-a-este-gobierno-moralista-de-hoja-lata\/","url_meta":{"origin":78621,"position":1},"title":"Miguel Vargas llama a este gobierno \u201cmoralista de hoja lata\u201d","author":"Nelson Feliz","date":"21 de enero de 2024","format":false,"excerpt":"El presidente del PRD reaccion\u00f3 de este modo a las reiteradas denuncias que le manifestaron los candidatos locales de la Alianza Rescate RD durante su recorrido del fin de semana. Alertaron sobre el uso desmedido por parte de las autoridades de los recursos del Estado para beneficiar a los candidatos\u2026","rel":"","context":"En \u00abPORTADA\u00bb","block_context":{"text":"PORTADA","link":"https:\/\/lasprimeras.com.do\/index.php\/category\/portada\/"},"img":{"alt_text":"Miguel Vargas","src":"https:\/\/i0.wp.com\/lasprimeras.com.do\/wp-content\/uploads\/2024\/01\/Miguel-Vargas-1.jpg?resize=350%2C200&ssl=1","width":350,"height":200,"srcset":"https:\/\/i0.wp.com\/lasprimeras.com.do\/wp-content\/uploads\/2024\/01\/Miguel-Vargas-1.jpg?resize=350%2C200&ssl=1 1x, https:\/\/i0.wp.com\/lasprimeras.com.do\/wp-content\/uploads\/2024\/01\/Miguel-Vargas-1.jpg?resize=525%2C300&ssl=1 1.5x, https:\/\/i0.wp.com\/lasprimeras.com.do\/wp-content\/uploads\/2024\/01\/Miguel-Vargas-1.jpg?resize=700%2C400&ssl=1 2x"},"classes":[]},{"id":75633,"url":"https:\/\/lasprimeras.com.do\/index.php\/2024\/02\/02\/miguel-vargas-asegura-carlos-guzman-ganara-arrolladoramente-en-sdn\/","url_meta":{"origin":78621,"position":2},"title":"Miguel Vargas asegura Carlos Guzm\u00e1n ganar\u00e1 arrolladoramente en SDN","author":"Nelson Feliz","date":"2 de febrero de 2024","format":false,"excerpt":"El presidente del Partido Revolucionario Dominicano (PRD), Miguel Vargas Maldonado, asegur\u00f3 que el alcalde de Santo Domingo Norte (SDN) y candidato a la misma posici\u00f3n por la Alianza Opositora Rescate RD, Carlos Guzm\u00e1n, ganar\u00e1 de manera arrolladora las elecciones municipales del 18 de febrero, indicando que los ciudadanos no dejar\u00e1n\u2026","rel":"","context":"En \u00abPORTADA\u00bb","block_context":{"text":"PORTADA","link":"https:\/\/lasprimeras.com.do\/index.php\/category\/portada\/"},"img":{"alt_text":"Miguel Vargas Maldonado","src":"https:\/\/i0.wp.com\/lasprimeras.com.do\/wp-content\/uploads\/2024\/02\/Miguel-Vargas-Maldonado-1.jpg?resize=350%2C200&ssl=1","width":350,"height":200,"srcset":"https:\/\/i0.wp.com\/lasprimeras.com.do\/wp-content\/uploads\/2024\/02\/Miguel-Vargas-Maldonado-1.jpg?resize=350%2C200&ssl=1 1x, https:\/\/i0.wp.com\/lasprimeras.com.do\/wp-content\/uploads\/2024\/02\/Miguel-Vargas-Maldonado-1.jpg?resize=525%2C300&ssl=1 1.5x, https:\/\/i0.wp.com\/lasprimeras.com.do\/wp-content\/uploads\/2024\/02\/Miguel-Vargas-Maldonado-1.jpg?resize=700%2C400&ssl=1 2x"},"classes":[]},{"id":81491,"url":"https:\/\/lasprimeras.com.do\/index.php\/2024\/04\/21\/miguel-vargas-llama-a-salvar-democracia-votando-masivamente\/","url_meta":{"origin":78621,"position":3},"title":"Miguel Vargas llama a \u201csalvar democracia\u201d votando masivamente","author":"Nelson Feliz","date":"21 de abril de 2024","format":false,"excerpt":"\u201cCondenamos la compra indiscriminada de dirigentes y candidatos opositores que desarrolla el gobierno, con el uso abusivo de los recursos del Estado, y evidenciando que, m\u00e1s que ganar las elecciones, procuran comprarlas\u201d. El candidato presidencial del Partido Revolucionario Dominicano (PRD) y representante de la Alianza Opositora Rescate RD, Miguel Vargas\u2026","rel":"","context":"En \u00abSin categor\u00eda\u00bb","block_context":{"text":"Sin categor\u00eda","link":"https:\/\/lasprimeras.com.do\/index.php\/category\/sin-categoria\/"},"img":{"alt_text":"Miguel Vargas","src":"https:\/\/i0.wp.com\/lasprimeras.com.do\/wp-content\/uploads\/2024\/04\/Miguel-Vargas-9.jpg?resize=350%2C200&ssl=1","width":350,"height":200,"srcset":"https:\/\/i0.wp.com\/lasprimeras.com.do\/wp-content\/uploads\/2024\/04\/Miguel-Vargas-9.jpg?resize=350%2C200&ssl=1 1x, https:\/\/i0.wp.com\/lasprimeras.com.do\/wp-content\/uploads\/2024\/04\/Miguel-Vargas-9.jpg?resize=525%2C300&ssl=1 1.5x"},"classes":[]},{"id":69519,"url":"https:\/\/lasprimeras.com.do\/index.php\/2023\/12\/03\/miguel-vargas-llama-poblacion-a-votar-por-alianza-rescate-rd\/","url_meta":{"origin":78621,"position":4},"title":"Miguel Vargas llama poblaci\u00f3n a votar por Alianza Rescate RD","author":"Nelson Feliz","date":"3 de diciembre de 2023","format":false,"excerpt":"El presidente y candidato presidencial del Partido Revolucionario Dominicano (PRD), Miguel Vargas, llam\u00f3 a la poblaci\u00f3n dominicana a votar masivamente por los candidatos de la \u201cAlianza Opositora Rescate RD\u201d, para cambiar el rumbo del pa\u00eds a partir del 2024. Vargas Maldonado hizo ese llamado durante un recorrido por la provincia\u2026","rel":"","context":"En \u00abPORTADA\u00bb","block_context":{"text":"PORTADA","link":"https:\/\/lasprimeras.com.do\/index.php\/category\/portada\/"},"img":{"alt_text":"Miguel Vargas","src":"https:\/\/i0.wp.com\/lasprimeras.com.do\/wp-content\/uploads\/2023\/12\/Miguel-Vargas.jpg?resize=350%2C200&ssl=1","width":350,"height":200,"srcset":"https:\/\/i0.wp.com\/lasprimeras.com.do\/wp-content\/uploads\/2023\/12\/Miguel-Vargas.jpg?resize=350%2C200&ssl=1 1x, https:\/\/i0.wp.com\/lasprimeras.com.do\/wp-content\/uploads\/2023\/12\/Miguel-Vargas.jpg?resize=525%2C300&ssl=1 1.5x, https:\/\/i0.wp.com\/lasprimeras.com.do\/wp-content\/uploads\/2023\/12\/Miguel-Vargas.jpg?resize=700%2C400&ssl=1 2x"},"classes":[]},{"id":75691,"url":"https:\/\/lasprimeras.com.do\/index.php\/2024\/02\/03\/vargas-maldonado-domingo-janet-y-omar-garantizan-transformaciones-que-demanda-la-capital\/","url_meta":{"origin":78621,"position":5},"title":"Vargas Maldonado: \u201cDomingo, Janet y Omar garantizan transformaciones que demanda la capital\u201d","author":"Nelson Feliz","date":"3 de febrero de 2024","format":false,"excerpt":"\u201cPara la Alianza Opositora Rescate RD, estos tres talentos de la nueva pol\u00edtica constituyen, m\u00e1s que una esperanza, la concreci\u00f3n de la seguridad para los capitale\u00f1os\u201d. La Alianza Opositora Rescate RD hizo historia al celebrar un concurrido evento en la Casa Nacional del Partido Revolucionario Dominicano (PRD), en respaldo a\u2026","rel":"","context":"En \u00abSin categor\u00eda\u00bb","block_context":{"text":"Sin categor\u00eda","link":"https:\/\/lasprimeras.com.do\/index.php\/category\/sin-categoria\/"},"img":{"alt_text":"Miguel Vargas","src":"https:\/\/i0.wp.com\/lasprimeras.com.do\/wp-content\/uploads\/2024\/02\/Miguel-Vargas-3.jpg?resize=350%2C200&ssl=1","width":350,"height":200,"srcset":"https:\/\/i0.wp.com\/lasprimeras.com.do\/wp-content\/uploads\/2024\/02\/Miguel-Vargas-3.jpg?resize=350%2C200&ssl=1 1x, https:\/\/i0.wp.com\/lasprimeras.com.do\/wp-content\/uploads\/2024\/02\/Miguel-Vargas-3.jpg?resize=525%2C300&ssl=1 1.5x, https:\/\/i0.wp.com\/lasprimeras.com.do\/wp-content\/uploads\/2024\/02\/Miguel-Vargas-3.jpg?resize=700%2C400&ssl=1 2x"},"classes":[]}],"jetpack_sharing_enabled":true,"_links":{"self":[{"href":"https:\/\/lasprimeras.com.do\/index.php\/wp-json\/wp\/v2\/posts\/78621","targetHints":{"allow":["GET"]}}],"collection":[{"href":"https:\/\/lasprimeras.com.do\/index.php\/wp-json\/wp\/v2\/posts"}],"about":[{"href":"https:\/\/lasprimeras.com.do\/index.php\/wp-json\/wp\/v2\/types\/post"}],"author":[{"embeddable":true,"href":"https:\/\/lasprimeras.com.do\/index.php\/wp-json\/wp\/v2\/users\/3"}],"replies":[{"embeddable":true,"href":"https:\/\/lasprimeras.com.do\/index.php\/wp-json\/wp\/v2\/comments?post=78621"}],"version-history":[{"count":1,"href":"https:\/\/lasprimeras.com.do\/index.php\/wp-json\/wp\/v2\/posts\/78621\/revisions"}],"predecessor-version":[{"id":78623,"href":"https:\/\/lasprimeras.com.do\/index.php\/wp-json\/wp\/v2\/posts\/78621\/revisions\/78623"}],"wp:featuredmedia":[{"embeddable":true,"href":"https:\/\/lasprimeras.com.do\/index.php\/wp-json\/wp\/v2\/media\/78622"}],"wp:attachment":[{"href":"https:\/\/lasprimeras.com.do\/index.php\/wp-json\/wp\/v2\/media?parent=78621"}],"wp:term":[{"taxonomy":"category","embeddable":true,"href":"https:\/\/lasprimeras.com.do\/index.php\/wp-json\/wp\/v2\/categories?post=78621"},{"taxonomy":"post_tag","embeddable":true,"href":"https:\/\/lasprimeras.com.do\/index.php\/wp-json\/wp\/v2\/tags?post=78621"}],"curies":[{"name":"wp","href":"https:\/\/api.w.org\/{rel}","templated":true}]}}