{"id":78630,"date":"2024-03-18T14:16:07","date_gmt":"2024-03-18T18:16:07","guid":{"rendered":"https:\/\/lasprimeras.com.do\/?p=78630"},"modified":"2024-03-18T14:16:09","modified_gmt":"2024-03-18T18:16:09","slug":"designan-a-eduardo-frei-ruiz-como-jefe-de-la-mision-electoral-de-la-oea-en-rd","status":"publish","type":"post","link":"https:\/\/lasprimeras.com.do\/index.php\/2024\/03\/18\/designan-a-eduardo-frei-ruiz-como-jefe-de-la-mision-electoral-de-la-oea-en-rd\/","title":{"rendered":"Designan a Eduardo Frei Ruiz como Jefe de la Misi\u00f3n Electoral de la OEA en RD"},"content":{"rendered":"\n<p>SANTO DOMINGO. \u2013 El expresidente de Chile Eduardo Frei Ruiz-Tagle, fue designado este lunes como Jefe de la Misi\u00f3n Electoral de la Organizaci\u00f3n de Estados Americanos (OEA) en Rep\u00fablica Dominicana.<\/p>\n\n\n\n<p>El secretario general de la OEA, Luis Almagro, confirm\u00f3 la informaci\u00f3n a trav\u00e9s de cuenta de la red social X.<\/p>\n\n\n\n<p>Almagro dese\u00f3 \u00e9xito a la misi\u00f3n que tendr\u00e1 a su cargo la observaci\u00f3n de los comicios del pr\u00f3ximo 19 de mayo.<\/p>\n","protected":false},"excerpt":{"rendered":"<p>SANTO DOMINGO. \u2013 El expresidente de Chile Eduardo Frei Ruiz-Tagle, fue designado este lunes como Jefe de la Misi\u00f3n Electoral de la Organizaci\u00f3n de Estados Americanos (OEA) en Rep\u00fablica Dominicana.&hellip;<\/p>\n","protected":false},"author":3,"featured_media":78631,"comment_status":"open","ping_status":"open","sticky":false,"template":"","format":"standard","meta":{"content-type":"","jetpack_post_was_ever_published":false,"_jetpack_newsletter_access":"","_jetpack_dont_email_post_to_subs":false,"_jetpack_newsletter_tier_id":0,"_jetpack_memberships_contains_paywalled_content":false,"_jetpack_memberships_contains_paid_content":false,"footnotes":""},"categories":[1],"tags":[3583],"class_list":["post-78630","post","type-post","status-publish","format-standard","has-post-thumbnail","hentry","category-sin-categoria","tag-oea"],"jetpack_featured_media_url":"https:\/\/lasprimeras.com.do\/wp-content\/uploads\/2024\/03\/Diseno-sin-titulo-3-8.jpg","jetpack-related-posts":[{"id":74175,"url":"https:\/\/lasprimeras.com.do\/index.php\/2024\/01\/19\/oea-y-jce-firman-acuerdo-para-la-observacion-electoral-de-elecciones-dominicanas\/","url_meta":{"origin":78630,"position":0},"title":"OEA y JCE firman acuerdo para la observaci\u00f3n electoral de elecciones dominicanas","author":"Nelson Feliz","date":"19 de enero de 2024","format":false,"excerpt":"Washington, Estados Unidos. - La Junta Central Electoral (JCE) y la Organizaci\u00f3n de los Estados Americanos (OEA) firmaron un acuerdo que contempla el procedimiento para la Misi\u00f3n de Observadores que el organismo internacional enviar\u00e1 para las elecciones que celebrar\u00e1 Rep\u00fablica Dominicana en este 2024.\u00a0 En el acuerdo, firmado por el\u2026","rel":"","context":"En \u00abPORTADA\u00bb","block_context":{"text":"PORTADA","link":"https:\/\/lasprimeras.com.do\/index.php\/category\/portada\/"},"img":{"alt_text":"OEA y JCE firman acuerdo para la observaci\u00f3n electoral de elecciones dominicanas","src":"https:\/\/i0.wp.com\/lasprimeras.com.do\/wp-content\/uploads\/2024\/01\/acuerdo-1.jpg?resize=350%2C200&ssl=1","width":350,"height":200,"srcset":"https:\/\/i0.wp.com\/lasprimeras.com.do\/wp-content\/uploads\/2024\/01\/acuerdo-1.jpg?resize=350%2C200&ssl=1 1x, https:\/\/i0.wp.com\/lasprimeras.com.do\/wp-content\/uploads\/2024\/01\/acuerdo-1.jpg?resize=525%2C300&ssl=1 1.5x, https:\/\/i0.wp.com\/lasprimeras.com.do\/wp-content\/uploads\/2024\/01\/acuerdo-1.jpg?resize=700%2C400&ssl=1 2x"},"classes":[]},{"id":83524,"url":"https:\/\/lasprimeras.com.do\/index.php\/2024\/05\/18\/zoraima-cuello-y-comision-pld-se-reune-con-observadores-de-la-oea\/","url_meta":{"origin":78630,"position":1},"title":"Zoraima Cuello y comisi\u00f3n PLD se re\u00fane con observadores de la OEA","author":"Nelson Feliz","date":"18 de mayo de 2024","format":false,"excerpt":"Una comisi\u00f3n del Partido de la Liberaci\u00f3n Dominicana (PLD), encabezada por la candidata vicepresidencial, Zoraima Cuello, se reuni\u00f3 con la Misi\u00f3n de Observadores de la Organizaci\u00f3n de Estados Americanos (OEA), que lidera el expresidente chileno, Eduardo Frei. Durante la reuni\u00f3n, la delegaci\u00f3n del PLD extern\u00f3 su preocupaci\u00f3n ante ese organismo\u2026","rel":"","context":"En \u00abPORTADA\u00bb","block_context":{"text":"PORTADA","link":"https:\/\/lasprimeras.com.do\/index.php\/category\/portada\/"},"img":{"alt_text":"Zoraima Cuello y comisi\u00f3n PLD","src":"https:\/\/i0.wp.com\/lasprimeras.com.do\/wp-content\/uploads\/2024\/05\/Zoraima-Cuello-y-comision-PLD-1.jpeg?resize=350%2C200&ssl=1","width":350,"height":200,"srcset":"https:\/\/i0.wp.com\/lasprimeras.com.do\/wp-content\/uploads\/2024\/05\/Zoraima-Cuello-y-comision-PLD-1.jpeg?resize=350%2C200&ssl=1 1x, https:\/\/i0.wp.com\/lasprimeras.com.do\/wp-content\/uploads\/2024\/05\/Zoraima-Cuello-y-comision-PLD-1.jpeg?resize=525%2C300&ssl=1 1.5x"},"classes":[]},{"id":76997,"url":"https:\/\/lasprimeras.com.do\/index.php\/2024\/02\/16\/presidente-luis-abinader-recibe-al-jefe-de-la-mision-de-la-oea\/","url_meta":{"origin":78630,"position":2},"title":"Presidente Luis Abinader recibe al jefe de la Misi\u00f3n de la OEA","author":"BIMARY DE JES\u00daS Matos","date":"16 de febrero de 2024","format":false,"excerpt":"Santo Domingo.- El presidente Luis Abinader recibi\u00f3 este viernes en el Palacio Nacional, al jefe de la Misi\u00f3n de Observadores Electoral de la Organizaci\u00f3n de Estados Americanos (OEA), Eladio Loizaga. Al t\u00e9rmino de la reuni\u00f3n el jefeal jefe de la Misi\u00f3n de la OEA, Eladio Loizaga convers\u00f3 con los periodistas\u2026","rel":"","context":"En \u00abPORTADA\u00bb","block_context":{"text":"PORTADA","link":"https:\/\/lasprimeras.com.do\/index.php\/category\/portada\/"},"img":{"alt_text":"","src":"https:\/\/i0.wp.com\/lasprimeras.com.do\/wp-content\/uploads\/2024\/02\/IMG-20240216-WA0115-scaled.jpg?resize=350%2C200&ssl=1","width":350,"height":200,"srcset":"https:\/\/i0.wp.com\/lasprimeras.com.do\/wp-content\/uploads\/2024\/02\/IMG-20240216-WA0115-scaled.jpg?resize=350%2C200&ssl=1 1x, https:\/\/i0.wp.com\/lasprimeras.com.do\/wp-content\/uploads\/2024\/02\/IMG-20240216-WA0115-scaled.jpg?resize=525%2C300&ssl=1 1.5x, https:\/\/i0.wp.com\/lasprimeras.com.do\/wp-content\/uploads\/2024\/02\/IMG-20240216-WA0115-scaled.jpg?resize=700%2C400&ssl=1 2x, https:\/\/i0.wp.com\/lasprimeras.com.do\/wp-content\/uploads\/2024\/02\/IMG-20240216-WA0115-scaled.jpg?resize=1050%2C600&ssl=1 3x, https:\/\/i0.wp.com\/lasprimeras.com.do\/wp-content\/uploads\/2024\/02\/IMG-20240216-WA0115-scaled.jpg?resize=1400%2C800&ssl=1 4x"},"classes":[]},{"id":74178,"url":"https:\/\/lasprimeras.com.do\/index.php\/2024\/01\/19\/jce-garantiza-libre-desplazamiento-de-los-observadores-de-la-oea-en-el-pais\/","url_meta":{"origin":78630,"position":3},"title":"JCE garantiza libre desplazamiento de los observadores de la OEA en el pa\u00eds","author":"Nelson Feliz","date":"19 de enero de 2024","format":false,"excerpt":"La Junta Central Electoral (JCE) garantizar\u00e1 a la Misi\u00f3n de Observadores de los Estados Americanos (OEA) el libre desplazamiento y movimiento en todo el territorio dominicano, as\u00ed como el acceso de sus observadores a todas las \u00e1reas de los organismos que conforman el sistema electoral, conforme al convenio suscrito. La\u2026","rel":"","context":"En \u00abNACIONALES\u00bb","block_context":{"text":"NACIONALES","link":"https:\/\/lasprimeras.com.do\/index.php\/category\/nacionales\/"},"img":{"alt_text":"Rom\u00e1n Andr\u00e9s J\u00e1quez Liranzo","src":"https:\/\/i0.wp.com\/lasprimeras.com.do\/wp-content\/uploads\/2024\/01\/Roman-Andres-Jaquez-Liranzo.jpg?resize=350%2C200&ssl=1","width":350,"height":200,"srcset":"https:\/\/i0.wp.com\/lasprimeras.com.do\/wp-content\/uploads\/2024\/01\/Roman-Andres-Jaquez-Liranzo.jpg?resize=350%2C200&ssl=1 1x, https:\/\/i0.wp.com\/lasprimeras.com.do\/wp-content\/uploads\/2024\/01\/Roman-Andres-Jaquez-Liranzo.jpg?resize=525%2C300&ssl=1 1.5x, https:\/\/i0.wp.com\/lasprimeras.com.do\/wp-content\/uploads\/2024\/01\/Roman-Andres-Jaquez-Liranzo.jpg?resize=700%2C400&ssl=1 2x"},"classes":[]},{"id":63905,"url":"https:\/\/lasprimeras.com.do\/index.php\/2023\/10\/16\/mision-de-la-oea-llega-a-rd-para-levantar-informacion-sobre-canal-de-haiti-en-el-masacre\/","url_meta":{"origin":78630,"position":4},"title":"Misi\u00f3n de la OEA llega a RD para levantar informaci\u00f3n sobre canal de Hait\u00ed en el Masacre","author":"Nelson Feliz","date":"16 de octubre de 2023","format":false,"excerpt":"Se espera que tras visitar la frontera con Dajab\u00f3n, la misi\u00f3n emita un informe ante la OEA. Una misi\u00f3n de la Organizaci\u00f3n de los Estados Americanos (OEA) se encuentra de visita en la Rep\u00fablica Dominicana con el prop\u00f3sito de levantar informaci\u00f3n sobre el canal ilegal que construye Hait\u00ed en el\u2026","rel":"","context":"En \u00abNACIONALES\u00bb","block_context":{"text":"NACIONALES","link":"https:\/\/lasprimeras.com.do\/index.php\/category\/nacionales\/"},"img":{"alt_text":"Misi\u00f3n de la OEA llega a RD","src":"https:\/\/i0.wp.com\/lasprimeras.com.do\/wp-content\/uploads\/2023\/10\/Mision-de-la-OEA-llega-a-RD.jpg?resize=350%2C200&ssl=1","width":350,"height":200,"srcset":"https:\/\/i0.wp.com\/lasprimeras.com.do\/wp-content\/uploads\/2023\/10\/Mision-de-la-OEA-llega-a-RD.jpg?resize=350%2C200&ssl=1 1x, https:\/\/i0.wp.com\/lasprimeras.com.do\/wp-content\/uploads\/2023\/10\/Mision-de-la-OEA-llega-a-RD.jpg?resize=525%2C300&ssl=1 1.5x, https:\/\/i0.wp.com\/lasprimeras.com.do\/wp-content\/uploads\/2023\/10\/Mision-de-la-OEA-llega-a-RD.jpg?resize=700%2C400&ssl=1 2x"},"classes":[]},{"id":80590,"url":"https:\/\/lasprimeras.com.do\/index.php\/2024\/04\/10\/oea-condena-asalto-a-embajada-de-mexico-en-capital-de-ecuador\/","url_meta":{"origin":78630,"position":5},"title":"OEA condena asalto a embajada de M\u00e9xico en capital de Ecuador","author":"BIMARY DE JES\u00daS Matos","date":"10 de abril de 2024","format":false,"excerpt":"WASHINGTON. \u2013 El secretario general de la Organizaci\u00f3n de Estados Americanos (OEA), Luis Almagro, dijo que no se puede permitir que \u00abquede como precedente lo ocurrido en Quito este fin de semana\u00bb, en referencia al asalto de las fuerzas de seguridad ecuatorianas a la Embajada de M\u00e9xico para arrestar al\u2026","rel":"","context":"En \u00abSin categor\u00eda\u00bb","block_context":{"text":"Sin categor\u00eda","link":"https:\/\/lasprimeras.com.do\/index.php\/category\/sin-categoria\/"},"img":{"alt_text":"","src":"https:\/\/i0.wp.com\/lasprimeras.com.do\/wp-content\/uploads\/2024\/04\/6615e98a5d25f_nueva-portada-10-768x462.jpg.jpg?resize=350%2C200&ssl=1","width":350,"height":200,"srcset":"https:\/\/i0.wp.com\/lasprimeras.com.do\/wp-content\/uploads\/2024\/04\/6615e98a5d25f_nueva-portada-10-768x462.jpg.jpg?resize=350%2C200&ssl=1 1x, https:\/\/i0.wp.com\/lasprimeras.com.do\/wp-content\/uploads\/2024\/04\/6615e98a5d25f_nueva-portada-10-768x462.jpg.jpg?resize=525%2C300&ssl=1 1.5x"},"classes":[]}],"jetpack_sharing_enabled":true,"_links":{"self":[{"href":"https:\/\/lasprimeras.com.do\/index.php\/wp-json\/wp\/v2\/posts\/78630","targetHints":{"allow":["GET"]}}],"collection":[{"href":"https:\/\/lasprimeras.com.do\/index.php\/wp-json\/wp\/v2\/posts"}],"about":[{"href":"https:\/\/lasprimeras.com.do\/index.php\/wp-json\/wp\/v2\/types\/post"}],"author":[{"embeddable":true,"href":"https:\/\/lasprimeras.com.do\/index.php\/wp-json\/wp\/v2\/users\/3"}],"replies":[{"embeddable":true,"href":"https:\/\/lasprimeras.com.do\/index.php\/wp-json\/wp\/v2\/comments?post=78630"}],"version-history":[{"count":1,"href":"https:\/\/lasprimeras.com.do\/index.php\/wp-json\/wp\/v2\/posts\/78630\/revisions"}],"predecessor-version":[{"id":78632,"href":"https:\/\/lasprimeras.com.do\/index.php\/wp-json\/wp\/v2\/posts\/78630\/revisions\/78632"}],"wp:featuredmedia":[{"embeddable":true,"href":"https:\/\/lasprimeras.com.do\/index.php\/wp-json\/wp\/v2\/media\/78631"}],"wp:attachment":[{"href":"https:\/\/lasprimeras.com.do\/index.php\/wp-json\/wp\/v2\/media?parent=78630"}],"wp:term":[{"taxonomy":"category","embeddable":true,"href":"https:\/\/lasprimeras.com.do\/index.php\/wp-json\/wp\/v2\/categories?post=78630"},{"taxonomy":"post_tag","embeddable":true,"href":"https:\/\/lasprimeras.com.do\/index.php\/wp-json\/wp\/v2\/tags?post=78630"}],"curies":[{"name":"wp","href":"https:\/\/api.w.org\/{rel}","templated":true}]}}