{"id":78650,"date":"2024-03-18T21:13:16","date_gmt":"2024-03-19T01:13:16","guid":{"rendered":"https:\/\/lasprimeras.com.do\/?p=78650"},"modified":"2024-03-18T21:13:18","modified_gmt":"2024-03-19T01:13:18","slug":"eeuu-espera-que-nuevas-autoridades-haitianas-esten-listas-tan-pronto-como-hoy","status":"publish","type":"post","link":"https:\/\/lasprimeras.com.do\/index.php\/2024\/03\/18\/eeuu-espera-que-nuevas-autoridades-haitianas-esten-listas-tan-pronto-como-hoy\/","title":{"rendered":"EEUU espera que nuevas autoridades haitianas est\u00e9n listas &#8220;tan pronto como hoy&#8221;"},"content":{"rendered":"\n<p><strong>Expectativas de EEUU ante la llegada de nuevas autoridades en Hait\u00ed.<\/strong><\/p>\n\n\n\n<p>Nueva York, AFP &#8211; Estados Unidos expres\u00f3 este lunes su esperanza de que el \u00f3rgano de transici\u00f3n para dirigir Hait\u00ed, anunciado en una reuni\u00f3n de crisis hace una semana, pueda estar listo &#8220;tan pronto como hoy&#8221;.<\/p>\n\n\n\n<p>&#8220;Tengo entendido que las partes interesadas de Hait\u00ed est\u00e1n muy cerca de finalizar la composici\u00f3n y siguen en conversaciones activas con los l\u00edderes de la (Comunidad del Caribe) Caricom en lo que se refiere a la composici\u00f3n del Consejo Presidencial de Transici\u00f3n&#8221;, dijo el portavoz del Departamento de Estado, Vedant Patel.<\/p>\n\n\n\n<p>&#8220;Espero que tengan una actualizaci\u00f3n tan pronto como hoy&#8221;, a\u00f1adi\u00f3.<\/p>\n","protected":false},"excerpt":{"rendered":"<p>Expectativas de EEUU ante la llegada de nuevas autoridades en Hait\u00ed. Nueva York, AFP &#8211; Estados Unidos expres\u00f3 este lunes su esperanza de que el \u00f3rgano de transici\u00f3n para dirigir&hellip;<\/p>\n","protected":false},"author":2,"featured_media":78651,"comment_status":"open","ping_status":"open","sticky":false,"template":"","format":"standard","meta":{"content-type":"","jetpack_post_was_ever_published":false,"_jetpack_newsletter_access":"","_jetpack_dont_email_post_to_subs":false,"_jetpack_newsletter_tier_id":0,"_jetpack_memberships_contains_paywalled_content":false,"_jetpack_memberships_contains_paid_content":false,"footnotes":""},"categories":[1],"tags":[949,979,1207,12156],"class_list":["post-78650","post","type-post","status-publish","format-standard","has-post-thumbnail","hentry","category-sin-categoria","tag-autoridades","tag-eeuu","tag-haitianas","tag-listas"],"jetpack_featured_media_url":"https:\/\/lasprimeras.com.do\/wp-content\/uploads\/2024\/03\/EEUU-espera-que-las-nuevas-autoridades-haitianas.jpg","jetpack-related-posts":[{"id":84305,"url":"https:\/\/lasprimeras.com.do\/index.php\/2024\/06\/06\/eeuu-se-requieren-acciones-urgentes-para-restaurar-seguridad-en-haiti\/","url_meta":{"origin":78650,"position":0},"title":"EEUU: se requieren \u201cacciones urgentes\u201d para restaurar seguridad en Hait\u00ed","author":"Nelson Feliz","date":"6 de junio de 2024","format":false,"excerpt":"Estados Unidos present\u00f3 el mi\u00e9rcoles una resoluci\u00f3n ante la Organizaci\u00f3n de Estados Americanos (OEA) en la que reitera la necesidad de tomar \u201cacciones urgentes\u201d para restaurar la seguridad en Hait\u00ed, azotado por la violencia y la crisis humanitaria. \u201cEste proyecto hace un llamado a todos los Estados miembros y observadores\u2026","rel":"","context":"En \u00abSin categor\u00eda\u00bb","block_context":{"text":"Sin categor\u00eda","link":"https:\/\/lasprimeras.com.do\/index.php\/category\/sin-categoria\/"},"img":{"alt_text":"","src":"https:\/\/i0.wp.com\/lasprimeras.com.do\/wp-content\/uploads\/2024\/06\/Crisis-en-Haiti.jpg?resize=350%2C200&ssl=1","width":350,"height":200,"srcset":"https:\/\/i0.wp.com\/lasprimeras.com.do\/wp-content\/uploads\/2024\/06\/Crisis-en-Haiti.jpg?resize=350%2C200&ssl=1 1x, https:\/\/i0.wp.com\/lasprimeras.com.do\/wp-content\/uploads\/2024\/06\/Crisis-en-Haiti.jpg?resize=525%2C300&ssl=1 1.5x, https:\/\/i0.wp.com\/lasprimeras.com.do\/wp-content\/uploads\/2024\/06\/Crisis-en-Haiti.jpg?resize=700%2C400&ssl=1 2x"},"classes":[]},{"id":120563,"url":"https:\/\/lasprimeras.com.do\/index.php\/2026\/01\/25\/ee-uu-revoca-visados-a-miembros-de-consejo-de-transicion-de-haiti-por-vinculos-criminales\/","url_meta":{"origin":78650,"position":1},"title":"EE. UU. revoca visados a miembros de Consejo de Transici\u00f3n de Hait\u00ed por v\u00ednculos criminales","author":"Nelson Feliz","date":"25 de enero de 2026","format":false,"excerpt":"Los afectados, seg\u00fan el Departamento de Estado, son dos miembros del CPT y sus familiares directos, c\u00f3nyuge e hijos Nueva York,EFE - El Departamento de Estado de Estados Unidos anunci\u00f3 este domingo la revocaci\u00f3n de visados a dos miembros del Consejo Presidencial de Transici\u00f3n (CPT) de Hait\u00ed, as\u00ed como a\u2026","rel":"","context":"En \u00abINTERNACIONALES\u00bb","block_context":{"text":"INTERNACIONALES","link":"https:\/\/lasprimeras.com.do\/index.php\/category\/sin-categoria\/internacionales\/"},"img":{"alt_text":"","src":"https:\/\/i0.wp.com\/lasprimeras.com.do\/wp-content\/uploads\/2026\/01\/Tommy-Pigott.jpg?resize=350%2C200&ssl=1","width":350,"height":200,"srcset":"https:\/\/i0.wp.com\/lasprimeras.com.do\/wp-content\/uploads\/2026\/01\/Tommy-Pigott.jpg?resize=350%2C200&ssl=1 1x, https:\/\/i0.wp.com\/lasprimeras.com.do\/wp-content\/uploads\/2026\/01\/Tommy-Pigott.jpg?resize=525%2C300&ssl=1 1.5x, https:\/\/i0.wp.com\/lasprimeras.com.do\/wp-content\/uploads\/2026\/01\/Tommy-Pigott.jpg?resize=700%2C400&ssl=1 2x"},"classes":[]},{"id":52667,"url":"https:\/\/lasprimeras.com.do\/index.php\/2023\/06\/12\/luis-el-gallo-pide-a-eeuu-que-ayuda-a-haiti-no-sea-distribuida-desde-rd\/","url_meta":{"origin":78650,"position":2},"title":"Luis \u201cEl Gallo\u201d pide a EEUU que ayuda a Hait\u00ed no sea distribuida desde RD","author":"prenxa100","date":"12 de junio de 2023","format":false,"excerpt":"El. Presidente de la Uni\u00f3n Dem\u00f3crata Cristiana \u2013UDC-, Luis Acosta >Moreta, Luis \u201cEl Gallo\u201d, consider\u00f3 hoy que la ayuda internacional hacia Hait\u00ed, incluyendo la de los Estados Unidos, se debe distribuir directamente en ese pa\u00eds, sin utilizar a Rep\u00fablica Dominicana como centro de acopio y distribuci\u00f3n. A\u00f1adi\u00f3 que es bueno\u2026","rel":"","context":"En \u00abSin categor\u00eda\u00bb","block_context":{"text":"Sin categor\u00eda","link":"https:\/\/lasprimeras.com.do\/index.php\/category\/sin-categoria\/"},"img":{"alt_text":"","src":"https:\/\/i0.wp.com\/lasprimeras.com.do\/wp-content\/uploads\/2023\/06\/luis-el-gallo-pide-a-eeuu-que-ayuda-a-haiti-no-sea-distribuida-desde-rd.jpg?resize=350%2C200&ssl=1","width":350,"height":200,"srcset":"https:\/\/i0.wp.com\/lasprimeras.com.do\/wp-content\/uploads\/2023\/06\/luis-el-gallo-pide-a-eeuu-que-ayuda-a-haiti-no-sea-distribuida-desde-rd.jpg?resize=350%2C200&ssl=1 1x, https:\/\/i0.wp.com\/lasprimeras.com.do\/wp-content\/uploads\/2023\/06\/luis-el-gallo-pide-a-eeuu-que-ayuda-a-haiti-no-sea-distribuida-desde-rd.jpg?resize=525%2C300&ssl=1 1.5x, https:\/\/i0.wp.com\/lasprimeras.com.do\/wp-content\/uploads\/2023\/06\/luis-el-gallo-pide-a-eeuu-que-ayuda-a-haiti-no-sea-distribuida-desde-rd.jpg?resize=700%2C400&ssl=1 2x"},"classes":[]},{"id":96890,"url":"https:\/\/lasprimeras.com.do\/index.php\/2025\/04\/09\/haiti-se-solidariza-con-la-republica-dominicana-por-la-tragedia-en-la-discoteca-jet-set\/","url_meta":{"origin":78650,"position":3},"title":"Hait\u00ed se solidariza con la Rep\u00fablica Dominicana por la tragedia en la discoteca Jet Set","author":"Nelson Feliz","date":"9 de abril de 2025","format":false,"excerpt":"El Gobierno haitiano dijo haber recibido \"con inmensa tristeza la terrible tragedia\" Puerto Pr\u00edncipe, EFE -El Gobierno y el Consejo Presidencial de Transici\u00f3n (CPT) de Hait\u00ed expresaron este mi\u00e9rcoles su solidaridad con la Rep\u00fablica Dominicana tras el accidente en una discoteca de Santo Domingo, que deja hasta el momento 124\u2026","rel":"","context":"En \u00abINTERNACIONALES\u00bb","block_context":{"text":"INTERNACIONALES","link":"https:\/\/lasprimeras.com.do\/index.php\/category\/sin-categoria\/internacionales\/"},"img":{"alt_text":"","src":"https:\/\/i0.wp.com\/lasprimeras.com.do\/wp-content\/uploads\/2025\/04\/Derrumbe-parcial-en-la-Discoteca-Jet-Set-durante-espectaculo-la-madrugada-de-este-martes.jpg?resize=350%2C200&ssl=1","width":350,"height":200,"srcset":"https:\/\/i0.wp.com\/lasprimeras.com.do\/wp-content\/uploads\/2025\/04\/Derrumbe-parcial-en-la-Discoteca-Jet-Set-durante-espectaculo-la-madrugada-de-este-martes.jpg?resize=350%2C200&ssl=1 1x, https:\/\/i0.wp.com\/lasprimeras.com.do\/wp-content\/uploads\/2025\/04\/Derrumbe-parcial-en-la-Discoteca-Jet-Set-durante-espectaculo-la-madrugada-de-este-martes.jpg?resize=525%2C300&ssl=1 1.5x, https:\/\/i0.wp.com\/lasprimeras.com.do\/wp-content\/uploads\/2025\/04\/Derrumbe-parcial-en-la-Discoteca-Jet-Set-durante-espectaculo-la-madrugada-de-este-martes.jpg?resize=700%2C400&ssl=1 2x"},"classes":[]},{"id":88010,"url":"https:\/\/lasprimeras.com.do\/index.php\/2024\/08\/21\/caricom-denuncia-problemas-de-corrupcion-en-el-gobierno-provisional-de-haiti\/","url_meta":{"origin":78650,"position":4},"title":"Caricom denuncia problemas de corrupci\u00f3n en el gobierno provisional de Hait\u00ed","author":"Nelson Feliz","date":"21 de agosto de 2024","format":false,"excerpt":"En la declaraci\u00f3n confirman que el primer ministro de Hait\u00ed, Garry Conille, estaba consciente de que la ventana de oportunidad no durar\u00eda mucho Hait\u00ed - La Comunidad del Caribe (Caricom) denunci\u00f3 este martes que los problemas de corrupci\u00f3n han contribuido a la fragilidad del proceso de transici\u00f3n en Hait\u00ed. El\u2026","rel":"","context":"En \u00abSin categor\u00eda\u00bb","block_context":{"text":"Sin categor\u00eda","link":"https:\/\/lasprimeras.com.do\/index.php\/category\/sin-categoria\/"},"img":{"alt_text":"","src":"https:\/\/i0.wp.com\/lasprimeras.com.do\/wp-content\/uploads\/2024\/08\/caricom.jpg?resize=350%2C200&ssl=1","width":350,"height":200,"srcset":"https:\/\/i0.wp.com\/lasprimeras.com.do\/wp-content\/uploads\/2024\/08\/caricom.jpg?resize=350%2C200&ssl=1 1x, https:\/\/i0.wp.com\/lasprimeras.com.do\/wp-content\/uploads\/2024\/08\/caricom.jpg?resize=525%2C300&ssl=1 1.5x, https:\/\/i0.wp.com\/lasprimeras.com.do\/wp-content\/uploads\/2024\/08\/caricom.jpg?resize=700%2C400&ssl=1 2x"},"classes":[]},{"id":108593,"url":"https:\/\/lasprimeras.com.do\/index.php\/2025\/09\/08\/abinader-reacciona-a-salida-de-policias-de-kenia-de-haiti-seguiremos-pidiendo-ayuda\/","url_meta":{"origin":78650,"position":5},"title":"Abinader reacciona a salida de polic\u00edas de Kenia de Hait\u00ed: &#8220;Seguiremos pidiendo ayuda&#8221;","author":"Nelson Feliz","date":"8 de septiembre de 2025","format":false,"excerpt":"Dijo que en septiembre volver\u00e1 a la ONU y llamar\u00e1 la atenci\u00f3n sobre el abandono de la comunidad internacional a Hait\u00ed. La Rep\u00fablica Dominicana tendr\u00e1 que adaptarse a la situaci\u00f3n que se presente en Hait\u00ed tras la salida de la misi\u00f3n de seguridad que encabeza Kenia, pautada para fin de\u2026","rel":"","context":"En \u00abNACIONALES\u00bb","block_context":{"text":"NACIONALES","link":"https:\/\/lasprimeras.com.do\/index.php\/category\/nacionales\/"},"img":{"alt_text":"","src":"https:\/\/i0.wp.com\/lasprimeras.com.do\/wp-content\/uploads\/2025\/09\/Policias-de-Kenia-en-la-mision-de-estabilizacion-en-Haiti.jpg?resize=350%2C200&ssl=1","width":350,"height":200,"srcset":"https:\/\/i0.wp.com\/lasprimeras.com.do\/wp-content\/uploads\/2025\/09\/Policias-de-Kenia-en-la-mision-de-estabilizacion-en-Haiti.jpg?resize=350%2C200&ssl=1 1x, https:\/\/i0.wp.com\/lasprimeras.com.do\/wp-content\/uploads\/2025\/09\/Policias-de-Kenia-en-la-mision-de-estabilizacion-en-Haiti.jpg?resize=525%2C300&ssl=1 1.5x, https:\/\/i0.wp.com\/lasprimeras.com.do\/wp-content\/uploads\/2025\/09\/Policias-de-Kenia-en-la-mision-de-estabilizacion-en-Haiti.jpg?resize=700%2C400&ssl=1 2x"},"classes":[]}],"jetpack_sharing_enabled":true,"_links":{"self":[{"href":"https:\/\/lasprimeras.com.do\/index.php\/wp-json\/wp\/v2\/posts\/78650","targetHints":{"allow":["GET"]}}],"collection":[{"href":"https:\/\/lasprimeras.com.do\/index.php\/wp-json\/wp\/v2\/posts"}],"about":[{"href":"https:\/\/lasprimeras.com.do\/index.php\/wp-json\/wp\/v2\/types\/post"}],"author":[{"embeddable":true,"href":"https:\/\/lasprimeras.com.do\/index.php\/wp-json\/wp\/v2\/users\/2"}],"replies":[{"embeddable":true,"href":"https:\/\/lasprimeras.com.do\/index.php\/wp-json\/wp\/v2\/comments?post=78650"}],"version-history":[{"count":1,"href":"https:\/\/lasprimeras.com.do\/index.php\/wp-json\/wp\/v2\/posts\/78650\/revisions"}],"predecessor-version":[{"id":78652,"href":"https:\/\/lasprimeras.com.do\/index.php\/wp-json\/wp\/v2\/posts\/78650\/revisions\/78652"}],"wp:featuredmedia":[{"embeddable":true,"href":"https:\/\/lasprimeras.com.do\/index.php\/wp-json\/wp\/v2\/media\/78651"}],"wp:attachment":[{"href":"https:\/\/lasprimeras.com.do\/index.php\/wp-json\/wp\/v2\/media?parent=78650"}],"wp:term":[{"taxonomy":"category","embeddable":true,"href":"https:\/\/lasprimeras.com.do\/index.php\/wp-json\/wp\/v2\/categories?post=78650"},{"taxonomy":"post_tag","embeddable":true,"href":"https:\/\/lasprimeras.com.do\/index.php\/wp-json\/wp\/v2\/tags?post=78650"}],"curies":[{"name":"wp","href":"https:\/\/api.w.org\/{rel}","templated":true}]}}