{"id":78658,"date":"2024-03-18T21:53:30","date_gmt":"2024-03-19T01:53:30","guid":{"rendered":"https:\/\/lasprimeras.com.do\/?p=78658"},"modified":"2024-03-21T21:29:35","modified_gmt":"2024-03-22T01:29:35","slug":"comunitarios-respaldan-candidatura-del-diputado-ramon-bueno","status":"publish","type":"post","link":"https:\/\/lasprimeras.com.do\/index.php\/2024\/03\/18\/comunitarios-respaldan-candidatura-del-diputado-ramon-bueno\/","title":{"rendered":"Comunitarios respaldan candidatura del diputado Ram\u00f3n Bueno"},"content":{"rendered":"\n<p><strong>\u201cDiputado Ram\u00f3n Bueno recibe respaldo para continuar en la misma posici\u00f3n por la Circunscripci\u00f3n tres del D.N. por el PRM\u201d<\/strong><\/p>\n\n\n\n<p>Por: Elena Acevedo<\/p>\n\n\n\n<p>El diputado Ram\u00f3n Bueno y candidato a la misma posici\u00f3n de la Circunscripci\u00f3n n\u00famero tres del Distrito Nacional, por el Partido Revolucionario Moderno (PRM), recibi\u00f3 el respaldo de decenas de comunitarios que apoyaban a otros candidatos a la postulaci\u00f3n para las elecciones del pr\u00f3ximo 19 de mayo.\u00a0\u00a0<\/p>\n\n\n\n<p>Durante el encuentro, la regidora Leonor Lantigua, resalt\u00f3 lo comprometido que ha estado siempre el diputado con los sectores necesitados.<\/p>\n\n\n\n<p>Agradeci\u00f3 a la militancia de esa organizaci\u00f3n por haberle dado su apoyo, al lograr alcanzar una alta puntuaci\u00f3n en la pasada contienda electoral.<\/p>\n\n\n\n<p>Lantigua, &nbsp;exhort\u00f3 a la militancia a mantenerse firme para salir victoriosos.<\/p>\n\n\n\n<figure class=\"wp-block-image size-full is-resized\"><img decoding=\"async\" width=\"600\" height=\"450\" src=\"https:\/\/lasprimeras.com.do\/wp-content\/uploads\/2024\/03\/Ramon-Bueno-1.jpg\" alt=\"\" class=\"wp-image-78660\" style=\"width:840px;height:auto\" srcset=\"https:\/\/lasprimeras.com.do\/wp-content\/uploads\/2024\/03\/Ramon-Bueno-1.jpg 600w, https:\/\/lasprimeras.com.do\/wp-content\/uploads\/2024\/03\/Ramon-Bueno-1-300x225.jpg 300w\" sizes=\"(max-width: 600px) 100vw, 600px\" \/><\/figure>\n\n\n\n<p>El encuentro fue coordinado por los dirigentes Fausto B\u00e1ez, coordinador regional, C\u00e9sar M\u00e9ndez de prensa y propaganda, John Burgos, coordinador de la Zona E-3 del sector 24 de abril, quienes coincidieron en su respaldo al actual diputado para las elecciones venideras.<\/p>\n\n\n\n<p>&#8220;Ram\u00f3n Bueno debe continuar porque nuestra circunscripci\u00f3n abarca los sectores m\u00e1s empobrecidos de la capital y los necesitan, por las ayudas y el compromiso que asume con las personas que realmente requieren de la mano amiga\u201d, afirmaron.<\/p>\n\n\n\n<p>De su lado, el legislador y candidato a diputado, valor\u00f3 el encuentro y dijo: Saben que en mi persona tienen un padre, un hermano, un t\u00edo, un amigo, una familia, desde mis inicios en la pol\u00edtica, de hecho, hace muchos a\u00f1os, han podido contar conmigo.<\/p>\n\n\n\n<p>Bueno dijo que seguir\u00e1 trabajando por el bienestar de los m\u00e1s necesitados.&nbsp;<\/p>\n\n\n\n<p>Exhort\u00f3 a los j\u00f3venes a continuar prepar\u00e1ndose, y a no dejar los estudios para que puedan tener mejores posibilidades de empleos y un futuro mejor.<\/p>\n","protected":false},"excerpt":{"rendered":"<p>\u201cDiputado Ram\u00f3n Bueno recibe respaldo para continuar en la misma posici\u00f3n por la Circunscripci\u00f3n tres del D.N. por el PRM\u201d Por: Elena Acevedo El diputado Ram\u00f3n Bueno y candidato a&hellip;<\/p>\n","protected":false},"author":2,"featured_media":78659,"comment_status":"open","ping_status":"open","sticky":false,"template":"","format":"standard","meta":{"content-type":"","jetpack_post_was_ever_published":false,"_jetpack_newsletter_access":"","_jetpack_dont_email_post_to_subs":false,"_jetpack_newsletter_tier_id":0,"_jetpack_memberships_contains_paywalled_content":false,"_jetpack_memberships_contains_paid_content":false,"footnotes":""},"categories":[25],"tags":[870,1013,78,12161],"class_list":["post-78658","post","type-post","status-publish","format-standard","has-post-thumbnail","hentry","category-portada","tag-candidatura","tag-comunitarios","tag-diputado","tag-ramon-bueno"],"jetpack_featured_media_url":"https:\/\/lasprimeras.com.do\/wp-content\/uploads\/2024\/03\/Ramon-Bueno.jpg","jetpack-related-posts":[{"id":81075,"url":"https:\/\/lasprimeras.com.do\/index.php\/2024\/04\/16\/fundacion-luis-cruz-realiza-operativo-medico-en-apoyo-a-guillermo-moreno\/","url_meta":{"origin":78658,"position":0},"title":"Fundaci\u00f3n Luis Cruz realiza operativo m\u00e9dico en apoyo a Guillermo Moreno","author":"Nelson Feliz","date":"16 de abril de 2024","format":false,"excerpt":"Por: Elena Acevedo R. La Fundaci\u00f3n Luis Cruz con tu Salud, que coordina el doctor Luis Antonio Cruz Camacho, realiz\u00f3 un operativo m\u00e9dico preventivo en el sector de Villa Juana, en apoyo al candidato a senador por el Distrito Nacional del Partido Revolucionario Moderno PRM, doctor Guillermo Moreno. Durante el\u2026","rel":"","context":"En \u00abSin categor\u00eda\u00bb","block_context":{"text":"Sin categor\u00eda","link":"https:\/\/lasprimeras.com.do\/index.php\/category\/sin-categoria\/"},"img":{"alt_text":"Fundaci\u00f3n Luis Cruz","src":"https:\/\/i0.wp.com\/lasprimeras.com.do\/wp-content\/uploads\/2024\/04\/Fundacion-Luis-Cruz-2.jpg?resize=350%2C200&ssl=1","width":350,"height":200,"srcset":"https:\/\/i0.wp.com\/lasprimeras.com.do\/wp-content\/uploads\/2024\/04\/Fundacion-Luis-Cruz-2.jpg?resize=350%2C200&ssl=1 1x, https:\/\/i0.wp.com\/lasprimeras.com.do\/wp-content\/uploads\/2024\/04\/Fundacion-Luis-Cruz-2.jpg?resize=525%2C300&ssl=1 1.5x"},"classes":[]},{"id":80133,"url":"https:\/\/lasprimeras.com.do\/index.php\/2024\/04\/04\/presentaran-en-nueva-york-movimiento-politico-sigueme-eto-es-cambio\/","url_meta":{"origin":78658,"position":1},"title":"Presentar\u00e1n en Nueva York movimiento pol\u00edtico \u201c S\u00edgueme Eto\u2019 es Cambio\u201c","author":"BIMARY DE JES\u00daS Matos","date":"4 de abril de 2024","format":false,"excerpt":"NUEVA YORK. -El dirigente pol\u00edtico del Partido Revolucionario Moderno (PRM) en estate ciudad, Roberto Rojas, dio a conocer que este domingo 7 de abril es la presentaci\u00f3n y juramentacion del movimiento pol\u00edtico \u201c S\u00edgueme Eto\u2019 es Cambio ( antiguo Soluci\u00f3n Nacional), el cual apoya la candidatura del presidente Luis Abinader.\u2026","rel":"","context":"En \u00abSin categor\u00eda\u00bb","block_context":{"text":"Sin categor\u00eda","link":"https:\/\/lasprimeras.com.do\/index.php\/category\/sin-categoria\/"},"img":{"alt_text":"","src":"https:\/\/i0.wp.com\/lasprimeras.com.do\/wp-content\/uploads\/2024\/04\/WhatsApp-Image-2024-04-04-at-7.53.18-AM-1.jpeg?resize=350%2C200&ssl=1","width":350,"height":200,"srcset":"https:\/\/i0.wp.com\/lasprimeras.com.do\/wp-content\/uploads\/2024\/04\/WhatsApp-Image-2024-04-04-at-7.53.18-AM-1.jpeg?resize=350%2C200&ssl=1 1x, https:\/\/i0.wp.com\/lasprimeras.com.do\/wp-content\/uploads\/2024\/04\/WhatsApp-Image-2024-04-04-at-7.53.18-AM-1.jpeg?resize=525%2C300&ssl=1 1.5x, https:\/\/i0.wp.com\/lasprimeras.com.do\/wp-content\/uploads\/2024\/04\/WhatsApp-Image-2024-04-04-at-7.53.18-AM-1.jpeg?resize=700%2C400&ssl=1 2x, https:\/\/i0.wp.com\/lasprimeras.com.do\/wp-content\/uploads\/2024\/04\/WhatsApp-Image-2024-04-04-at-7.53.18-AM-1.jpeg?resize=1050%2C600&ssl=1 3x, https:\/\/i0.wp.com\/lasprimeras.com.do\/wp-content\/uploads\/2024\/04\/WhatsApp-Image-2024-04-04-at-7.53.18-AM-1.jpeg?resize=1400%2C800&ssl=1 4x"},"classes":[]},{"id":82224,"url":"https:\/\/lasprimeras.com.do\/index.php\/2024\/04\/30\/jce-pone-fecha-al-prm-y-fp-para-completar-boleta-de-diputados-en-dn\/","url_meta":{"origin":78658,"position":2},"title":"JCE pone fecha al PRM y FP para completar boleta de diputados en DN","author":"BIMARY DE JES\u00daS Matos","date":"30 de abril de 2024","format":false,"excerpt":"SANTO DOMINGO.- La Junta Central Electoral (JCE) le otorg\u00f3 un nuevo plazo que vencer\u00e1 el 1 de mayo a las 7:00 de la noche a los partidos Revolucionario Moderno (PRM) y Fuerza del Pueblo (FP) para que completen sus boletas electorales para candidatos a diputados en dos circunscripciones del Distrito\u2026","rel":"","context":"En \u00abSin categor\u00eda\u00bb","block_context":{"text":"Sin categor\u00eda","link":"https:\/\/lasprimeras.com.do\/index.php\/category\/sin-categoria\/"},"img":{"alt_text":"","src":"https:\/\/i0.wp.com\/lasprimeras.com.do\/wp-content\/uploads\/2024\/04\/6a0c8a05-4f4b-48f5-a1d9-1ad180753c4a-19.webp?resize=350%2C200&ssl=1","width":350,"height":200,"srcset":"https:\/\/i0.wp.com\/lasprimeras.com.do\/wp-content\/uploads\/2024\/04\/6a0c8a05-4f4b-48f5-a1d9-1ad180753c4a-19.webp?resize=350%2C200&ssl=1 1x, https:\/\/i0.wp.com\/lasprimeras.com.do\/wp-content\/uploads\/2024\/04\/6a0c8a05-4f4b-48f5-a1d9-1ad180753c4a-19.webp?resize=525%2C300&ssl=1 1.5x, https:\/\/i0.wp.com\/lasprimeras.com.do\/wp-content\/uploads\/2024\/04\/6a0c8a05-4f4b-48f5-a1d9-1ad180753c4a-19.webp?resize=700%2C400&ssl=1 2x, https:\/\/i0.wp.com\/lasprimeras.com.do\/wp-content\/uploads\/2024\/04\/6a0c8a05-4f4b-48f5-a1d9-1ad180753c4a-19.webp?resize=1050%2C600&ssl=1 3x"},"classes":[]},{"id":83356,"url":"https:\/\/lasprimeras.com.do\/index.php\/2024\/05\/15\/bertico-santana-da-espaldarazo-a-la-candidatura-de-magaly-segura\/","url_meta":{"origin":78658,"position":3},"title":"Bertico Santana da espaldarazo a la candidatura de Magaly Segura","author":"Nelson Feliz","date":"15 de mayo de 2024","format":false,"excerpt":"El diputado del Partido Revolucionario Moderno (PRM) por la circunscripci\u00f3n No. 2 de SDE, Jos\u00e9 (Bertico) Santana, ha mostrado su apoyo a la candidatura de Magaly Segura para su puesto en el Congreso Nacional. La candidata se encontraba realizando un recorrido de cierre de campa\u00f1a de su propuesta por diversos\u2026","rel":"","context":"En \u00abPORTADA\u00bb","block_context":{"text":"PORTADA","link":"https:\/\/lasprimeras.com.do\/index.php\/category\/portada\/"},"img":{"alt_text":"Bertico Santana","src":"https:\/\/i0.wp.com\/lasprimeras.com.do\/wp-content\/uploads\/2024\/05\/Bertico-Santana.jpg?resize=350%2C200&ssl=1","width":350,"height":200,"srcset":"https:\/\/i0.wp.com\/lasprimeras.com.do\/wp-content\/uploads\/2024\/05\/Bertico-Santana.jpg?resize=350%2C200&ssl=1 1x, https:\/\/i0.wp.com\/lasprimeras.com.do\/wp-content\/uploads\/2024\/05\/Bertico-Santana.jpg?resize=525%2C300&ssl=1 1.5x, https:\/\/i0.wp.com\/lasprimeras.com.do\/wp-content\/uploads\/2024\/05\/Bertico-Santana.jpg?resize=700%2C400&ssl=1 2x"},"classes":[]},{"id":127874,"url":"https:\/\/lasprimeras.com.do\/index.php\/2026\/04\/17\/llama-partidos-oposicion-rd-a-no-satanizar-las-buenas-intenciones-del-gobierno\/","url_meta":{"origin":78658,"position":4},"title":"Llama partidos oposici\u00f3n RD a no \u201csatanizar\u201d las buenas intenciones del Gobierno","author":"Nelson Feliz","date":"17 de abril de 2026","format":false,"excerpt":"Por Ram\u00f3n Mercedes NUEVA YORK.- El ex candidato a diputado del Partido Revolucionario Moderno (PRM) por la circunscripci\u00f3n 1-USA, empresario y l\u00edder comunitario en esta ciudad, Roberto Rojas, llama a los partidos de oposici\u00f3n en la Rep\u00fablica Dominicana a no satanizar las buenas intenciones del Gobierno dominicano para enfrentar la\u2026","rel":"","context":"En \u00abINTERNACIONALES\u00bb","block_context":{"text":"INTERNACIONALES","link":"https:\/\/lasprimeras.com.do\/index.php\/category\/sin-categoria\/internacionales\/"},"img":{"alt_text":"","src":"https:\/\/i0.wp.com\/lasprimeras.com.do\/wp-content\/uploads\/2026\/04\/IMG-20260406-WA0037.jpg?resize=350%2C200&ssl=1","width":350,"height":200},"classes":[]},{"id":100737,"url":"https:\/\/lasprimeras.com.do\/index.php\/2025\/06\/11\/diputados-ponderan-experiencia-del-grupo-punta-cana-para-el-desarrollo-turistico-de-cabo-rojo-en-pedernales\/","url_meta":{"origin":78658,"position":5},"title":"Diputados ponderan experiencia del Grupo Punta Cana para el desarrollo tur\u00edstico de Cabo Rojo, en Pedernales","author":"Nelson Feliz","date":"11 de junio de 2025","format":false,"excerpt":"Diputados de diferentes bancadas manifestaron que el Grupo Punta Cana cuenta con la experiencia necesaria para desarrollar exitosamente el nuevo polo tur\u00edstico Cabo Rojo en Pedernales. Consultados por la prensa, los legisladores valoraron la elecci\u00f3n del Consorcio Cabo Rojo \u2014liderado por el Grupo Puntacana\u2014 para desarrollar, operar y mantener ese\u2026","rel":"","context":"En \u00abPOLITICA\u00bb","block_context":{"text":"POLITICA","link":"https:\/\/lasprimeras.com.do\/index.php\/category\/politica\/"},"img":{"alt_text":"","src":"https:\/\/i0.wp.com\/lasprimeras.com.do\/wp-content\/uploads\/2025\/06\/cabo.jpg?resize=350%2C200&ssl=1","width":350,"height":200,"srcset":"https:\/\/i0.wp.com\/lasprimeras.com.do\/wp-content\/uploads\/2025\/06\/cabo.jpg?resize=350%2C200&ssl=1 1x, https:\/\/i0.wp.com\/lasprimeras.com.do\/wp-content\/uploads\/2025\/06\/cabo.jpg?resize=525%2C300&ssl=1 1.5x, https:\/\/i0.wp.com\/lasprimeras.com.do\/wp-content\/uploads\/2025\/06\/cabo.jpg?resize=700%2C400&ssl=1 2x"},"classes":[]}],"jetpack_sharing_enabled":true,"_links":{"self":[{"href":"https:\/\/lasprimeras.com.do\/index.php\/wp-json\/wp\/v2\/posts\/78658","targetHints":{"allow":["GET"]}}],"collection":[{"href":"https:\/\/lasprimeras.com.do\/index.php\/wp-json\/wp\/v2\/posts"}],"about":[{"href":"https:\/\/lasprimeras.com.do\/index.php\/wp-json\/wp\/v2\/types\/post"}],"author":[{"embeddable":true,"href":"https:\/\/lasprimeras.com.do\/index.php\/wp-json\/wp\/v2\/users\/2"}],"replies":[{"embeddable":true,"href":"https:\/\/lasprimeras.com.do\/index.php\/wp-json\/wp\/v2\/comments?post=78658"}],"version-history":[{"count":2,"href":"https:\/\/lasprimeras.com.do\/index.php\/wp-json\/wp\/v2\/posts\/78658\/revisions"}],"predecessor-version":[{"id":78951,"href":"https:\/\/lasprimeras.com.do\/index.php\/wp-json\/wp\/v2\/posts\/78658\/revisions\/78951"}],"wp:featuredmedia":[{"embeddable":true,"href":"https:\/\/lasprimeras.com.do\/index.php\/wp-json\/wp\/v2\/media\/78659"}],"wp:attachment":[{"href":"https:\/\/lasprimeras.com.do\/index.php\/wp-json\/wp\/v2\/media?parent=78658"}],"wp:term":[{"taxonomy":"category","embeddable":true,"href":"https:\/\/lasprimeras.com.do\/index.php\/wp-json\/wp\/v2\/categories?post=78658"},{"taxonomy":"post_tag","embeddable":true,"href":"https:\/\/lasprimeras.com.do\/index.php\/wp-json\/wp\/v2\/tags?post=78658"}],"curies":[{"name":"wp","href":"https:\/\/api.w.org\/{rel}","templated":true}]}}