{"id":78662,"date":"2024-03-18T22:20:43","date_gmt":"2024-03-19T02:20:43","guid":{"rendered":"https:\/\/lasprimeras.com.do\/?p=78662"},"modified":"2024-03-18T22:20:45","modified_gmt":"2024-03-19T02:20:45","slug":"mirex-presenta-memoria-sobre-trabajo-de-rd-como-secretaria-pro-tempore-2021-2023","status":"publish","type":"post","link":"https:\/\/lasprimeras.com.do\/index.php\/2024\/03\/18\/mirex-presenta-memoria-sobre-trabajo-de-rd-como-secretaria-pro-tempore-2021-2023\/","title":{"rendered":"MIREX presenta memoria sobre trabajo de RD como \u201cSecretar\u00eda Pro Tempore\u201d 2021-2023"},"content":{"rendered":"\n<p>El Ministerio de Relaciones Exteriores (MIREX) present\u00f3 este lunes la memoria de la Secretar\u00eda Pro Tempore (SPT) de Rep\u00fablica Dominicana de la Conferencia Iberoamericana 2021-2023, en la que el pa\u00eds dirigi\u00f3 el di\u00e1logo regional y se avanz\u00f3 en la b\u00fasqueda de soluciones a los problemas comunes de los pueblos iberoamericanos.<\/p>\n\n\n\n<p>El acto estuvo encabezado por el ministro de Relaciones Exteriores, Roberto \u00c1lvarez, y el secretario general Iberoamericano, Andr\u00e9s Allamand.<\/p>\n\n\n\n<p>En este evento, el canciller \u00c1lvarez defini\u00f3 como exitoso el desempe\u00f1o del pa\u00eds durante esta presidencia que culmin\u00f3 con la celebraci\u00f3n en Santo Domingo de la XXVIII Cumbre Iberoamericana de Jefas y Jefes de Estado y de Gobierno, en marzo de 2023.<\/p>\n\n\n\n<p>Al destacar el respaldo en cada momento del presidente Luis Abinader, de las entidades gubernamentales y del sector privado en las acciones de esta SPT, Roberto \u00c1lvarez afirm\u00f3 que \u201ccon esta memoria que presentamos ante ustedes, dejamos un legado a las futuras generaciones, como testimonio del trabajo coordinado durante los dos a\u00f1os de la Secretar\u00eda Pro Tempore hasta la XXVIII Cumbre Iberoamericana. Fue para Rep\u00fablica Dominicana, una valiosa oportunidad, que reafirma nuestro fuerte compromiso con el multilateralismo y el di\u00e1logo diplom\u00e1tico, en beneficio de los ciudadanos iberoamericanos\u201d.<\/p>\n\n\n\n<p>En el compendio se encuentran plasmados los compromisos asumidos durante la Secretar\u00eda Pro Tempore de Rep\u00fablica Dominicana en las 16 reuniones ministeriales y foros que se realizaron sobre temas puntuales para la regi\u00f3n.<\/p>\n\n\n\n<p>Adem\u00e1s, se aprobaron tres cartas iberoamericanas; 16 comunicados especiales; el Plan de Acci\u00f3n Cuatrienal de la Cooperaci\u00f3n Iberoamericana 2023-2026 (PACCI); y la Declaraci\u00f3n de Santo Domingo.<\/p>\n\n\n\n<p>De su lado, el secretario general Iberoamericano, Andr\u00e9s Allamand, dijo que los aportes provenientes de la Cumbre de Santo Domingo, reflejan lo importante y positiva de cada una de las cosas agotadas en el pa\u00eds. \u201cDesde la Secretar\u00eda General Iberoamericana, gracias a la Rep\u00fablica Dominicana, por una cumbre absolutamente relevante, significativa, pionera y de gran proyecci\u00f3n hacia el futuro\u201d.<\/p>\n\n\n\n<p>\u201cEl potencial de este compendio est\u00e1 en el llamado a la acci\u00f3n que se hace a cada uno de nuestros gobiernos, con la finalidad de alcanzar la tan anhelada meta de tener sociedades equitativas, sostenibles y resilientes\u201d, expres\u00f3 el viceministro de Pol\u00edtica Exterior Multilateral y coordinador nacional para Iberoam\u00e9rica, Rub\u00e9n Sili\u00e9.<\/p>\n\n\n\n<p>En tanto que la viceministra de Econom\u00eda y coordinadora nacional de Cooperaci\u00f3n, Olaya Dotel, agreg\u00f3 que haber ostentando la Secretar\u00eda Pro tempore de la Conferencia Iberoamericana, durante el periodo 2021-2023, constituy\u00f3 para el pa\u00eds un reto, estando en el periodo post-Covid, pero tambi\u00e9n una gran oportunidad, debido a que \u201cnos permiti\u00f3 impulsar importantes temas y acciones que priorizamos en nuestra nota conceptual con el lema: Juntos por una Iberoam\u00e9rica justa y sostenible\u201d.<\/p>\n\n\n\n<p>En la actividad estuvieron presentes los ministros de Econom\u00eda, Planificaci\u00f3n y Desarrollo (MEPyD), P\u00e1vel Isa; de Educaci\u00f3n Superior, Ciencia y Tecnolog\u00eda (MESCyT), Franklin Garc\u00eda Ferm\u00edn; y de Salud P\u00fablica (MSP), V\u00edctor Atallah; viceministros del MIREX, miembros del Cuerpo Diplom\u00e1tico acreditado en el pa\u00eds; y otros funcionarios de distintas instituciones p\u00fablicas.<\/p>\n","protected":false},"excerpt":{"rendered":"<p>El Ministerio de Relaciones Exteriores (MIREX) present\u00f3 este lunes la memoria de la Secretar\u00eda Pro Tempore (SPT) de Rep\u00fablica Dominicana de la Conferencia Iberoamericana 2021-2023, en la que el pa\u00eds&hellip;<\/p>\n","protected":false},"author":2,"featured_media":78663,"comment_status":"open","ping_status":"open","sticky":false,"template":"","format":"standard","meta":{"content-type":"","jetpack_post_was_ever_published":false,"_jetpack_newsletter_access":"","_jetpack_dont_email_post_to_subs":false,"_jetpack_newsletter_tier_id":0,"_jetpack_memberships_contains_paywalled_content":false,"_jetpack_memberships_contains_paid_content":false,"footnotes":""},"categories":[35,25],"tags":[7351,1661,127,12162,967],"class_list":["post-78662","post","type-post","status-publish","format-standard","has-post-thumbnail","hentry","category-nacionales","category-portada","tag-memoria","tag-mirex","tag-rd","tag-secretaria-pro-tempore","tag-trabajo"],"jetpack_featured_media_url":"https:\/\/lasprimeras.com.do\/wp-content\/uploads\/2024\/03\/MIREX-1.jpg","jetpack-related-posts":[{"id":61663,"url":"https:\/\/lasprimeras.com.do\/index.php\/2023\/09\/29\/agencias-gubernamentales-ca-y-rd-firman-acuerdo-para-proteger-consumidores-en-comercio-electronico\/","url_meta":{"origin":78662,"position":0},"title":"Agencias gubernamentales CA y RD firman acuerdo para proteger consumidores en comercio electr\u00f3nico","author":"Nelson Feliz","date":"29 de septiembre de 2023","format":false,"excerpt":"SAN SALVADOR. -\u00a0Las agencias gubernamentales que conforman el Consejo de Defensa al Consumidor de Centroam\u00e9rica y Rep\u00fablica Dominicana (CONCADECO), firmaron aqu\u00ed un acuerdo de coordinaci\u00f3n y cooperaci\u00f3n regional con el objetivo de proteger a los consumidores en transacciones electr\u00f3nicas transfronterizas. El acuerdo, en el que estuvo presente el Director Ejecutivo\u2026","rel":"","context":"En \u00abSin categor\u00eda\u00bb","block_context":{"text":"Sin categor\u00eda","link":"https:\/\/lasprimeras.com.do\/index.php\/category\/sin-categoria\/"},"img":{"alt_text":"La reunio\u0301n del Consejo de Defensa al Consumidor de Centroame\u0301rica y Repu\u0301blica Dominicana (CONCADECO) presidida por el doctor Eddy Alcantara","src":"https:\/\/i0.wp.com\/lasprimeras.com.do\/wp-content\/uploads\/2023\/09\/La-reunion-del-Consejo-de-Defensa-al-Consumidor-de-Centroamerica-y-Republica-Dominicana-CONCADECO-presidida-por-el-doctor-Eddy-Alcantara.jpeg?resize=350%2C200&ssl=1","width":350,"height":200,"srcset":"https:\/\/i0.wp.com\/lasprimeras.com.do\/wp-content\/uploads\/2023\/09\/La-reunion-del-Consejo-de-Defensa-al-Consumidor-de-Centroamerica-y-Republica-Dominicana-CONCADECO-presidida-por-el-doctor-Eddy-Alcantara.jpeg?resize=350%2C200&ssl=1 1x, https:\/\/i0.wp.com\/lasprimeras.com.do\/wp-content\/uploads\/2023\/09\/La-reunion-del-Consejo-de-Defensa-al-Consumidor-de-Centroamerica-y-Republica-Dominicana-CONCADECO-presidida-por-el-doctor-Eddy-Alcantara.jpeg?resize=525%2C300&ssl=1 1.5x, https:\/\/i0.wp.com\/lasprimeras.com.do\/wp-content\/uploads\/2023\/09\/La-reunion-del-Consejo-de-Defensa-al-Consumidor-de-Centroamerica-y-Republica-Dominicana-CONCADECO-presidida-por-el-doctor-Eddy-Alcantara.jpeg?resize=700%2C400&ssl=1 2x"},"classes":[]},{"id":128630,"url":"https:\/\/lasprimeras.com.do\/index.php\/2026\/04\/25\/los-paises-miembros-del-sica-buscan-agilizar-sus-decisiones-y-elegir-su-nuevo-secretario-general\/","url_meta":{"origin":78662,"position":1},"title":"Los pa\u00edses miembros del SICA buscan agilizar sus decisiones y elegir su nuevo secretario general","author":"Nelson Feliz","date":"25 de abril de 2026","format":false,"excerpt":"Los pa\u00edses miembros del Sistema de la Integraci\u00f3n Centroamericana (SICA) plantearon la adopci\u00f3n de nuevas reglas para agilizar su toma de decisiones y avanzaron en la definici\u00f3n de una hoja de ruta para elegir a su nuevo secretario general, durante la reuni\u00f3n celebrada este viernes en el Ministerio de Relaciones\u2026","rel":"","context":"En \u00abNACIONALES\u00bb","block_context":{"text":"NACIONALES","link":"https:\/\/lasprimeras.com.do\/index.php\/category\/nacionales\/"},"img":{"alt_text":"","src":"https:\/\/i0.wp.com\/lasprimeras.com.do\/wp-content\/uploads\/2026\/04\/roberto-alvarez.jpeg?resize=350%2C200&ssl=1","width":350,"height":200,"srcset":"https:\/\/i0.wp.com\/lasprimeras.com.do\/wp-content\/uploads\/2026\/04\/roberto-alvarez.jpeg?resize=350%2C200&ssl=1 1x, https:\/\/i0.wp.com\/lasprimeras.com.do\/wp-content\/uploads\/2026\/04\/roberto-alvarez.jpeg?resize=525%2C300&ssl=1 1.5x, https:\/\/i0.wp.com\/lasprimeras.com.do\/wp-content\/uploads\/2026\/04\/roberto-alvarez.jpeg?resize=700%2C400&ssl=1 2x, https:\/\/i0.wp.com\/lasprimeras.com.do\/wp-content\/uploads\/2026\/04\/roberto-alvarez.jpeg?resize=1050%2C600&ssl=1 3x, https:\/\/i0.wp.com\/lasprimeras.com.do\/wp-content\/uploads\/2026\/04\/roberto-alvarez.jpeg?resize=1400%2C800&ssl=1 4x"},"classes":[]},{"id":53423,"url":"https:\/\/lasprimeras.com.do\/index.php\/2023\/06\/26\/abinader-participara-en-la-cumbre-de-jefes-de-estado-y-gobierno-del-sica-en-belice\/","url_meta":{"origin":78662,"position":2},"title":"Abinader participar\u00e1 en la Cumbre de Jefes de Estado y Gobierno del SICA en Belice","author":"Nelson Feliz","date":"26 de junio de 2023","format":false,"excerpt":"El mandatario sali\u00f3 a las 3:49 de la tarde desde la Base A\u00e9rea de San Isidro. El presidente Luis Abinader participar\u00e1 en la LVII Cumbre de Jefes de Estado y Gobierno del Sistema de la Integraci\u00f3n Centroamericana (SICA), en Belice, para lo cual viajar\u00e1 a esta naci\u00f3n este lunes con\u2026","rel":"","context":"En \u00abNACIONALES\u00bb","block_context":{"text":"NACIONALES","link":"https:\/\/lasprimeras.com.do\/index.php\/category\/nacionales\/"},"img":{"alt_text":"Luis Abinader","src":"https:\/\/i0.wp.com\/lasprimeras.com.do\/wp-content\/uploads\/2023\/06\/Luis-Abinader-5-1.jpg?resize=350%2C200&ssl=1","width":350,"height":200,"srcset":"https:\/\/i0.wp.com\/lasprimeras.com.do\/wp-content\/uploads\/2023\/06\/Luis-Abinader-5-1.jpg?resize=350%2C200&ssl=1 1x, https:\/\/i0.wp.com\/lasprimeras.com.do\/wp-content\/uploads\/2023\/06\/Luis-Abinader-5-1.jpg?resize=525%2C300&ssl=1 1.5x, https:\/\/i0.wp.com\/lasprimeras.com.do\/wp-content\/uploads\/2023\/06\/Luis-Abinader-5-1.jpg?resize=700%2C400&ssl=1 2x"},"classes":[]},{"id":113559,"url":"https:\/\/lasprimeras.com.do\/index.php\/2025\/11\/04\/mirex-anuncia-posposicion-de-la-cumbre-de-las-americas\/","url_meta":{"origin":78662,"position":3},"title":"MIREX anuncia posposici\u00f3n de la Cumbre de las Am\u00e9ricas","author":"Nelson Feliz","date":"4 de noviembre de 2025","format":false,"excerpt":"Todos los recursos invertidos hasta la fecha servir\u00e1n para el a\u00f1o pr\u00f3ximo, incluyendo las reuniones hemisf\u00e9ricas programadas en nuestro pa\u00eds. Despu\u00e9s que el Ministerio de Relaciones Exteriores (Mirex) gastar\u00e1 m\u00e1s de RD$18 millones en la compra de 3,215 chacabanas para la D\u00e9cima Cumbre de las Am\u00e9ricas, pospone la celebraci\u00f3n para\u2026","rel":"","context":"En \u00abNACIONALES\u00bb","block_context":{"text":"NACIONALES","link":"https:\/\/lasprimeras.com.do\/index.php\/category\/nacionales\/"},"img":{"alt_text":"","src":"https:\/\/i0.wp.com\/lasprimeras.com.do\/wp-content\/uploads\/2025\/11\/mirex.jpg?resize=350%2C200&ssl=1","width":350,"height":200,"srcset":"https:\/\/i0.wp.com\/lasprimeras.com.do\/wp-content\/uploads\/2025\/11\/mirex.jpg?resize=350%2C200&ssl=1 1x, https:\/\/i0.wp.com\/lasprimeras.com.do\/wp-content\/uploads\/2025\/11\/mirex.jpg?resize=525%2C300&ssl=1 1.5x"},"classes":[]},{"id":116389,"url":"https:\/\/lasprimeras.com.do\/index.php\/2025\/12\/01\/exhortan-al-mirex-auxiliar-familia-villa-riva-con-hijo-desaparecido-en-finlandia\/","url_meta":{"origin":78662,"position":4},"title":"Exhortan al MIREX auxiliar familia Villa Riva con hijo desaparecido en Finlandia","author":"Nelson Feliz","date":"1 de diciembre de 2025","format":false,"excerpt":"Por Ram\u00f3n Mercedes NUEVA YORK.- Dominicanos procedentes del municipio de Villa Riva, provincia Duarte, residentes en esta ciudad exhortan al Ministerio de Relaciones Exteriores (MIREX) auxiliar a una familia residente en el paraje Las Verdes, para tratar de localizar a un hijo desaparecido en Finlandia. Juan Carlos Contreras, padre desesperado\u2026","rel":"","context":"En \u00abLA VOZ DE LA DIASPORA\u00bb","block_context":{"text":"LA VOZ DE LA DIASPORA","link":"https:\/\/lasprimeras.com.do\/index.php\/category\/la-voz-de-la-diaspora\/"},"img":{"alt_text":"","src":"https:\/\/i0.wp.com\/lasprimeras.com.do\/wp-content\/uploads\/2025\/12\/MIREX.jpeg?resize=350%2C200&ssl=1","width":350,"height":200,"srcset":"https:\/\/i0.wp.com\/lasprimeras.com.do\/wp-content\/uploads\/2025\/12\/MIREX.jpeg?resize=350%2C200&ssl=1 1x, https:\/\/i0.wp.com\/lasprimeras.com.do\/wp-content\/uploads\/2025\/12\/MIREX.jpeg?resize=525%2C300&ssl=1 1.5x"},"classes":[]},{"id":121885,"url":"https:\/\/lasprimeras.com.do\/index.php\/2026\/02\/11\/mirex-abre-convocatoria-para-ingresar-a-la-carrera-diplomatica\/","url_meta":{"origin":78662,"position":5},"title":"Mirex abre convocatoria para ingresar a la Carrera Diplom\u00e1tica","author":"Nelson Feliz","date":"11 de febrero de 2026","format":false,"excerpt":"El concurso p\u00fablico busca seleccionar una nueva generaci\u00f3n de funcionarios diplom\u00e1ticos dominicanos desde este 11 de febrero de 2026. El Ministerio de Relaciones Exteriores\u00a0(Mirex)inform\u00f3 que, apartir de este 11 de febrero de 2026queda formalmente abierta la\u00a0convocatoria al Concurso P\u00fablico para el Ingreso a la Carrera Diplom\u00e1tica, con el objetivo de\u2026","rel":"","context":"En \u00abNACIONALES\u00bb","block_context":{"text":"NACIONALES","link":"https:\/\/lasprimeras.com.do\/index.php\/category\/nacionales\/"},"img":{"alt_text":"","src":"https:\/\/i0.wp.com\/lasprimeras.com.do\/wp-content\/uploads\/2026\/02\/Mirex.jpg?resize=350%2C200&ssl=1","width":350,"height":200,"srcset":"https:\/\/i0.wp.com\/lasprimeras.com.do\/wp-content\/uploads\/2026\/02\/Mirex.jpg?resize=350%2C200&ssl=1 1x, https:\/\/i0.wp.com\/lasprimeras.com.do\/wp-content\/uploads\/2026\/02\/Mirex.jpg?resize=525%2C300&ssl=1 1.5x, https:\/\/i0.wp.com\/lasprimeras.com.do\/wp-content\/uploads\/2026\/02\/Mirex.jpg?resize=700%2C400&ssl=1 2x, https:\/\/i0.wp.com\/lasprimeras.com.do\/wp-content\/uploads\/2026\/02\/Mirex.jpg?resize=1050%2C600&ssl=1 3x"},"classes":[]}],"jetpack_sharing_enabled":true,"_links":{"self":[{"href":"https:\/\/lasprimeras.com.do\/index.php\/wp-json\/wp\/v2\/posts\/78662","targetHints":{"allow":["GET"]}}],"collection":[{"href":"https:\/\/lasprimeras.com.do\/index.php\/wp-json\/wp\/v2\/posts"}],"about":[{"href":"https:\/\/lasprimeras.com.do\/index.php\/wp-json\/wp\/v2\/types\/post"}],"author":[{"embeddable":true,"href":"https:\/\/lasprimeras.com.do\/index.php\/wp-json\/wp\/v2\/users\/2"}],"replies":[{"embeddable":true,"href":"https:\/\/lasprimeras.com.do\/index.php\/wp-json\/wp\/v2\/comments?post=78662"}],"version-history":[{"count":1,"href":"https:\/\/lasprimeras.com.do\/index.php\/wp-json\/wp\/v2\/posts\/78662\/revisions"}],"predecessor-version":[{"id":78664,"href":"https:\/\/lasprimeras.com.do\/index.php\/wp-json\/wp\/v2\/posts\/78662\/revisions\/78664"}],"wp:featuredmedia":[{"embeddable":true,"href":"https:\/\/lasprimeras.com.do\/index.php\/wp-json\/wp\/v2\/media\/78663"}],"wp:attachment":[{"href":"https:\/\/lasprimeras.com.do\/index.php\/wp-json\/wp\/v2\/media?parent=78662"}],"wp:term":[{"taxonomy":"category","embeddable":true,"href":"https:\/\/lasprimeras.com.do\/index.php\/wp-json\/wp\/v2\/categories?post=78662"},{"taxonomy":"post_tag","embeddable":true,"href":"https:\/\/lasprimeras.com.do\/index.php\/wp-json\/wp\/v2\/tags?post=78662"}],"curies":[{"name":"wp","href":"https:\/\/api.w.org\/{rel}","templated":true}]}}