{"id":78665,"date":"2024-03-18T22:38:08","date_gmt":"2024-03-19T02:38:08","guid":{"rendered":"https:\/\/lasprimeras.com.do\/?p=78665"},"modified":"2024-03-18T22:38:09","modified_gmt":"2024-03-19T02:38:09","slug":"gobierno-del-japon-realiza-proyectos-de-cooperacion-en-rd","status":"publish","type":"post","link":"https:\/\/lasprimeras.com.do\/index.php\/2024\/03\/18\/gobierno-del-japon-realiza-proyectos-de-cooperacion-en-rd\/","title":{"rendered":"Gobierno del Jap\u00f3n realiza proyectos de cooperaci\u00f3n en RD"},"content":{"rendered":"\n<p>Por Martin Restituyo<\/p>\n\n\n\n<p>La Embajada del Jap\u00f3n organiz\u00f3 un media tour para dar a conocer una modalidad que promueve la cooperaci\u00f3n bilateral y las relaciones diplom\u00e1ticas entre Jap\u00f3n y la Rep\u00fablica Dominicana.<\/p>\n\n\n\n<p>Desde el a\u00f1o 1989 el gobierno del Jap\u00f3n, a trav\u00e9s de su embajada en la Rep\u00fablica Dominicana, ha alcanzado los 340 proyectos realizados por el programa de Asistencia Econ\u00f3mica para Proyectos Comunitarios de Seguridad Humana -APC-, el cual consiste en ejecutar proyectos, procedentes de Organizaciones No Gubernamentales (ONG) y gobiernos locales que ayuden a elevar el nivel de vida de las comunidades, como la Educaci\u00f3n B\u00e1sica, Salud P\u00fablica y Bienestar P\u00fablico Ambiental, y \u00e1reas que sean consideradas prioritarias desde el punto de vista de la Seguridad Humana.<\/p>\n\n\n\n<p>Una instituci\u00f3n beneficiaria de este programa es la Escuela Salesiana San Jos\u00e9 en el Distrito Nacional. Esta imparte, adem\u00e1s de clases ordinarias, actividades extracurriculares como rob\u00f3ticas, m\u00fasica, entre otras, las cuales producen una alta demanda de estudiantes.<\/p>\n\n\n\n<p>Por esta raz\u00f3n, las instalaciones no daban abasto, entre otros espacios para realizar sus actividades. Las donaciones recibidas en el transcurso de los a\u00f1os alcanzan los US$300,000.00 en total.<\/p>\n\n\n\n<p>Gracias a estas se construyeron dos edificios de aulas y un edificio administrativo, para expandir su alcance y continuar brindando una educaci\u00f3n asequible y cualitativa a los ni\u00f1os de la comunidad.<\/p>\n\n\n\n<p>Otra instituci\u00f3n ejemplar es el Cuerpo de Bomberos del distrito municipal de San Luis, Santo Domingo Este. La donaci\u00f3n, equivalente a US$50,114.00, fue empleada en los costos de transporte y acondicionamiento de un cami\u00f3n de bomberos, donado por La Sociedad para la Promoci\u00f3n de la Diplomacia Japonesa (SPJD), y la adquisici\u00f3n de equipos de rescate para accidentes automotrices.<\/p>\n\n\n\n<p>El Cuerpo de Bomberos de San Luis hab\u00eda estado operando con un solo cami\u00f3n de bomberos. Sin embargo, como cubre una zona amplia, ten\u00eda la dificultad de responder a aproximadamente las trescientas llamadas de emergencia que surgen anualmente en dicho distrito municipal.<\/p>\n\n\n\n<p>La unidad donada permite a la instituci\u00f3n realizar con mayor rapidez las labores de extinci\u00f3n de incendios con el tanque de agua de gran capacidad y junto con los equipos de rescate tienen la posibilidad de asistir en muchas m\u00e1s emergencias.<\/p>\n\n\n\n<p>Despu\u00e9s de 90 a\u00f1os de relaciones diplom\u00e1ticas, el Gobierno del Jap\u00f3n, mediante esta modalidad de Cooperaci\u00f3n Econ\u00f3mica No Reembolsable o Donaci\u00f3n del pueblo japon\u00e9s al pueblo dominicano, desea continuar contribuyendo al mejoramiento y desarrollo de la sociedad dominicana, y al mismo tiempo, estrechar a\u00fan m\u00e1s los lazos de amistad y cooperaci\u00f3n existentes entre Jap\u00f3n y la Rep\u00fablica Dominicana.<\/p>\n","protected":false},"excerpt":{"rendered":"<p>Por Martin Restituyo La Embajada del Jap\u00f3n organiz\u00f3 un media tour para dar a conocer una modalidad que promueve la cooperaci\u00f3n bilateral y las relaciones diplom\u00e1ticas entre Jap\u00f3n y la&hellip;<\/p>\n","protected":false},"author":2,"featured_media":78666,"comment_status":"open","ping_status":"open","sticky":false,"template":"","format":"standard","meta":{"content-type":"","jetpack_post_was_ever_published":false,"_jetpack_newsletter_access":"","_jetpack_dont_email_post_to_subs":false,"_jetpack_newsletter_tier_id":0,"_jetpack_memberships_contains_paywalled_content":false,"_jetpack_memberships_contains_paid_content":false,"footnotes":""},"categories":[35],"tags":[523,363,12163,449,1226],"class_list":["post-78665","post","type-post","status-publish","format-standard","has-post-thumbnail","hentry","category-nacionales","tag-cooperacion","tag-desarrollo","tag-gobierno-del-japon","tag-proyectos","tag-republica-dominicana"],"jetpack_featured_media_url":"https:\/\/lasprimeras.com.do\/wp-content\/uploads\/2024\/03\/japon-1.jpg","jetpack-related-posts":[{"id":74124,"url":"https:\/\/lasprimeras.com.do\/index.php\/2024\/01\/19\/alcalde-carlos-guzman-asegura-que-sdn-ahora-es-el-municipio-mas-limpio-del-pais\/","url_meta":{"origin":78665,"position":0},"title":"Alcalde Carlos Guzm\u00e1n asegura que SDN ahora es el municipio m\u00e1s limpio del pa\u00eds","author":"Nelson Feliz","date":"19 de enero de 2024","format":false,"excerpt":"La ASDN y Gobierno de Jap\u00f3n firman convenio para duplicar recogida de basura en zonas vulnerables de Los Guaricanos. Por Martin Restituyo La Alcald\u00eda de Santo Domingo Norte (ASDN) y la Embajada de Jap\u00f3n en la Rep\u00fablica Dominicana, firmaron un convenio de cooperaci\u00f3n con el objetivo de optimizar y duplicar\u2026","rel":"","context":"En \u00abECONOM\u00cdA\u00bb","block_context":{"text":"ECONOM\u00cdA","link":"https:\/\/lasprimeras.com.do\/index.php\/category\/economia\/"},"img":{"alt_text":"Carlos Guzm\u00e1n","src":"https:\/\/i0.wp.com\/lasprimeras.com.do\/wp-content\/uploads\/2024\/01\/Carlos-Guzman-1-1.jpg?resize=350%2C200&ssl=1","width":350,"height":200,"srcset":"https:\/\/i0.wp.com\/lasprimeras.com.do\/wp-content\/uploads\/2024\/01\/Carlos-Guzman-1-1.jpg?resize=350%2C200&ssl=1 1x, https:\/\/i0.wp.com\/lasprimeras.com.do\/wp-content\/uploads\/2024\/01\/Carlos-Guzman-1-1.jpg?resize=525%2C300&ssl=1 1.5x, https:\/\/i0.wp.com\/lasprimeras.com.do\/wp-content\/uploads\/2024\/01\/Carlos-Guzman-1-1.jpg?resize=700%2C400&ssl=1 2x"},"classes":[]},{"id":64667,"url":"https:\/\/lasprimeras.com.do\/index.php\/2023\/10\/22\/gobierno-recibe-estudios-de-prefactibilidad-para-el-tren-metropolitano-de-santo-domingo\/","url_meta":{"origin":78665,"position":1},"title":"Gobierno recibe estudios de prefactibilidad para el Tren Metropolitano de Santo Domingo","author":"Nelson Feliz","date":"22 de octubre de 2023","format":false,"excerpt":"La construcci\u00f3n se iniciar\u00e1 en el 2024 con una inversi\u00f3n proyectada de US$2,000 millones. El Gobierno dominicano recibi\u00f3 los estudios de prefactibilidad del Tren Metropolitano de Santo Domingo, una obra que se prev\u00e9 iniciar el pr\u00f3ximo a\u00f1o y que conectar\u00e1 al Distrito Nacional con el Aeropuerto Internacional de Las Am\u00e9ricas,\u2026","rel":"","context":"En \u00abECONOM\u00cdA\u00bb","block_context":{"text":"ECONOM\u00cdA","link":"https:\/\/lasprimeras.com.do\/index.php\/category\/economia\/"},"img":{"alt_text":"Tren Metropolitano","src":"https:\/\/i0.wp.com\/lasprimeras.com.do\/wp-content\/uploads\/2023\/10\/Tren-Metropolitano.jpg?resize=350%2C200&ssl=1","width":350,"height":200,"srcset":"https:\/\/i0.wp.com\/lasprimeras.com.do\/wp-content\/uploads\/2023\/10\/Tren-Metropolitano.jpg?resize=350%2C200&ssl=1 1x, https:\/\/i0.wp.com\/lasprimeras.com.do\/wp-content\/uploads\/2023\/10\/Tren-Metropolitano.jpg?resize=525%2C300&ssl=1 1.5x, https:\/\/i0.wp.com\/lasprimeras.com.do\/wp-content\/uploads\/2023\/10\/Tren-Metropolitano.jpg?resize=700%2C400&ssl=1 2x"},"classes":[]},{"id":68129,"url":"https:\/\/lasprimeras.com.do\/index.php\/2023\/11\/21\/exito-del-intercambio-de-matsudo-a-constanza\/","url_meta":{"origin":78665,"position":2},"title":"\u00c9xito del Intercambio &#8220;De Matsudo a Constanza&#8221;","author":"Nelson Feliz","date":"21 de noviembre de 2023","format":false,"excerpt":"Una Alianza Fruct\u00edfera entre Jap\u00f3n y la Rep\u00fablica Dominicana. En un reciente art\u00edculo publicado en la p\u00e1gina web del Ministerio de Asuntos Exteriores de Jap\u00f3n, el Embajador Takagi Masahiro ha destacado el sorprendente \u00e9xito de la colaboraci\u00f3n entre las ciudades de Matsudo y Constanza, titulado \"Intercambio entre la ciudad de\u2026","rel":"","context":"En \u00abECONOM\u00cdA\u00bb","block_context":{"text":"ECONOM\u00cdA","link":"https:\/\/lasprimeras.com.do\/index.php\/category\/economia\/"},"img":{"alt_text":"Takagi Masahiro","src":"https:\/\/i0.wp.com\/lasprimeras.com.do\/wp-content\/uploads\/2023\/11\/Takagi-Masahiro.jpg?resize=350%2C200&ssl=1","width":350,"height":200},"classes":[]},{"id":110180,"url":"https:\/\/lasprimeras.com.do\/index.php\/2025\/09\/26\/gobierno-apoya-desarrollo-economico-rural-de-sanchez-ramirez-y-firma-acuerdo-con-la-uteco-y-el-jica\/","url_meta":{"origin":78665,"position":3},"title":"Gobierno apoya desarrollo econ\u00f3mico rural de S\u00e1nchez Ram\u00edrez y firma acuerdo con la UTECO y el JICA","author":"Nelson Feliz","date":"26 de septiembre de 2025","format":false,"excerpt":"Rep\u00fablica Dominicana y Jap\u00f3n impulsan proyecto de sexta industrializaci\u00f3n en S\u00e1nchez Ram\u00edrez. El gobierno dominicano a trav\u00e9s del Ministerio de la Presidencia; Ministerio de Educaci\u00f3n Superior, Ciencia y Tecnolog\u00eda (MESCyT), Universidad Tecnol\u00f3gica del Cibao Oriental (UTECO) y la Agencia de Cooperaci\u00f3n Internacional del Jap\u00f3n (JICA), iniciaron una iniciativa que busca\u2026","rel":"","context":"En \u00abNACIONALES\u00bb","block_context":{"text":"NACIONALES","link":"https:\/\/lasprimeras.com.do\/index.php\/category\/nacionales\/"},"img":{"alt_text":"","src":"https:\/\/i0.wp.com\/lasprimeras.com.do\/wp-content\/uploads\/2025\/09\/MESCyT-1.jpg?resize=350%2C200&ssl=1","width":350,"height":200,"srcset":"https:\/\/i0.wp.com\/lasprimeras.com.do\/wp-content\/uploads\/2025\/09\/MESCyT-1.jpg?resize=350%2C200&ssl=1 1x, https:\/\/i0.wp.com\/lasprimeras.com.do\/wp-content\/uploads\/2025\/09\/MESCyT-1.jpg?resize=525%2C300&ssl=1 1.5x, https:\/\/i0.wp.com\/lasprimeras.com.do\/wp-content\/uploads\/2025\/09\/MESCyT-1.jpg?resize=700%2C400&ssl=1 2x"},"classes":[]},{"id":122780,"url":"https:\/\/lasprimeras.com.do\/index.php\/2026\/02\/22\/carolina-mejia-fortalece-relaciones-con-japon\/","url_meta":{"origin":78665,"position":4},"title":"Carolina Mej\u00eda fortalece relaciones con Jap\u00f3n","author":"Nelson Feliz","date":"22 de febrero de 2026","format":false,"excerpt":"Plantea cooperaci\u00f3n en semiconductores, sostenibilidad y modernizaci\u00f3n institucional. Tokio, Jap\u00f3n. \u2013 En el marco de su visita oficial a Jap\u00f3n por invitaci\u00f3n del Gobierno de ese pa\u00eds, Carolina Mej\u00eda destac\u00f3 la importancia de fomentar el intercambio comercial entre ambos pa\u00edses focalizado en las tecnolog\u00edas de energ\u00eda renovable y trabajar en\u2026","rel":"","context":"En \u00abPOLITICA\u00bb","block_context":{"text":"POLITICA","link":"https:\/\/lasprimeras.com.do\/index.php\/category\/politica\/"},"img":{"alt_text":"","src":"https:\/\/i0.wp.com\/lasprimeras.com.do\/wp-content\/uploads\/2026\/02\/carolina.jpg?resize=350%2C200&ssl=1","width":350,"height":200,"srcset":"https:\/\/i0.wp.com\/lasprimeras.com.do\/wp-content\/uploads\/2026\/02\/carolina.jpg?resize=350%2C200&ssl=1 1x, https:\/\/i0.wp.com\/lasprimeras.com.do\/wp-content\/uploads\/2026\/02\/carolina.jpg?resize=525%2C300&ssl=1 1.5x, https:\/\/i0.wp.com\/lasprimeras.com.do\/wp-content\/uploads\/2026\/02\/carolina.jpg?resize=700%2C400&ssl=1 2x"},"classes":[]},{"id":107322,"url":"https:\/\/lasprimeras.com.do\/index.php\/2025\/08\/26\/biviana-riveiro-presenta-a-republica-dominicana-como-lugar-estrategico-para-las-empresas-japonesas\/","url_meta":{"origin":78665,"position":5},"title":"Biviana Riveiro presenta a Rep\u00fablica Dominicana como lugar estrat\u00e9gico para las empresas japonesas","author":"Nelson Feliz","date":"26 de agosto de 2025","format":false,"excerpt":"Resalt\u00f3 los resultados del intercambio comercial entre ambos pa\u00edses. Tokio, Jap\u00f3n.\u2013 La directora ejecutiva del Centro de Exportaci\u00f3n e Inversi\u00f3n de la Rep\u00fablica Dominicana (ProDominicana), Biviana Riveiro Disla, present\u00f3 en la capital nipona las oportunidades de negocios que ofrece el pa\u00eds, durante el foro \u201cHorizontes estrat\u00e9gicos: Rep\u00fablica Dominicana una tierra\u2026","rel":"","context":"En \u00abECONOM\u00cdA\u00bb","block_context":{"text":"ECONOM\u00cdA","link":"https:\/\/lasprimeras.com.do\/index.php\/category\/economia\/"},"img":{"alt_text":"","src":"https:\/\/i0.wp.com\/lasprimeras.com.do\/wp-content\/uploads\/2025\/08\/Biviana-Riveiro-1.jpg?resize=350%2C200&ssl=1","width":350,"height":200,"srcset":"https:\/\/i0.wp.com\/lasprimeras.com.do\/wp-content\/uploads\/2025\/08\/Biviana-Riveiro-1.jpg?resize=350%2C200&ssl=1 1x, https:\/\/i0.wp.com\/lasprimeras.com.do\/wp-content\/uploads\/2025\/08\/Biviana-Riveiro-1.jpg?resize=525%2C300&ssl=1 1.5x, https:\/\/i0.wp.com\/lasprimeras.com.do\/wp-content\/uploads\/2025\/08\/Biviana-Riveiro-1.jpg?resize=700%2C400&ssl=1 2x"},"classes":[]}],"jetpack_sharing_enabled":true,"_links":{"self":[{"href":"https:\/\/lasprimeras.com.do\/index.php\/wp-json\/wp\/v2\/posts\/78665","targetHints":{"allow":["GET"]}}],"collection":[{"href":"https:\/\/lasprimeras.com.do\/index.php\/wp-json\/wp\/v2\/posts"}],"about":[{"href":"https:\/\/lasprimeras.com.do\/index.php\/wp-json\/wp\/v2\/types\/post"}],"author":[{"embeddable":true,"href":"https:\/\/lasprimeras.com.do\/index.php\/wp-json\/wp\/v2\/users\/2"}],"replies":[{"embeddable":true,"href":"https:\/\/lasprimeras.com.do\/index.php\/wp-json\/wp\/v2\/comments?post=78665"}],"version-history":[{"count":1,"href":"https:\/\/lasprimeras.com.do\/index.php\/wp-json\/wp\/v2\/posts\/78665\/revisions"}],"predecessor-version":[{"id":78667,"href":"https:\/\/lasprimeras.com.do\/index.php\/wp-json\/wp\/v2\/posts\/78665\/revisions\/78667"}],"wp:featuredmedia":[{"embeddable":true,"href":"https:\/\/lasprimeras.com.do\/index.php\/wp-json\/wp\/v2\/media\/78666"}],"wp:attachment":[{"href":"https:\/\/lasprimeras.com.do\/index.php\/wp-json\/wp\/v2\/media?parent=78665"}],"wp:term":[{"taxonomy":"category","embeddable":true,"href":"https:\/\/lasprimeras.com.do\/index.php\/wp-json\/wp\/v2\/categories?post=78665"},{"taxonomy":"post_tag","embeddable":true,"href":"https:\/\/lasprimeras.com.do\/index.php\/wp-json\/wp\/v2\/tags?post=78665"}],"curies":[{"name":"wp","href":"https:\/\/api.w.org\/{rel}","templated":true}]}}