{"id":78673,"date":"2024-03-19T06:51:24","date_gmt":"2024-03-19T10:51:24","guid":{"rendered":"https:\/\/lasprimeras.com.do\/?p=78673"},"modified":"2024-03-19T06:51:26","modified_gmt":"2024-03-19T10:51:26","slug":"abinader-dice-la-semanal-sigue-por-la-democracia","status":"publish","type":"post","link":"https:\/\/lasprimeras.com.do\/index.php\/2024\/03\/19\/abinader-dice-la-semanal-sigue-por-la-democracia\/","title":{"rendered":"Abinader dice LA Semanal sigue por la democracia"},"content":{"rendered":"\n<p>Santo Domingo.-El presidente Luis Abinader respondi\u00f3 a Participaci\u00f3n Ciudadana que no cerrar\u00e1 LA Semanal, alega que si lo hace, har\u00eda un flaco servicio a la democracia del pa\u00eds.<\/p>\n\n\n\n<p>Durante su tradicional encuentro de los lunes con los medios de comunicaci\u00f3n llamado \u201cLA Semanal con la Prensa\u201d, el mandatario dijo que lo que hace es responder a las quejas y a los requerimientos de toda la poblaci\u00f3n.<\/p>\n\n\n\n<p>Abinader, quien aspira a reelegirse, agreg\u00f3 que en LA Semanal no se ha tratado ning\u00fan tema pol\u00edtico.<\/p>\n\n\n\n<p>\u201cCerrar La Semanal es como decirle a la prensa que no puede hablar, cuando el requerimiento a todos los gobernantes es que hagan esto\u201d, sostuvo.<\/p>\n\n\n\n<p>La semana pasada, Participaci\u00f3n Ciudadana emiti\u00f3 un comunicado en el que solicita al jefe de Estado que suspenda su encuentro con los medios de comunicaci\u00f3n, mientras transcurren las elecciones<\/p>\n\n\n\n<p>Se\u00f1al\u00f3 que pocos presidentes se enfrentan a \u201cpecho abierto\u201d a la poblaci\u00f3n.<\/p>\n\n\n\n<p>Agreg\u00f3: \u201cYo estoy aqu\u00ed respondiendo a la poblaci\u00f3n, eso favorece a la democracia, la rendici\u00f3n de cuentas\u201d.<\/p>\n\n\n\n<p>Durante \u201cLA Semanal con la Prensa\u201d, el presidente Luis Abinader abord\u00f3 varios aspectos espec\u00edficos de su gobierno, principalmente los temas de las alianzas p\u00fablico privadas (APP) y la situaci\u00f3n del Centro de Atenci\u00f3n Integral para la Discapacidad (CAID), creado en el 2013 por el entonces Despacho de la Primera Dama, dirigido por C\u00e1ndida Montilla de Medina.<\/p>\n\n\n\n<p>Al hablar sobre las alianzas p\u00fablico privadas, el mandatario dijo que se recibieron 26 iniciativas, de las cuales 21 son del sector privado y 5 del sector p\u00fablico.<\/p>\n\n\n\n<p>Dijo que ya se adjudic\u00f3 el contrato del puerto Duarte en Arroyo Barril y que la Autopista del \u00c1mbar est\u00e1 en proceso de licitaci\u00f3n.<\/p>\n\n\n\n<p> Se\u00f1al\u00f3 que hay 12 proyectos en evaluaci\u00f3n, en \u00e1reas como infraestructura vial, movilidad urbana, portuaria, turismo, seguridad ciudadana y defensa nacional. <\/p>\n\n\n\n<p>Tambi\u00e9n en servicios p\u00fablicos, energ\u00eda, salud y agua. <\/p>\n\n\n\n<p>Tres proyectos fueron declarados de inter\u00e9s p\u00fablico.<\/p>\n\n\n\n<p>Asimismo, se refiri\u00f3 al fideicomiso Pedernales, que es manejado por la Direcci\u00f3n General de Alianzas P\u00fablico-Privadas, se\u00f1al\u00f3 que sus obras viales e hidrosanitarias se entregar\u00e1n durante el primer semestre de este a\u00f1o.<\/p>\n","protected":false},"excerpt":{"rendered":"<p>Santo Domingo.-El presidente Luis Abinader respondi\u00f3 a Participaci\u00f3n Ciudadana que no cerrar\u00e1 LA Semanal, alega que si lo hace, har\u00eda un flaco servicio a la democracia del pa\u00eds. Durante su&hellip;<\/p>\n","protected":false},"author":3,"featured_media":78674,"comment_status":"open","ping_status":"open","sticky":false,"template":"","format":"standard","meta":{"content-type":"","jetpack_post_was_ever_published":false,"_jetpack_newsletter_access":"","_jetpack_dont_email_post_to_subs":false,"_jetpack_newsletter_tier_id":0,"_jetpack_memberships_contains_paywalled_content":false,"_jetpack_memberships_contains_paid_content":false,"footnotes":""},"categories":[25],"tags":[67],"class_list":["post-78673","post","type-post","status-publish","format-standard","has-post-thumbnail","hentry","category-portada","tag-luis-abinader"],"jetpack_featured_media_url":"https:\/\/lasprimeras.com.do\/wp-content\/uploads\/2024\/03\/images.jpeg","jetpack-related-posts":[{"id":58824,"url":"https:\/\/lasprimeras.com.do\/index.php\/2023\/08\/28\/presidencia-de-la-republica-lanza-la-semanal-con-la-prensa\/","url_meta":{"origin":78673,"position":0},"title":"Presidencia de la Rep\u00fablica lanza &#8220;LA Semanal con la prensa&#8221;","author":"Nelson Feliz","date":"28 de agosto de 2023","format":false,"excerpt":"La Direcci\u00f3n de Estrategia y Comunicaci\u00f3n Gubernamental (DIECOM) y la Presidencia de la Rep\u00fablica Dominicana presentaron la nueva plataforma de comunicaci\u00f3n \"LA Semanal con la prensa\", una serie de conferencias presenciales que tendr\u00e1n lugar todos los lunes a las 4:30 PM en el emblem\u00e1tico Sal\u00f3n de las Cari\u00e1tides, que comenz\u00f3\u2026","rel":"","context":"En \u00abNACIONALES\u00bb","block_context":{"text":"NACIONALES","link":"https:\/\/lasprimeras.com.do\/index.php\/category\/nacionales\/"},"img":{"alt_text":"Luis Abinader","src":"https:\/\/i0.wp.com\/lasprimeras.com.do\/wp-content\/uploads\/2023\/08\/Luis-Abinader-7-1.jpg?resize=350%2C200&ssl=1","width":350,"height":200,"srcset":"https:\/\/i0.wp.com\/lasprimeras.com.do\/wp-content\/uploads\/2023\/08\/Luis-Abinader-7-1.jpg?resize=350%2C200&ssl=1 1x, https:\/\/i0.wp.com\/lasprimeras.com.do\/wp-content\/uploads\/2023\/08\/Luis-Abinader-7-1.jpg?resize=525%2C300&ssl=1 1.5x, https:\/\/i0.wp.com\/lasprimeras.com.do\/wp-content\/uploads\/2023\/08\/Luis-Abinader-7-1.jpg?resize=700%2C400&ssl=1 2x"},"classes":[]},{"id":81281,"url":"https:\/\/lasprimeras.com.do\/index.php\/2024\/04\/18\/abinader-realizara-este-lunes-encuentro-la-semanal-con-la-prensa-desde-santiago\/","url_meta":{"origin":78673,"position":1},"title":"Abinader realizar\u00e1 este lunes encuentro LA Semanal con la Prensa desde Santiago","author":"Nelson Feliz","date":"18 de abril de 2024","format":false,"excerpt":"El \u00a0Presidente Luis Abinader realizar\u00e1 este lunes encuentro LA Semanal con los medios de comunicaci\u00f3n de Santiago el pr\u00f3ximo lunes 22 de abril. Este encuentro tendr\u00e1 lugar en el lobby del Gran Teatro del Cibao a las 3:00 de la tarde. Anteriormente LA Semanal con la Prensa ha sido realizada\u2026","rel":"","context":"En \u00abPORTADA\u00bb","block_context":{"text":"PORTADA","link":"https:\/\/lasprimeras.com.do\/index.php\/category\/portada\/"},"img":{"alt_text":"Luis Abinader","src":"https:\/\/i0.wp.com\/lasprimeras.com.do\/wp-content\/uploads\/2024\/04\/Luis-Abinader-11.jpg?resize=350%2C200&ssl=1","width":350,"height":200,"srcset":"https:\/\/i0.wp.com\/lasprimeras.com.do\/wp-content\/uploads\/2024\/04\/Luis-Abinader-11.jpg?resize=350%2C200&ssl=1 1x, https:\/\/i0.wp.com\/lasprimeras.com.do\/wp-content\/uploads\/2024\/04\/Luis-Abinader-11.jpg?resize=525%2C300&ssl=1 1.5x, https:\/\/i0.wp.com\/lasprimeras.com.do\/wp-content\/uploads\/2024\/04\/Luis-Abinader-11.jpg?resize=700%2C400&ssl=1 2x"},"classes":[]},{"id":81951,"url":"https:\/\/lasprimeras.com.do\/index.php\/2024\/04\/26\/presidente-abinader-mueve-para-el-martes-encuentro-la-semanal-con-la-prensa\/","url_meta":{"origin":78673,"position":2},"title":"Presidente Abinader mueve para el martes encuentro LA Semanal con la Prensa","author":"BIMARY DE JES\u00daS Matos","date":"26 de abril de 2024","format":false,"excerpt":"Santo Domingo. \u2013 El vocero de la Presidencia, Homero Figueroa, inform\u00f3 que el encuentro con los medios de comunicaci\u00f3n, LA Semanal con la Prensa, se realizar\u00e1 el pr\u00f3ximo martes 30 de abril. El cambio de fecha del acostumbrado encuentro con la prensa, se debe al traslado del d\u00eda feriado para\u2026","rel":"","context":"En \u00abPORTADA\u00bb","block_context":{"text":"PORTADA","link":"https:\/\/lasprimeras.com.do\/index.php\/category\/portada\/"},"img":{"alt_text":"","src":"https:\/\/i0.wp.com\/lasprimeras.com.do\/wp-content\/uploads\/2024\/04\/WhatsApp-Image-2024-04-26-at-4.57.10-PM-5.jpeg?resize=350%2C200&ssl=1","width":350,"height":200,"srcset":"https:\/\/i0.wp.com\/lasprimeras.com.do\/wp-content\/uploads\/2024\/04\/WhatsApp-Image-2024-04-26-at-4.57.10-PM-5.jpeg?resize=350%2C200&ssl=1 1x, https:\/\/i0.wp.com\/lasprimeras.com.do\/wp-content\/uploads\/2024\/04\/WhatsApp-Image-2024-04-26-at-4.57.10-PM-5.jpeg?resize=525%2C300&ssl=1 1.5x, https:\/\/i0.wp.com\/lasprimeras.com.do\/wp-content\/uploads\/2024\/04\/WhatsApp-Image-2024-04-26-at-4.57.10-PM-5.jpeg?resize=700%2C400&ssl=1 2x, https:\/\/i0.wp.com\/lasprimeras.com.do\/wp-content\/uploads\/2024\/04\/WhatsApp-Image-2024-04-26-at-4.57.10-PM-5.jpeg?resize=1050%2C600&ssl=1 3x, https:\/\/i0.wp.com\/lasprimeras.com.do\/wp-content\/uploads\/2024\/04\/WhatsApp-Image-2024-04-26-at-4.57.10-PM-5.jpeg?resize=1400%2C800&ssl=1 4x"},"classes":[]},{"id":110247,"url":"https:\/\/lasprimeras.com.do\/index.php\/2025\/09\/26\/abinader-encabezara-mesa-de-trabajo-en-sd-norte-y-anunciara-importantes-obras-en-santiago\/","url_meta":{"origin":78673,"position":3},"title":"Abinader encabezar\u00e1 mesa de trabajo en SD-Norte y anunciar\u00e1 importantes obras en Santiago","author":"Nelson Feliz","date":"26 de septiembre de 2025","format":false,"excerpt":"Adem\u00e1s, encabezar\u00e1 La Semanal desde Arroyo Gurabo, en Santiago. El presidente Luis Abinader continuar\u00e1 este fin de semana su agenda de acercamiento comunitario, con una mesa de trabajo el s\u00e1bado en Santo Domingo Norte y diversas actividades el domingo en Santiago, donde anunciar\u00e1 obras como el remozamiento del hospedaje Yaque,\u2026","rel":"","context":"En \u00abNACIONALES\u00bb","block_context":{"text":"NACIONALES","link":"https:\/\/lasprimeras.com.do\/index.php\/category\/nacionales\/"},"img":{"alt_text":"","src":"https:\/\/i0.wp.com\/lasprimeras.com.do\/wp-content\/uploads\/2025\/09\/Luis-Abinader-7.jpg?resize=350%2C200&ssl=1","width":350,"height":200,"srcset":"https:\/\/i0.wp.com\/lasprimeras.com.do\/wp-content\/uploads\/2025\/09\/Luis-Abinader-7.jpg?resize=350%2C200&ssl=1 1x, https:\/\/i0.wp.com\/lasprimeras.com.do\/wp-content\/uploads\/2025\/09\/Luis-Abinader-7.jpg?resize=525%2C300&ssl=1 1.5x"},"classes":[]},{"id":101154,"url":"https:\/\/lasprimeras.com.do\/index.php\/2025\/06\/17\/abinader-presenta-en-la-semanal-los-reconocimientos-reuniones-y-acuerdos-durante-su-viaje-a-francia-suiza-y-brasil\/","url_meta":{"origin":78673,"position":4},"title":"Abinader presenta en LA Semanal los reconocimientos, reuniones y acuerdos durante su viaje a Francia, Suiza y Brasil","author":"Nelson Feliz","date":"17 de junio de 2025","format":false,"excerpt":"Abinader reiter\u00f3 la necesidad de dar respuesta global y urgente para salvar los oc\u00e9anos, a prop\u00f3sito de la proliferaci\u00f3n del sargazo en el Caribe El presidente Luis Abinader retom\u00f3 este lunes el encuentro LA Semanal con la Prensa tras concluir el pasado s\u00e1bado su viaje por Francia, Suiza y Brasil,\u2026","rel":"","context":"En \u00abNACIONALES\u00bb","block_context":{"text":"NACIONALES","link":"https:\/\/lasprimeras.com.do\/index.php\/category\/nacionales\/"},"img":{"alt_text":"Luis Abinader","src":"https:\/\/i0.wp.com\/lasprimeras.com.do\/wp-content\/uploads\/2025\/06\/Luis-Abinader-8.jpg?resize=350%2C200&ssl=1","width":350,"height":200,"srcset":"https:\/\/i0.wp.com\/lasprimeras.com.do\/wp-content\/uploads\/2025\/06\/Luis-Abinader-8.jpg?resize=350%2C200&ssl=1 1x, https:\/\/i0.wp.com\/lasprimeras.com.do\/wp-content\/uploads\/2025\/06\/Luis-Abinader-8.jpg?resize=525%2C300&ssl=1 1.5x, https:\/\/i0.wp.com\/lasprimeras.com.do\/wp-content\/uploads\/2025\/06\/Luis-Abinader-8.jpg?resize=700%2C400&ssl=1 2x"},"classes":[]},{"id":75050,"url":"https:\/\/lasprimeras.com.do\/index.php\/2024\/01\/29\/la-semanal-sera-realizada-desde-la-provincia-duarte-este-lunes\/","url_meta":{"origin":78673,"position":5},"title":"LA Semanal ser\u00e1 realizada desde la provincia Duarte este lunes","author":"BIMARY DE JES\u00daS Matos","date":"29 de enero de 2024","format":false,"excerpt":"Santo Domingo.- El vocero de la Presidencia y director de Estrategia y Comunicaci\u00f3n Gubernamental, Homero Figueroa, anunci\u00f3 este domingo que la rueda de prensa LA Semanal que encabeza todos los lunes el presidente Luis Abinader ser\u00e1 realizada desde el municipio de San Francisco de Macor\u00eds en la provincia Duarte. Con\u2026","rel":"","context":"En \u00abPORTADA\u00bb","block_context":{"text":"PORTADA","link":"https:\/\/lasprimeras.com.do\/index.php\/category\/portada\/"},"img":{"alt_text":"","src":"https:\/\/i0.wp.com\/lasprimeras.com.do\/wp-content\/uploads\/2024\/01\/CANDIDATO-A-REGIDOR-Justicia-Social-JOSUE-MENDEZ-APOYARA-A-DIO-ASTACIO-DEL-PRM.webp?resize=350%2C200&ssl=1","width":350,"height":200,"srcset":"https:\/\/i0.wp.com\/lasprimeras.com.do\/wp-content\/uploads\/2024\/01\/CANDIDATO-A-REGIDOR-Justicia-Social-JOSUE-MENDEZ-APOYARA-A-DIO-ASTACIO-DEL-PRM.webp?resize=350%2C200&ssl=1 1x, https:\/\/i0.wp.com\/lasprimeras.com.do\/wp-content\/uploads\/2024\/01\/CANDIDATO-A-REGIDOR-Justicia-Social-JOSUE-MENDEZ-APOYARA-A-DIO-ASTACIO-DEL-PRM.webp?resize=525%2C300&ssl=1 1.5x, https:\/\/i0.wp.com\/lasprimeras.com.do\/wp-content\/uploads\/2024\/01\/CANDIDATO-A-REGIDOR-Justicia-Social-JOSUE-MENDEZ-APOYARA-A-DIO-ASTACIO-DEL-PRM.webp?resize=700%2C400&ssl=1 2x, https:\/\/i0.wp.com\/lasprimeras.com.do\/wp-content\/uploads\/2024\/01\/CANDIDATO-A-REGIDOR-Justicia-Social-JOSUE-MENDEZ-APOYARA-A-DIO-ASTACIO-DEL-PRM.webp?resize=1050%2C600&ssl=1 3x, https:\/\/i0.wp.com\/lasprimeras.com.do\/wp-content\/uploads\/2024\/01\/CANDIDATO-A-REGIDOR-Justicia-Social-JOSUE-MENDEZ-APOYARA-A-DIO-ASTACIO-DEL-PRM.webp?resize=1400%2C800&ssl=1 4x"},"classes":[]}],"jetpack_sharing_enabled":true,"_links":{"self":[{"href":"https:\/\/lasprimeras.com.do\/index.php\/wp-json\/wp\/v2\/posts\/78673","targetHints":{"allow":["GET"]}}],"collection":[{"href":"https:\/\/lasprimeras.com.do\/index.php\/wp-json\/wp\/v2\/posts"}],"about":[{"href":"https:\/\/lasprimeras.com.do\/index.php\/wp-json\/wp\/v2\/types\/post"}],"author":[{"embeddable":true,"href":"https:\/\/lasprimeras.com.do\/index.php\/wp-json\/wp\/v2\/users\/3"}],"replies":[{"embeddable":true,"href":"https:\/\/lasprimeras.com.do\/index.php\/wp-json\/wp\/v2\/comments?post=78673"}],"version-history":[{"count":1,"href":"https:\/\/lasprimeras.com.do\/index.php\/wp-json\/wp\/v2\/posts\/78673\/revisions"}],"predecessor-version":[{"id":78675,"href":"https:\/\/lasprimeras.com.do\/index.php\/wp-json\/wp\/v2\/posts\/78673\/revisions\/78675"}],"wp:featuredmedia":[{"embeddable":true,"href":"https:\/\/lasprimeras.com.do\/index.php\/wp-json\/wp\/v2\/media\/78674"}],"wp:attachment":[{"href":"https:\/\/lasprimeras.com.do\/index.php\/wp-json\/wp\/v2\/media?parent=78673"}],"wp:term":[{"taxonomy":"category","embeddable":true,"href":"https:\/\/lasprimeras.com.do\/index.php\/wp-json\/wp\/v2\/categories?post=78673"},{"taxonomy":"post_tag","embeddable":true,"href":"https:\/\/lasprimeras.com.do\/index.php\/wp-json\/wp\/v2\/tags?post=78673"}],"curies":[{"name":"wp","href":"https:\/\/api.w.org\/{rel}","templated":true}]}}