{"id":78679,"date":"2024-03-19T06:58:48","date_gmt":"2024-03-19T10:58:48","guid":{"rendered":"https:\/\/lasprimeras.com.do\/?p=78679"},"modified":"2024-03-19T06:58:50","modified_gmt":"2024-03-19T10:58:50","slug":"dice-rescate-rd-implementara-acciones-para-su-fortalecimiento","status":"publish","type":"post","link":"https:\/\/lasprimeras.com.do\/index.php\/2024\/03\/19\/dice-rescate-rd-implementara-acciones-para-su-fortalecimiento\/","title":{"rendered":"Dice Rescate RD implementar\u00e1 acciones para su fortalecimiento"},"content":{"rendered":"\n<p>Santo Domingo.-El candidato presidencial del Partido Revolucionario Dominicano (PRD), Miguel Vargas Maldonado, dijo que la Alianza Opositora Rescate RD desarrollar\u00e1, a partir de esta semana un plan de acci\u00f3n para su fortificaci\u00f3n.<\/p>\n\n\n\n<p>Detall\u00f3 que los partidos de la Liberaci\u00f3n Dominicana (PLD), Fuerza del Pueblo (FP) y PRD, integrantes de Rescate RD, as\u00ed lo convinieron conjuntamente. <\/p>\n\n\n\n<p>Esto, para favorecer dicho colectivo opositor y producir una segunda vuelta en las elecciones presidenciales del 19 de mayo, con miras a derrotar al oficialismo.<\/p>\n\n\n\n<p>\u201cTodo lo que ustedes ven que ha salido es una guerra de encuestas, preparadas y fabricadas por el Gobierno, con base en crear una percepci\u00f3n que, evidentemente, debe ser contrarrestada con acciones efectivas de esta Alianza Rescate RD. Y lo vamos a hacer\u201d, manifest\u00f3 Vargas.<\/p>\n\n\n\n<p>Explic\u00f3 que en los pr\u00f3ximos d\u00edas dar\u00e1n m\u00e1s detalles en ese orden y se producir\u00e1n eventos concretos por parte de los partidos opositores aliados. <\/p>\n\n\n\n<p>El tambi\u00e9n presidente del PRD reiter\u00f3 que dicho plan fue consensuado con las tres organizaciones mayoritarias de la oposici\u00f3n.<\/p>\n\n\n\n<p>\u201cHay otros partidos que tambi\u00e9n llevan sus candidatos. Y estoy seguro de que la sumatoria de los partidos de oposici\u00f3n con sus candidatos ser\u00e1n m\u00e1s, muchos m\u00e1s, que los del PRM y el oficialismo\u201d, afirm\u00f3.<\/p>\n\n\n\n<p>Vargas se refri\u00f3 al tema durante un encuentro con los dirigentes y candidatos a diputados del PRD por el municipio de Santo Domingo Este, donde llam\u00f3 a la la militancia perrede\u00edsta a trabajar de cara al proceso electoral venidero en busca de instalar un gobierno compartido que priorice las necesidades de la gente.<\/p>\n\n\n\n<p>En el encuentro estuvo acompa\u00f1ado su candidato vicepresidencial, Joel D\u00edaz; la secretaria general, Peggy Cabral, el vicepresidente y jefe de campa\u00f1a, H\u00e9ctor Guzm\u00e1n, entre otros l\u00edderes nacionales, provinciales y municipales del PRD.<\/p>\n","protected":false},"excerpt":{"rendered":"<p>Santo Domingo.-El candidato presidencial del Partido Revolucionario Dominicano (PRD), Miguel Vargas Maldonado, dijo que la Alianza Opositora Rescate RD desarrollar\u00e1, a partir de esta semana un plan de acci\u00f3n para&hellip;<\/p>\n","protected":false},"author":3,"featured_media":78680,"comment_status":"open","ping_status":"open","sticky":false,"template":"","format":"standard","meta":{"content-type":"","jetpack_post_was_ever_published":false,"_jetpack_newsletter_access":"","_jetpack_dont_email_post_to_subs":false,"_jetpack_newsletter_tier_id":0,"_jetpack_memberships_contains_paywalled_content":false,"_jetpack_memberships_contains_paid_content":false,"footnotes":""},"categories":[1],"tags":[6791],"class_list":["post-78679","post","type-post","status-publish","format-standard","has-post-thumbnail","hentry","category-sin-categoria","tag-rescate-rd"],"jetpack_featured_media_url":"https:\/\/lasprimeras.com.do\/wp-content\/uploads\/2024\/03\/PHOTO-2024-03-18-11-01-18_1-1-e1710814753334.jpg","jetpack-related-posts":[{"id":58223,"url":"https:\/\/lasprimeras.com.do\/index.php\/2023\/08\/21\/pld-fp-prd-acuerdan-alianza-opositora-rescate-rd\/","url_meta":{"origin":78679,"position":0},"title":"PLD-FP-PRD acuerdan Alianza Opositora Rescate RD","author":"Nelson Feliz","date":"21 de agosto de 2023","format":false,"excerpt":"El Partido de la Liberaci\u00f3n Dominicana (PLD), la Fuerza del Pueblo (FP) y el Partido Revolucionario Dominicano (PRD) anunciaron un acuerdo para formar la Alianza Opositora Rescate RD. Las tres organizaciones pol\u00edticas anunciaron al pa\u00eds la presentaci\u00f3n de candidaturas comunes senatoriales en cuatro provincias: Barahona, Hato Mayor, Hermanas Mirabal y\u2026","rel":"","context":"En \u00abPORTADA\u00bb","block_context":{"text":"PORTADA","link":"https:\/\/lasprimeras.com.do\/index.php\/category\/portada\/"},"img":{"alt_text":"Alianza","src":"https:\/\/i0.wp.com\/lasprimeras.com.do\/wp-content\/uploads\/2023\/08\/Alianza.jpg?resize=350%2C200&ssl=1","width":350,"height":200,"srcset":"https:\/\/i0.wp.com\/lasprimeras.com.do\/wp-content\/uploads\/2023\/08\/Alianza.jpg?resize=350%2C200&ssl=1 1x, https:\/\/i0.wp.com\/lasprimeras.com.do\/wp-content\/uploads\/2023\/08\/Alianza.jpg?resize=525%2C300&ssl=1 1.5x, https:\/\/i0.wp.com\/lasprimeras.com.do\/wp-content\/uploads\/2023\/08\/Alianza.jpg?resize=700%2C400&ssl=1 2x"},"classes":[]},{"id":78621,"url":"https:\/\/lasprimeras.com.do\/index.php\/2024\/03\/18\/miguel-vargas-rescate-rd-implementara-acciones-concretas-para-su-fortalecimiento\/","url_meta":{"origin":78679,"position":1},"title":"Miguel Vargas: \u201cRescate RD implementar\u00e1 acciones concretas para su fortalecimiento\u201d","author":"BIMARY DE JES\u00daS Matos","date":"18 de marzo de 2024","format":false,"excerpt":"Santo domingo. \u2013 El candidato presidencial del Partido Revolucionario Dominicano (PRD), Miguel Vargas Maldonado, dijo este domingo que la Alianza Opositora Rescate RD desarrollar\u00e1, a partir de la semana pr\u00f3xima, un plan de acci\u00f3n para su fortificaci\u00f3n. Detall\u00f3 que los partidos de la Liberaci\u00f3n Dominicana (PLD), Fuerza del Pueblo (FP)\u2026","rel":"","context":"En \u00abSin categor\u00eda\u00bb","block_context":{"text":"Sin categor\u00eda","link":"https:\/\/lasprimeras.com.do\/index.php\/category\/sin-categoria\/"},"img":{"alt_text":"","src":"https:\/\/i0.wp.com\/lasprimeras.com.do\/wp-content\/uploads\/2024\/03\/Diseno-sin-titulo-3-7.jpg?resize=350%2C200&ssl=1","width":350,"height":200,"srcset":"https:\/\/i0.wp.com\/lasprimeras.com.do\/wp-content\/uploads\/2024\/03\/Diseno-sin-titulo-3-7.jpg?resize=350%2C200&ssl=1 1x, https:\/\/i0.wp.com\/lasprimeras.com.do\/wp-content\/uploads\/2024\/03\/Diseno-sin-titulo-3-7.jpg?resize=525%2C300&ssl=1 1.5x, https:\/\/i0.wp.com\/lasprimeras.com.do\/wp-content\/uploads\/2024\/03\/Diseno-sin-titulo-3-7.jpg?resize=700%2C400&ssl=1 2x, https:\/\/i0.wp.com\/lasprimeras.com.do\/wp-content\/uploads\/2024\/03\/Diseno-sin-titulo-3-7.jpg?resize=1050%2C600&ssl=1 3x"},"classes":[]},{"id":66825,"url":"https:\/\/lasprimeras.com.do\/index.php\/2023\/11\/10\/anuncio-de-ampliacion-de-alianza-rescate-rd-se-hara-manana-a-las-1100-de-la-manana\/","url_meta":{"origin":78679,"position":2},"title":"Anuncio de ampliaci\u00f3n de Alianza Rescate RD se har\u00e1 ma\u00f1ana a las 11:00 de la ma\u00f1ana","author":"BIMARY DE JES\u00daS Matos","date":"10 de noviembre de 2023","format":false,"excerpt":"Santo Domingo.-El anuncio de ampliaci\u00f3n de la \u00abAlianza Rescate RD\u00bb, conformada por los partidos de la Liberaci\u00f3n Dominicana (PLD), Revolucionario Dominicano (PRD) y Fuerza del Pueblo (FP) se realizar\u00e1 ma\u00f1ana a las 11:00 de la ma\u00f1ana. Un comunicado de prensa se\u00f1ala que la sub Comisi\u00f3n de Negociaci\u00f3n de la Comisi\u00f3n\u2026","rel":"","context":"En \u00abSin categor\u00eda\u00bb","block_context":{"text":"Sin categor\u00eda","link":"https:\/\/lasprimeras.com.do\/index.php\/category\/sin-categoria\/"},"img":{"alt_text":"","src":"https:\/\/i0.wp.com\/lasprimeras.com.do\/wp-content\/uploads\/2023\/11\/WhatsApp-Image-2023-11-09-at-9.16.24-PM-2.jpeg?resize=350%2C200&ssl=1","width":350,"height":200,"srcset":"https:\/\/i0.wp.com\/lasprimeras.com.do\/wp-content\/uploads\/2023\/11\/WhatsApp-Image-2023-11-09-at-9.16.24-PM-2.jpeg?resize=350%2C200&ssl=1 1x, https:\/\/i0.wp.com\/lasprimeras.com.do\/wp-content\/uploads\/2023\/11\/WhatsApp-Image-2023-11-09-at-9.16.24-PM-2.jpeg?resize=525%2C300&ssl=1 1.5x"},"classes":[]},{"id":69519,"url":"https:\/\/lasprimeras.com.do\/index.php\/2023\/12\/03\/miguel-vargas-llama-poblacion-a-votar-por-alianza-rescate-rd\/","url_meta":{"origin":78679,"position":3},"title":"Miguel Vargas llama poblaci\u00f3n a votar por Alianza Rescate RD","author":"Nelson Feliz","date":"3 de diciembre de 2023","format":false,"excerpt":"El presidente y candidato presidencial del Partido Revolucionario Dominicano (PRD), Miguel Vargas, llam\u00f3 a la poblaci\u00f3n dominicana a votar masivamente por los candidatos de la \u201cAlianza Opositora Rescate RD\u201d, para cambiar el rumbo del pa\u00eds a partir del 2024. Vargas Maldonado hizo ese llamado durante un recorrido por la provincia\u2026","rel":"","context":"En \u00abPORTADA\u00bb","block_context":{"text":"PORTADA","link":"https:\/\/lasprimeras.com.do\/index.php\/category\/portada\/"},"img":{"alt_text":"Miguel Vargas","src":"https:\/\/i0.wp.com\/lasprimeras.com.do\/wp-content\/uploads\/2023\/12\/Miguel-Vargas.jpg?resize=350%2C200&ssl=1","width":350,"height":200,"srcset":"https:\/\/i0.wp.com\/lasprimeras.com.do\/wp-content\/uploads\/2023\/12\/Miguel-Vargas.jpg?resize=350%2C200&ssl=1 1x, https:\/\/i0.wp.com\/lasprimeras.com.do\/wp-content\/uploads\/2023\/12\/Miguel-Vargas.jpg?resize=525%2C300&ssl=1 1.5x, https:\/\/i0.wp.com\/lasprimeras.com.do\/wp-content\/uploads\/2023\/12\/Miguel-Vargas.jpg?resize=700%2C400&ssl=1 2x"},"classes":[]},{"id":66897,"url":"https:\/\/lasprimeras.com.do\/index.php\/2023\/11\/10\/alianza-rescate-rd-pacta-acuerdos-en-el-distrito-nacional-y-otras-144-alcaldias\/","url_meta":{"origin":78679,"position":4},"title":"Alianza Rescate RD pacta acuerdos en el Distrito Nacional y otras 144 alcald\u00edas","author":"Nelson Feliz","date":"10 de noviembre de 2023","format":false,"excerpt":"Los acuerdos al nivel municipal son en 145 alcald\u00edas y 215 direcciones de juntas de distritos municipales. La Alianza Opositora Rescate RD anunci\u00f3 acuerdos en el nivel municipal, en 145 alcald\u00edas, incluida el Distrito Nacional y 215 direcciones de juntas de distritos municipales, para un total de 360 territorios municipales,\u2026","rel":"","context":"En \u00abPORTADA\u00bb","block_context":{"text":"PORTADA","link":"https:\/\/lasprimeras.com.do\/index.php\/category\/portada\/"},"img":{"alt_text":"ALIANZA","src":"https:\/\/i0.wp.com\/lasprimeras.com.do\/wp-content\/uploads\/2023\/11\/ALIANZA.jpg?resize=350%2C200&ssl=1","width":350,"height":200,"srcset":"https:\/\/i0.wp.com\/lasprimeras.com.do\/wp-content\/uploads\/2023\/11\/ALIANZA.jpg?resize=350%2C200&ssl=1 1x, https:\/\/i0.wp.com\/lasprimeras.com.do\/wp-content\/uploads\/2023\/11\/ALIANZA.jpg?resize=525%2C300&ssl=1 1.5x"},"classes":[]},{"id":74287,"url":"https:\/\/lasprimeras.com.do\/index.php\/2024\/01\/21\/miguel-vargas-llama-a-este-gobierno-moralista-de-hoja-lata\/","url_meta":{"origin":78679,"position":5},"title":"Miguel Vargas llama a este gobierno \u201cmoralista de hoja lata\u201d","author":"Nelson Feliz","date":"21 de enero de 2024","format":false,"excerpt":"El presidente del PRD reaccion\u00f3 de este modo a las reiteradas denuncias que le manifestaron los candidatos locales de la Alianza Rescate RD durante su recorrido del fin de semana. Alertaron sobre el uso desmedido por parte de las autoridades de los recursos del Estado para beneficiar a los candidatos\u2026","rel":"","context":"En \u00abPORTADA\u00bb","block_context":{"text":"PORTADA","link":"https:\/\/lasprimeras.com.do\/index.php\/category\/portada\/"},"img":{"alt_text":"Miguel Vargas","src":"https:\/\/i0.wp.com\/lasprimeras.com.do\/wp-content\/uploads\/2024\/01\/Miguel-Vargas-1.jpg?resize=350%2C200&ssl=1","width":350,"height":200,"srcset":"https:\/\/i0.wp.com\/lasprimeras.com.do\/wp-content\/uploads\/2024\/01\/Miguel-Vargas-1.jpg?resize=350%2C200&ssl=1 1x, https:\/\/i0.wp.com\/lasprimeras.com.do\/wp-content\/uploads\/2024\/01\/Miguel-Vargas-1.jpg?resize=525%2C300&ssl=1 1.5x, https:\/\/i0.wp.com\/lasprimeras.com.do\/wp-content\/uploads\/2024\/01\/Miguel-Vargas-1.jpg?resize=700%2C400&ssl=1 2x"},"classes":[]}],"jetpack_sharing_enabled":true,"_links":{"self":[{"href":"https:\/\/lasprimeras.com.do\/index.php\/wp-json\/wp\/v2\/posts\/78679","targetHints":{"allow":["GET"]}}],"collection":[{"href":"https:\/\/lasprimeras.com.do\/index.php\/wp-json\/wp\/v2\/posts"}],"about":[{"href":"https:\/\/lasprimeras.com.do\/index.php\/wp-json\/wp\/v2\/types\/post"}],"author":[{"embeddable":true,"href":"https:\/\/lasprimeras.com.do\/index.php\/wp-json\/wp\/v2\/users\/3"}],"replies":[{"embeddable":true,"href":"https:\/\/lasprimeras.com.do\/index.php\/wp-json\/wp\/v2\/comments?post=78679"}],"version-history":[{"count":1,"href":"https:\/\/lasprimeras.com.do\/index.php\/wp-json\/wp\/v2\/posts\/78679\/revisions"}],"predecessor-version":[{"id":78681,"href":"https:\/\/lasprimeras.com.do\/index.php\/wp-json\/wp\/v2\/posts\/78679\/revisions\/78681"}],"wp:featuredmedia":[{"embeddable":true,"href":"https:\/\/lasprimeras.com.do\/index.php\/wp-json\/wp\/v2\/media\/78680"}],"wp:attachment":[{"href":"https:\/\/lasprimeras.com.do\/index.php\/wp-json\/wp\/v2\/media?parent=78679"}],"wp:term":[{"taxonomy":"category","embeddable":true,"href":"https:\/\/lasprimeras.com.do\/index.php\/wp-json\/wp\/v2\/categories?post=78679"},{"taxonomy":"post_tag","embeddable":true,"href":"https:\/\/lasprimeras.com.do\/index.php\/wp-json\/wp\/v2\/tags?post=78679"}],"curies":[{"name":"wp","href":"https:\/\/api.w.org\/{rel}","templated":true}]}}